{"id":108961,"date":"2025-11-19T17:56:12","date_gmt":"2025-11-19T17:56:12","guid":{"rendered":"https:\/\/www.africa-press.net\/cotedivoire\/politique\/adjoint-au-chef-de-mission-toure-reaffecte-a-abidjan"},"modified":"2025-11-19T18:15:55","modified_gmt":"2025-11-19T18:15:55","slug":"adjoint-au-chef-de-mission-toure-reaffecte-a-abidjan","status":"publish","type":"post","link":"https:\/\/www.africa-press.net\/cotedivoire\/politique\/adjoint-au-chef-de-mission-toure-reaffecte-a-abidjan","title":{"rendered":"Adjoint au Chef de Mission Tour\u00e9 R\u00e9affect\u00e9 \u00e0 Abidjan"},"content":{"rendered":"<p><span style=\"color: #ff6600\"><strong>Africa-Press &#8211; C\u00f4te d&rsquo;Ivoire. <\/strong><\/span>Dans le cadre du mouvement diplomatique 2025, l\u2019Ambassadeur Mathieu Toure\u0301, Adjoint au Chef de Mission, a e\u0301te\u0301 re\u0301affecte\u0301 au De\u0301partement Central a\u0300 Abidjan, apre\u0300s six ans de service a\u0300 l\u2019Ambassade de Co\u0302te d\u2019Ivoire aux Etats-Unis, a appris KOACI de source officielle.<\/p>\n<p>Avant son de\u0301part, une ce\u0301re\u0301monie d\u2019aurevoir a e\u0301te\u0301 organise\u0301e en son honneur dans les locaux de la Chancellerie ivoirienne a\u0300 Washington, en pre\u0301sence de l\u2019ensemble du personnel et d\u2019autres invite\u0301s, l\u2019Ambassadeur Ibrahima Toure\u0301, Chef de Mission a hautement appre\u0301cie\u0301 la qualite\u0301 du travail abattu par son collaborateur au sein de la repre\u0301sentation diplomatique.<\/p>\n<p>Dans cette me\u0302me dynamique, il salue\u0301 avec un ton e\u0301logieux l\u2019excellente coordination des dossiers bilate\u0301raux et la parfaite cohe\u0301sion que son Adjoint a su pre\u0301server au sein du personnel.<\/p>\n<p>L\u2019Ambassadeur Ibrahima Toure\u0301 a, en outre, saisi cette heureuse occasion pour souligner la loyaute\u0301, le professionnalisme, le sens du devoir et de la responsabilite\u0301 dont il a fait preuve a\u0300 ses co\u0302te\u0301s. Ainsi, pour lui te\u0301moigner sa reconnaissance, le Chef de Mission lui a offert plusieurs pre\u0301sents.<\/p>\n<p>A la suite du Chef de Mission, les membres du personnel ont rendu un vibrant hommage a\u0300 l\u2019Ambassadeur Mathieu Toure\u0301.<\/p>\n<p>A travers des te\u0301moignages individuels, ils ont releve\u0301 les qualite\u0301s humaines de l\u2019inte\u0301resse\u0301 dont notamment son humilite\u0301, sa disponibilite\u0301, sa pre\u0301venance et l\u2019esprit d\u2019e\u0301quipe qui ont guide\u0301 ses actions quotidiennes.<\/p>\n<p>Prenant la parole a\u0300 son tour, l\u2019Ambassadeur Mathieu Toure\u0301 a exprime\u0301 sa profonde gratitude au Chef de Mission et a\u0300 l\u2019ensemble du personnel. Il a affirme\u0301 avoir appre\u0301cie\u0301 la parfaite collaboration de tous ses colle\u0300gues.<\/p>\n<p>\u00ab Je pars avec de tre\u0300s beaux souvenirs et un sentiment profond de reconnaissance. J\u2019espe\u0300re que nos chemins se croiseront a\u0300 nouveau, en Co\u0302te d\u2019Ivoire ou ailleurs \u00bb, a-t-il ajoute\u0301.<\/p>\n<p><strong>Pour plus d&rsquo;informations et d&rsquo;analyses sur la <span style=\"color: #ff6600\">C\u00f4te d&rsquo;Ivoire<\/span>, suivez <span style=\"color: #ff6600\">Africa-Press<\/span><\/strong><\/p>\n","protected":false},"excerpt":{"rendered":"<p>Africa-Press &#8211; C\u00f4te d&rsquo;Ivoire. Dans le cadre du mouvement diplomatique 2025, l\u2019Ambassadeur Mathieu Toure\u0301, Adjoint au Chef de Mission, a e\u0301te\u0301 re\u0301affecte\u0301 au De\u0301partement Central a\u0300 Abidjan, apre\u0300s six ans de service a\u0300 l\u2019Ambassade de Co\u0302te d\u2019Ivoire aux Etats-Unis, a appris KOACI de source officielle. Avant son de\u0301part, une ce\u0301re\u0301monie d\u2019aurevoir a e\u0301te\u0301 organise\u0301e en [&hellip;]<\/p>\n","protected":false},"author":82,"featured_media":108960,"comment_status":"open","ping_status":"closed","sticky":false,"template":"","format":"standard","meta":{"footnotes":""},"categories":[2,10],"tags":[30,3370,29,4537,19519,4990],"class_list":["post-108961","post","type-post","status-publish","format-standard","has-post-thumbnail","hentry","category-politique","category-toutes-les-actualites","tag-abidjan","tag-ambassade","tag-cote-divoire","tag-ibrahima-toure","tag-mathieu-toure","tag-washington"],"yoast_head":"<!-- This site is optimized with the Yoast SEO Premium plugin v26.1 (Yoast SEO v27.0) - https:\/\/yoast.com\/product\/yoast-seo-premium-wordpress\/ -->\n<title>Adjoint au Chef de Mission Tour\u00e9 R\u00e9affect\u00e9 \u00e0 Abidjan - C\u00f4te d&#039;Ivoire<\/title>\n<meta name=\"description\" content=\"Dans le cadre du mouvement diplomatique 2025, l\u2019Ambassadeur Mathieu Toure\u0301, Adjoint au Chef de Mission, a e\u0301te\u0301 re\u0301affec ...\" \/>\n<meta name=\"robots\" content=\"index, follow, max-snippet:-1, max-image-preview:large, max-video-preview:-1\" \/>\n<link rel=\"canonical\" href=\"https:\/\/www.africa-press.net\/cotedivoire\/politique\/adjoint-au-chef-de-mission-toure-reaffecte-a-abidjan\" \/>\n<meta property=\"og:locale\" content=\"fr_FR\" \/>\n<meta property=\"og:type\" content=\"article\" \/>\n<meta property=\"og:title\" content=\"Adjoint au Chef de Mission Tour\u00e9 R\u00e9affect\u00e9 \u00e0 Abidjan\" \/>\n<meta property=\"og:description\" content=\"Dans le cadre du mouvement diplomatique 2025, l\u2019Ambassadeur Mathieu Toure\u0301, Adjoint au Chef de Mission, a e\u0301te\u0301 re\u0301affec ...\" \/>\n<meta property=\"og:url\" content=\"https:\/\/www.africa-press.net\/cotedivoire\/politique\/adjoint-au-chef-de-mission-toure-reaffecte-a-abidjan\" \/>\n<meta property=\"og:site_name\" content=\"C\u00f4te d&#039;Ivoire\" \/>\n<meta property=\"article:published_time\" content=\"2025-11-19T17:56:12+00:00\" \/>\n<meta property=\"article:modified_time\" content=\"2025-11-19T18:15:55+00:00\" \/>\n<meta property=\"og:image\" content=\"https:\/\/static.africa-press.net\/cote\/sites\/43\/2025\/11\/sm_1763563532.519754.jpg\" \/>\n\t<meta property=\"og:image:width\" content=\"720\" \/>\n\t<meta property=\"og:image:height\" content=\"372\" \/>\n\t<meta property=\"og:image:type\" content=\"image\/jpeg\" \/>\n<meta name=\"author\" content=\"cfeditorfr\" \/>\n<meta name=\"twitter:card\" content=\"summary_large_image\" \/>\n<meta name=\"twitter:label1\" content=\"\u00c9crit par\" \/>\n\t<meta name=\"twitter:data1\" content=\"cfeditorfr\" \/>\n\t<meta name=\"twitter:label2\" content=\"Dur\u00e9e de lecture estim\u00e9e\" \/>\n\t<meta name=\"twitter:data2\" content=\"2 minutes\" \/>\n<script type=\"application\/ld+json\" class=\"yoast-schema-graph\">{\"@context\":\"https:\/\/schema.org\",\"@graph\":[{\"@type\":\"Article\",\"@id\":\"https:\/\/www.africa-press.net\/cotedivoire\/politique\/adjoint-au-chef-de-mission-toure-reaffecte-a-abidjan#article\",\"isPartOf\":{\"@id\":\"https:\/\/www.africa-press.net\/cotedivoire\/politique\/adjoint-au-chef-de-mission-toure-reaffecte-a-abidjan\"},\"author\":{\"name\":\"cfeditorfr\",\"@id\":\"https:\/\/www.africa-press.net\/cotedivoire\/#\/schema\/person\/2b1cf3cd81a31e3cd26889ca66d677f1\"},\"headline\":\"Adjoint au Chef de Mission Tour\u00e9 R\u00e9affect\u00e9 \u00e0 Abidjan\",\"datePublished\":\"2025-11-19T17:56:12+00:00\",\"dateModified\":\"2025-11-19T18:15:55+00:00\",\"mainEntityOfPage\":{\"@id\":\"https:\/\/www.africa-press.net\/cotedivoire\/politique\/adjoint-au-chef-de-mission-toure-reaffecte-a-abidjan\"},\"wordCount\":362,\"commentCount\":0,\"image\":{\"@id\":\"https:\/\/www.africa-press.net\/cotedivoire\/politique\/adjoint-au-chef-de-mission-toure-reaffecte-a-abidjan#primaryimage\"},\"thumbnailUrl\":\"https:\/\/static.africa-press.net\/cote\/sites\/43\/2025\/11\/sm_1763563532.519754.jpg\",\"keywords\":[\"Abidjan\",\"Ambassade\",\"C\u00d4TE D'IVOIRE\",\"Ibrahima Tour\u00e9\",\"Mathieu Tour\u00e9\",\"Washington\"],\"articleSection\":[\"Politique\",\"Toutes les actualit\u00e9s\"],\"inLanguage\":\"fr-FR\",\"potentialAction\":[{\"@type\":\"CommentAction\",\"name\":\"Comment\",\"target\":[\"https:\/\/www.africa-press.net\/cotedivoire\/politique\/adjoint-au-chef-de-mission-toure-reaffecte-a-abidjan#respond\"]}]},{\"@type\":\"WebPage\",\"@id\":\"https:\/\/www.africa-press.net\/cotedivoire\/politique\/adjoint-au-chef-de-mission-toure-reaffecte-a-abidjan\",\"url\":\"https:\/\/www.africa-press.net\/cotedivoire\/politique\/adjoint-au-chef-de-mission-toure-reaffecte-a-abidjan\",\"name\":\"Adjoint au Chef de Mission Tour\u00e9 R\u00e9affect\u00e9 \u00e0 Abidjan - C\u00f4te d&#039;Ivoire\",\"isPartOf\":{\"@id\":\"https:\/\/www.africa-press.net\/cotedivoire\/#website\"},\"primaryImageOfPage\":{\"@id\":\"https:\/\/www.africa-press.net\/cotedivoire\/politique\/adjoint-au-chef-de-mission-toure-reaffecte-a-abidjan#primaryimage\"},\"image\":{\"@id\":\"https:\/\/www.africa-press.net\/cotedivoire\/politique\/adjoint-au-chef-de-mission-toure-reaffecte-a-abidjan#primaryimage\"},\"thumbnailUrl\":\"https:\/\/static.africa-press.net\/cote\/sites\/43\/2025\/11\/sm_1763563532.519754.jpg\",\"datePublished\":\"2025-11-19T17:56:12+00:00\",\"dateModified\":\"2025-11-19T18:15:55+00:00\",\"author\":{\"@id\":\"https:\/\/www.africa-press.net\/cotedivoire\/#\/schema\/person\/2b1cf3cd81a31e3cd26889ca66d677f1\"},\"description\":\"Dans le cadre du mouvement diplomatique 2025, l\u2019Ambassadeur Mathieu Toure\u0301, Adjoint au Chef de Mission, a e\u0301te\u0301 re\u0301affec ...\",\"breadcrumb\":{\"@id\":\"https:\/\/www.africa-press.net\/cotedivoire\/politique\/adjoint-au-chef-de-mission-toure-reaffecte-a-abidjan#breadcrumb\"},\"inLanguage\":\"fr-FR\",\"potentialAction\":[{\"@type\":\"ReadAction\",\"target\":[\"https:\/\/www.africa-press.net\/cotedivoire\/politique\/adjoint-au-chef-de-mission-toure-reaffecte-a-abidjan\"]}]},{\"@type\":\"ImageObject\",\"inLanguage\":\"fr-FR\",\"@id\":\"https:\/\/www.africa-press.net\/cotedivoire\/politique\/adjoint-au-chef-de-mission-toure-reaffecte-a-abidjan#primaryimage\",\"url\":\"https:\/\/static.africa-press.net\/cote\/sites\/43\/2025\/11\/sm_1763563532.519754.jpg\",\"contentUrl\":\"https:\/\/static.africa-press.net\/cote\/sites\/43\/2025\/11\/sm_1763563532.519754.jpg\",\"width\":720,\"height\":372,\"caption\":\"Adjoint au Chef de Mission Tour\u00e9 R\u00e9affect\u00e9 \u00e0 Abidjan\"},{\"@type\":\"BreadcrumbList\",\"@id\":\"https:\/\/www.africa-press.net\/cotedivoire\/politique\/adjoint-au-chef-de-mission-toure-reaffecte-a-abidjan#breadcrumb\",\"itemListElement\":[{\"@type\":\"ListItem\",\"position\":1,\"name\":\"Accueil\",\"item\":\"https:\/\/www.africa-press.net\/cotedivoire\/\"},{\"@type\":\"ListItem\",\"position\":2,\"name\":\"Adjoint au Chef de Mission Tour\u00e9 R\u00e9affect\u00e9 \u00e0 Abidjan\"}]},{\"@type\":\"WebSite\",\"@id\":\"https:\/\/www.africa-press.net\/cotedivoire\/#website\",\"url\":\"https:\/\/www.africa-press.net\/cotedivoire\/\",\"name\":\"C\u00f4te d&#039;Ivoire\",\"description\":\"Just another Africa News Agency Sites site\",\"potentialAction\":[{\"@type\":\"SearchAction\",\"target\":{\"@type\":\"EntryPoint\",\"urlTemplate\":\"https:\/\/www.africa-press.net\/cotedivoire\/?s={search_term_string}\"},\"query-input\":{\"@type\":\"PropertyValueSpecification\",\"valueRequired\":true,\"valueName\":\"search_term_string\"}}],\"inLanguage\":\"fr-FR\"},{\"@type\":\"Person\",\"@id\":\"https:\/\/www.africa-press.net\/cotedivoire\/#\/schema\/person\/2b1cf3cd81a31e3cd26889ca66d677f1\",\"name\":\"cfeditorfr\"}]}<\/script>\n<!-- \/ Yoast SEO Premium plugin. -->","yoast_head_json":{"title":"Adjoint au Chef de Mission Tour\u00e9 R\u00e9affect\u00e9 \u00e0 Abidjan - C\u00f4te d&#039;Ivoire","description":"Dans le cadre du mouvement diplomatique 2025, l\u2019Ambassadeur Mathieu Toure\u0301, Adjoint au Chef de Mission, a e\u0301te\u0301 re\u0301affec ...","robots":{"index":"index","follow":"follow","max-snippet":"max-snippet:-1","max-image-preview":"max-image-preview:large","max-video-preview":"max-video-preview:-1"},"canonical":"https:\/\/www.africa-press.net\/cotedivoire\/politique\/adjoint-au-chef-de-mission-toure-reaffecte-a-abidjan","og_locale":"fr_FR","og_type":"article","og_title":"Adjoint au Chef de Mission Tour\u00e9 R\u00e9affect\u00e9 \u00e0 Abidjan","og_description":"Dans le cadre du mouvement diplomatique 2025, l\u2019Ambassadeur Mathieu Toure\u0301, Adjoint au Chef de Mission, a e\u0301te\u0301 re\u0301affec ...","og_url":"https:\/\/www.africa-press.net\/cotedivoire\/politique\/adjoint-au-chef-de-mission-toure-reaffecte-a-abidjan","og_site_name":"C\u00f4te d&#039;Ivoire","article_published_time":"2025-11-19T17:56:12+00:00","article_modified_time":"2025-11-19T18:15:55+00:00","og_image":[{"width":720,"height":372,"url":"https:\/\/static.africa-press.net\/cote\/sites\/43\/2025\/11\/sm_1763563532.519754.jpg","type":"image\/jpeg"}],"author":"cfeditorfr","twitter_card":"summary_large_image","twitter_misc":{"\u00c9crit par":"cfeditorfr","Dur\u00e9e de lecture estim\u00e9e":"2 minutes"},"schema":{"@context":"https:\/\/schema.org","@graph":[{"@type":"Article","@id":"https:\/\/www.africa-press.net\/cotedivoire\/politique\/adjoint-au-chef-de-mission-toure-reaffecte-a-abidjan#article","isPartOf":{"@id":"https:\/\/www.africa-press.net\/cotedivoire\/politique\/adjoint-au-chef-de-mission-toure-reaffecte-a-abidjan"},"author":{"name":"cfeditorfr","@id":"https:\/\/www.africa-press.net\/cotedivoire\/#\/schema\/person\/2b1cf3cd81a31e3cd26889ca66d677f1"},"headline":"Adjoint au Chef de Mission Tour\u00e9 R\u00e9affect\u00e9 \u00e0 Abidjan","datePublished":"2025-11-19T17:56:12+00:00","dateModified":"2025-11-19T18:15:55+00:00","mainEntityOfPage":{"@id":"https:\/\/www.africa-press.net\/cotedivoire\/politique\/adjoint-au-chef-de-mission-toure-reaffecte-a-abidjan"},"wordCount":362,"commentCount":0,"image":{"@id":"https:\/\/www.africa-press.net\/cotedivoire\/politique\/adjoint-au-chef-de-mission-toure-reaffecte-a-abidjan#primaryimage"},"thumbnailUrl":"https:\/\/static.africa-press.net\/cote\/sites\/43\/2025\/11\/sm_1763563532.519754.jpg","keywords":["Abidjan","Ambassade","C\u00d4TE D'IVOIRE","Ibrahima Tour\u00e9","Mathieu Tour\u00e9","Washington"],"articleSection":["Politique","Toutes les actualit\u00e9s"],"inLanguage":"fr-FR","potentialAction":[{"@type":"CommentAction","name":"Comment","target":["https:\/\/www.africa-press.net\/cotedivoire\/politique\/adjoint-au-chef-de-mission-toure-reaffecte-a-abidjan#respond"]}]},{"@type":"WebPage","@id":"https:\/\/www.africa-press.net\/cotedivoire\/politique\/adjoint-au-chef-de-mission-toure-reaffecte-a-abidjan","url":"https:\/\/www.africa-press.net\/cotedivoire\/politique\/adjoint-au-chef-de-mission-toure-reaffecte-a-abidjan","name":"Adjoint au Chef de Mission Tour\u00e9 R\u00e9affect\u00e9 \u00e0 Abidjan - C\u00f4te d&#039;Ivoire","isPartOf":{"@id":"https:\/\/www.africa-press.net\/cotedivoire\/#website"},"primaryImageOfPage":{"@id":"https:\/\/www.africa-press.net\/cotedivoire\/politique\/adjoint-au-chef-de-mission-toure-reaffecte-a-abidjan#primaryimage"},"image":{"@id":"https:\/\/www.africa-press.net\/cotedivoire\/politique\/adjoint-au-chef-de-mission-toure-reaffecte-a-abidjan#primaryimage"},"thumbnailUrl":"https:\/\/static.africa-press.net\/cote\/sites\/43\/2025\/11\/sm_1763563532.519754.jpg","datePublished":"2025-11-19T17:56:12+00:00","dateModified":"2025-11-19T18:15:55+00:00","author":{"@id":"https:\/\/www.africa-press.net\/cotedivoire\/#\/schema\/person\/2b1cf3cd81a31e3cd26889ca66d677f1"},"description":"Dans le cadre du mouvement diplomatique 2025, l\u2019Ambassadeur Mathieu Toure\u0301, Adjoint au Chef de Mission, a e\u0301te\u0301 re\u0301affec ...","breadcrumb":{"@id":"https:\/\/www.africa-press.net\/cotedivoire\/politique\/adjoint-au-chef-de-mission-toure-reaffecte-a-abidjan#breadcrumb"},"inLanguage":"fr-FR","potentialAction":[{"@type":"ReadAction","target":["https:\/\/www.africa-press.net\/cotedivoire\/politique\/adjoint-au-chef-de-mission-toure-reaffecte-a-abidjan"]}]},{"@type":"ImageObject","inLanguage":"fr-FR","@id":"https:\/\/www.africa-press.net\/cotedivoire\/politique\/adjoint-au-chef-de-mission-toure-reaffecte-a-abidjan#primaryimage","url":"https:\/\/static.africa-press.net\/cote\/sites\/43\/2025\/11\/sm_1763563532.519754.jpg","contentUrl":"https:\/\/static.africa-press.net\/cote\/sites\/43\/2025\/11\/sm_1763563532.519754.jpg","width":720,"height":372,"caption":"Adjoint au Chef de Mission Tour\u00e9 R\u00e9affect\u00e9 \u00e0 Abidjan"},{"@type":"BreadcrumbList","@id":"https:\/\/www.africa-press.net\/cotedivoire\/politique\/adjoint-au-chef-de-mission-toure-reaffecte-a-abidjan#breadcrumb","itemListElement":[{"@type":"ListItem","position":1,"name":"Accueil","item":"https:\/\/www.africa-press.net\/cotedivoire\/"},{"@type":"ListItem","position":2,"name":"Adjoint au Chef de Mission Tour\u00e9 R\u00e9affect\u00e9 \u00e0 Abidjan"}]},{"@type":"WebSite","@id":"https:\/\/www.africa-press.net\/cotedivoire\/#website","url":"https:\/\/www.africa-press.net\/cotedivoire\/","name":"C\u00f4te d&#039;Ivoire","description":"Just another Africa News Agency Sites site","potentialAction":[{"@type":"SearchAction","target":{"@type":"EntryPoint","urlTemplate":"https:\/\/www.africa-press.net\/cotedivoire\/?s={search_term_string}"},"query-input":{"@type":"PropertyValueSpecification","valueRequired":true,"valueName":"search_term_string"}}],"inLanguage":"fr-FR"},{"@type":"Person","@id":"https:\/\/www.africa-press.net\/cotedivoire\/#\/schema\/person\/2b1cf3cd81a31e3cd26889ca66d677f1","name":"cfeditorfr"}]}},"_links":{"self":[{"href":"https:\/\/www.africa-press.net\/cotedivoire\/wp-json\/wp\/v2\/posts\/108961","targetHints":{"allow":["GET"]}}],"collection":[{"href":"https:\/\/www.africa-press.net\/cotedivoire\/wp-json\/wp\/v2\/posts"}],"about":[{"href":"https:\/\/www.africa-press.net\/cotedivoire\/wp-json\/wp\/v2\/types\/post"}],"author":[{"embeddable":true,"href":"https:\/\/www.africa-press.net\/cotedivoire\/wp-json\/wp\/v2\/users\/82"}],"replies":[{"embeddable":true,"href":"https:\/\/www.africa-press.net\/cotedivoire\/wp-json\/wp\/v2\/comments?post=108961"}],"version-history":[{"count":0,"href":"https:\/\/www.africa-press.net\/cotedivoire\/wp-json\/wp\/v2\/posts\/108961\/revisions"}],"wp:featuredmedia":[{"embeddable":true,"href":"https:\/\/www.africa-press.net\/cotedivoire\/wp-json\/wp\/v2\/media\/108960"}],"wp:attachment":[{"href":"https:\/\/www.africa-press.net\/cotedivoire\/wp-json\/wp\/v2\/media?parent=108961"}],"wp:term":[{"taxonomy":"category","embeddable":true,"href":"https:\/\/www.africa-press.net\/cotedivoire\/wp-json\/wp\/v2\/categories?post=108961"},{"taxonomy":"post_tag","embeddable":true,"href":"https:\/\/www.africa-press.net\/cotedivoire\/wp-json\/wp\/v2\/tags?post=108961"}],"curies":[{"name":"wp","href":"https:\/\/api.w.org\/{rel}","templated":true}]}}