{"id":108998,"date":"2025-11-20T17:41:01","date_gmt":"2025-11-20T17:41:01","guid":{"rendered":"https:\/\/www.africa-press.net\/cotedivoire\/politique\/jeunes-champions-de-la-paix-pour-un-climat-electoral-securise"},"modified":"2025-11-20T18:08:37","modified_gmt":"2025-11-20T18:08:37","slug":"jeunes-champions-de-la-paix-pour-un-climat-electoral-securise","status":"publish","type":"post","link":"https:\/\/www.africa-press.net\/cotedivoire\/politique\/jeunes-champions-de-la-paix-pour-un-climat-electoral-securise","title":{"rendered":"Jeunes Champions de la Paix pour un Climat \u00c9lectoral S\u00e9curis\u00e9"},"content":{"rendered":"<p><span style=\"color: #ff6600\"><strong>Africa-Press &#8211; C\u00f4te d&rsquo;Ivoire. <\/strong><\/span>A\u0300 l\u2019approche de l\u2019e\u0301lection pre\u0301sidentielle du 25 octobre 2025, un re\u0301seau de Jeunes Champions de la Paix a parcouru quinze localite\u0301s du pays pour sensibiliser, dialoguer et pre\u0301venir les tensions e\u0301lectorales. Cette initiative, porte\u0301e par le Programme des Nations Unies pour le de\u0301veloppement (PNUD) avec l\u2019appui de l\u2019Ambassade du Royaume des Pays-Bas, mise sur la jeunesse comme vecteur de cohe\u0301sion sociale, de stabilite\u0301 et de paix durable.<\/p>\n<p>Les e\u0301quipes de jeunes forme\u0301s a\u0300 la me\u0301diation, au leadership de\u0301mocratique et a\u0300 la communication responsable ont sillonne\u0301 Yamoussoukro, Sakassou, Botro, Be\u0301oumi, Brobo, Daoukro, Ferkesse\u0301dougou, Agboville, Bingerville, Bonoua, Abobo, Yopougon, Gagnoa, M\u2019Batto et Man.<\/p>\n<p>Leur objectif: encourager un climat apaise\u0301 avant, pendant et apre\u0300s le scrutin, pre\u0301venir les conflits communautaires et lutter contre la de\u0301sinformation, notamment sur les re\u0301seaux sociaux.<\/p>\n<p>Dans les diffe\u0301rentes localite\u0301s, les e\u0301changes ont porte\u0301 sur la tole\u0301rance politique, la pre\u0301servation des biens publics, la responsabilite\u0301 citoyenne et l\u2019importance de participer sereinement au processus de\u0301mocratique.<\/p>\n<p>Les te\u0301moignages recueillis sur le terrain confirment l\u2019efficacite\u0301 du dispositif. A\u0300 Mamini, pre\u0300s de Brobo, un jeune confie: \u00ab Cette e\u0301lection s\u2019est de\u0301roule\u0301e dans une atmosphe\u0300re beaucoup plus calme parce que nous avons appris a\u0300 nous parler avant de nous opposer. \u00bb<\/p>\n<p>A\u0300 Bonoua, un leader de jeunesse issu d\u2019un parti politique ajoute: \u00ab Nous appartenons a\u0300 des partis diffe\u0301rents, mais nous sommes d\u2019abord fre\u0300res et s\u0153urs de la me\u0302me ville. Vous avez vu qu\u2019il y a eu moins de violences cette anne\u0301e&#8230; \u00bb<\/p>\n<p>Partout, les me\u0302mes constats, une plus grande disponibilite\u0301 au dialogue, une meilleure compre\u0301hension des enjeux citoyens et une diminution notable des tensions pre\u0301e\u0301lectorales.<\/p>\n<p>Les autorite\u0301s administratives, coutumie\u0300res et communautaires ont e\u0301galement salue\u0301 le professionnalisme des jeunes mobilise\u0301s. Les e\u0301missions radio diffuse\u0301es dans chaque localite\u0301 ont permis de toucher un public encore plus large.<\/p>\n<p>Un atelier national de capitalisation s\u2019est tenu le 7 novembre afin de partager les bonnes pratiques issues de cette caravane et d\u2019envisager les me\u0301canismes de renforcement en vue des le\u0301gislatives.<\/p>\n<p>Lors de cet atelier, Blerta Cela, Repre\u0301sentante re\u0301sidente du PNUD, a exprime\u0301 sa satisfaction: \u00ab Ces jeunes ont de\u0301montre\u0301 un engagement exemplaire. Par le dialogue, ils ont contribue\u0301 a\u0300 re\u0301duire les risques de tensions avant et apre\u0300s le scrutin. \u00bb<\/p>\n<p>L\u2019Ambassadeur du Royaume des Pays-Bas, Jeroen Kelderhuis, partenaire financier du projet, a insiste\u0301 sur le ro\u0302le strate\u0301gique de la stabilite\u0301 politique: \u00ab Les Pays-Bas comptent parmi les premiers partenaires commerciaux de la Co\u0302te d\u2019Ivoire, notamment dans le cacao. Sans paix, aucun de\u0301veloppement n\u2019est possible. Soutenir les jeunes, c\u2019est soutenir la paix. \u00bb<\/p>\n<p>De son co\u0302te\u0301, Kouassi Georgette, Directrice du Civisme et de l\u2019Engagement Citoyen des Jeunes, a re\u0301affirme\u0301 l\u2019engagement du ministe\u0300re de tutelle, exhortant la jeunesse a\u0300 assumer son ro\u0302le central dans la cohe\u0301sion nationale: \u00ab Vous e\u0302tes l\u2019avenir de notre nation. Par votre engagement, nous ba\u0302tirons une Co\u0302te d\u2019Ivoire plus unie, plus forte et tourne\u0301e vers la paix. \u00bb<\/p>\n<p>Au lendemain de la pre\u0301sidentielle, le travail des Jeunes Champions de la Paix se poursuit. Ils restent mobilise\u0301s pour maintenir la cohe\u0301sion locale, renforcer la confiance entre communaute\u0301s, pre\u0301venir les tensions post-e\u0301lectorales et consolider les acquis de la paix sociale.<\/p>\n<p>Cette initiative de\u0301montre que, lorsqu\u2019ils sont forme\u0301s, accompagne\u0301s et encourage\u0301s, les jeunes deviennent des acteurs incontournables de la pre\u0301vention des violences e\u0301lectorales et de la construction d\u2019une citoyennete\u0301 active et pacifique.<\/p>\n<p><strong>Pour plus d&rsquo;informations et d&rsquo;analyses sur la <span style=\"color: #ff6600\">C\u00f4te d&rsquo;Ivoire<\/span>, suivez <span style=\"color: #ff6600\">Africa-Press<\/span><\/strong><\/p>\n","protected":false},"excerpt":{"rendered":"<p>Africa-Press &#8211; C\u00f4te d&rsquo;Ivoire. A\u0300 l\u2019approche de l\u2019e\u0301lection pre\u0301sidentielle du 25 octobre 2025, un re\u0301seau de Jeunes Champions de la Paix a parcouru quinze localite\u0301s du pays pour sensibiliser, dialoguer et pre\u0301venir les tensions e\u0301lectorales. Cette initiative, porte\u0301e par le Programme des Nations Unies pour le de\u0301veloppement (PNUD) avec l\u2019appui de l\u2019Ambassade du Royaume des [&hellip;]<\/p>\n","protected":false},"author":82,"featured_media":108997,"comment_status":"open","ping_status":"closed","sticky":false,"template":"","format":"standard","meta":{"footnotes":""},"categories":[2,10],"tags":[1384,4859,4287,5844,29,988,19341,2611,600,17177,2220,4520],"class_list":["post-108998","post","type-post","status-publish","format-standard","has-post-thumbnail","hentry","category-politique","category-toutes-les-actualites","tag-champions","tag-cohesion-sociale","tag-communautaire","tag-conflits","tag-cote-divoire","tag-dialogue","tag-election2025","tag-jeunesse","tag-paix","tag-pays-bas-2","tag-pnud","tag-prevention"],"yoast_head":"<!-- This site is optimized with the Yoast SEO Premium plugin v26.1 (Yoast SEO v27.0) - https:\/\/yoast.com\/product\/yoast-seo-premium-wordpress\/ -->\n<title>Jeunes Champions de la Paix pour un Climat \u00c9lectoral S\u00e9curis\u00e9 - C\u00f4te d&#039;Ivoire<\/title>\n<meta name=\"description\" content=\"A\u0300 l\u2019approche de l\u2019e\u0301lection pre\u0301sidentielle du 25 octobre 2025, un re\u0301seau de Jeunes Champions de la Paix a parcouru qu ...\" \/>\n<meta name=\"robots\" content=\"index, follow, max-snippet:-1, max-image-preview:large, max-video-preview:-1\" \/>\n<link rel=\"canonical\" href=\"https:\/\/www.africa-press.net\/cotedivoire\/politique\/jeunes-champions-de-la-paix-pour-un-climat-electoral-securise\" \/>\n<meta property=\"og:locale\" content=\"fr_FR\" \/>\n<meta property=\"og:type\" content=\"article\" \/>\n<meta property=\"og:title\" content=\"Jeunes Champions de la Paix pour un Climat \u00c9lectoral S\u00e9curis\u00e9\" \/>\n<meta property=\"og:description\" content=\"A\u0300 l\u2019approche de l\u2019e\u0301lection pre\u0301sidentielle du 25 octobre 2025, un re\u0301seau de Jeunes Champions de la Paix a parcouru qu ...\" \/>\n<meta property=\"og:url\" content=\"https:\/\/www.africa-press.net\/cotedivoire\/politique\/jeunes-champions-de-la-paix-pour-un-climat-electoral-securise\" \/>\n<meta property=\"og:site_name\" content=\"C\u00f4te d&#039;Ivoire\" \/>\n<meta property=\"article:published_time\" content=\"2025-11-20T17:41:01+00:00\" \/>\n<meta property=\"article:modified_time\" content=\"2025-11-20T18:08:37+00:00\" \/>\n<meta property=\"og:image\" content=\"https:\/\/static.africa-press.net\/cote\/sites\/43\/2025\/11\/sm_1763649392.640791.jpg\" \/>\n\t<meta property=\"og:image:width\" content=\"720\" \/>\n\t<meta property=\"og:image:height\" content=\"370\" \/>\n\t<meta property=\"og:image:type\" content=\"image\/jpeg\" \/>\n<meta name=\"author\" content=\"cfeditorfr\" \/>\n<meta name=\"twitter:card\" content=\"summary_large_image\" \/>\n<meta name=\"twitter:label1\" content=\"\u00c9crit par\" \/>\n\t<meta name=\"twitter:data1\" content=\"cfeditorfr\" \/>\n\t<meta name=\"twitter:label2\" content=\"Dur\u00e9e de lecture estim\u00e9e\" \/>\n\t<meta name=\"twitter:data2\" content=\"3 minutes\" \/>\n<script type=\"application\/ld+json\" class=\"yoast-schema-graph\">{\"@context\":\"https:\/\/schema.org\",\"@graph\":[{\"@type\":\"Article\",\"@id\":\"https:\/\/www.africa-press.net\/cotedivoire\/politique\/jeunes-champions-de-la-paix-pour-un-climat-electoral-securise#article\",\"isPartOf\":{\"@id\":\"https:\/\/www.africa-press.net\/cotedivoire\/politique\/jeunes-champions-de-la-paix-pour-un-climat-electoral-securise\"},\"author\":{\"name\":\"cfeditorfr\",\"@id\":\"https:\/\/www.africa-press.net\/cotedivoire\/#\/schema\/person\/2b1cf3cd81a31e3cd26889ca66d677f1\"},\"headline\":\"Jeunes Champions de la Paix pour un Climat \u00c9lectoral S\u00e9curis\u00e9\",\"datePublished\":\"2025-11-20T17:41:01+00:00\",\"dateModified\":\"2025-11-20T18:08:37+00:00\",\"mainEntityOfPage\":{\"@id\":\"https:\/\/www.africa-press.net\/cotedivoire\/politique\/jeunes-champions-de-la-paix-pour-un-climat-electoral-securise\"},\"wordCount\":663,\"commentCount\":0,\"image\":{\"@id\":\"https:\/\/www.africa-press.net\/cotedivoire\/politique\/jeunes-champions-de-la-paix-pour-un-climat-electoral-securise#primaryimage\"},\"thumbnailUrl\":\"https:\/\/static.africa-press.net\/cote\/sites\/43\/2025\/11\/sm_1763649392.640791.jpg\",\"keywords\":[\"champions\",\"coh\u00e9sion sociale\",\"communautaire\",\"CONFLITS\",\"C\u00d4TE D'IVOIRE\",\"Dialogue\",\"Election2025\",\"jeunesse\",\"paix\",\"Pays Bas\",\"PNUD\",\"pr\u00e9vention\"],\"articleSection\":[\"Politique\",\"Toutes les actualit\u00e9s\"],\"inLanguage\":\"fr-FR\",\"potentialAction\":[{\"@type\":\"CommentAction\",\"name\":\"Comment\",\"target\":[\"https:\/\/www.africa-press.net\/cotedivoire\/politique\/jeunes-champions-de-la-paix-pour-un-climat-electoral-securise#respond\"]}]},{\"@type\":\"WebPage\",\"@id\":\"https:\/\/www.africa-press.net\/cotedivoire\/politique\/jeunes-champions-de-la-paix-pour-un-climat-electoral-securise\",\"url\":\"https:\/\/www.africa-press.net\/cotedivoire\/politique\/jeunes-champions-de-la-paix-pour-un-climat-electoral-securise\",\"name\":\"Jeunes Champions de la Paix pour un Climat \u00c9lectoral S\u00e9curis\u00e9 - C\u00f4te d&#039;Ivoire\",\"isPartOf\":{\"@id\":\"https:\/\/www.africa-press.net\/cotedivoire\/#website\"},\"primaryImageOfPage\":{\"@id\":\"https:\/\/www.africa-press.net\/cotedivoire\/politique\/jeunes-champions-de-la-paix-pour-un-climat-electoral-securise#primaryimage\"},\"image\":{\"@id\":\"https:\/\/www.africa-press.net\/cotedivoire\/politique\/jeunes-champions-de-la-paix-pour-un-climat-electoral-securise#primaryimage\"},\"thumbnailUrl\":\"https:\/\/static.africa-press.net\/cote\/sites\/43\/2025\/11\/sm_1763649392.640791.jpg\",\"datePublished\":\"2025-11-20T17:41:01+00:00\",\"dateModified\":\"2025-11-20T18:08:37+00:00\",\"author\":{\"@id\":\"https:\/\/www.africa-press.net\/cotedivoire\/#\/schema\/person\/2b1cf3cd81a31e3cd26889ca66d677f1\"},\"description\":\"A\u0300 l\u2019approche de l\u2019e\u0301lection pre\u0301sidentielle du 25 octobre 2025, un re\u0301seau de Jeunes Champions de la Paix a parcouru qu ...\",\"breadcrumb\":{\"@id\":\"https:\/\/www.africa-press.net\/cotedivoire\/politique\/jeunes-champions-de-la-paix-pour-un-climat-electoral-securise#breadcrumb\"},\"inLanguage\":\"fr-FR\",\"potentialAction\":[{\"@type\":\"ReadAction\",\"target\":[\"https:\/\/www.africa-press.net\/cotedivoire\/politique\/jeunes-champions-de-la-paix-pour-un-climat-electoral-securise\"]}]},{\"@type\":\"ImageObject\",\"inLanguage\":\"fr-FR\",\"@id\":\"https:\/\/www.africa-press.net\/cotedivoire\/politique\/jeunes-champions-de-la-paix-pour-un-climat-electoral-securise#primaryimage\",\"url\":\"https:\/\/static.africa-press.net\/cote\/sites\/43\/2025\/11\/sm_1763649392.640791.jpg\",\"contentUrl\":\"https:\/\/static.africa-press.net\/cote\/sites\/43\/2025\/11\/sm_1763649392.640791.jpg\",\"width\":720,\"height\":370,\"caption\":\"Jeunes Champions de la Paix pour un Climat \u00c9lectoral S\u00e9curis\u00e9\"},{\"@type\":\"BreadcrumbList\",\"@id\":\"https:\/\/www.africa-press.net\/cotedivoire\/politique\/jeunes-champions-de-la-paix-pour-un-climat-electoral-securise#breadcrumb\",\"itemListElement\":[{\"@type\":\"ListItem\",\"position\":1,\"name\":\"Accueil\",\"item\":\"https:\/\/www.africa-press.net\/cotedivoire\/\"},{\"@type\":\"ListItem\",\"position\":2,\"name\":\"Jeunes Champions de la Paix pour un Climat \u00c9lectoral S\u00e9curis\u00e9\"}]},{\"@type\":\"WebSite\",\"@id\":\"https:\/\/www.africa-press.net\/cotedivoire\/#website\",\"url\":\"https:\/\/www.africa-press.net\/cotedivoire\/\",\"name\":\"C\u00f4te d&#039;Ivoire\",\"description\":\"Just another Africa News Agency Sites site\",\"potentialAction\":[{\"@type\":\"SearchAction\",\"target\":{\"@type\":\"EntryPoint\",\"urlTemplate\":\"https:\/\/www.africa-press.net\/cotedivoire\/?s={search_term_string}\"},\"query-input\":{\"@type\":\"PropertyValueSpecification\",\"valueRequired\":true,\"valueName\":\"search_term_string\"}}],\"inLanguage\":\"fr-FR\"},{\"@type\":\"Person\",\"@id\":\"https:\/\/www.africa-press.net\/cotedivoire\/#\/schema\/person\/2b1cf3cd81a31e3cd26889ca66d677f1\",\"name\":\"cfeditorfr\"}]}<\/script>\n<!-- \/ Yoast SEO Premium plugin. -->","yoast_head_json":{"title":"Jeunes Champions de la Paix pour un Climat \u00c9lectoral S\u00e9curis\u00e9 - C\u00f4te d&#039;Ivoire","description":"A\u0300 l\u2019approche de l\u2019e\u0301lection pre\u0301sidentielle du 25 octobre 2025, un re\u0301seau de Jeunes Champions de la Paix a parcouru qu ...","robots":{"index":"index","follow":"follow","max-snippet":"max-snippet:-1","max-image-preview":"max-image-preview:large","max-video-preview":"max-video-preview:-1"},"canonical":"https:\/\/www.africa-press.net\/cotedivoire\/politique\/jeunes-champions-de-la-paix-pour-un-climat-electoral-securise","og_locale":"fr_FR","og_type":"article","og_title":"Jeunes Champions de la Paix pour un Climat \u00c9lectoral S\u00e9curis\u00e9","og_description":"A\u0300 l\u2019approche de l\u2019e\u0301lection pre\u0301sidentielle du 25 octobre 2025, un re\u0301seau de Jeunes Champions de la Paix a parcouru qu ...","og_url":"https:\/\/www.africa-press.net\/cotedivoire\/politique\/jeunes-champions-de-la-paix-pour-un-climat-electoral-securise","og_site_name":"C\u00f4te d&#039;Ivoire","article_published_time":"2025-11-20T17:41:01+00:00","article_modified_time":"2025-11-20T18:08:37+00:00","og_image":[{"width":720,"height":370,"url":"https:\/\/static.africa-press.net\/cote\/sites\/43\/2025\/11\/sm_1763649392.640791.jpg","type":"image\/jpeg"}],"author":"cfeditorfr","twitter_card":"summary_large_image","twitter_misc":{"\u00c9crit par":"cfeditorfr","Dur\u00e9e de lecture estim\u00e9e":"3 minutes"},"schema":{"@context":"https:\/\/schema.org","@graph":[{"@type":"Article","@id":"https:\/\/www.africa-press.net\/cotedivoire\/politique\/jeunes-champions-de-la-paix-pour-un-climat-electoral-securise#article","isPartOf":{"@id":"https:\/\/www.africa-press.net\/cotedivoire\/politique\/jeunes-champions-de-la-paix-pour-un-climat-electoral-securise"},"author":{"name":"cfeditorfr","@id":"https:\/\/www.africa-press.net\/cotedivoire\/#\/schema\/person\/2b1cf3cd81a31e3cd26889ca66d677f1"},"headline":"Jeunes Champions de la Paix pour un Climat \u00c9lectoral S\u00e9curis\u00e9","datePublished":"2025-11-20T17:41:01+00:00","dateModified":"2025-11-20T18:08:37+00:00","mainEntityOfPage":{"@id":"https:\/\/www.africa-press.net\/cotedivoire\/politique\/jeunes-champions-de-la-paix-pour-un-climat-electoral-securise"},"wordCount":663,"commentCount":0,"image":{"@id":"https:\/\/www.africa-press.net\/cotedivoire\/politique\/jeunes-champions-de-la-paix-pour-un-climat-electoral-securise#primaryimage"},"thumbnailUrl":"https:\/\/static.africa-press.net\/cote\/sites\/43\/2025\/11\/sm_1763649392.640791.jpg","keywords":["champions","coh\u00e9sion sociale","communautaire","CONFLITS","C\u00d4TE D'IVOIRE","Dialogue","Election2025","jeunesse","paix","Pays Bas","PNUD","pr\u00e9vention"],"articleSection":["Politique","Toutes les actualit\u00e9s"],"inLanguage":"fr-FR","potentialAction":[{"@type":"CommentAction","name":"Comment","target":["https:\/\/www.africa-press.net\/cotedivoire\/politique\/jeunes-champions-de-la-paix-pour-un-climat-electoral-securise#respond"]}]},{"@type":"WebPage","@id":"https:\/\/www.africa-press.net\/cotedivoire\/politique\/jeunes-champions-de-la-paix-pour-un-climat-electoral-securise","url":"https:\/\/www.africa-press.net\/cotedivoire\/politique\/jeunes-champions-de-la-paix-pour-un-climat-electoral-securise","name":"Jeunes Champions de la Paix pour un Climat \u00c9lectoral S\u00e9curis\u00e9 - C\u00f4te d&#039;Ivoire","isPartOf":{"@id":"https:\/\/www.africa-press.net\/cotedivoire\/#website"},"primaryImageOfPage":{"@id":"https:\/\/www.africa-press.net\/cotedivoire\/politique\/jeunes-champions-de-la-paix-pour-un-climat-electoral-securise#primaryimage"},"image":{"@id":"https:\/\/www.africa-press.net\/cotedivoire\/politique\/jeunes-champions-de-la-paix-pour-un-climat-electoral-securise#primaryimage"},"thumbnailUrl":"https:\/\/static.africa-press.net\/cote\/sites\/43\/2025\/11\/sm_1763649392.640791.jpg","datePublished":"2025-11-20T17:41:01+00:00","dateModified":"2025-11-20T18:08:37+00:00","author":{"@id":"https:\/\/www.africa-press.net\/cotedivoire\/#\/schema\/person\/2b1cf3cd81a31e3cd26889ca66d677f1"},"description":"A\u0300 l\u2019approche de l\u2019e\u0301lection pre\u0301sidentielle du 25 octobre 2025, un re\u0301seau de Jeunes Champions de la Paix a parcouru qu ...","breadcrumb":{"@id":"https:\/\/www.africa-press.net\/cotedivoire\/politique\/jeunes-champions-de-la-paix-pour-un-climat-electoral-securise#breadcrumb"},"inLanguage":"fr-FR","potentialAction":[{"@type":"ReadAction","target":["https:\/\/www.africa-press.net\/cotedivoire\/politique\/jeunes-champions-de-la-paix-pour-un-climat-electoral-securise"]}]},{"@type":"ImageObject","inLanguage":"fr-FR","@id":"https:\/\/www.africa-press.net\/cotedivoire\/politique\/jeunes-champions-de-la-paix-pour-un-climat-electoral-securise#primaryimage","url":"https:\/\/static.africa-press.net\/cote\/sites\/43\/2025\/11\/sm_1763649392.640791.jpg","contentUrl":"https:\/\/static.africa-press.net\/cote\/sites\/43\/2025\/11\/sm_1763649392.640791.jpg","width":720,"height":370,"caption":"Jeunes Champions de la Paix pour un Climat \u00c9lectoral S\u00e9curis\u00e9"},{"@type":"BreadcrumbList","@id":"https:\/\/www.africa-press.net\/cotedivoire\/politique\/jeunes-champions-de-la-paix-pour-un-climat-electoral-securise#breadcrumb","itemListElement":[{"@type":"ListItem","position":1,"name":"Accueil","item":"https:\/\/www.africa-press.net\/cotedivoire\/"},{"@type":"ListItem","position":2,"name":"Jeunes Champions de la Paix pour un Climat \u00c9lectoral S\u00e9curis\u00e9"}]},{"@type":"WebSite","@id":"https:\/\/www.africa-press.net\/cotedivoire\/#website","url":"https:\/\/www.africa-press.net\/cotedivoire\/","name":"C\u00f4te d&#039;Ivoire","description":"Just another Africa News Agency Sites site","potentialAction":[{"@type":"SearchAction","target":{"@type":"EntryPoint","urlTemplate":"https:\/\/www.africa-press.net\/cotedivoire\/?s={search_term_string}"},"query-input":{"@type":"PropertyValueSpecification","valueRequired":true,"valueName":"search_term_string"}}],"inLanguage":"fr-FR"},{"@type":"Person","@id":"https:\/\/www.africa-press.net\/cotedivoire\/#\/schema\/person\/2b1cf3cd81a31e3cd26889ca66d677f1","name":"cfeditorfr"}]}},"_links":{"self":[{"href":"https:\/\/www.africa-press.net\/cotedivoire\/wp-json\/wp\/v2\/posts\/108998","targetHints":{"allow":["GET"]}}],"collection":[{"href":"https:\/\/www.africa-press.net\/cotedivoire\/wp-json\/wp\/v2\/posts"}],"about":[{"href":"https:\/\/www.africa-press.net\/cotedivoire\/wp-json\/wp\/v2\/types\/post"}],"author":[{"embeddable":true,"href":"https:\/\/www.africa-press.net\/cotedivoire\/wp-json\/wp\/v2\/users\/82"}],"replies":[{"embeddable":true,"href":"https:\/\/www.africa-press.net\/cotedivoire\/wp-json\/wp\/v2\/comments?post=108998"}],"version-history":[{"count":0,"href":"https:\/\/www.africa-press.net\/cotedivoire\/wp-json\/wp\/v2\/posts\/108998\/revisions"}],"wp:featuredmedia":[{"embeddable":true,"href":"https:\/\/www.africa-press.net\/cotedivoire\/wp-json\/wp\/v2\/media\/108997"}],"wp:attachment":[{"href":"https:\/\/www.africa-press.net\/cotedivoire\/wp-json\/wp\/v2\/media?parent=108998"}],"wp:term":[{"taxonomy":"category","embeddable":true,"href":"https:\/\/www.africa-press.net\/cotedivoire\/wp-json\/wp\/v2\/categories?post=108998"},{"taxonomy":"post_tag","embeddable":true,"href":"https:\/\/www.africa-press.net\/cotedivoire\/wp-json\/wp\/v2\/tags?post=108998"}],"curies":[{"name":"wp","href":"https:\/\/api.w.org\/{rel}","templated":true}]}}