{"id":109005,"date":"2025-11-20T17:42:13","date_gmt":"2025-11-20T17:42:13","guid":{"rendered":"https:\/\/www.africa-press.net\/cotedivoire\/politique\/revocation-de-stephane-kipre-au-ppa-ci-et-engagement"},"modified":"2025-11-20T18:09:33","modified_gmt":"2025-11-20T18:09:33","slug":"revocation-de-stephane-kipre-au-ppa-ci-et-engagement","status":"publish","type":"post","link":"https:\/\/www.africa-press.net\/cotedivoire\/parties\/revocation-de-stephane-kipre-au-ppa-ci-et-engagement","title":{"rendered":"R\u00e9vocation de St\u00e9phane Kipr\u00e9 au PPA-CI et Engagement"},"content":{"rendered":"<p><span style=\"color: #ff6600\"><strong>Africa-Press &#8211; C\u00f4te d&rsquo;Ivoire. <\/strong><\/span>Ce mercredi 19 novembre 2025, Ste\u0301phane Kipre\u0301 a appris sa re\u0301vocation de ses fonctions au sein du Parti des Peuples Africains \u2013 Co\u0302te d&rsquo;Ivoire (PPA-CI). Dans un communique\u0301, l&rsquo;ex-responsable du parti de Gbagbo a tenu a\u0300 remercier chaleureusement son Pre\u0301sident Laurent Gbagbo pour la confiance qu\u2019il lui a te\u0301moigne\u0301e tout au long de leur collaboration. Il a salue\u0301 les responsabilite\u0301s qui lui ont e\u0301te\u0301 confie\u0301es et exprime\u0301 sa reconnaissance pour les enseignements rec\u0327us au cours de ces anne\u0301es, tout en pre\u0301cisant qu&rsquo;il reste un militant du PPA-CI.<\/p>\n<p>Assumant pleinement sa candidature aux le\u0301gislatives de 2025, Ste\u0301phane Kipre\u0301 a indique\u0301 accepter la de\u0301cision du parti concernant sa re\u0301vocation, tout en restant a\u0300 la disposition du Pre\u0301sident Laurent Gbagbo pour toute mission qu&rsquo;il jugerait utile de lui confier. Il a e\u0301galement pris acte des critiques, parfois virulentes, qu\u2019il a rec\u0327ues de certains membres du parti, mais a souligne\u0301 que l\u2019appel des populations des sous-pre\u0301fectures de Gboguhe\u0301 et de Zai\u0308bo e\u0301tait plus fort que toute autre conside\u0301ration politique.<\/p>\n<p>L\u2019appel des populations n\u2019est pas d\u2019ordre politique, mais de\u0301coule de la volonte\u0301 des citoyens de ces localite\u0301s de voir leur voix repre\u0301sente\u0301e par un individu qui leur ressemble, celui qui a \u0153uvre\u0301 a\u0300 travers des projets concrets pour ame\u0301liorer leurs conditions de vie, affirme Ste\u0301phane Kipre\u0301 qui ajoute que ces populations, craignent de se retrouver abandonne\u0301es au moment ou\u0300 elles ont le plus besoin d\u2019e\u0302tre soutenues.<\/p>\n<p>Le candidat inde\u0301pendant a rappele\u0301 sa de\u0301cision de se retirer en 2023, a\u0300 la demande du parti, pour soutenir un autre candidat, mais a souligne\u0301 que cette de\u0301cision n\u2019avait pas e\u0301te\u0301 bien comprise par les habitants du Haut-Sassandra, qui avaient alors perdu la confiance dans le processus. Aujourd\u2019hui, les me\u0302mes populations appellent a\u0300 nouveau son engagement, et Ste\u0301phane Kipre\u0301 a de\u0301clare\u0301 qu\u2019il ne pouvait pas leur tourner le dos une seconde fois.<\/p>\n<p>Dans son communique\u0301, il re\u0301affirme sa loyaute\u0301 envers le Pre\u0301sident Laurent Gbagbo, pre\u0301cisant qu\u2019il a toujours e\u0301te\u0301 loyal, qu\u2019il l\u2019est toujours et qu\u2019il le restera. Il a invite\u0301 les militants et candidats du PPA-CI a\u0300 faire preuve de raison, dans l\u2019inte\u0301re\u0302t des populations qu\u2019ils repre\u0301sentent, ainsi que de l\u2019unite\u0301 du parti.<\/p>\n<p>Enfin, Ste\u0301phane Kipre\u0301 a adresse\u0301 un message d\u2019engagement aux populations de Gboguhe\u0301 et de Zai\u0308bo, re\u0301affirmant son profond attachement a\u0300 ces localite\u0301s et leur promettant qu\u2019ensemble, ils rayonneront. Il a conclu son communique\u0301 en appelant a\u0300 la be\u0301ne\u0301diction de Dieu sur la Co\u0302te d\u2019Ivoire.<\/p>\n<p><strong>Pour plus d&rsquo;informations et d&rsquo;analyses sur la <span style=\"color: #ff6600\">C\u00f4te d&rsquo;Ivoire<\/span>, suivez <span style=\"color: #ff6600\">Africa-Press<\/span><\/strong><\/p>\n","protected":false},"excerpt":{"rendered":"<p>Africa-Press &#8211; C\u00f4te d&rsquo;Ivoire. Ce mercredi 19 novembre 2025, Ste\u0301phane Kipre\u0301 a appris sa re\u0301vocation de ses fonctions au sein du Parti des Peuples Africains \u2013 Co\u0302te d&rsquo;Ivoire (PPA-CI). Dans un communique\u0301, l&rsquo;ex-responsable du parti de Gbagbo a tenu a\u0300 remercier chaleureusement son Pre\u0301sident Laurent Gbagbo pour la confiance qu\u2019il lui a te\u0301moigne\u0301e tout au [&hellip;]<\/p>\n","protected":false},"author":82,"featured_media":109004,"comment_status":"open","ping_status":"closed","sticky":false,"template":"","format":"standard","meta":{"footnotes":""},"categories":[4,10],"tags":[5252,29,320,19363,1952,356],"class_list":["post-109005","post","type-post","status-publish","format-standard","has-post-thumbnail","hentry","category-parties","category-toutes-les-actualites","tag-candidat","tag-cote-divoire","tag-gbagbo","tag-legislative","tag-ppa-ci","tag-stephane-kipre"],"yoast_head":"<!-- This site is optimized with the Yoast SEO Premium plugin v26.1 (Yoast SEO v27.0) - https:\/\/yoast.com\/product\/yoast-seo-premium-wordpress\/ -->\n<title>R\u00e9vocation de St\u00e9phane Kipr\u00e9 au PPA-CI et Engagement - C\u00f4te d&#039;Ivoire<\/title>\n<meta name=\"description\" content=\"Ce mercredi 19 novembre 2025, Ste\u0301phane Kipre\u0301 a appris sa re\u0301vocation de ses fonctions au sein du Parti des Peuples Afr ...\" \/>\n<meta name=\"robots\" content=\"index, follow, max-snippet:-1, max-image-preview:large, max-video-preview:-1\" \/>\n<link rel=\"canonical\" href=\"https:\/\/www.africa-press.net\/cotedivoire\/parties\/revocation-de-stephane-kipre-au-ppa-ci-et-engagement\" \/>\n<meta property=\"og:locale\" content=\"fr_FR\" \/>\n<meta property=\"og:type\" content=\"article\" \/>\n<meta property=\"og:title\" content=\"R\u00e9vocation de St\u00e9phane Kipr\u00e9 au PPA-CI et Engagement\" \/>\n<meta property=\"og:description\" content=\"Ce mercredi 19 novembre 2025, Ste\u0301phane Kipre\u0301 a appris sa re\u0301vocation de ses fonctions au sein du Parti des Peuples Afr ...\" \/>\n<meta property=\"og:url\" content=\"https:\/\/www.africa-press.net\/cotedivoire\/parties\/revocation-de-stephane-kipre-au-ppa-ci-et-engagement\" \/>\n<meta property=\"og:site_name\" content=\"C\u00f4te d&#039;Ivoire\" \/>\n<meta property=\"article:published_time\" content=\"2025-11-20T17:42:13+00:00\" \/>\n<meta property=\"article:modified_time\" content=\"2025-11-20T18:09:33+00:00\" \/>\n<meta property=\"og:image\" content=\"https:\/\/static.africa-press.net\/cote\/sites\/43\/2025\/11\/sm_1763649448.879599.jpg\" \/>\n\t<meta property=\"og:image:width\" content=\"720\" \/>\n\t<meta property=\"og:image:height\" content=\"459\" \/>\n\t<meta property=\"og:image:type\" content=\"image\/jpeg\" \/>\n<meta name=\"author\" content=\"cfeditorfr\" \/>\n<meta name=\"twitter:card\" content=\"summary_large_image\" \/>\n<meta name=\"twitter:label1\" content=\"\u00c9crit par\" \/>\n\t<meta name=\"twitter:data1\" content=\"cfeditorfr\" \/>\n\t<meta name=\"twitter:label2\" content=\"Dur\u00e9e de lecture estim\u00e9e\" \/>\n\t<meta name=\"twitter:data2\" content=\"3 minutes\" \/>\n<script type=\"application\/ld+json\" class=\"yoast-schema-graph\">{\"@context\":\"https:\/\/schema.org\",\"@graph\":[{\"@type\":\"Article\",\"@id\":\"https:\/\/www.africa-press.net\/cotedivoire\/parties\/revocation-de-stephane-kipre-au-ppa-ci-et-engagement#article\",\"isPartOf\":{\"@id\":\"https:\/\/www.africa-press.net\/cotedivoire\/parties\/revocation-de-stephane-kipre-au-ppa-ci-et-engagement\"},\"author\":{\"name\":\"cfeditorfr\",\"@id\":\"https:\/\/www.africa-press.net\/cotedivoire\/#\/schema\/person\/2b1cf3cd81a31e3cd26889ca66d677f1\"},\"headline\":\"R\u00e9vocation de St\u00e9phane Kipr\u00e9 au PPA-CI et Engagement\",\"datePublished\":\"2025-11-20T17:42:13+00:00\",\"dateModified\":\"2025-11-20T18:09:33+00:00\",\"mainEntityOfPage\":{\"@id\":\"https:\/\/www.africa-press.net\/cotedivoire\/parties\/revocation-de-stephane-kipre-au-ppa-ci-et-engagement\"},\"wordCount\":500,\"commentCount\":0,\"image\":{\"@id\":\"https:\/\/www.africa-press.net\/cotedivoire\/parties\/revocation-de-stephane-kipre-au-ppa-ci-et-engagement#primaryimage\"},\"thumbnailUrl\":\"https:\/\/static.africa-press.net\/cote\/sites\/43\/2025\/11\/sm_1763649448.879599.jpg\",\"keywords\":[\"candidat\",\"C\u00d4TE D'IVOIRE\",\"Gbagbo\",\"l\u00e9gislative\",\"PPA-CI\",\"St\u00e9phane Kipr\u00e9\"],\"articleSection\":[\"Parties\",\"Toutes les actualit\u00e9s\"],\"inLanguage\":\"fr-FR\",\"potentialAction\":[{\"@type\":\"CommentAction\",\"name\":\"Comment\",\"target\":[\"https:\/\/www.africa-press.net\/cotedivoire\/parties\/revocation-de-stephane-kipre-au-ppa-ci-et-engagement#respond\"]}]},{\"@type\":\"WebPage\",\"@id\":\"https:\/\/www.africa-press.net\/cotedivoire\/parties\/revocation-de-stephane-kipre-au-ppa-ci-et-engagement\",\"url\":\"https:\/\/www.africa-press.net\/cotedivoire\/parties\/revocation-de-stephane-kipre-au-ppa-ci-et-engagement\",\"name\":\"R\u00e9vocation de St\u00e9phane Kipr\u00e9 au PPA-CI et Engagement - C\u00f4te d&#039;Ivoire\",\"isPartOf\":{\"@id\":\"https:\/\/www.africa-press.net\/cotedivoire\/#website\"},\"primaryImageOfPage\":{\"@id\":\"https:\/\/www.africa-press.net\/cotedivoire\/parties\/revocation-de-stephane-kipre-au-ppa-ci-et-engagement#primaryimage\"},\"image\":{\"@id\":\"https:\/\/www.africa-press.net\/cotedivoire\/parties\/revocation-de-stephane-kipre-au-ppa-ci-et-engagement#primaryimage\"},\"thumbnailUrl\":\"https:\/\/static.africa-press.net\/cote\/sites\/43\/2025\/11\/sm_1763649448.879599.jpg\",\"datePublished\":\"2025-11-20T17:42:13+00:00\",\"dateModified\":\"2025-11-20T18:09:33+00:00\",\"author\":{\"@id\":\"https:\/\/www.africa-press.net\/cotedivoire\/#\/schema\/person\/2b1cf3cd81a31e3cd26889ca66d677f1\"},\"description\":\"Ce mercredi 19 novembre 2025, Ste\u0301phane Kipre\u0301 a appris sa re\u0301vocation de ses fonctions au sein du Parti des Peuples Afr ...\",\"breadcrumb\":{\"@id\":\"https:\/\/www.africa-press.net\/cotedivoire\/parties\/revocation-de-stephane-kipre-au-ppa-ci-et-engagement#breadcrumb\"},\"inLanguage\":\"fr-FR\",\"potentialAction\":[{\"@type\":\"ReadAction\",\"target\":[\"https:\/\/www.africa-press.net\/cotedivoire\/parties\/revocation-de-stephane-kipre-au-ppa-ci-et-engagement\"]}]},{\"@type\":\"ImageObject\",\"inLanguage\":\"fr-FR\",\"@id\":\"https:\/\/www.africa-press.net\/cotedivoire\/parties\/revocation-de-stephane-kipre-au-ppa-ci-et-engagement#primaryimage\",\"url\":\"https:\/\/static.africa-press.net\/cote\/sites\/43\/2025\/11\/sm_1763649448.879599.jpg\",\"contentUrl\":\"https:\/\/static.africa-press.net\/cote\/sites\/43\/2025\/11\/sm_1763649448.879599.jpg\",\"width\":720,\"height\":459,\"caption\":\"R\u00e9vocation de St\u00e9phane Kipr\u00e9 au PPA-CI et Engagement\"},{\"@type\":\"BreadcrumbList\",\"@id\":\"https:\/\/www.africa-press.net\/cotedivoire\/parties\/revocation-de-stephane-kipre-au-ppa-ci-et-engagement#breadcrumb\",\"itemListElement\":[{\"@type\":\"ListItem\",\"position\":1,\"name\":\"Accueil\",\"item\":\"https:\/\/www.africa-press.net\/cotedivoire\/\"},{\"@type\":\"ListItem\",\"position\":2,\"name\":\"R\u00e9vocation de St\u00e9phane Kipr\u00e9 au PPA-CI et Engagement\"}]},{\"@type\":\"WebSite\",\"@id\":\"https:\/\/www.africa-press.net\/cotedivoire\/#website\",\"url\":\"https:\/\/www.africa-press.net\/cotedivoire\/\",\"name\":\"C\u00f4te d&#039;Ivoire\",\"description\":\"Just another Africa News Agency Sites site\",\"potentialAction\":[{\"@type\":\"SearchAction\",\"target\":{\"@type\":\"EntryPoint\",\"urlTemplate\":\"https:\/\/www.africa-press.net\/cotedivoire\/?s={search_term_string}\"},\"query-input\":{\"@type\":\"PropertyValueSpecification\",\"valueRequired\":true,\"valueName\":\"search_term_string\"}}],\"inLanguage\":\"fr-FR\"},{\"@type\":\"Person\",\"@id\":\"https:\/\/www.africa-press.net\/cotedivoire\/#\/schema\/person\/2b1cf3cd81a31e3cd26889ca66d677f1\",\"name\":\"cfeditorfr\"}]}<\/script>\n<!-- \/ Yoast SEO Premium plugin. -->","yoast_head_json":{"title":"R\u00e9vocation de St\u00e9phane Kipr\u00e9 au PPA-CI et Engagement - C\u00f4te d&#039;Ivoire","description":"Ce mercredi 19 novembre 2025, Ste\u0301phane Kipre\u0301 a appris sa re\u0301vocation de ses fonctions au sein du Parti des Peuples Afr ...","robots":{"index":"index","follow":"follow","max-snippet":"max-snippet:-1","max-image-preview":"max-image-preview:large","max-video-preview":"max-video-preview:-1"},"canonical":"https:\/\/www.africa-press.net\/cotedivoire\/parties\/revocation-de-stephane-kipre-au-ppa-ci-et-engagement","og_locale":"fr_FR","og_type":"article","og_title":"R\u00e9vocation de St\u00e9phane Kipr\u00e9 au PPA-CI et Engagement","og_description":"Ce mercredi 19 novembre 2025, Ste\u0301phane Kipre\u0301 a appris sa re\u0301vocation de ses fonctions au sein du Parti des Peuples Afr ...","og_url":"https:\/\/www.africa-press.net\/cotedivoire\/parties\/revocation-de-stephane-kipre-au-ppa-ci-et-engagement","og_site_name":"C\u00f4te d&#039;Ivoire","article_published_time":"2025-11-20T17:42:13+00:00","article_modified_time":"2025-11-20T18:09:33+00:00","og_image":[{"width":720,"height":459,"url":"https:\/\/static.africa-press.net\/cote\/sites\/43\/2025\/11\/sm_1763649448.879599.jpg","type":"image\/jpeg"}],"author":"cfeditorfr","twitter_card":"summary_large_image","twitter_misc":{"\u00c9crit par":"cfeditorfr","Dur\u00e9e de lecture estim\u00e9e":"3 minutes"},"schema":{"@context":"https:\/\/schema.org","@graph":[{"@type":"Article","@id":"https:\/\/www.africa-press.net\/cotedivoire\/parties\/revocation-de-stephane-kipre-au-ppa-ci-et-engagement#article","isPartOf":{"@id":"https:\/\/www.africa-press.net\/cotedivoire\/parties\/revocation-de-stephane-kipre-au-ppa-ci-et-engagement"},"author":{"name":"cfeditorfr","@id":"https:\/\/www.africa-press.net\/cotedivoire\/#\/schema\/person\/2b1cf3cd81a31e3cd26889ca66d677f1"},"headline":"R\u00e9vocation de St\u00e9phane Kipr\u00e9 au PPA-CI et Engagement","datePublished":"2025-11-20T17:42:13+00:00","dateModified":"2025-11-20T18:09:33+00:00","mainEntityOfPage":{"@id":"https:\/\/www.africa-press.net\/cotedivoire\/parties\/revocation-de-stephane-kipre-au-ppa-ci-et-engagement"},"wordCount":500,"commentCount":0,"image":{"@id":"https:\/\/www.africa-press.net\/cotedivoire\/parties\/revocation-de-stephane-kipre-au-ppa-ci-et-engagement#primaryimage"},"thumbnailUrl":"https:\/\/static.africa-press.net\/cote\/sites\/43\/2025\/11\/sm_1763649448.879599.jpg","keywords":["candidat","C\u00d4TE D'IVOIRE","Gbagbo","l\u00e9gislative","PPA-CI","St\u00e9phane Kipr\u00e9"],"articleSection":["Parties","Toutes les actualit\u00e9s"],"inLanguage":"fr-FR","potentialAction":[{"@type":"CommentAction","name":"Comment","target":["https:\/\/www.africa-press.net\/cotedivoire\/parties\/revocation-de-stephane-kipre-au-ppa-ci-et-engagement#respond"]}]},{"@type":"WebPage","@id":"https:\/\/www.africa-press.net\/cotedivoire\/parties\/revocation-de-stephane-kipre-au-ppa-ci-et-engagement","url":"https:\/\/www.africa-press.net\/cotedivoire\/parties\/revocation-de-stephane-kipre-au-ppa-ci-et-engagement","name":"R\u00e9vocation de St\u00e9phane Kipr\u00e9 au PPA-CI et Engagement - C\u00f4te d&#039;Ivoire","isPartOf":{"@id":"https:\/\/www.africa-press.net\/cotedivoire\/#website"},"primaryImageOfPage":{"@id":"https:\/\/www.africa-press.net\/cotedivoire\/parties\/revocation-de-stephane-kipre-au-ppa-ci-et-engagement#primaryimage"},"image":{"@id":"https:\/\/www.africa-press.net\/cotedivoire\/parties\/revocation-de-stephane-kipre-au-ppa-ci-et-engagement#primaryimage"},"thumbnailUrl":"https:\/\/static.africa-press.net\/cote\/sites\/43\/2025\/11\/sm_1763649448.879599.jpg","datePublished":"2025-11-20T17:42:13+00:00","dateModified":"2025-11-20T18:09:33+00:00","author":{"@id":"https:\/\/www.africa-press.net\/cotedivoire\/#\/schema\/person\/2b1cf3cd81a31e3cd26889ca66d677f1"},"description":"Ce mercredi 19 novembre 2025, Ste\u0301phane Kipre\u0301 a appris sa re\u0301vocation de ses fonctions au sein du Parti des Peuples Afr ...","breadcrumb":{"@id":"https:\/\/www.africa-press.net\/cotedivoire\/parties\/revocation-de-stephane-kipre-au-ppa-ci-et-engagement#breadcrumb"},"inLanguage":"fr-FR","potentialAction":[{"@type":"ReadAction","target":["https:\/\/www.africa-press.net\/cotedivoire\/parties\/revocation-de-stephane-kipre-au-ppa-ci-et-engagement"]}]},{"@type":"ImageObject","inLanguage":"fr-FR","@id":"https:\/\/www.africa-press.net\/cotedivoire\/parties\/revocation-de-stephane-kipre-au-ppa-ci-et-engagement#primaryimage","url":"https:\/\/static.africa-press.net\/cote\/sites\/43\/2025\/11\/sm_1763649448.879599.jpg","contentUrl":"https:\/\/static.africa-press.net\/cote\/sites\/43\/2025\/11\/sm_1763649448.879599.jpg","width":720,"height":459,"caption":"R\u00e9vocation de St\u00e9phane Kipr\u00e9 au PPA-CI et Engagement"},{"@type":"BreadcrumbList","@id":"https:\/\/www.africa-press.net\/cotedivoire\/parties\/revocation-de-stephane-kipre-au-ppa-ci-et-engagement#breadcrumb","itemListElement":[{"@type":"ListItem","position":1,"name":"Accueil","item":"https:\/\/www.africa-press.net\/cotedivoire\/"},{"@type":"ListItem","position":2,"name":"R\u00e9vocation de St\u00e9phane Kipr\u00e9 au PPA-CI et Engagement"}]},{"@type":"WebSite","@id":"https:\/\/www.africa-press.net\/cotedivoire\/#website","url":"https:\/\/www.africa-press.net\/cotedivoire\/","name":"C\u00f4te d&#039;Ivoire","description":"Just another Africa News Agency Sites site","potentialAction":[{"@type":"SearchAction","target":{"@type":"EntryPoint","urlTemplate":"https:\/\/www.africa-press.net\/cotedivoire\/?s={search_term_string}"},"query-input":{"@type":"PropertyValueSpecification","valueRequired":true,"valueName":"search_term_string"}}],"inLanguage":"fr-FR"},{"@type":"Person","@id":"https:\/\/www.africa-press.net\/cotedivoire\/#\/schema\/person\/2b1cf3cd81a31e3cd26889ca66d677f1","name":"cfeditorfr"}]}},"_links":{"self":[{"href":"https:\/\/www.africa-press.net\/cotedivoire\/wp-json\/wp\/v2\/posts\/109005","targetHints":{"allow":["GET"]}}],"collection":[{"href":"https:\/\/www.africa-press.net\/cotedivoire\/wp-json\/wp\/v2\/posts"}],"about":[{"href":"https:\/\/www.africa-press.net\/cotedivoire\/wp-json\/wp\/v2\/types\/post"}],"author":[{"embeddable":true,"href":"https:\/\/www.africa-press.net\/cotedivoire\/wp-json\/wp\/v2\/users\/82"}],"replies":[{"embeddable":true,"href":"https:\/\/www.africa-press.net\/cotedivoire\/wp-json\/wp\/v2\/comments?post=109005"}],"version-history":[{"count":0,"href":"https:\/\/www.africa-press.net\/cotedivoire\/wp-json\/wp\/v2\/posts\/109005\/revisions"}],"wp:featuredmedia":[{"embeddable":true,"href":"https:\/\/www.africa-press.net\/cotedivoire\/wp-json\/wp\/v2\/media\/109004"}],"wp:attachment":[{"href":"https:\/\/www.africa-press.net\/cotedivoire\/wp-json\/wp\/v2\/media?parent=109005"}],"wp:term":[{"taxonomy":"category","embeddable":true,"href":"https:\/\/www.africa-press.net\/cotedivoire\/wp-json\/wp\/v2\/categories?post=109005"},{"taxonomy":"post_tag","embeddable":true,"href":"https:\/\/www.africa-press.net\/cotedivoire\/wp-json\/wp\/v2\/tags?post=109005"}],"curies":[{"name":"wp","href":"https:\/\/api.w.org\/{rel}","templated":true}]}}