{"id":109014,"date":"2025-11-20T17:43:27","date_gmt":"2025-11-20T17:43:27","guid":{"rendered":"https:\/\/www.africa-press.net\/cotedivoire\/politique\/concours-artistique-pour-rapprocher-la-diaspora-ivoirienne"},"modified":"2025-11-20T18:10:28","modified_gmt":"2025-11-20T18:10:28","slug":"concours-artistique-pour-rapprocher-la-diaspora-ivoirienne","status":"publish","type":"post","link":"https:\/\/www.africa-press.net\/cotedivoire\/culture-et-art\/concours-artistique-pour-rapprocher-la-diaspora-ivoirienne","title":{"rendered":"Concours Artistique pour Rapprocher la Diaspora Ivoirienne"},"content":{"rendered":"<p><span style=\"color: #ff6600\"><strong>Africa-Press &#8211; C\u00f4te d&rsquo;Ivoire. <\/strong><\/span>L\u2019Ambassade de la Re\u0301publique de Co\u0302te d\u2019Ivoire a\u0300 Washington D.C. a annonce\u0301 l\u2019organisation d\u2019un concours de dessin intitule\u0301 \u00ab Je dessine ma Co\u0302te d\u2019Ivoire \u00bb, une initiative destine\u0301e a\u0300 valoriser la cre\u0301ativite\u0301 des plus jeunes tout en renforc\u0327ant leur lien avec leur pays d\u2019origine.<\/p>\n<p>Ouvert aux enfants ivoiriens ou d\u2019origine ivoirienne re\u0301sidant aux E\u0301tats-Unis, ce concours s\u2019adresse a\u0300 trois tranches d\u2019a\u0302ge: 5\u20137 ans, 8\u201311 ans et 12\u201315 ans.<\/p>\n<p>Pour participer, les enfants doivent re\u0301aliser un dessin original inspire\u0301 d\u2019un ou plusieurs des the\u0300mes suivants, la paix et la cohe\u0301sion nationale, la pre\u0301servation de l\u2019environnement, la culture ivoirienne et le tourisme en Co\u0302te d\u2019Ivoire<\/p>\n<p>A\u0300 travers ces the\u0301matiques, la Mission diplomatique souhaite a\u0300 la fois encourager l\u2019expression artistique, re\u0301veiller la fibre patriotique des jeunes de la diaspora et transmettre les valeurs fondatrices de la nation ivoirienne, notamment la paix, l\u2019unite\u0301 et la cohe\u0301sion.<\/p>\n<p>L\u2019Ambassade met en jeu une se\u0301rie de prix pour chacune des cate\u0301gories d\u2019a\u0302ge.<\/p>\n<p>Fait notable, l\u2019Ambassade s\u2019engage e\u0301galement a\u0300 prendre en charge les frais de transport des laure\u0301ats re\u0301sidant hors de Washington D.C., permettant ainsi a\u0300 tous les gagnants de participer a\u0300 la ce\u0301re\u0301monie de remise des prix.<\/p>\n<p>Les participants devront soumettre un dessin original, re\u0301alise\u0301 sans assistance, sur un support A4 pour les enfants de 5 a\u0300 7 ans et un support A3 pour ceux de 8 a\u0300 11 ans et 12 a\u0300 15 ans.<\/p>\n<p>Toutes les techniques artistiques sont autorise\u0301es: crayon, peinture, pastel, collage ou techniques mixtes.<\/p>\n<p>Les \u0153uvres peuvent e\u0302tre de\u0301pose\u0301es directement a\u0300 l\u2019Ambassade ou envoye\u0301es par courrier a\u0300 l\u2019adresse, Ambassade de Co\u0302te d\u2019Ivoire 2424 Massachusetts Avenue, N.W. Washington D.C. 20008<\/p>\n<p>Chaque envoi doit contenir les informations suivantes, nom et pre\u0301noms de l\u2019enfant, a\u0302ge, ville et E\u0301tat de re\u0301sidence, nom et coordonne\u0301es du parent ou tuteur le\u0301gal, adresse comple\u0300te, titre du dessin.<\/p>\n<p>La date limite de soumission est fixe\u0301e au 10 de\u0301cembre 2025.<\/p>\n<p>Avec ce concours, l\u2019Ambassade de Co\u0302te d\u2019Ivoire a\u0300 Washington D.C. re\u0301affirme sa volonte\u0301 de maintenir un lien fort avec la diaspora, en particulier les enfants, souvent e\u0301loigne\u0301s du quotidien culturel et social ivoirien.<\/p>\n<p>Ce rendez-vous artistique s\u2019annonce comme une belle opportunite\u0301 pour les jeunes talents d\u2019exprimer leur vision de la Co\u0302te d\u2019Ivoire tout en ce\u0301le\u0301brant leur appartenance culturelle.<\/p>\n<p><strong>Pour plus d&rsquo;informations et d&rsquo;analyses sur la <span style=\"color: #ff6600\">C\u00f4te d&rsquo;Ivoire<\/span>, suivez <span style=\"color: #ff6600\">Africa-Press<\/span><\/strong><\/p>\n","protected":false},"excerpt":{"rendered":"<p>Africa-Press &#8211; C\u00f4te d&rsquo;Ivoire. L\u2019Ambassade de la Re\u0301publique de Co\u0302te d\u2019Ivoire a\u0300 Washington D.C. a annonce\u0301 l\u2019organisation d\u2019un concours de dessin intitule\u0301 \u00ab Je dessine ma Co\u0302te d\u2019Ivoire \u00bb, une initiative destine\u0301e a\u0300 valoriser la cre\u0301ativite\u0301 des plus jeunes tout en renforc\u0327ant leur lien avec leur pays d\u2019origine. Ouvert aux enfants ivoiriens ou d\u2019origine ivoirienne [&hellip;]<\/p>\n","protected":false},"author":82,"featured_media":109012,"comment_status":"open","ping_status":"closed","sticky":false,"template":"","format":"standard","meta":{"footnotes":""},"categories":[5,10],"tags":[19536,5258,3107,29,42,19540,18759,19539,2611,305,600,19537,19538],"class_list":["post-109014","post","type-post","status-publish","format-standard","has-post-thumbnail","hentry","category-culture-et-art","category-toutes-les-actualites","tag-ambassade-ci","tag-art","tag-cohesion","tag-cote-divoire","tag-culture","tag-dessin","tag-diaspora-ivoirienne","tag-enfance","tag-jeunesse","tag-nationale","tag-paix","tag-voncours","tag-washingtondc"],"yoast_head":"<!-- This site is optimized with the Yoast SEO Premium plugin v26.1 (Yoast SEO v27.0) - https:\/\/yoast.com\/product\/yoast-seo-premium-wordpress\/ -->\n<title>Concours Artistique pour Rapprocher la Diaspora Ivoirienne - C\u00f4te d&#039;Ivoire<\/title>\n<meta name=\"description\" content=\"L\u2019Ambassade de la Re\u0301publique de Co\u0302te d\u2019Ivoire a\u0300 Washington D.C. a annonce\u0301 l\u2019organisation d\u2019un concours de dessin int ...\" \/>\n<meta name=\"robots\" content=\"index, follow, max-snippet:-1, max-image-preview:large, max-video-preview:-1\" \/>\n<link rel=\"canonical\" href=\"https:\/\/www.africa-press.net\/cotedivoire\/culture-et-art\/concours-artistique-pour-rapprocher-la-diaspora-ivoirienne\" \/>\n<meta property=\"og:locale\" content=\"fr_FR\" \/>\n<meta property=\"og:type\" content=\"article\" \/>\n<meta property=\"og:title\" content=\"Concours Artistique pour Rapprocher la Diaspora Ivoirienne\" \/>\n<meta property=\"og:description\" content=\"L\u2019Ambassade de la Re\u0301publique de Co\u0302te d\u2019Ivoire a\u0300 Washington D.C. a annonce\u0301 l\u2019organisation d\u2019un concours de dessin int ...\" \/>\n<meta property=\"og:url\" content=\"https:\/\/www.africa-press.net\/cotedivoire\/culture-et-art\/concours-artistique-pour-rapprocher-la-diaspora-ivoirienne\" \/>\n<meta property=\"og:site_name\" content=\"C\u00f4te d&#039;Ivoire\" \/>\n<meta property=\"article:published_time\" content=\"2025-11-20T17:43:27+00:00\" \/>\n<meta property=\"article:modified_time\" content=\"2025-11-20T18:10:28+00:00\" \/>\n<meta property=\"og:image\" content=\"https:\/\/static.africa-press.net\/cote\/sites\/43\/2025\/11\/sm_1763649495.626813.jpg\" \/>\n\t<meta property=\"og:image:width\" content=\"720\" \/>\n\t<meta property=\"og:image:height\" content=\"337\" \/>\n\t<meta property=\"og:image:type\" content=\"image\/jpeg\" \/>\n<meta name=\"author\" content=\"cfeditorfr\" \/>\n<meta name=\"twitter:card\" content=\"summary_large_image\" \/>\n<meta name=\"twitter:label1\" content=\"\u00c9crit par\" \/>\n\t<meta name=\"twitter:data1\" content=\"cfeditorfr\" \/>\n\t<meta name=\"twitter:label2\" content=\"Dur\u00e9e de lecture estim\u00e9e\" \/>\n\t<meta name=\"twitter:data2\" content=\"2 minutes\" \/>\n<script type=\"application\/ld+json\" class=\"yoast-schema-graph\">{\"@context\":\"https:\/\/schema.org\",\"@graph\":[{\"@type\":\"Article\",\"@id\":\"https:\/\/www.africa-press.net\/cotedivoire\/culture-et-art\/concours-artistique-pour-rapprocher-la-diaspora-ivoirienne#article\",\"isPartOf\":{\"@id\":\"https:\/\/www.africa-press.net\/cotedivoire\/culture-et-art\/concours-artistique-pour-rapprocher-la-diaspora-ivoirienne\"},\"author\":{\"name\":\"cfeditorfr\",\"@id\":\"https:\/\/www.africa-press.net\/cotedivoire\/#\/schema\/person\/2b1cf3cd81a31e3cd26889ca66d677f1\"},\"headline\":\"Concours Artistique pour Rapprocher la Diaspora Ivoirienne\",\"datePublished\":\"2025-11-20T17:43:27+00:00\",\"dateModified\":\"2025-11-20T18:10:28+00:00\",\"mainEntityOfPage\":{\"@id\":\"https:\/\/www.africa-press.net\/cotedivoire\/culture-et-art\/concours-artistique-pour-rapprocher-la-diaspora-ivoirienne\"},\"wordCount\":459,\"commentCount\":0,\"image\":{\"@id\":\"https:\/\/www.africa-press.net\/cotedivoire\/culture-et-art\/concours-artistique-pour-rapprocher-la-diaspora-ivoirienne#primaryimage\"},\"thumbnailUrl\":\"https:\/\/static.africa-press.net\/cote\/sites\/43\/2025\/11\/sm_1763649495.626813.jpg\",\"keywords\":[\"ambassade CI\",\"art\",\"coh\u00e9sion\",\"C\u00d4TE D'IVOIRE\",\"Culture\",\"dessin\",\"diaspora Ivoirienne\",\"enfance\",\"jeunesse\",\"nationale\",\"paix\",\"voncours\",\"WashingtonDC\"],\"articleSection\":[\"Culture et Art\",\"Toutes les actualit\u00e9s\"],\"inLanguage\":\"fr-FR\",\"potentialAction\":[{\"@type\":\"CommentAction\",\"name\":\"Comment\",\"target\":[\"https:\/\/www.africa-press.net\/cotedivoire\/culture-et-art\/concours-artistique-pour-rapprocher-la-diaspora-ivoirienne#respond\"]}]},{\"@type\":\"WebPage\",\"@id\":\"https:\/\/www.africa-press.net\/cotedivoire\/culture-et-art\/concours-artistique-pour-rapprocher-la-diaspora-ivoirienne\",\"url\":\"https:\/\/www.africa-press.net\/cotedivoire\/culture-et-art\/concours-artistique-pour-rapprocher-la-diaspora-ivoirienne\",\"name\":\"Concours Artistique pour Rapprocher la Diaspora Ivoirienne - C\u00f4te d&#039;Ivoire\",\"isPartOf\":{\"@id\":\"https:\/\/www.africa-press.net\/cotedivoire\/#website\"},\"primaryImageOfPage\":{\"@id\":\"https:\/\/www.africa-press.net\/cotedivoire\/culture-et-art\/concours-artistique-pour-rapprocher-la-diaspora-ivoirienne#primaryimage\"},\"image\":{\"@id\":\"https:\/\/www.africa-press.net\/cotedivoire\/culture-et-art\/concours-artistique-pour-rapprocher-la-diaspora-ivoirienne#primaryimage\"},\"thumbnailUrl\":\"https:\/\/static.africa-press.net\/cote\/sites\/43\/2025\/11\/sm_1763649495.626813.jpg\",\"datePublished\":\"2025-11-20T17:43:27+00:00\",\"dateModified\":\"2025-11-20T18:10:28+00:00\",\"author\":{\"@id\":\"https:\/\/www.africa-press.net\/cotedivoire\/#\/schema\/person\/2b1cf3cd81a31e3cd26889ca66d677f1\"},\"description\":\"L\u2019Ambassade de la Re\u0301publique de Co\u0302te d\u2019Ivoire a\u0300 Washington D.C. a annonce\u0301 l\u2019organisation d\u2019un concours de dessin int ...\",\"breadcrumb\":{\"@id\":\"https:\/\/www.africa-press.net\/cotedivoire\/culture-et-art\/concours-artistique-pour-rapprocher-la-diaspora-ivoirienne#breadcrumb\"},\"inLanguage\":\"fr-FR\",\"potentialAction\":[{\"@type\":\"ReadAction\",\"target\":[\"https:\/\/www.africa-press.net\/cotedivoire\/culture-et-art\/concours-artistique-pour-rapprocher-la-diaspora-ivoirienne\"]}]},{\"@type\":\"ImageObject\",\"inLanguage\":\"fr-FR\",\"@id\":\"https:\/\/www.africa-press.net\/cotedivoire\/culture-et-art\/concours-artistique-pour-rapprocher-la-diaspora-ivoirienne#primaryimage\",\"url\":\"https:\/\/static.africa-press.net\/cote\/sites\/43\/2025\/11\/sm_1763649495.626813.jpg\",\"contentUrl\":\"https:\/\/static.africa-press.net\/cote\/sites\/43\/2025\/11\/sm_1763649495.626813.jpg\",\"width\":720,\"height\":337,\"caption\":\"Concours Artistique pour Rapprocher la Diaspora Ivoirienne\"},{\"@type\":\"BreadcrumbList\",\"@id\":\"https:\/\/www.africa-press.net\/cotedivoire\/culture-et-art\/concours-artistique-pour-rapprocher-la-diaspora-ivoirienne#breadcrumb\",\"itemListElement\":[{\"@type\":\"ListItem\",\"position\":1,\"name\":\"Accueil\",\"item\":\"https:\/\/www.africa-press.net\/cotedivoire\/\"},{\"@type\":\"ListItem\",\"position\":2,\"name\":\"Concours Artistique pour Rapprocher la Diaspora Ivoirienne\"}]},{\"@type\":\"WebSite\",\"@id\":\"https:\/\/www.africa-press.net\/cotedivoire\/#website\",\"url\":\"https:\/\/www.africa-press.net\/cotedivoire\/\",\"name\":\"C\u00f4te d&#039;Ivoire\",\"description\":\"Just another Africa News Agency Sites site\",\"potentialAction\":[{\"@type\":\"SearchAction\",\"target\":{\"@type\":\"EntryPoint\",\"urlTemplate\":\"https:\/\/www.africa-press.net\/cotedivoire\/?s={search_term_string}\"},\"query-input\":{\"@type\":\"PropertyValueSpecification\",\"valueRequired\":true,\"valueName\":\"search_term_string\"}}],\"inLanguage\":\"fr-FR\"},{\"@type\":\"Person\",\"@id\":\"https:\/\/www.africa-press.net\/cotedivoire\/#\/schema\/person\/2b1cf3cd81a31e3cd26889ca66d677f1\",\"name\":\"cfeditorfr\"}]}<\/script>\n<!-- \/ Yoast SEO Premium plugin. -->","yoast_head_json":{"title":"Concours Artistique pour Rapprocher la Diaspora Ivoirienne - C\u00f4te d&#039;Ivoire","description":"L\u2019Ambassade de la Re\u0301publique de Co\u0302te d\u2019Ivoire a\u0300 Washington D.C. a annonce\u0301 l\u2019organisation d\u2019un concours de dessin int ...","robots":{"index":"index","follow":"follow","max-snippet":"max-snippet:-1","max-image-preview":"max-image-preview:large","max-video-preview":"max-video-preview:-1"},"canonical":"https:\/\/www.africa-press.net\/cotedivoire\/culture-et-art\/concours-artistique-pour-rapprocher-la-diaspora-ivoirienne","og_locale":"fr_FR","og_type":"article","og_title":"Concours Artistique pour Rapprocher la Diaspora Ivoirienne","og_description":"L\u2019Ambassade de la Re\u0301publique de Co\u0302te d\u2019Ivoire a\u0300 Washington D.C. a annonce\u0301 l\u2019organisation d\u2019un concours de dessin int ...","og_url":"https:\/\/www.africa-press.net\/cotedivoire\/culture-et-art\/concours-artistique-pour-rapprocher-la-diaspora-ivoirienne","og_site_name":"C\u00f4te d&#039;Ivoire","article_published_time":"2025-11-20T17:43:27+00:00","article_modified_time":"2025-11-20T18:10:28+00:00","og_image":[{"width":720,"height":337,"url":"https:\/\/static.africa-press.net\/cote\/sites\/43\/2025\/11\/sm_1763649495.626813.jpg","type":"image\/jpeg"}],"author":"cfeditorfr","twitter_card":"summary_large_image","twitter_misc":{"\u00c9crit par":"cfeditorfr","Dur\u00e9e de lecture estim\u00e9e":"2 minutes"},"schema":{"@context":"https:\/\/schema.org","@graph":[{"@type":"Article","@id":"https:\/\/www.africa-press.net\/cotedivoire\/culture-et-art\/concours-artistique-pour-rapprocher-la-diaspora-ivoirienne#article","isPartOf":{"@id":"https:\/\/www.africa-press.net\/cotedivoire\/culture-et-art\/concours-artistique-pour-rapprocher-la-diaspora-ivoirienne"},"author":{"name":"cfeditorfr","@id":"https:\/\/www.africa-press.net\/cotedivoire\/#\/schema\/person\/2b1cf3cd81a31e3cd26889ca66d677f1"},"headline":"Concours Artistique pour Rapprocher la Diaspora Ivoirienne","datePublished":"2025-11-20T17:43:27+00:00","dateModified":"2025-11-20T18:10:28+00:00","mainEntityOfPage":{"@id":"https:\/\/www.africa-press.net\/cotedivoire\/culture-et-art\/concours-artistique-pour-rapprocher-la-diaspora-ivoirienne"},"wordCount":459,"commentCount":0,"image":{"@id":"https:\/\/www.africa-press.net\/cotedivoire\/culture-et-art\/concours-artistique-pour-rapprocher-la-diaspora-ivoirienne#primaryimage"},"thumbnailUrl":"https:\/\/static.africa-press.net\/cote\/sites\/43\/2025\/11\/sm_1763649495.626813.jpg","keywords":["ambassade CI","art","coh\u00e9sion","C\u00d4TE D'IVOIRE","Culture","dessin","diaspora Ivoirienne","enfance","jeunesse","nationale","paix","voncours","WashingtonDC"],"articleSection":["Culture et Art","Toutes les actualit\u00e9s"],"inLanguage":"fr-FR","potentialAction":[{"@type":"CommentAction","name":"Comment","target":["https:\/\/www.africa-press.net\/cotedivoire\/culture-et-art\/concours-artistique-pour-rapprocher-la-diaspora-ivoirienne#respond"]}]},{"@type":"WebPage","@id":"https:\/\/www.africa-press.net\/cotedivoire\/culture-et-art\/concours-artistique-pour-rapprocher-la-diaspora-ivoirienne","url":"https:\/\/www.africa-press.net\/cotedivoire\/culture-et-art\/concours-artistique-pour-rapprocher-la-diaspora-ivoirienne","name":"Concours Artistique pour Rapprocher la Diaspora Ivoirienne - C\u00f4te d&#039;Ivoire","isPartOf":{"@id":"https:\/\/www.africa-press.net\/cotedivoire\/#website"},"primaryImageOfPage":{"@id":"https:\/\/www.africa-press.net\/cotedivoire\/culture-et-art\/concours-artistique-pour-rapprocher-la-diaspora-ivoirienne#primaryimage"},"image":{"@id":"https:\/\/www.africa-press.net\/cotedivoire\/culture-et-art\/concours-artistique-pour-rapprocher-la-diaspora-ivoirienne#primaryimage"},"thumbnailUrl":"https:\/\/static.africa-press.net\/cote\/sites\/43\/2025\/11\/sm_1763649495.626813.jpg","datePublished":"2025-11-20T17:43:27+00:00","dateModified":"2025-11-20T18:10:28+00:00","author":{"@id":"https:\/\/www.africa-press.net\/cotedivoire\/#\/schema\/person\/2b1cf3cd81a31e3cd26889ca66d677f1"},"description":"L\u2019Ambassade de la Re\u0301publique de Co\u0302te d\u2019Ivoire a\u0300 Washington D.C. a annonce\u0301 l\u2019organisation d\u2019un concours de dessin int ...","breadcrumb":{"@id":"https:\/\/www.africa-press.net\/cotedivoire\/culture-et-art\/concours-artistique-pour-rapprocher-la-diaspora-ivoirienne#breadcrumb"},"inLanguage":"fr-FR","potentialAction":[{"@type":"ReadAction","target":["https:\/\/www.africa-press.net\/cotedivoire\/culture-et-art\/concours-artistique-pour-rapprocher-la-diaspora-ivoirienne"]}]},{"@type":"ImageObject","inLanguage":"fr-FR","@id":"https:\/\/www.africa-press.net\/cotedivoire\/culture-et-art\/concours-artistique-pour-rapprocher-la-diaspora-ivoirienne#primaryimage","url":"https:\/\/static.africa-press.net\/cote\/sites\/43\/2025\/11\/sm_1763649495.626813.jpg","contentUrl":"https:\/\/static.africa-press.net\/cote\/sites\/43\/2025\/11\/sm_1763649495.626813.jpg","width":720,"height":337,"caption":"Concours Artistique pour Rapprocher la Diaspora Ivoirienne"},{"@type":"BreadcrumbList","@id":"https:\/\/www.africa-press.net\/cotedivoire\/culture-et-art\/concours-artistique-pour-rapprocher-la-diaspora-ivoirienne#breadcrumb","itemListElement":[{"@type":"ListItem","position":1,"name":"Accueil","item":"https:\/\/www.africa-press.net\/cotedivoire\/"},{"@type":"ListItem","position":2,"name":"Concours Artistique pour Rapprocher la Diaspora Ivoirienne"}]},{"@type":"WebSite","@id":"https:\/\/www.africa-press.net\/cotedivoire\/#website","url":"https:\/\/www.africa-press.net\/cotedivoire\/","name":"C\u00f4te d&#039;Ivoire","description":"Just another Africa News Agency Sites site","potentialAction":[{"@type":"SearchAction","target":{"@type":"EntryPoint","urlTemplate":"https:\/\/www.africa-press.net\/cotedivoire\/?s={search_term_string}"},"query-input":{"@type":"PropertyValueSpecification","valueRequired":true,"valueName":"search_term_string"}}],"inLanguage":"fr-FR"},{"@type":"Person","@id":"https:\/\/www.africa-press.net\/cotedivoire\/#\/schema\/person\/2b1cf3cd81a31e3cd26889ca66d677f1","name":"cfeditorfr"}]}},"_links":{"self":[{"href":"https:\/\/www.africa-press.net\/cotedivoire\/wp-json\/wp\/v2\/posts\/109014","targetHints":{"allow":["GET"]}}],"collection":[{"href":"https:\/\/www.africa-press.net\/cotedivoire\/wp-json\/wp\/v2\/posts"}],"about":[{"href":"https:\/\/www.africa-press.net\/cotedivoire\/wp-json\/wp\/v2\/types\/post"}],"author":[{"embeddable":true,"href":"https:\/\/www.africa-press.net\/cotedivoire\/wp-json\/wp\/v2\/users\/82"}],"replies":[{"embeddable":true,"href":"https:\/\/www.africa-press.net\/cotedivoire\/wp-json\/wp\/v2\/comments?post=109014"}],"version-history":[{"count":0,"href":"https:\/\/www.africa-press.net\/cotedivoire\/wp-json\/wp\/v2\/posts\/109014\/revisions"}],"wp:featuredmedia":[{"embeddable":true,"href":"https:\/\/www.africa-press.net\/cotedivoire\/wp-json\/wp\/v2\/media\/109012"}],"wp:attachment":[{"href":"https:\/\/www.africa-press.net\/cotedivoire\/wp-json\/wp\/v2\/media?parent=109014"}],"wp:term":[{"taxonomy":"category","embeddable":true,"href":"https:\/\/www.africa-press.net\/cotedivoire\/wp-json\/wp\/v2\/categories?post=109014"},{"taxonomy":"post_tag","embeddable":true,"href":"https:\/\/www.africa-press.net\/cotedivoire\/wp-json\/wp\/v2\/tags?post=109014"}],"curies":[{"name":"wp","href":"https:\/\/api.w.org\/{rel}","templated":true}]}}