{"id":109016,"date":"2025-11-20T17:44:23","date_gmt":"2025-11-20T17:44:23","guid":{"rendered":"https:\/\/www.africa-press.net\/cotedivoire\/politique\/budget-2026-du-ministere-de-leducation-adopte"},"modified":"2025-11-20T18:10:47","modified_gmt":"2025-11-20T18:10:47","slug":"budget-2026-du-ministere-de-leducation-adopte","status":"publish","type":"post","link":"https:\/\/www.africa-press.net\/cotedivoire\/politique\/budget-2026-du-ministere-de-leducation-adopte","title":{"rendered":"Budget 2026 du Minist\u00e8re de l&rsquo;\u00c9ducation adopt\u00e9"},"content":{"rendered":"<p><span style=\"color: #ff6600\"><strong>Africa-Press &#8211; C\u00f4te d&rsquo;Ivoire. <\/strong><\/span>Le ballet de passage des membres du Gouvernement devant les de\u0301pute\u0301s de la Commission des affaires e\u0301conomiques et financie\u0300res (CAEF) se poursuit.<\/p>\n<p>Le mardi 18 novembre 2025, la Ministre de l\u2019Education Nationale et de l\u2019Alphabe\u0301tisation (MENA), Mariatou Kone\u0301, a fait adopte\u0301 le budget de son De\u0301partement Ministe\u0301riel, arre\u0302te\u0301 a\u0300 mille cinq cent soixante-trois milliards, sept cent vingt et un millions, trois cent soixante-six mille, six cent deux francs CFA (1 563 721 366 602 FCFA).<\/p>\n<p>\u00ab 1 154 730 388 701 FCFA, soit 73,85% du budget global, seront consacre\u0301s a\u0300 la prise en charge du personnel, notamment les salaires et le budget hors personnel, d\u2019un montant de 408 990 977 901 FCFA, est re\u0301parti par programmes et par nature de de\u0301penses afin de soutenir les priorite\u0301s du ministe\u0300re en matie\u0300re d\u2019ame\u0301lioration de l\u2019offre e\u0301ducative nationale \u00bb, pre\u0301cise-t-on.<\/p>\n<p><strong>Pour plus d&rsquo;informations et d&rsquo;analyses sur la <span style=\"color: #ff6600\">C\u00f4te d&rsquo;Ivoire<\/span>, suivez <span style=\"color: #ff6600\">Africa-Press<\/span><\/strong><\/p>\n","protected":false},"excerpt":{"rendered":"<p>Africa-Press &#8211; C\u00f4te d&rsquo;Ivoire. Le ballet de passage des membres du Gouvernement devant les de\u0301pute\u0301s de la Commission des affaires e\u0301conomiques et financie\u0300res (CAEF) se poursuit. Le mardi 18 novembre 2025, la Ministre de l\u2019Education Nationale et de l\u2019Alphabe\u0301tisation (MENA), Mariatou Kone\u0301, a fait adopte\u0301 le budget de son De\u0301partement Ministe\u0301riel, arre\u0302te\u0301 a\u0300 mille cinq [&hellip;]<\/p>\n","protected":false},"author":82,"featured_media":109015,"comment_status":"open","ping_status":"closed","sticky":false,"template":"","format":"standard","meta":{"footnotes":""},"categories":[2,10],"tags":[1741,2303,2669,29,1738,1127],"class_list":["post-109016","post","type-post","status-publish","format-standard","has-post-thumbnail","hentry","category-politique","category-toutes-les-actualites","tag-assemblee-nationale","tag-budget","tag-caef","tag-cote-divoire","tag-deputes","tag-mariatou-kone"],"yoast_head":"<!-- This site is optimized with the Yoast SEO Premium plugin v26.1 (Yoast SEO v27.0) - https:\/\/yoast.com\/product\/yoast-seo-premium-wordpress\/ -->\n<title>Budget 2026 du Minist\u00e8re de l&#039;\u00c9ducation adopt\u00e9 - C\u00f4te d&#039;Ivoire<\/title>\n<meta name=\"description\" content=\"Le ballet de passage des membres du Gouvernement devant les de\u0301pute\u0301s de la Commission des affaires e\u0301conomiques et fina ...\" \/>\n<meta name=\"robots\" content=\"index, follow, max-snippet:-1, max-image-preview:large, max-video-preview:-1\" \/>\n<link rel=\"canonical\" href=\"https:\/\/www.africa-press.net\/cotedivoire\/politique\/budget-2026-du-ministere-de-leducation-adopte\" \/>\n<meta property=\"og:locale\" content=\"fr_FR\" \/>\n<meta property=\"og:type\" content=\"article\" \/>\n<meta property=\"og:title\" content=\"Budget 2026 du Minist\u00e8re de l&#039;\u00c9ducation adopt\u00e9\" \/>\n<meta property=\"og:description\" content=\"Le ballet de passage des membres du Gouvernement devant les de\u0301pute\u0301s de la Commission des affaires e\u0301conomiques et fina ...\" \/>\n<meta property=\"og:url\" content=\"https:\/\/www.africa-press.net\/cotedivoire\/politique\/budget-2026-du-ministere-de-leducation-adopte\" \/>\n<meta property=\"og:site_name\" content=\"C\u00f4te d&#039;Ivoire\" \/>\n<meta property=\"article:published_time\" content=\"2025-11-20T17:44:23+00:00\" \/>\n<meta property=\"article:modified_time\" content=\"2025-11-20T18:10:47+00:00\" \/>\n<meta property=\"og:image\" content=\"https:\/\/static.africa-press.net\/cote\/sites\/43\/2025\/11\/sm_1763649514.908717.jpg\" \/>\n\t<meta property=\"og:image:width\" content=\"720\" \/>\n\t<meta property=\"og:image:height\" content=\"465\" \/>\n\t<meta property=\"og:image:type\" content=\"image\/jpeg\" \/>\n<meta name=\"author\" content=\"cfeditorfr\" \/>\n<meta name=\"twitter:card\" content=\"summary_large_image\" \/>\n<meta name=\"twitter:label1\" content=\"\u00c9crit par\" \/>\n\t<meta name=\"twitter:data1\" content=\"cfeditorfr\" \/>\n\t<meta name=\"twitter:label2\" content=\"Dur\u00e9e de lecture estim\u00e9e\" \/>\n\t<meta name=\"twitter:data2\" content=\"1 minute\" \/>\n<script type=\"application\/ld+json\" class=\"yoast-schema-graph\">{\"@context\":\"https:\/\/schema.org\",\"@graph\":[{\"@type\":\"Article\",\"@id\":\"https:\/\/www.africa-press.net\/cotedivoire\/politique\/budget-2026-du-ministere-de-leducation-adopte#article\",\"isPartOf\":{\"@id\":\"https:\/\/www.africa-press.net\/cotedivoire\/politique\/budget-2026-du-ministere-de-leducation-adopte\"},\"author\":{\"name\":\"cfeditorfr\",\"@id\":\"https:\/\/www.africa-press.net\/cotedivoire\/#\/schema\/person\/2b1cf3cd81a31e3cd26889ca66d677f1\"},\"headline\":\"Budget 2026 du Minist\u00e8re de l&rsquo;\u00c9ducation adopt\u00e9\",\"datePublished\":\"2025-11-20T17:44:23+00:00\",\"dateModified\":\"2025-11-20T18:10:47+00:00\",\"mainEntityOfPage\":{\"@id\":\"https:\/\/www.africa-press.net\/cotedivoire\/politique\/budget-2026-du-ministere-de-leducation-adopte\"},\"wordCount\":169,\"commentCount\":0,\"image\":{\"@id\":\"https:\/\/www.africa-press.net\/cotedivoire\/politique\/budget-2026-du-ministere-de-leducation-adopte#primaryimage\"},\"thumbnailUrl\":\"https:\/\/static.africa-press.net\/cote\/sites\/43\/2025\/11\/sm_1763649514.908717.jpg\",\"keywords\":[\"Assembl\u00e9e nationale\",\"budget\",\"CAEF\",\"C\u00d4TE D'IVOIRE\",\"d\u00e9put\u00e9s\",\"Mariatou Kon\u00e9\"],\"articleSection\":[\"Politique\",\"Toutes les actualit\u00e9s\"],\"inLanguage\":\"fr-FR\",\"potentialAction\":[{\"@type\":\"CommentAction\",\"name\":\"Comment\",\"target\":[\"https:\/\/www.africa-press.net\/cotedivoire\/politique\/budget-2026-du-ministere-de-leducation-adopte#respond\"]}]},{\"@type\":\"WebPage\",\"@id\":\"https:\/\/www.africa-press.net\/cotedivoire\/politique\/budget-2026-du-ministere-de-leducation-adopte\",\"url\":\"https:\/\/www.africa-press.net\/cotedivoire\/politique\/budget-2026-du-ministere-de-leducation-adopte\",\"name\":\"Budget 2026 du Minist\u00e8re de l'\u00c9ducation adopt\u00e9 - C\u00f4te d&#039;Ivoire\",\"isPartOf\":{\"@id\":\"https:\/\/www.africa-press.net\/cotedivoire\/#website\"},\"primaryImageOfPage\":{\"@id\":\"https:\/\/www.africa-press.net\/cotedivoire\/politique\/budget-2026-du-ministere-de-leducation-adopte#primaryimage\"},\"image\":{\"@id\":\"https:\/\/www.africa-press.net\/cotedivoire\/politique\/budget-2026-du-ministere-de-leducation-adopte#primaryimage\"},\"thumbnailUrl\":\"https:\/\/static.africa-press.net\/cote\/sites\/43\/2025\/11\/sm_1763649514.908717.jpg\",\"datePublished\":\"2025-11-20T17:44:23+00:00\",\"dateModified\":\"2025-11-20T18:10:47+00:00\",\"author\":{\"@id\":\"https:\/\/www.africa-press.net\/cotedivoire\/#\/schema\/person\/2b1cf3cd81a31e3cd26889ca66d677f1\"},\"description\":\"Le ballet de passage des membres du Gouvernement devant les de\u0301pute\u0301s de la Commission des affaires e\u0301conomiques et fina ...\",\"breadcrumb\":{\"@id\":\"https:\/\/www.africa-press.net\/cotedivoire\/politique\/budget-2026-du-ministere-de-leducation-adopte#breadcrumb\"},\"inLanguage\":\"fr-FR\",\"potentialAction\":[{\"@type\":\"ReadAction\",\"target\":[\"https:\/\/www.africa-press.net\/cotedivoire\/politique\/budget-2026-du-ministere-de-leducation-adopte\"]}]},{\"@type\":\"ImageObject\",\"inLanguage\":\"fr-FR\",\"@id\":\"https:\/\/www.africa-press.net\/cotedivoire\/politique\/budget-2026-du-ministere-de-leducation-adopte#primaryimage\",\"url\":\"https:\/\/static.africa-press.net\/cote\/sites\/43\/2025\/11\/sm_1763649514.908717.jpg\",\"contentUrl\":\"https:\/\/static.africa-press.net\/cote\/sites\/43\/2025\/11\/sm_1763649514.908717.jpg\",\"width\":720,\"height\":465,\"caption\":\"Budget 2026 du Minist\u00e8re de l'\u00c9ducation adopt\u00e9\"},{\"@type\":\"BreadcrumbList\",\"@id\":\"https:\/\/www.africa-press.net\/cotedivoire\/politique\/budget-2026-du-ministere-de-leducation-adopte#breadcrumb\",\"itemListElement\":[{\"@type\":\"ListItem\",\"position\":1,\"name\":\"Accueil\",\"item\":\"https:\/\/www.africa-press.net\/cotedivoire\/\"},{\"@type\":\"ListItem\",\"position\":2,\"name\":\"Budget 2026 du Minist\u00e8re de l&#8217;\u00c9ducation adopt\u00e9\"}]},{\"@type\":\"WebSite\",\"@id\":\"https:\/\/www.africa-press.net\/cotedivoire\/#website\",\"url\":\"https:\/\/www.africa-press.net\/cotedivoire\/\",\"name\":\"C\u00f4te d&#039;Ivoire\",\"description\":\"Just another Africa News Agency Sites site\",\"potentialAction\":[{\"@type\":\"SearchAction\",\"target\":{\"@type\":\"EntryPoint\",\"urlTemplate\":\"https:\/\/www.africa-press.net\/cotedivoire\/?s={search_term_string}\"},\"query-input\":{\"@type\":\"PropertyValueSpecification\",\"valueRequired\":true,\"valueName\":\"search_term_string\"}}],\"inLanguage\":\"fr-FR\"},{\"@type\":\"Person\",\"@id\":\"https:\/\/www.africa-press.net\/cotedivoire\/#\/schema\/person\/2b1cf3cd81a31e3cd26889ca66d677f1\",\"name\":\"cfeditorfr\"}]}<\/script>\n<!-- \/ Yoast SEO Premium plugin. -->","yoast_head_json":{"title":"Budget 2026 du Minist\u00e8re de l'\u00c9ducation adopt\u00e9 - C\u00f4te d&#039;Ivoire","description":"Le ballet de passage des membres du Gouvernement devant les de\u0301pute\u0301s de la Commission des affaires e\u0301conomiques et fina ...","robots":{"index":"index","follow":"follow","max-snippet":"max-snippet:-1","max-image-preview":"max-image-preview:large","max-video-preview":"max-video-preview:-1"},"canonical":"https:\/\/www.africa-press.net\/cotedivoire\/politique\/budget-2026-du-ministere-de-leducation-adopte","og_locale":"fr_FR","og_type":"article","og_title":"Budget 2026 du Minist\u00e8re de l'\u00c9ducation adopt\u00e9","og_description":"Le ballet de passage des membres du Gouvernement devant les de\u0301pute\u0301s de la Commission des affaires e\u0301conomiques et fina ...","og_url":"https:\/\/www.africa-press.net\/cotedivoire\/politique\/budget-2026-du-ministere-de-leducation-adopte","og_site_name":"C\u00f4te d&#039;Ivoire","article_published_time":"2025-11-20T17:44:23+00:00","article_modified_time":"2025-11-20T18:10:47+00:00","og_image":[{"width":720,"height":465,"url":"https:\/\/static.africa-press.net\/cote\/sites\/43\/2025\/11\/sm_1763649514.908717.jpg","type":"image\/jpeg"}],"author":"cfeditorfr","twitter_card":"summary_large_image","twitter_misc":{"\u00c9crit par":"cfeditorfr","Dur\u00e9e de lecture estim\u00e9e":"1 minute"},"schema":{"@context":"https:\/\/schema.org","@graph":[{"@type":"Article","@id":"https:\/\/www.africa-press.net\/cotedivoire\/politique\/budget-2026-du-ministere-de-leducation-adopte#article","isPartOf":{"@id":"https:\/\/www.africa-press.net\/cotedivoire\/politique\/budget-2026-du-ministere-de-leducation-adopte"},"author":{"name":"cfeditorfr","@id":"https:\/\/www.africa-press.net\/cotedivoire\/#\/schema\/person\/2b1cf3cd81a31e3cd26889ca66d677f1"},"headline":"Budget 2026 du Minist\u00e8re de l&rsquo;\u00c9ducation adopt\u00e9","datePublished":"2025-11-20T17:44:23+00:00","dateModified":"2025-11-20T18:10:47+00:00","mainEntityOfPage":{"@id":"https:\/\/www.africa-press.net\/cotedivoire\/politique\/budget-2026-du-ministere-de-leducation-adopte"},"wordCount":169,"commentCount":0,"image":{"@id":"https:\/\/www.africa-press.net\/cotedivoire\/politique\/budget-2026-du-ministere-de-leducation-adopte#primaryimage"},"thumbnailUrl":"https:\/\/static.africa-press.net\/cote\/sites\/43\/2025\/11\/sm_1763649514.908717.jpg","keywords":["Assembl\u00e9e nationale","budget","CAEF","C\u00d4TE D'IVOIRE","d\u00e9put\u00e9s","Mariatou Kon\u00e9"],"articleSection":["Politique","Toutes les actualit\u00e9s"],"inLanguage":"fr-FR","potentialAction":[{"@type":"CommentAction","name":"Comment","target":["https:\/\/www.africa-press.net\/cotedivoire\/politique\/budget-2026-du-ministere-de-leducation-adopte#respond"]}]},{"@type":"WebPage","@id":"https:\/\/www.africa-press.net\/cotedivoire\/politique\/budget-2026-du-ministere-de-leducation-adopte","url":"https:\/\/www.africa-press.net\/cotedivoire\/politique\/budget-2026-du-ministere-de-leducation-adopte","name":"Budget 2026 du Minist\u00e8re de l'\u00c9ducation adopt\u00e9 - C\u00f4te d&#039;Ivoire","isPartOf":{"@id":"https:\/\/www.africa-press.net\/cotedivoire\/#website"},"primaryImageOfPage":{"@id":"https:\/\/www.africa-press.net\/cotedivoire\/politique\/budget-2026-du-ministere-de-leducation-adopte#primaryimage"},"image":{"@id":"https:\/\/www.africa-press.net\/cotedivoire\/politique\/budget-2026-du-ministere-de-leducation-adopte#primaryimage"},"thumbnailUrl":"https:\/\/static.africa-press.net\/cote\/sites\/43\/2025\/11\/sm_1763649514.908717.jpg","datePublished":"2025-11-20T17:44:23+00:00","dateModified":"2025-11-20T18:10:47+00:00","author":{"@id":"https:\/\/www.africa-press.net\/cotedivoire\/#\/schema\/person\/2b1cf3cd81a31e3cd26889ca66d677f1"},"description":"Le ballet de passage des membres du Gouvernement devant les de\u0301pute\u0301s de la Commission des affaires e\u0301conomiques et fina ...","breadcrumb":{"@id":"https:\/\/www.africa-press.net\/cotedivoire\/politique\/budget-2026-du-ministere-de-leducation-adopte#breadcrumb"},"inLanguage":"fr-FR","potentialAction":[{"@type":"ReadAction","target":["https:\/\/www.africa-press.net\/cotedivoire\/politique\/budget-2026-du-ministere-de-leducation-adopte"]}]},{"@type":"ImageObject","inLanguage":"fr-FR","@id":"https:\/\/www.africa-press.net\/cotedivoire\/politique\/budget-2026-du-ministere-de-leducation-adopte#primaryimage","url":"https:\/\/static.africa-press.net\/cote\/sites\/43\/2025\/11\/sm_1763649514.908717.jpg","contentUrl":"https:\/\/static.africa-press.net\/cote\/sites\/43\/2025\/11\/sm_1763649514.908717.jpg","width":720,"height":465,"caption":"Budget 2026 du Minist\u00e8re de l'\u00c9ducation adopt\u00e9"},{"@type":"BreadcrumbList","@id":"https:\/\/www.africa-press.net\/cotedivoire\/politique\/budget-2026-du-ministere-de-leducation-adopte#breadcrumb","itemListElement":[{"@type":"ListItem","position":1,"name":"Accueil","item":"https:\/\/www.africa-press.net\/cotedivoire\/"},{"@type":"ListItem","position":2,"name":"Budget 2026 du Minist\u00e8re de l&#8217;\u00c9ducation adopt\u00e9"}]},{"@type":"WebSite","@id":"https:\/\/www.africa-press.net\/cotedivoire\/#website","url":"https:\/\/www.africa-press.net\/cotedivoire\/","name":"C\u00f4te d&#039;Ivoire","description":"Just another Africa News Agency Sites site","potentialAction":[{"@type":"SearchAction","target":{"@type":"EntryPoint","urlTemplate":"https:\/\/www.africa-press.net\/cotedivoire\/?s={search_term_string}"},"query-input":{"@type":"PropertyValueSpecification","valueRequired":true,"valueName":"search_term_string"}}],"inLanguage":"fr-FR"},{"@type":"Person","@id":"https:\/\/www.africa-press.net\/cotedivoire\/#\/schema\/person\/2b1cf3cd81a31e3cd26889ca66d677f1","name":"cfeditorfr"}]}},"_links":{"self":[{"href":"https:\/\/www.africa-press.net\/cotedivoire\/wp-json\/wp\/v2\/posts\/109016","targetHints":{"allow":["GET"]}}],"collection":[{"href":"https:\/\/www.africa-press.net\/cotedivoire\/wp-json\/wp\/v2\/posts"}],"about":[{"href":"https:\/\/www.africa-press.net\/cotedivoire\/wp-json\/wp\/v2\/types\/post"}],"author":[{"embeddable":true,"href":"https:\/\/www.africa-press.net\/cotedivoire\/wp-json\/wp\/v2\/users\/82"}],"replies":[{"embeddable":true,"href":"https:\/\/www.africa-press.net\/cotedivoire\/wp-json\/wp\/v2\/comments?post=109016"}],"version-history":[{"count":0,"href":"https:\/\/www.africa-press.net\/cotedivoire\/wp-json\/wp\/v2\/posts\/109016\/revisions"}],"wp:featuredmedia":[{"embeddable":true,"href":"https:\/\/www.africa-press.net\/cotedivoire\/wp-json\/wp\/v2\/media\/109015"}],"wp:attachment":[{"href":"https:\/\/www.africa-press.net\/cotedivoire\/wp-json\/wp\/v2\/media?parent=109016"}],"wp:term":[{"taxonomy":"category","embeddable":true,"href":"https:\/\/www.africa-press.net\/cotedivoire\/wp-json\/wp\/v2\/categories?post=109016"},{"taxonomy":"post_tag","embeddable":true,"href":"https:\/\/www.africa-press.net\/cotedivoire\/wp-json\/wp\/v2\/tags?post=109016"}],"curies":[{"name":"wp","href":"https:\/\/api.w.org\/{rel}","templated":true}]}}