{"id":109034,"date":"2025-11-20T17:46:00","date_gmt":"2025-11-20T17:46:00","guid":{"rendered":"https:\/\/www.africa-press.net\/cotedivoire\/politique\/budget-2026-de-5-milliards-valide-par-lassemblee-nationale"},"modified":"2025-11-20T18:12:34","modified_gmt":"2025-11-20T18:12:34","slug":"budget-2026-de-5-milliards-valide-par-lassemblee-nationale","status":"publish","type":"post","link":"https:\/\/www.africa-press.net\/cotedivoire\/politique\/budget-2026-de-5-milliards-valide-par-lassemblee-nationale","title":{"rendered":"Budget 2026 de 5 milliards valid\u00e9 par l&rsquo;Assembl\u00e9e nationale"},"content":{"rendered":"<p><span style=\"color: #ff6600\"><strong>Africa-Press &#8211; C\u00f4te d&rsquo;Ivoire. <\/strong><\/span>Le ministre de\u0301le\u0301gue\u0301 aupre\u0300s du ministre des Affaires e\u0301trange\u0300res, Adama Dosso, a brillamment de\u0301fendu, le 18 novembre 2025, le budget 2026 de son de\u0301partement devant la Commission des Affaires e\u0301conomiques et financie\u0300res (CAEF) de l\u2019Assemble\u0301e nationale. A\u0300 l\u2019issue de cette se\u0301ance, les de\u0301pute\u0301s ont adopte\u0301 a\u0300 une large majorite\u0301 le volet du Projet de Loi de Finances consacre\u0301 a\u0300 l\u2019Inte\u0301gration africaine et aux Ivoiriens de l\u2019exte\u0301rieur, avec 29 voix pour, aucune contre et 6 abstentions.<\/p>\n<p>Le budget valide\u0301 s\u2019e\u0301le\u0300ve a\u0300 5 122 516 899 F CFA, principalement oriente\u0301 vers les de\u0301penses de fonctionnement. La re\u0301partition fait apparai\u0302tre une pre\u0301dominance des Biens et services (53,1 %), suivis des frais de personnel (34 %). Au-dela\u0300 des chiffres, le ministre Dosso a insiste\u0301 sur la porte\u0301e strate\u0301gique de cette enveloppe, structure\u0301e autour de missions ambitieuses.<\/p>\n<p>La plus grande part du budget est de\u0301die\u0301e au programme d\u2019Inte\u0301gration africaine. Selon Adama Dosso, cet investissement est essentiel pour traduire les engagements re\u0301gionaux de la Co\u0302te d&rsquo;Ivoire en retombe\u0301es e\u0301conomiques concre\u0300tes.<\/p>\n<p>Les priorite\u0301s affiche\u0301es incluent, la mise en \u0153uvre effective des politiques communautaires, la promotion de la libre circulation des biens et des personnes, l\u2019appui strate\u0301gique aux entreprises ivoiriennes dans la conque\u0302te des marche\u0301s re\u0301gionaux et continentaux, le suivi rigoureux des accords de partenariat e\u0301conomique ainsi que des actions cible\u0301es de lutte contre la se\u0301cheresse et de consolidation de la cohe\u0301sion re\u0301gionale.<\/p>\n<p>Le second volet concerne la politique en faveur des Ivoiriens de l\u2019exte\u0301rieur. Les fonds alloue\u0301s permettront de renforcer l\u2019assistance sociale aux compatriotes vivant hors du pays et d\u2019ame\u0301liorer la coordination des actions destine\u0301es a\u0300 la diaspora, conside\u0301re\u0301e comme un levier majeur du de\u0301veloppement national.<\/p>\n<p>Le budget pre\u0301voit e\u0301galement des mesures fortes contre l\u2019immigration irre\u0301gulie\u0300re, un de\u0301fi a\u0300 la fois social, se\u0301curitaire et humain.<\/p>\n<p>En clo\u0302turant sa pre\u0301sentation, Adama Dosso a qualifie\u0301 ce budget de \u00ab strate\u0301gique \u00bb, affirmant qu\u2019il favorisera la poursuite des efforts visant a\u0300 maximiser l\u2019impact de l\u2019inte\u0301gration re\u0301gionale sur l\u2019e\u0301conomie ivoirienne tout en valorisant davantage la contribution de la diaspora.<\/p>\n<p>L\u2019adoption par la Caef confirme l\u2019adhe\u0301sion des parlementaires a\u0300 cette vision et ouvre la voie a\u0300 la mise en \u0153uvre des missions prioritaires du ministe\u0300re pour l\u2019anne\u0301e 2026.<\/p>\n<p><strong>Pour plus d&rsquo;informations et d&rsquo;analyses sur la <span style=\"color: #ff6600\">C\u00f4te d&rsquo;Ivoire<\/span>, suivez <span style=\"color: #ff6600\">Africa-Press<\/span><\/strong><\/p>\n","protected":false},"excerpt":{"rendered":"<p>Africa-Press &#8211; C\u00f4te d&rsquo;Ivoire. Le ministre de\u0301le\u0301gue\u0301 aupre\u0300s du ministre des Affaires e\u0301trange\u0300res, Adama Dosso, a brillamment de\u0301fendu, le 18 novembre 2025, le budget 2026 de son de\u0301partement devant la Commission des Affaires e\u0301conomiques et financie\u0300res (CAEF) de l\u2019Assemble\u0301e nationale. A\u0300 l\u2019issue de cette se\u0301ance, les de\u0301pute\u0301s ont adopte\u0301 a\u0300 une large majorite\u0301 le volet [&hellip;]<\/p>\n","protected":false},"author":82,"featured_media":109032,"comment_status":"open","ping_status":"closed","sticky":false,"template":"","format":"standard","meta":{"footnotes":""},"categories":[2,20,10],"tags":[4379,1940,1741,19547,29,275,276,2754,261,3932,7257,19546],"class_list":["post-109034","post","type-post","status-publish","format-standard","has-post-thumbnail","hentry","category-politique","category-top-nouvelles","category-toutes-les-actualites","tag-adama-dosso","tag-africaine","tag-assemblee-nationale","tag-budget2026","tag-cote-divoire","tag-diaspora","tag-diplomatie","tag-immigration","tag-integration","tag-irreguliere","tag-ivoirienne","tag-plf2026"],"yoast_head":"<!-- This site is optimized with the Yoast SEO Premium plugin v26.1 (Yoast SEO v27.0) - https:\/\/yoast.com\/product\/yoast-seo-premium-wordpress\/ -->\n<title>Budget 2026 de 5 milliards valid\u00e9 par l&#039;Assembl\u00e9e nationale - C\u00f4te d&#039;Ivoire<\/title>\n<meta name=\"description\" content=\"Le ministre de\u0301le\u0301gue\u0301 aupre\u0300s du ministre des Affaires e\u0301trange\u0300res, Adama Dosso, a brillamment de\u0301fendu, le 18 novembr ...\" \/>\n<meta name=\"robots\" content=\"index, follow, max-snippet:-1, max-image-preview:large, max-video-preview:-1\" \/>\n<link rel=\"canonical\" href=\"https:\/\/www.africa-press.net\/cotedivoire\/politique\/budget-2026-de-5-milliards-valide-par-lassemblee-nationale\" \/>\n<meta property=\"og:locale\" content=\"fr_FR\" \/>\n<meta property=\"og:type\" content=\"article\" \/>\n<meta property=\"og:title\" content=\"Budget 2026 de 5 milliards valid\u00e9 par l&#039;Assembl\u00e9e nationale\" \/>\n<meta property=\"og:description\" content=\"Le ministre de\u0301le\u0301gue\u0301 aupre\u0300s du ministre des Affaires e\u0301trange\u0300res, Adama Dosso, a brillamment de\u0301fendu, le 18 novembr ...\" \/>\n<meta property=\"og:url\" content=\"https:\/\/www.africa-press.net\/cotedivoire\/politique\/budget-2026-de-5-milliards-valide-par-lassemblee-nationale\" \/>\n<meta property=\"og:site_name\" content=\"C\u00f4te d&#039;Ivoire\" \/>\n<meta property=\"article:published_time\" content=\"2025-11-20T17:46:00+00:00\" \/>\n<meta property=\"article:modified_time\" content=\"2025-11-20T18:12:34+00:00\" \/>\n<meta property=\"og:image\" content=\"https:\/\/static.africa-press.net\/cote\/sites\/43\/2025\/11\/sm_1763649607.446319.jpg\" \/>\n\t<meta property=\"og:image:width\" content=\"720\" \/>\n\t<meta property=\"og:image:height\" content=\"393\" \/>\n\t<meta property=\"og:image:type\" content=\"image\/jpeg\" \/>\n<meta name=\"author\" content=\"cfeditorfr\" \/>\n<meta name=\"twitter:card\" content=\"summary_large_image\" \/>\n<meta name=\"twitter:label1\" content=\"\u00c9crit par\" \/>\n\t<meta name=\"twitter:data1\" content=\"cfeditorfr\" \/>\n\t<meta name=\"twitter:label2\" content=\"Dur\u00e9e de lecture estim\u00e9e\" \/>\n\t<meta name=\"twitter:data2\" content=\"3 minutes\" \/>\n<script type=\"application\/ld+json\" class=\"yoast-schema-graph\">{\"@context\":\"https:\/\/schema.org\",\"@graph\":[{\"@type\":\"Article\",\"@id\":\"https:\/\/www.africa-press.net\/cotedivoire\/politique\/budget-2026-de-5-milliards-valide-par-lassemblee-nationale#article\",\"isPartOf\":{\"@id\":\"https:\/\/www.africa-press.net\/cotedivoire\/politique\/budget-2026-de-5-milliards-valide-par-lassemblee-nationale\"},\"author\":{\"name\":\"cfeditorfr\",\"@id\":\"https:\/\/www.africa-press.net\/cotedivoire\/#\/schema\/person\/2b1cf3cd81a31e3cd26889ca66d677f1\"},\"headline\":\"Budget 2026 de 5 milliards valid\u00e9 par l&rsquo;Assembl\u00e9e nationale\",\"datePublished\":\"2025-11-20T17:46:00+00:00\",\"dateModified\":\"2025-11-20T18:12:34+00:00\",\"mainEntityOfPage\":{\"@id\":\"https:\/\/www.africa-press.net\/cotedivoire\/politique\/budget-2026-de-5-milliards-valide-par-lassemblee-nationale\"},\"wordCount\":454,\"commentCount\":0,\"image\":{\"@id\":\"https:\/\/www.africa-press.net\/cotedivoire\/politique\/budget-2026-de-5-milliards-valide-par-lassemblee-nationale#primaryimage\"},\"thumbnailUrl\":\"https:\/\/static.africa-press.net\/cote\/sites\/43\/2025\/11\/sm_1763649607.446319.jpg\",\"keywords\":[\"Adama Dosso\",\"Africaine\",\"Assembl\u00e9e nationale\",\"Budget2026\",\"C\u00d4TE D'IVOIRE\",\"DIASPORA\",\"DIPLOMATIE\",\"immigration\",\"INTEGRATION\",\"irr\u00e9guli\u00e8re\",\"ivoirienne\",\"PLF2026\"],\"articleSection\":[\"Politique\",\"Top Nouvelles\",\"Toutes les actualit\u00e9s\"],\"inLanguage\":\"fr-FR\",\"potentialAction\":[{\"@type\":\"CommentAction\",\"name\":\"Comment\",\"target\":[\"https:\/\/www.africa-press.net\/cotedivoire\/politique\/budget-2026-de-5-milliards-valide-par-lassemblee-nationale#respond\"]}]},{\"@type\":\"WebPage\",\"@id\":\"https:\/\/www.africa-press.net\/cotedivoire\/politique\/budget-2026-de-5-milliards-valide-par-lassemblee-nationale\",\"url\":\"https:\/\/www.africa-press.net\/cotedivoire\/politique\/budget-2026-de-5-milliards-valide-par-lassemblee-nationale\",\"name\":\"Budget 2026 de 5 milliards valid\u00e9 par l'Assembl\u00e9e nationale - C\u00f4te d&#039;Ivoire\",\"isPartOf\":{\"@id\":\"https:\/\/www.africa-press.net\/cotedivoire\/#website\"},\"primaryImageOfPage\":{\"@id\":\"https:\/\/www.africa-press.net\/cotedivoire\/politique\/budget-2026-de-5-milliards-valide-par-lassemblee-nationale#primaryimage\"},\"image\":{\"@id\":\"https:\/\/www.africa-press.net\/cotedivoire\/politique\/budget-2026-de-5-milliards-valide-par-lassemblee-nationale#primaryimage\"},\"thumbnailUrl\":\"https:\/\/static.africa-press.net\/cote\/sites\/43\/2025\/11\/sm_1763649607.446319.jpg\",\"datePublished\":\"2025-11-20T17:46:00+00:00\",\"dateModified\":\"2025-11-20T18:12:34+00:00\",\"author\":{\"@id\":\"https:\/\/www.africa-press.net\/cotedivoire\/#\/schema\/person\/2b1cf3cd81a31e3cd26889ca66d677f1\"},\"description\":\"Le ministre de\u0301le\u0301gue\u0301 aupre\u0300s du ministre des Affaires e\u0301trange\u0300res, Adama Dosso, a brillamment de\u0301fendu, le 18 novembr ...\",\"breadcrumb\":{\"@id\":\"https:\/\/www.africa-press.net\/cotedivoire\/politique\/budget-2026-de-5-milliards-valide-par-lassemblee-nationale#breadcrumb\"},\"inLanguage\":\"fr-FR\",\"potentialAction\":[{\"@type\":\"ReadAction\",\"target\":[\"https:\/\/www.africa-press.net\/cotedivoire\/politique\/budget-2026-de-5-milliards-valide-par-lassemblee-nationale\"]}]},{\"@type\":\"ImageObject\",\"inLanguage\":\"fr-FR\",\"@id\":\"https:\/\/www.africa-press.net\/cotedivoire\/politique\/budget-2026-de-5-milliards-valide-par-lassemblee-nationale#primaryimage\",\"url\":\"https:\/\/static.africa-press.net\/cote\/sites\/43\/2025\/11\/sm_1763649607.446319.jpg\",\"contentUrl\":\"https:\/\/static.africa-press.net\/cote\/sites\/43\/2025\/11\/sm_1763649607.446319.jpg\",\"width\":720,\"height\":393,\"caption\":\"Budget 2026 de 5 milliards valid\u00e9 par l'Assembl\u00e9e nationale\"},{\"@type\":\"BreadcrumbList\",\"@id\":\"https:\/\/www.africa-press.net\/cotedivoire\/politique\/budget-2026-de-5-milliards-valide-par-lassemblee-nationale#breadcrumb\",\"itemListElement\":[{\"@type\":\"ListItem\",\"position\":1,\"name\":\"Accueil\",\"item\":\"https:\/\/www.africa-press.net\/cotedivoire\/\"},{\"@type\":\"ListItem\",\"position\":2,\"name\":\"Budget 2026 de 5 milliards valid\u00e9 par l&#8217;Assembl\u00e9e nationale\"}]},{\"@type\":\"WebSite\",\"@id\":\"https:\/\/www.africa-press.net\/cotedivoire\/#website\",\"url\":\"https:\/\/www.africa-press.net\/cotedivoire\/\",\"name\":\"C\u00f4te d&#039;Ivoire\",\"description\":\"Just another Africa News Agency Sites site\",\"potentialAction\":[{\"@type\":\"SearchAction\",\"target\":{\"@type\":\"EntryPoint\",\"urlTemplate\":\"https:\/\/www.africa-press.net\/cotedivoire\/?s={search_term_string}\"},\"query-input\":{\"@type\":\"PropertyValueSpecification\",\"valueRequired\":true,\"valueName\":\"search_term_string\"}}],\"inLanguage\":\"fr-FR\"},{\"@type\":\"Person\",\"@id\":\"https:\/\/www.africa-press.net\/cotedivoire\/#\/schema\/person\/2b1cf3cd81a31e3cd26889ca66d677f1\",\"name\":\"cfeditorfr\"}]}<\/script>\n<!-- \/ Yoast SEO Premium plugin. -->","yoast_head_json":{"title":"Budget 2026 de 5 milliards valid\u00e9 par l'Assembl\u00e9e nationale - C\u00f4te d&#039;Ivoire","description":"Le ministre de\u0301le\u0301gue\u0301 aupre\u0300s du ministre des Affaires e\u0301trange\u0300res, Adama Dosso, a brillamment de\u0301fendu, le 18 novembr ...","robots":{"index":"index","follow":"follow","max-snippet":"max-snippet:-1","max-image-preview":"max-image-preview:large","max-video-preview":"max-video-preview:-1"},"canonical":"https:\/\/www.africa-press.net\/cotedivoire\/politique\/budget-2026-de-5-milliards-valide-par-lassemblee-nationale","og_locale":"fr_FR","og_type":"article","og_title":"Budget 2026 de 5 milliards valid\u00e9 par l'Assembl\u00e9e nationale","og_description":"Le ministre de\u0301le\u0301gue\u0301 aupre\u0300s du ministre des Affaires e\u0301trange\u0300res, Adama Dosso, a brillamment de\u0301fendu, le 18 novembr ...","og_url":"https:\/\/www.africa-press.net\/cotedivoire\/politique\/budget-2026-de-5-milliards-valide-par-lassemblee-nationale","og_site_name":"C\u00f4te d&#039;Ivoire","article_published_time":"2025-11-20T17:46:00+00:00","article_modified_time":"2025-11-20T18:12:34+00:00","og_image":[{"width":720,"height":393,"url":"https:\/\/static.africa-press.net\/cote\/sites\/43\/2025\/11\/sm_1763649607.446319.jpg","type":"image\/jpeg"}],"author":"cfeditorfr","twitter_card":"summary_large_image","twitter_misc":{"\u00c9crit par":"cfeditorfr","Dur\u00e9e de lecture estim\u00e9e":"3 minutes"},"schema":{"@context":"https:\/\/schema.org","@graph":[{"@type":"Article","@id":"https:\/\/www.africa-press.net\/cotedivoire\/politique\/budget-2026-de-5-milliards-valide-par-lassemblee-nationale#article","isPartOf":{"@id":"https:\/\/www.africa-press.net\/cotedivoire\/politique\/budget-2026-de-5-milliards-valide-par-lassemblee-nationale"},"author":{"name":"cfeditorfr","@id":"https:\/\/www.africa-press.net\/cotedivoire\/#\/schema\/person\/2b1cf3cd81a31e3cd26889ca66d677f1"},"headline":"Budget 2026 de 5 milliards valid\u00e9 par l&rsquo;Assembl\u00e9e nationale","datePublished":"2025-11-20T17:46:00+00:00","dateModified":"2025-11-20T18:12:34+00:00","mainEntityOfPage":{"@id":"https:\/\/www.africa-press.net\/cotedivoire\/politique\/budget-2026-de-5-milliards-valide-par-lassemblee-nationale"},"wordCount":454,"commentCount":0,"image":{"@id":"https:\/\/www.africa-press.net\/cotedivoire\/politique\/budget-2026-de-5-milliards-valide-par-lassemblee-nationale#primaryimage"},"thumbnailUrl":"https:\/\/static.africa-press.net\/cote\/sites\/43\/2025\/11\/sm_1763649607.446319.jpg","keywords":["Adama Dosso","Africaine","Assembl\u00e9e nationale","Budget2026","C\u00d4TE D'IVOIRE","DIASPORA","DIPLOMATIE","immigration","INTEGRATION","irr\u00e9guli\u00e8re","ivoirienne","PLF2026"],"articleSection":["Politique","Top Nouvelles","Toutes les actualit\u00e9s"],"inLanguage":"fr-FR","potentialAction":[{"@type":"CommentAction","name":"Comment","target":["https:\/\/www.africa-press.net\/cotedivoire\/politique\/budget-2026-de-5-milliards-valide-par-lassemblee-nationale#respond"]}]},{"@type":"WebPage","@id":"https:\/\/www.africa-press.net\/cotedivoire\/politique\/budget-2026-de-5-milliards-valide-par-lassemblee-nationale","url":"https:\/\/www.africa-press.net\/cotedivoire\/politique\/budget-2026-de-5-milliards-valide-par-lassemblee-nationale","name":"Budget 2026 de 5 milliards valid\u00e9 par l'Assembl\u00e9e nationale - C\u00f4te d&#039;Ivoire","isPartOf":{"@id":"https:\/\/www.africa-press.net\/cotedivoire\/#website"},"primaryImageOfPage":{"@id":"https:\/\/www.africa-press.net\/cotedivoire\/politique\/budget-2026-de-5-milliards-valide-par-lassemblee-nationale#primaryimage"},"image":{"@id":"https:\/\/www.africa-press.net\/cotedivoire\/politique\/budget-2026-de-5-milliards-valide-par-lassemblee-nationale#primaryimage"},"thumbnailUrl":"https:\/\/static.africa-press.net\/cote\/sites\/43\/2025\/11\/sm_1763649607.446319.jpg","datePublished":"2025-11-20T17:46:00+00:00","dateModified":"2025-11-20T18:12:34+00:00","author":{"@id":"https:\/\/www.africa-press.net\/cotedivoire\/#\/schema\/person\/2b1cf3cd81a31e3cd26889ca66d677f1"},"description":"Le ministre de\u0301le\u0301gue\u0301 aupre\u0300s du ministre des Affaires e\u0301trange\u0300res, Adama Dosso, a brillamment de\u0301fendu, le 18 novembr ...","breadcrumb":{"@id":"https:\/\/www.africa-press.net\/cotedivoire\/politique\/budget-2026-de-5-milliards-valide-par-lassemblee-nationale#breadcrumb"},"inLanguage":"fr-FR","potentialAction":[{"@type":"ReadAction","target":["https:\/\/www.africa-press.net\/cotedivoire\/politique\/budget-2026-de-5-milliards-valide-par-lassemblee-nationale"]}]},{"@type":"ImageObject","inLanguage":"fr-FR","@id":"https:\/\/www.africa-press.net\/cotedivoire\/politique\/budget-2026-de-5-milliards-valide-par-lassemblee-nationale#primaryimage","url":"https:\/\/static.africa-press.net\/cote\/sites\/43\/2025\/11\/sm_1763649607.446319.jpg","contentUrl":"https:\/\/static.africa-press.net\/cote\/sites\/43\/2025\/11\/sm_1763649607.446319.jpg","width":720,"height":393,"caption":"Budget 2026 de 5 milliards valid\u00e9 par l'Assembl\u00e9e nationale"},{"@type":"BreadcrumbList","@id":"https:\/\/www.africa-press.net\/cotedivoire\/politique\/budget-2026-de-5-milliards-valide-par-lassemblee-nationale#breadcrumb","itemListElement":[{"@type":"ListItem","position":1,"name":"Accueil","item":"https:\/\/www.africa-press.net\/cotedivoire\/"},{"@type":"ListItem","position":2,"name":"Budget 2026 de 5 milliards valid\u00e9 par l&#8217;Assembl\u00e9e nationale"}]},{"@type":"WebSite","@id":"https:\/\/www.africa-press.net\/cotedivoire\/#website","url":"https:\/\/www.africa-press.net\/cotedivoire\/","name":"C\u00f4te d&#039;Ivoire","description":"Just another Africa News Agency Sites site","potentialAction":[{"@type":"SearchAction","target":{"@type":"EntryPoint","urlTemplate":"https:\/\/www.africa-press.net\/cotedivoire\/?s={search_term_string}"},"query-input":{"@type":"PropertyValueSpecification","valueRequired":true,"valueName":"search_term_string"}}],"inLanguage":"fr-FR"},{"@type":"Person","@id":"https:\/\/www.africa-press.net\/cotedivoire\/#\/schema\/person\/2b1cf3cd81a31e3cd26889ca66d677f1","name":"cfeditorfr"}]}},"_links":{"self":[{"href":"https:\/\/www.africa-press.net\/cotedivoire\/wp-json\/wp\/v2\/posts\/109034","targetHints":{"allow":["GET"]}}],"collection":[{"href":"https:\/\/www.africa-press.net\/cotedivoire\/wp-json\/wp\/v2\/posts"}],"about":[{"href":"https:\/\/www.africa-press.net\/cotedivoire\/wp-json\/wp\/v2\/types\/post"}],"author":[{"embeddable":true,"href":"https:\/\/www.africa-press.net\/cotedivoire\/wp-json\/wp\/v2\/users\/82"}],"replies":[{"embeddable":true,"href":"https:\/\/www.africa-press.net\/cotedivoire\/wp-json\/wp\/v2\/comments?post=109034"}],"version-history":[{"count":0,"href":"https:\/\/www.africa-press.net\/cotedivoire\/wp-json\/wp\/v2\/posts\/109034\/revisions"}],"wp:featuredmedia":[{"embeddable":true,"href":"https:\/\/www.africa-press.net\/cotedivoire\/wp-json\/wp\/v2\/media\/109032"}],"wp:attachment":[{"href":"https:\/\/www.africa-press.net\/cotedivoire\/wp-json\/wp\/v2\/media?parent=109034"}],"wp:term":[{"taxonomy":"category","embeddable":true,"href":"https:\/\/www.africa-press.net\/cotedivoire\/wp-json\/wp\/v2\/categories?post=109034"},{"taxonomy":"post_tag","embeddable":true,"href":"https:\/\/www.africa-press.net\/cotedivoire\/wp-json\/wp\/v2\/tags?post=109034"}],"curies":[{"name":"wp","href":"https:\/\/api.w.org\/{rel}","templated":true}]}}