{"id":109078,"date":"2025-11-21T17:10:04","date_gmt":"2025-11-21T17:10:04","guid":{"rendered":"https:\/\/www.africa-press.net\/cotedivoire\/politique\/detention-de-lida-kouassi-moise-et-autres-entendus"},"modified":"2025-11-21T17:20:38","modified_gmt":"2025-11-21T17:20:38","slug":"detention-de-lida-kouassi-moise-et-autres-entendus","status":"publish","type":"post","link":"https:\/\/www.africa-press.net\/cotedivoire\/politique\/detention-de-lida-kouassi-moise-et-autres-entendus","title":{"rendered":"D\u00e9tention de Lida Kouassi Mo\u00efse et autres entendus"},"content":{"rendered":"<p><span style=\"color: #ff6600\"><strong>Africa-Press &#8211; C\u00f4te d&rsquo;Ivoire. <\/strong><\/span>\u00ab Ils ont comparu devant le juge d\u2019instruction dans le cadre de leurs dossiers respectifs. Apre\u0300s avoir re\u0301pondu aux questions de la juridiction d\u2019instruction, ils ont regagne\u0301 le po\u0302le pe\u0301nitentiaire d\u2019Abidjan, ex-MACA, ou\u0300 ils demeurent en de\u0301tention pre\u0301ventive \u00bb, informe-t-on.<\/p>\n<p>L\u2019ancien ministre de la De\u0301fense, Lida Kouassi, et l\u2019ex-directeur du protocole d\u2019E\u0301tat de Laurent Gbagbo, Kone\u0301 Boubacar, tous deux cadres du PPA-CI.<\/p>\n<p>Ils ont e\u0301te\u0301 place\u0301s en garde a\u0300 vue le samedi 9 aou\u0302t 2025 apre\u0300s audition. Ils sont soupc\u0327onne\u0301s d\u2019implication dans les violences survenues dans la nuit du 1er au 2 aou\u0302t 2025 a\u0300 Yopougon, au cours desquelles un bus de la SOTRA a e\u0301te\u0301 incendie\u0301 et un ve\u0301hicule de police vandalise\u0301.<\/p>\n<p>Selon l\u2019enque\u0302te, Kone\u0301 Boubacar aurait missionne\u0301 des jeunes pour commettre ces actes, tandis qu&rsquo;un militant aurait cite\u0301 Lida Kouassi comme organisateur.<\/p>\n<p>Ce dernier est e\u0301galement mis en cause pour des propos a\u0300 caracte\u0300re xe\u0301nophobe tenus entre fin juin et de\u0301but juillet, affirmant que \u00ab l\u2019administration, la police, la justice et la gendarmerie ivoirienne seraient truffe\u0301es d\u2019e\u0301trangers \u00bb. Les enque\u0302teurs cherchent a\u0300 e\u0301tablir un lien entre ces de\u0301clarations et les violences.<\/p>\n<p><strong>Pour plus d&rsquo;informations et d&rsquo;analyses sur la <span style=\"color: #ff6600\">C\u00f4te d&rsquo;Ivoire<\/span>, suivez <span style=\"color: #ff6600\">Africa-Press<\/span><\/strong><\/p>\n","protected":false},"excerpt":{"rendered":"<p>Africa-Press &#8211; C\u00f4te d&rsquo;Ivoire. \u00ab Ils ont comparu devant le juge d\u2019instruction dans le cadre de leurs dossiers respectifs. Apre\u0300s avoir re\u0301pondu aux questions de la juridiction d\u2019instruction, ils ont regagne\u0301 le po\u0302le pe\u0301nitentiaire d\u2019Abidjan, ex-MACA, ou\u0300 ils demeurent en de\u0301tention pre\u0301ventive \u00bb, informe-t-on. L\u2019ancien ministre de la De\u0301fense, Lida Kouassi, et l\u2019ex-directeur du protocole [&hellip;]<\/p>\n","protected":false},"author":82,"featured_media":109077,"comment_status":"open","ping_status":"closed","sticky":false,"template":"","format":"standard","meta":{"footnotes":""},"categories":[2,10],"tags":[19555,29,2210,19556,6966,1952,540],"class_list":["post-109078","post","type-post","status-publish","format-standard","has-post-thumbnail","hentry","category-politique","category-toutes-les-actualites","tag-boubacar-kone","tag-cote-divoire","tag-juge","tag-keke-joel","tag-lida-kouassi-moise","tag-ppa-ci","tag-yopougon"],"yoast_head":"<!-- This site is optimized with the Yoast SEO Premium plugin v26.1 (Yoast SEO v27.0) - https:\/\/yoast.com\/product\/yoast-seo-premium-wordpress\/ -->\n<title>D\u00e9tention de Lida Kouassi Mo\u00efse et autres entendus - C\u00f4te d&#039;Ivoire<\/title>\n<meta name=\"description\" content=\"\u00ab Ils ont comparu devant le juge d\u2019instruction dans le cadre de leurs dossiers respectifs. Apre\u0300s avoir re\u0301pondu aux que ...\" \/>\n<meta name=\"robots\" content=\"index, follow, max-snippet:-1, max-image-preview:large, max-video-preview:-1\" \/>\n<link rel=\"canonical\" href=\"https:\/\/www.africa-press.net\/cotedivoire\/politique\/detention-de-lida-kouassi-moise-et-autres-entendus\" \/>\n<meta property=\"og:locale\" content=\"fr_FR\" \/>\n<meta property=\"og:type\" content=\"article\" \/>\n<meta property=\"og:title\" content=\"D\u00e9tention de Lida Kouassi Mo\u00efse et autres entendus\" \/>\n<meta property=\"og:description\" content=\"\u00ab Ils ont comparu devant le juge d\u2019instruction dans le cadre de leurs dossiers respectifs. Apre\u0300s avoir re\u0301pondu aux que ...\" \/>\n<meta property=\"og:url\" content=\"https:\/\/www.africa-press.net\/cotedivoire\/politique\/detention-de-lida-kouassi-moise-et-autres-entendus\" \/>\n<meta property=\"og:site_name\" content=\"C\u00f4te d&#039;Ivoire\" \/>\n<meta property=\"article:published_time\" content=\"2025-11-21T17:10:04+00:00\" \/>\n<meta property=\"article:modified_time\" content=\"2025-11-21T17:20:38+00:00\" \/>\n<meta property=\"og:image\" content=\"https:\/\/static.africa-press.net\/cote\/sites\/43\/2025\/11\/sm_1763733012.062738.jpg\" \/>\n\t<meta property=\"og:image:width\" content=\"1280\" \/>\n\t<meta property=\"og:image:height\" content=\"720\" \/>\n\t<meta property=\"og:image:type\" content=\"image\/jpeg\" \/>\n<meta name=\"author\" content=\"cfeditorfr\" \/>\n<meta name=\"twitter:card\" content=\"summary_large_image\" \/>\n<meta name=\"twitter:label1\" content=\"\u00c9crit par\" \/>\n\t<meta name=\"twitter:data1\" content=\"cfeditorfr\" \/>\n\t<meta name=\"twitter:label2\" content=\"Dur\u00e9e de lecture estim\u00e9e\" \/>\n\t<meta name=\"twitter:data2\" content=\"2 minutes\" \/>\n<script type=\"application\/ld+json\" class=\"yoast-schema-graph\">{\"@context\":\"https:\/\/schema.org\",\"@graph\":[{\"@type\":\"Article\",\"@id\":\"https:\/\/www.africa-press.net\/cotedivoire\/politique\/detention-de-lida-kouassi-moise-et-autres-entendus#article\",\"isPartOf\":{\"@id\":\"https:\/\/www.africa-press.net\/cotedivoire\/politique\/detention-de-lida-kouassi-moise-et-autres-entendus\"},\"author\":{\"name\":\"cfeditorfr\",\"@id\":\"https:\/\/www.africa-press.net\/cotedivoire\/#\/schema\/person\/2b1cf3cd81a31e3cd26889ca66d677f1\"},\"headline\":\"D\u00e9tention de Lida Kouassi Mo\u00efse et autres entendus\",\"datePublished\":\"2025-11-21T17:10:04+00:00\",\"dateModified\":\"2025-11-21T17:20:38+00:00\",\"mainEntityOfPage\":{\"@id\":\"https:\/\/www.africa-press.net\/cotedivoire\/politique\/detention-de-lida-kouassi-moise-et-autres-entendus\"},\"wordCount\":244,\"commentCount\":0,\"image\":{\"@id\":\"https:\/\/www.africa-press.net\/cotedivoire\/politique\/detention-de-lida-kouassi-moise-et-autres-entendus#primaryimage\"},\"thumbnailUrl\":\"https:\/\/static.africa-press.net\/cote\/sites\/43\/2025\/11\/sm_1763733012.062738.jpg\",\"keywords\":[\"Boubacar Kon\u00e9\",\"C\u00d4TE D'IVOIRE\",\"Juge\",\"K\u00e9k\u00e9 Jo\u00ebl\",\"Lida Kouassi Mo\u00eese\",\"PPA-CI\",\"Yopougon\"],\"articleSection\":[\"Politique\",\"Toutes les actualit\u00e9s\"],\"inLanguage\":\"fr-FR\",\"potentialAction\":[{\"@type\":\"CommentAction\",\"name\":\"Comment\",\"target\":[\"https:\/\/www.africa-press.net\/cotedivoire\/politique\/detention-de-lida-kouassi-moise-et-autres-entendus#respond\"]}]},{\"@type\":\"WebPage\",\"@id\":\"https:\/\/www.africa-press.net\/cotedivoire\/politique\/detention-de-lida-kouassi-moise-et-autres-entendus\",\"url\":\"https:\/\/www.africa-press.net\/cotedivoire\/politique\/detention-de-lida-kouassi-moise-et-autres-entendus\",\"name\":\"D\u00e9tention de Lida Kouassi Mo\u00efse et autres entendus - C\u00f4te d&#039;Ivoire\",\"isPartOf\":{\"@id\":\"https:\/\/www.africa-press.net\/cotedivoire\/#website\"},\"primaryImageOfPage\":{\"@id\":\"https:\/\/www.africa-press.net\/cotedivoire\/politique\/detention-de-lida-kouassi-moise-et-autres-entendus#primaryimage\"},\"image\":{\"@id\":\"https:\/\/www.africa-press.net\/cotedivoire\/politique\/detention-de-lida-kouassi-moise-et-autres-entendus#primaryimage\"},\"thumbnailUrl\":\"https:\/\/static.africa-press.net\/cote\/sites\/43\/2025\/11\/sm_1763733012.062738.jpg\",\"datePublished\":\"2025-11-21T17:10:04+00:00\",\"dateModified\":\"2025-11-21T17:20:38+00:00\",\"author\":{\"@id\":\"https:\/\/www.africa-press.net\/cotedivoire\/#\/schema\/person\/2b1cf3cd81a31e3cd26889ca66d677f1\"},\"description\":\"\u00ab Ils ont comparu devant le juge d\u2019instruction dans le cadre de leurs dossiers respectifs. Apre\u0300s avoir re\u0301pondu aux que ...\",\"breadcrumb\":{\"@id\":\"https:\/\/www.africa-press.net\/cotedivoire\/politique\/detention-de-lida-kouassi-moise-et-autres-entendus#breadcrumb\"},\"inLanguage\":\"fr-FR\",\"potentialAction\":[{\"@type\":\"ReadAction\",\"target\":[\"https:\/\/www.africa-press.net\/cotedivoire\/politique\/detention-de-lida-kouassi-moise-et-autres-entendus\"]}]},{\"@type\":\"ImageObject\",\"inLanguage\":\"fr-FR\",\"@id\":\"https:\/\/www.africa-press.net\/cotedivoire\/politique\/detention-de-lida-kouassi-moise-et-autres-entendus#primaryimage\",\"url\":\"https:\/\/static.africa-press.net\/cote\/sites\/43\/2025\/11\/sm_1763733012.062738.jpg\",\"contentUrl\":\"https:\/\/static.africa-press.net\/cote\/sites\/43\/2025\/11\/sm_1763733012.062738.jpg\",\"width\":1280,\"height\":720,\"caption\":\"D\u00e9tention de Lida Kouassi Mo\u00efse et autres entendus\"},{\"@type\":\"BreadcrumbList\",\"@id\":\"https:\/\/www.africa-press.net\/cotedivoire\/politique\/detention-de-lida-kouassi-moise-et-autres-entendus#breadcrumb\",\"itemListElement\":[{\"@type\":\"ListItem\",\"position\":1,\"name\":\"Accueil\",\"item\":\"https:\/\/www.africa-press.net\/cotedivoire\/\"},{\"@type\":\"ListItem\",\"position\":2,\"name\":\"D\u00e9tention de Lida Kouassi Mo\u00efse et autres entendus\"}]},{\"@type\":\"WebSite\",\"@id\":\"https:\/\/www.africa-press.net\/cotedivoire\/#website\",\"url\":\"https:\/\/www.africa-press.net\/cotedivoire\/\",\"name\":\"C\u00f4te d&#039;Ivoire\",\"description\":\"Just another Africa News Agency Sites site\",\"potentialAction\":[{\"@type\":\"SearchAction\",\"target\":{\"@type\":\"EntryPoint\",\"urlTemplate\":\"https:\/\/www.africa-press.net\/cotedivoire\/?s={search_term_string}\"},\"query-input\":{\"@type\":\"PropertyValueSpecification\",\"valueRequired\":true,\"valueName\":\"search_term_string\"}}],\"inLanguage\":\"fr-FR\"},{\"@type\":\"Person\",\"@id\":\"https:\/\/www.africa-press.net\/cotedivoire\/#\/schema\/person\/2b1cf3cd81a31e3cd26889ca66d677f1\",\"name\":\"cfeditorfr\"}]}<\/script>\n<!-- \/ Yoast SEO Premium plugin. -->","yoast_head_json":{"title":"D\u00e9tention de Lida Kouassi Mo\u00efse et autres entendus - C\u00f4te d&#039;Ivoire","description":"\u00ab Ils ont comparu devant le juge d\u2019instruction dans le cadre de leurs dossiers respectifs. Apre\u0300s avoir re\u0301pondu aux que ...","robots":{"index":"index","follow":"follow","max-snippet":"max-snippet:-1","max-image-preview":"max-image-preview:large","max-video-preview":"max-video-preview:-1"},"canonical":"https:\/\/www.africa-press.net\/cotedivoire\/politique\/detention-de-lida-kouassi-moise-et-autres-entendus","og_locale":"fr_FR","og_type":"article","og_title":"D\u00e9tention de Lida Kouassi Mo\u00efse et autres entendus","og_description":"\u00ab Ils ont comparu devant le juge d\u2019instruction dans le cadre de leurs dossiers respectifs. Apre\u0300s avoir re\u0301pondu aux que ...","og_url":"https:\/\/www.africa-press.net\/cotedivoire\/politique\/detention-de-lida-kouassi-moise-et-autres-entendus","og_site_name":"C\u00f4te d&#039;Ivoire","article_published_time":"2025-11-21T17:10:04+00:00","article_modified_time":"2025-11-21T17:20:38+00:00","og_image":[{"width":1280,"height":720,"url":"https:\/\/static.africa-press.net\/cote\/sites\/43\/2025\/11\/sm_1763733012.062738.jpg","type":"image\/jpeg"}],"author":"cfeditorfr","twitter_card":"summary_large_image","twitter_misc":{"\u00c9crit par":"cfeditorfr","Dur\u00e9e de lecture estim\u00e9e":"2 minutes"},"schema":{"@context":"https:\/\/schema.org","@graph":[{"@type":"Article","@id":"https:\/\/www.africa-press.net\/cotedivoire\/politique\/detention-de-lida-kouassi-moise-et-autres-entendus#article","isPartOf":{"@id":"https:\/\/www.africa-press.net\/cotedivoire\/politique\/detention-de-lida-kouassi-moise-et-autres-entendus"},"author":{"name":"cfeditorfr","@id":"https:\/\/www.africa-press.net\/cotedivoire\/#\/schema\/person\/2b1cf3cd81a31e3cd26889ca66d677f1"},"headline":"D\u00e9tention de Lida Kouassi Mo\u00efse et autres entendus","datePublished":"2025-11-21T17:10:04+00:00","dateModified":"2025-11-21T17:20:38+00:00","mainEntityOfPage":{"@id":"https:\/\/www.africa-press.net\/cotedivoire\/politique\/detention-de-lida-kouassi-moise-et-autres-entendus"},"wordCount":244,"commentCount":0,"image":{"@id":"https:\/\/www.africa-press.net\/cotedivoire\/politique\/detention-de-lida-kouassi-moise-et-autres-entendus#primaryimage"},"thumbnailUrl":"https:\/\/static.africa-press.net\/cote\/sites\/43\/2025\/11\/sm_1763733012.062738.jpg","keywords":["Boubacar Kon\u00e9","C\u00d4TE D'IVOIRE","Juge","K\u00e9k\u00e9 Jo\u00ebl","Lida Kouassi Mo\u00eese","PPA-CI","Yopougon"],"articleSection":["Politique","Toutes les actualit\u00e9s"],"inLanguage":"fr-FR","potentialAction":[{"@type":"CommentAction","name":"Comment","target":["https:\/\/www.africa-press.net\/cotedivoire\/politique\/detention-de-lida-kouassi-moise-et-autres-entendus#respond"]}]},{"@type":"WebPage","@id":"https:\/\/www.africa-press.net\/cotedivoire\/politique\/detention-de-lida-kouassi-moise-et-autres-entendus","url":"https:\/\/www.africa-press.net\/cotedivoire\/politique\/detention-de-lida-kouassi-moise-et-autres-entendus","name":"D\u00e9tention de Lida Kouassi Mo\u00efse et autres entendus - C\u00f4te d&#039;Ivoire","isPartOf":{"@id":"https:\/\/www.africa-press.net\/cotedivoire\/#website"},"primaryImageOfPage":{"@id":"https:\/\/www.africa-press.net\/cotedivoire\/politique\/detention-de-lida-kouassi-moise-et-autres-entendus#primaryimage"},"image":{"@id":"https:\/\/www.africa-press.net\/cotedivoire\/politique\/detention-de-lida-kouassi-moise-et-autres-entendus#primaryimage"},"thumbnailUrl":"https:\/\/static.africa-press.net\/cote\/sites\/43\/2025\/11\/sm_1763733012.062738.jpg","datePublished":"2025-11-21T17:10:04+00:00","dateModified":"2025-11-21T17:20:38+00:00","author":{"@id":"https:\/\/www.africa-press.net\/cotedivoire\/#\/schema\/person\/2b1cf3cd81a31e3cd26889ca66d677f1"},"description":"\u00ab Ils ont comparu devant le juge d\u2019instruction dans le cadre de leurs dossiers respectifs. Apre\u0300s avoir re\u0301pondu aux que ...","breadcrumb":{"@id":"https:\/\/www.africa-press.net\/cotedivoire\/politique\/detention-de-lida-kouassi-moise-et-autres-entendus#breadcrumb"},"inLanguage":"fr-FR","potentialAction":[{"@type":"ReadAction","target":["https:\/\/www.africa-press.net\/cotedivoire\/politique\/detention-de-lida-kouassi-moise-et-autres-entendus"]}]},{"@type":"ImageObject","inLanguage":"fr-FR","@id":"https:\/\/www.africa-press.net\/cotedivoire\/politique\/detention-de-lida-kouassi-moise-et-autres-entendus#primaryimage","url":"https:\/\/static.africa-press.net\/cote\/sites\/43\/2025\/11\/sm_1763733012.062738.jpg","contentUrl":"https:\/\/static.africa-press.net\/cote\/sites\/43\/2025\/11\/sm_1763733012.062738.jpg","width":1280,"height":720,"caption":"D\u00e9tention de Lida Kouassi Mo\u00efse et autres entendus"},{"@type":"BreadcrumbList","@id":"https:\/\/www.africa-press.net\/cotedivoire\/politique\/detention-de-lida-kouassi-moise-et-autres-entendus#breadcrumb","itemListElement":[{"@type":"ListItem","position":1,"name":"Accueil","item":"https:\/\/www.africa-press.net\/cotedivoire\/"},{"@type":"ListItem","position":2,"name":"D\u00e9tention de Lida Kouassi Mo\u00efse et autres entendus"}]},{"@type":"WebSite","@id":"https:\/\/www.africa-press.net\/cotedivoire\/#website","url":"https:\/\/www.africa-press.net\/cotedivoire\/","name":"C\u00f4te d&#039;Ivoire","description":"Just another Africa News Agency Sites site","potentialAction":[{"@type":"SearchAction","target":{"@type":"EntryPoint","urlTemplate":"https:\/\/www.africa-press.net\/cotedivoire\/?s={search_term_string}"},"query-input":{"@type":"PropertyValueSpecification","valueRequired":true,"valueName":"search_term_string"}}],"inLanguage":"fr-FR"},{"@type":"Person","@id":"https:\/\/www.africa-press.net\/cotedivoire\/#\/schema\/person\/2b1cf3cd81a31e3cd26889ca66d677f1","name":"cfeditorfr"}]}},"_links":{"self":[{"href":"https:\/\/www.africa-press.net\/cotedivoire\/wp-json\/wp\/v2\/posts\/109078","targetHints":{"allow":["GET"]}}],"collection":[{"href":"https:\/\/www.africa-press.net\/cotedivoire\/wp-json\/wp\/v2\/posts"}],"about":[{"href":"https:\/\/www.africa-press.net\/cotedivoire\/wp-json\/wp\/v2\/types\/post"}],"author":[{"embeddable":true,"href":"https:\/\/www.africa-press.net\/cotedivoire\/wp-json\/wp\/v2\/users\/82"}],"replies":[{"embeddable":true,"href":"https:\/\/www.africa-press.net\/cotedivoire\/wp-json\/wp\/v2\/comments?post=109078"}],"version-history":[{"count":0,"href":"https:\/\/www.africa-press.net\/cotedivoire\/wp-json\/wp\/v2\/posts\/109078\/revisions"}],"wp:featuredmedia":[{"embeddable":true,"href":"https:\/\/www.africa-press.net\/cotedivoire\/wp-json\/wp\/v2\/media\/109077"}],"wp:attachment":[{"href":"https:\/\/www.africa-press.net\/cotedivoire\/wp-json\/wp\/v2\/media?parent=109078"}],"wp:term":[{"taxonomy":"category","embeddable":true,"href":"https:\/\/www.africa-press.net\/cotedivoire\/wp-json\/wp\/v2\/categories?post=109078"},{"taxonomy":"post_tag","embeddable":true,"href":"https:\/\/www.africa-press.net\/cotedivoire\/wp-json\/wp\/v2\/tags?post=109078"}],"curies":[{"name":"wp","href":"https:\/\/api.w.org\/{rel}","templated":true}]}}