{"id":10908,"date":"2021-08-06T11:14:34","date_gmt":"2021-08-06T11:14:34","guid":{"rendered":"https:\/\/www.africa-press.net\/cotedivoire\/?p=10908"},"modified":"2021-08-06T19:03:36","modified_gmt":"2021-08-06T19:03:36","slug":"laurent-gbagbo-veut-recuperer-le-controle-du-fpi-la-branche-affi-voit-rouge","status":"publish","type":"post","link":"https:\/\/www.africa-press.net\/cotedivoire\/politique\/laurent-gbagbo-veut-recuperer-le-controle-du-fpi-la-branche-affi-voit-rouge","title":{"rendered":"Laurent Gbagbo veut r\u00e9cup\u00e9rer le contr\u00f4le du FPI, la branche \u00abAFFI\u00bb voit rouge"},"content":{"rendered":"<p><span style=\"color: #ff6600\"><strong><a href=\"https:\/\/www.africa-press.net\/\">Africa-Press<\/a> &#8211; <a href=\"https:\/\/www.africa-press.net\/cotedivoire\">C\u00f4te d&rsquo;Ivoire<\/a>. <\/strong><\/span>La branche \u00abl\u00e9gale\u00bb est dirig\u00e9e par Pascal Affi N\u2019Guessan et celle dite GOR est rest\u00e9e fid\u00e8le \u00e0 Laurent Gbagbo. Depuis le retour au pays de l\u2019ancien pr\u00e9sident, ce dernier tente de reprendre d\u00e9finitivement la main sur le parti. Il organise lundi prochain une rencontre avec les instances du parti, ce qui n\u2019est pas du tout du gout du FPI-L\u00e9gal.<\/p>\n<p>\u00ab Laurent Gabgo n\u2019est pas habilit\u00e9 \u00e0 convoquer les cadres du parti \u00bb temp\u00eatent les cadres du FPI dit l\u00e9gal. Dans un communiqu\u00e9 sign\u00e9 d\u2019Issiaka Sangar\u00e9, secr\u00e9taire g\u00e9n\u00e9ral et porte-parole du parti, le FPI \u00ab AFI \u00bb se dit \u00ab indign\u00e9 \u00bb que Laurent Gbagbo se consid\u00e8re encore comme leur pr\u00e9sident en exercice.<\/p>\n<p>Issiaka Sangar\u00e9 parle de \u00ab passage en force \u00bb et d\u00e9nonce \u00ab le culte de la personnalit\u00e9 et l\u2019autocratie, chemin vers la dictature \u00bb. Il regrette aussi l\u2019absence de volont\u00e9 de dialogue du clan Gbagbo, alors que Pascal Affi N\u2019Guessan, pr\u00e9sident de la branche l\u00e9gale du parti, a demand\u00e9, dit-il, de nombreuses audiences aupr\u00e8s de l\u2019ancien pr\u00e9sident ivoirien.<\/p>\n<p>\u00ab Prendre une telle d\u00e9cision, c\u2019est du m\u00e9pris, de la provocation. On aurait pu \u00e9changer sur les questions profondes li\u00e9es \u00e0 la vie du parti, parler de son avenir et se donner les meilleures chances. pourquoi \u00e9viter le dialogue et aller dans cette voie ? C\u2019est \u00e0 notre sens improductif \u00bb, d\u00e9plore Issiaka Sangar\u00e9.<\/p>\n<p>Le FPI-AFI annonce \u00e9galement la tenue de sa propre r\u00e9union de cadre les 11, 12 et 14 ao\u00fbt, r\u00e9union \u00e0 laquelle les proches de Laurent Gbabgo ne seront pas convi\u00e9s.<\/p>\n<p>&nbsp;<\/p>\n","protected":false},"excerpt":{"rendered":"<p>Africa-Press &#8211; C\u00f4te d&rsquo;Ivoire. La branche \u00abl\u00e9gale\u00bb est dirig\u00e9e par Pascal Affi N\u2019Guessan et celle dite GOR est rest\u00e9e fid\u00e8le \u00e0 Laurent Gbagbo. Depuis le retour au pays de l\u2019ancien pr\u00e9sident, ce dernier tente de reprendre d\u00e9finitivement la main sur le parti. Il organise lundi prochain une rencontre avec les instances du parti, ce qui [&hellip;]<\/p>\n","protected":false},"author":82,"featured_media":10907,"comment_status":"open","ping_status":"closed","sticky":false,"template":"","format":"standard","meta":{"footnotes":""},"categories":[11,2,10],"tags":[56,63,29],"class_list":["post-10908","post","type-post","status-publish","format-standard","has-post-thumbnail","hentry","category-homepage-french","category-politique","category-toutes-les-actualites","tag-africa-press","tag-africa-press-cote-divoire","tag-cote-divoire"],"yoast_head":"<!-- This site is optimized with the Yoast SEO Premium plugin v26.1 (Yoast SEO v27.0) - https:\/\/yoast.com\/product\/yoast-seo-premium-wordpress\/ -->\n<title>Laurent Gbagbo veut r\u00e9cup\u00e9rer le contr\u00f4le du FPI, la branche \u00abAFFI\u00bb voit rouge - C\u00f4te d&#039;Ivoire<\/title>\n<meta name=\"description\" content=\"La branche \u00abl\u00e9gale\u00bb est dirig\u00e9e par Pascal Affi N\u2019Guessan et celle dite GOR est rest\u00e9e fid\u00e8le \u00e0 Laurent Gbagbo. Depuis l ...\" \/>\n<meta name=\"robots\" content=\"index, follow, max-snippet:-1, max-image-preview:large, max-video-preview:-1\" \/>\n<link rel=\"canonical\" href=\"https:\/\/www.africa-press.net\/cotedivoire\/politique\/laurent-gbagbo-veut-recuperer-le-controle-du-fpi-la-branche-affi-voit-rouge\" \/>\n<meta property=\"og:locale\" content=\"fr_FR\" \/>\n<meta property=\"og:type\" content=\"article\" \/>\n<meta property=\"og:title\" content=\"Laurent Gbagbo veut r\u00e9cup\u00e9rer le contr\u00f4le du FPI, la branche \u00abAFFI\u00bb voit rouge\" \/>\n<meta property=\"og:description\" content=\"La branche \u00abl\u00e9gale\u00bb est dirig\u00e9e par Pascal Affi N\u2019Guessan et celle dite GOR est rest\u00e9e fid\u00e8le \u00e0 Laurent Gbagbo. Depuis l ...\" \/>\n<meta property=\"og:url\" content=\"https:\/\/www.africa-press.net\/cotedivoire\/politique\/laurent-gbagbo-veut-recuperer-le-controle-du-fpi-la-branche-affi-voit-rouge\" \/>\n<meta property=\"og:site_name\" content=\"C\u00f4te d&#039;Ivoire\" \/>\n<meta property=\"article:published_time\" content=\"2021-08-06T11:14:34+00:00\" \/>\n<meta property=\"article:modified_time\" content=\"2021-08-06T19:03:36+00:00\" \/>\n<meta property=\"og:image\" content=\"https:\/\/static.africa-press.net\/cote\/sites\/43\/2021\/08\/img-610d190b61e1a.jpg\" \/>\n\t<meta property=\"og:image:width\" content=\"720\" \/>\n\t<meta property=\"og:image:height\" content=\"479\" \/>\n\t<meta property=\"og:image:type\" content=\"image\/jpeg\" \/>\n<meta name=\"author\" content=\"cfeditorfr\" \/>\n<meta name=\"twitter:card\" content=\"summary_large_image\" \/>\n<meta name=\"twitter:label1\" content=\"\u00c9crit par\" \/>\n\t<meta name=\"twitter:data1\" content=\"cfeditorfr\" \/>\n\t<meta name=\"twitter:label2\" content=\"Dur\u00e9e de lecture estim\u00e9e\" \/>\n\t<meta name=\"twitter:data2\" content=\"1 minute\" \/>\n<script type=\"application\/ld+json\" class=\"yoast-schema-graph\">{\"@context\":\"https:\/\/schema.org\",\"@graph\":[{\"@type\":\"Article\",\"@id\":\"https:\/\/www.africa-press.net\/cotedivoire\/politique\/laurent-gbagbo-veut-recuperer-le-controle-du-fpi-la-branche-affi-voit-rouge#article\",\"isPartOf\":{\"@id\":\"https:\/\/www.africa-press.net\/cotedivoire\/politique\/laurent-gbagbo-veut-recuperer-le-controle-du-fpi-la-branche-affi-voit-rouge\"},\"author\":{\"name\":\"cfeditorfr\",\"@id\":\"https:\/\/www.africa-press.net\/cotedivoire\/#\/schema\/person\/2b1cf3cd81a31e3cd26889ca66d677f1\"},\"headline\":\"Laurent Gbagbo veut r\u00e9cup\u00e9rer le contr\u00f4le du FPI, la branche \u00abAFFI\u00bb voit rouge\",\"datePublished\":\"2021-08-06T11:14:34+00:00\",\"dateModified\":\"2021-08-06T19:03:36+00:00\",\"mainEntityOfPage\":{\"@id\":\"https:\/\/www.africa-press.net\/cotedivoire\/politique\/laurent-gbagbo-veut-recuperer-le-controle-du-fpi-la-branche-affi-voit-rouge\"},\"wordCount\":294,\"commentCount\":0,\"image\":{\"@id\":\"https:\/\/www.africa-press.net\/cotedivoire\/politique\/laurent-gbagbo-veut-recuperer-le-controle-du-fpi-la-branche-affi-voit-rouge#primaryimage\"},\"thumbnailUrl\":\"https:\/\/static.africa-press.net\/cote\/sites\/43\/2021\/08\/img-610d190b61e1a.jpg\",\"keywords\":[\"Africa Press\",\"Africa Press-C\u00f4te d'Ivoire\",\"C\u00d4TE D'IVOIRE\"],\"articleSection\":[\"homepage-french\",\"Politique\",\"Toutes les actualit\u00e9s\"],\"inLanguage\":\"fr-FR\",\"potentialAction\":[{\"@type\":\"CommentAction\",\"name\":\"Comment\",\"target\":[\"https:\/\/www.africa-press.net\/cotedivoire\/politique\/laurent-gbagbo-veut-recuperer-le-controle-du-fpi-la-branche-affi-voit-rouge#respond\"]}]},{\"@type\":\"WebPage\",\"@id\":\"https:\/\/www.africa-press.net\/cotedivoire\/politique\/laurent-gbagbo-veut-recuperer-le-controle-du-fpi-la-branche-affi-voit-rouge\",\"url\":\"https:\/\/www.africa-press.net\/cotedivoire\/politique\/laurent-gbagbo-veut-recuperer-le-controle-du-fpi-la-branche-affi-voit-rouge\",\"name\":\"Laurent Gbagbo veut r\u00e9cup\u00e9rer le contr\u00f4le du FPI, la branche \u00abAFFI\u00bb voit rouge - C\u00f4te d&#039;Ivoire\",\"isPartOf\":{\"@id\":\"https:\/\/www.africa-press.net\/cotedivoire\/#website\"},\"primaryImageOfPage\":{\"@id\":\"https:\/\/www.africa-press.net\/cotedivoire\/politique\/laurent-gbagbo-veut-recuperer-le-controle-du-fpi-la-branche-affi-voit-rouge#primaryimage\"},\"image\":{\"@id\":\"https:\/\/www.africa-press.net\/cotedivoire\/politique\/laurent-gbagbo-veut-recuperer-le-controle-du-fpi-la-branche-affi-voit-rouge#primaryimage\"},\"thumbnailUrl\":\"https:\/\/static.africa-press.net\/cote\/sites\/43\/2021\/08\/img-610d190b61e1a.jpg\",\"datePublished\":\"2021-08-06T11:14:34+00:00\",\"dateModified\":\"2021-08-06T19:03:36+00:00\",\"author\":{\"@id\":\"https:\/\/www.africa-press.net\/cotedivoire\/#\/schema\/person\/2b1cf3cd81a31e3cd26889ca66d677f1\"},\"description\":\"La branche \u00abl\u00e9gale\u00bb est dirig\u00e9e par Pascal Affi N\u2019Guessan et celle dite GOR est rest\u00e9e fid\u00e8le \u00e0 Laurent Gbagbo. Depuis l ...\",\"breadcrumb\":{\"@id\":\"https:\/\/www.africa-press.net\/cotedivoire\/politique\/laurent-gbagbo-veut-recuperer-le-controle-du-fpi-la-branche-affi-voit-rouge#breadcrumb\"},\"inLanguage\":\"fr-FR\",\"potentialAction\":[{\"@type\":\"ReadAction\",\"target\":[\"https:\/\/www.africa-press.net\/cotedivoire\/politique\/laurent-gbagbo-veut-recuperer-le-controle-du-fpi-la-branche-affi-voit-rouge\"]}]},{\"@type\":\"ImageObject\",\"inLanguage\":\"fr-FR\",\"@id\":\"https:\/\/www.africa-press.net\/cotedivoire\/politique\/laurent-gbagbo-veut-recuperer-le-controle-du-fpi-la-branche-affi-voit-rouge#primaryimage\",\"url\":\"https:\/\/static.africa-press.net\/cote\/sites\/43\/2021\/08\/img-610d190b61e1a.jpg\",\"contentUrl\":\"https:\/\/static.africa-press.net\/cote\/sites\/43\/2021\/08\/img-610d190b61e1a.jpg\",\"width\":720,\"height\":479,\"caption\":\"Laurent Gbagbo veut r\u00e9cup\u00e9rer le contr\u00f4le du FPI, la branche \u00abAFFI\u00bb voit rouge\"},{\"@type\":\"BreadcrumbList\",\"@id\":\"https:\/\/www.africa-press.net\/cotedivoire\/politique\/laurent-gbagbo-veut-recuperer-le-controle-du-fpi-la-branche-affi-voit-rouge#breadcrumb\",\"itemListElement\":[{\"@type\":\"ListItem\",\"position\":1,\"name\":\"Accueil\",\"item\":\"https:\/\/www.africa-press.net\/cotedivoire\/\"},{\"@type\":\"ListItem\",\"position\":2,\"name\":\"Laurent Gbagbo veut r\u00e9cup\u00e9rer le contr\u00f4le du FPI, la branche \u00abAFFI\u00bb voit rouge\"}]},{\"@type\":\"WebSite\",\"@id\":\"https:\/\/www.africa-press.net\/cotedivoire\/#website\",\"url\":\"https:\/\/www.africa-press.net\/cotedivoire\/\",\"name\":\"C\u00f4te d&#039;Ivoire\",\"description\":\"Just another Africa News Agency Sites site\",\"potentialAction\":[{\"@type\":\"SearchAction\",\"target\":{\"@type\":\"EntryPoint\",\"urlTemplate\":\"https:\/\/www.africa-press.net\/cotedivoire\/?s={search_term_string}\"},\"query-input\":{\"@type\":\"PropertyValueSpecification\",\"valueRequired\":true,\"valueName\":\"search_term_string\"}}],\"inLanguage\":\"fr-FR\"},{\"@type\":\"Person\",\"@id\":\"https:\/\/www.africa-press.net\/cotedivoire\/#\/schema\/person\/2b1cf3cd81a31e3cd26889ca66d677f1\",\"name\":\"cfeditorfr\"}]}<\/script>\n<!-- \/ Yoast SEO Premium plugin. -->","yoast_head_json":{"title":"Laurent Gbagbo veut r\u00e9cup\u00e9rer le contr\u00f4le du FPI, la branche \u00abAFFI\u00bb voit rouge - C\u00f4te d&#039;Ivoire","description":"La branche \u00abl\u00e9gale\u00bb est dirig\u00e9e par Pascal Affi N\u2019Guessan et celle dite GOR est rest\u00e9e fid\u00e8le \u00e0 Laurent Gbagbo. Depuis l ...","robots":{"index":"index","follow":"follow","max-snippet":"max-snippet:-1","max-image-preview":"max-image-preview:large","max-video-preview":"max-video-preview:-1"},"canonical":"https:\/\/www.africa-press.net\/cotedivoire\/politique\/laurent-gbagbo-veut-recuperer-le-controle-du-fpi-la-branche-affi-voit-rouge","og_locale":"fr_FR","og_type":"article","og_title":"Laurent Gbagbo veut r\u00e9cup\u00e9rer le contr\u00f4le du FPI, la branche \u00abAFFI\u00bb voit rouge","og_description":"La branche \u00abl\u00e9gale\u00bb est dirig\u00e9e par Pascal Affi N\u2019Guessan et celle dite GOR est rest\u00e9e fid\u00e8le \u00e0 Laurent Gbagbo. Depuis l ...","og_url":"https:\/\/www.africa-press.net\/cotedivoire\/politique\/laurent-gbagbo-veut-recuperer-le-controle-du-fpi-la-branche-affi-voit-rouge","og_site_name":"C\u00f4te d&#039;Ivoire","article_published_time":"2021-08-06T11:14:34+00:00","article_modified_time":"2021-08-06T19:03:36+00:00","og_image":[{"width":720,"height":479,"url":"https:\/\/static.africa-press.net\/cote\/sites\/43\/2021\/08\/img-610d190b61e1a.jpg","type":"image\/jpeg"}],"author":"cfeditorfr","twitter_card":"summary_large_image","twitter_misc":{"\u00c9crit par":"cfeditorfr","Dur\u00e9e de lecture estim\u00e9e":"1 minute"},"schema":{"@context":"https:\/\/schema.org","@graph":[{"@type":"Article","@id":"https:\/\/www.africa-press.net\/cotedivoire\/politique\/laurent-gbagbo-veut-recuperer-le-controle-du-fpi-la-branche-affi-voit-rouge#article","isPartOf":{"@id":"https:\/\/www.africa-press.net\/cotedivoire\/politique\/laurent-gbagbo-veut-recuperer-le-controle-du-fpi-la-branche-affi-voit-rouge"},"author":{"name":"cfeditorfr","@id":"https:\/\/www.africa-press.net\/cotedivoire\/#\/schema\/person\/2b1cf3cd81a31e3cd26889ca66d677f1"},"headline":"Laurent Gbagbo veut r\u00e9cup\u00e9rer le contr\u00f4le du FPI, la branche \u00abAFFI\u00bb voit rouge","datePublished":"2021-08-06T11:14:34+00:00","dateModified":"2021-08-06T19:03:36+00:00","mainEntityOfPage":{"@id":"https:\/\/www.africa-press.net\/cotedivoire\/politique\/laurent-gbagbo-veut-recuperer-le-controle-du-fpi-la-branche-affi-voit-rouge"},"wordCount":294,"commentCount":0,"image":{"@id":"https:\/\/www.africa-press.net\/cotedivoire\/politique\/laurent-gbagbo-veut-recuperer-le-controle-du-fpi-la-branche-affi-voit-rouge#primaryimage"},"thumbnailUrl":"https:\/\/static.africa-press.net\/cote\/sites\/43\/2021\/08\/img-610d190b61e1a.jpg","keywords":["Africa Press","Africa Press-C\u00f4te d'Ivoire","C\u00d4TE D'IVOIRE"],"articleSection":["homepage-french","Politique","Toutes les actualit\u00e9s"],"inLanguage":"fr-FR","potentialAction":[{"@type":"CommentAction","name":"Comment","target":["https:\/\/www.africa-press.net\/cotedivoire\/politique\/laurent-gbagbo-veut-recuperer-le-controle-du-fpi-la-branche-affi-voit-rouge#respond"]}]},{"@type":"WebPage","@id":"https:\/\/www.africa-press.net\/cotedivoire\/politique\/laurent-gbagbo-veut-recuperer-le-controle-du-fpi-la-branche-affi-voit-rouge","url":"https:\/\/www.africa-press.net\/cotedivoire\/politique\/laurent-gbagbo-veut-recuperer-le-controle-du-fpi-la-branche-affi-voit-rouge","name":"Laurent Gbagbo veut r\u00e9cup\u00e9rer le contr\u00f4le du FPI, la branche \u00abAFFI\u00bb voit rouge - C\u00f4te d&#039;Ivoire","isPartOf":{"@id":"https:\/\/www.africa-press.net\/cotedivoire\/#website"},"primaryImageOfPage":{"@id":"https:\/\/www.africa-press.net\/cotedivoire\/politique\/laurent-gbagbo-veut-recuperer-le-controle-du-fpi-la-branche-affi-voit-rouge#primaryimage"},"image":{"@id":"https:\/\/www.africa-press.net\/cotedivoire\/politique\/laurent-gbagbo-veut-recuperer-le-controle-du-fpi-la-branche-affi-voit-rouge#primaryimage"},"thumbnailUrl":"https:\/\/static.africa-press.net\/cote\/sites\/43\/2021\/08\/img-610d190b61e1a.jpg","datePublished":"2021-08-06T11:14:34+00:00","dateModified":"2021-08-06T19:03:36+00:00","author":{"@id":"https:\/\/www.africa-press.net\/cotedivoire\/#\/schema\/person\/2b1cf3cd81a31e3cd26889ca66d677f1"},"description":"La branche \u00abl\u00e9gale\u00bb est dirig\u00e9e par Pascal Affi N\u2019Guessan et celle dite GOR est rest\u00e9e fid\u00e8le \u00e0 Laurent Gbagbo. Depuis l ...","breadcrumb":{"@id":"https:\/\/www.africa-press.net\/cotedivoire\/politique\/laurent-gbagbo-veut-recuperer-le-controle-du-fpi-la-branche-affi-voit-rouge#breadcrumb"},"inLanguage":"fr-FR","potentialAction":[{"@type":"ReadAction","target":["https:\/\/www.africa-press.net\/cotedivoire\/politique\/laurent-gbagbo-veut-recuperer-le-controle-du-fpi-la-branche-affi-voit-rouge"]}]},{"@type":"ImageObject","inLanguage":"fr-FR","@id":"https:\/\/www.africa-press.net\/cotedivoire\/politique\/laurent-gbagbo-veut-recuperer-le-controle-du-fpi-la-branche-affi-voit-rouge#primaryimage","url":"https:\/\/static.africa-press.net\/cote\/sites\/43\/2021\/08\/img-610d190b61e1a.jpg","contentUrl":"https:\/\/static.africa-press.net\/cote\/sites\/43\/2021\/08\/img-610d190b61e1a.jpg","width":720,"height":479,"caption":"Laurent Gbagbo veut r\u00e9cup\u00e9rer le contr\u00f4le du FPI, la branche \u00abAFFI\u00bb voit rouge"},{"@type":"BreadcrumbList","@id":"https:\/\/www.africa-press.net\/cotedivoire\/politique\/laurent-gbagbo-veut-recuperer-le-controle-du-fpi-la-branche-affi-voit-rouge#breadcrumb","itemListElement":[{"@type":"ListItem","position":1,"name":"Accueil","item":"https:\/\/www.africa-press.net\/cotedivoire\/"},{"@type":"ListItem","position":2,"name":"Laurent Gbagbo veut r\u00e9cup\u00e9rer le contr\u00f4le du FPI, la branche \u00abAFFI\u00bb voit rouge"}]},{"@type":"WebSite","@id":"https:\/\/www.africa-press.net\/cotedivoire\/#website","url":"https:\/\/www.africa-press.net\/cotedivoire\/","name":"C\u00f4te d&#039;Ivoire","description":"Just another Africa News Agency Sites site","potentialAction":[{"@type":"SearchAction","target":{"@type":"EntryPoint","urlTemplate":"https:\/\/www.africa-press.net\/cotedivoire\/?s={search_term_string}"},"query-input":{"@type":"PropertyValueSpecification","valueRequired":true,"valueName":"search_term_string"}}],"inLanguage":"fr-FR"},{"@type":"Person","@id":"https:\/\/www.africa-press.net\/cotedivoire\/#\/schema\/person\/2b1cf3cd81a31e3cd26889ca66d677f1","name":"cfeditorfr"}]}},"_links":{"self":[{"href":"https:\/\/www.africa-press.net\/cotedivoire\/wp-json\/wp\/v2\/posts\/10908","targetHints":{"allow":["GET"]}}],"collection":[{"href":"https:\/\/www.africa-press.net\/cotedivoire\/wp-json\/wp\/v2\/posts"}],"about":[{"href":"https:\/\/www.africa-press.net\/cotedivoire\/wp-json\/wp\/v2\/types\/post"}],"author":[{"embeddable":true,"href":"https:\/\/www.africa-press.net\/cotedivoire\/wp-json\/wp\/v2\/users\/82"}],"replies":[{"embeddable":true,"href":"https:\/\/www.africa-press.net\/cotedivoire\/wp-json\/wp\/v2\/comments?post=10908"}],"version-history":[{"count":0,"href":"https:\/\/www.africa-press.net\/cotedivoire\/wp-json\/wp\/v2\/posts\/10908\/revisions"}],"wp:featuredmedia":[{"embeddable":true,"href":"https:\/\/www.africa-press.net\/cotedivoire\/wp-json\/wp\/v2\/media\/10907"}],"wp:attachment":[{"href":"https:\/\/www.africa-press.net\/cotedivoire\/wp-json\/wp\/v2\/media?parent=10908"}],"wp:term":[{"taxonomy":"category","embeddable":true,"href":"https:\/\/www.africa-press.net\/cotedivoire\/wp-json\/wp\/v2\/categories?post=10908"},{"taxonomy":"post_tag","embeddable":true,"href":"https:\/\/www.africa-press.net\/cotedivoire\/wp-json\/wp\/v2\/tags?post=10908"}],"curies":[{"name":"wp","href":"https:\/\/api.w.org\/{rel}","templated":true}]}}