{"id":109110,"date":"2025-11-22T17:33:00","date_gmt":"2025-11-22T17:33:00","guid":{"rendered":"https:\/\/www.africa-press.net\/cotedivoire\/politique\/budget-2026-de-mamadou-toure-pour-linsertion-des-jeunes"},"modified":"2025-11-22T17:55:31","modified_gmt":"2025-11-22T17:55:31","slug":"budget-2026-de-mamadou-toure-pour-linsertion-des-jeunes","status":"publish","type":"post","link":"https:\/\/www.africa-press.net\/cotedivoire\/economie\/budget-2026-de-mamadou-toure-pour-linsertion-des-jeunes","title":{"rendered":"Budget 2026 de Mamadou Tour\u00e9 pour l&rsquo;insertion des jeunes"},"content":{"rendered":"<p><span style=\"color: #ff6600\"><strong>Africa-Press &#8211; C\u00f4te d&rsquo;Ivoire. <\/strong><\/span>Le budget 2026 du Ministe\u0300re de la Promotion de la Jeunesse, de l\u2019Insertion Professionnelle et du Service Civique a e\u0301te\u0301 officiellement pre\u0301sente\u0301, ce jeudi 20 novembre 2025, devant la Commission des Affaires E\u0301conomiques et Financie\u0300res de l\u2019Assemble\u0301e nationale. Montant retenu: 81 484 195 624 FCFA, contre 65 484 910 519 FCFA en 2025, soit une augmentation significative destine\u0301e a\u0300 intensifier les actions en faveur de la jeunesse ivoirienne.<\/p>\n<p>Cette hausse traduit la volonte\u0301 du gouvernement d\u2019accompagner les politiques d\u2019autonomisation, d\u2019insertion professionnelle et d\u2019engagement citoyen des jeunes, conforme\u0301ment aux orientations du Pre\u0301sident de la Re\u0301publique, Alassane Ouattara.<\/p>\n<p>Le budget 2026 s\u2019articule autour de six grands programmes, l&rsquo;administration ge\u0301ne\u0301rale: 6 395 282 843 FCFA, la promotion de la jeunesse: 885 002 094 FCFA, l&rsquo;insertion professionnelle et emploi des jeunes: 54 319 474 813 FCFA, le service civique: 15 075 185 874 FCFA, le fonds d\u2019appui a\u0300 la jeunesse: 4 300 000 000 FCFA et l&rsquo;appui au financement du service civique: 509 250 000 FCFA<\/p>\n<p>Ces dotations permettront de renforcer les dispositifs existants et de lancer de nouvelles initiatives destine\u0301es a\u0300 re\u0301pondre aux attentes croissantes des jeunes en matie\u0300re de formation, d\u2019entrepreneuriat et de participation civique.<\/p>\n<p>Pre\u0301sent a\u0300 ce \u00ab grand oral \u00bb budge\u0301taire, le ministre Mamadou Toure\u0301 a dresse\u0301 le bilan des activite\u0301s mene\u0301es entre 2024 et 2025, avant de pre\u0301senter la feuille de route de son de\u0301partement pour la pe\u0301riode 2026-2028.<\/p>\n<p>Selon lui, la strate\u0301gie repose sur quatre axes majeurs, en cohe\u0301rence avec le Plan National de De\u0301veloppement (PND). Il s&rsquo;agit du financement massif des programmes d\u2019entrepreneuriat pour les jeunes, du renforcement de l\u2019encadrement civique et citoyen, de l\u2019ame\u0301lioration des dispositifs d\u2019insertion professionnelle et de l\u2019appui institutionnel aux organisations de jeunesse.<\/p>\n<p>Le ministre a annonce\u0301 une mesure phare: la subvention destine\u0301e aux organisations et fai\u0302tie\u0300res de jeunesse passera de 180 millions a\u0300 1 milliard de FCFA de\u0300s 2026, marquant une volonte\u0301 de consolidation du tissu associatif.<\/p>\n<p>\u00ab Nous allons amplifier nos actions en faveur des jeunes \u00bb, a-t-il assure\u0301, soulignant que l\u2019objectif reste de faire de la jeunesse un moteur de de\u0301veloppement et de stabilite\u0301 sociale.<\/p>\n<p>A\u0300 l\u2019issue des e\u0301changes, les de\u0301pute\u0301s membres de la Commission des Affaires E\u0301conomiques et Financie\u0300res ont adopte\u0301 le projet de budget a\u0300 la majorite\u0301, saluant une vision juge\u0301e cohe\u0301rente et ambitieuse.<\/p>\n<p>Le ministre Mamadou Toure\u0301 a exprime\u0301 sa gratitude: \u00ab Merci aux de\u0301pute\u0301s qui ont de\u0301cide\u0301 d\u2019accompagner la vision du Pre\u0301sident de la Re\u0301publique, Alassane Ouattara, pour les jeunes. \u00bb<\/p>\n<p><strong>Pour plus d&rsquo;informations et d&rsquo;analyses sur la <span style=\"color: #ff6600\">C\u00f4te d&rsquo;Ivoire<\/span>, suivez <span style=\"color: #ff6600\">Africa-Press<\/span><\/strong><\/p>\n","protected":false},"excerpt":{"rendered":"<p>Africa-Press &#8211; C\u00f4te d&rsquo;Ivoire. Le budget 2026 du Ministe\u0300re de la Promotion de la Jeunesse, de l\u2019Insertion Professionnelle et du Service Civique a e\u0301te\u0301 officiellement pre\u0301sente\u0301, ce jeudi 20 novembre 2025, devant la Commission des Affaires E\u0301conomiques et Financie\u0300res de l\u2019Assemble\u0301e nationale. Montant retenu: 81 484 195 624 FCFA, contre 65 484 910 519 FCFA [&hellip;]<\/p>\n","protected":false},"author":82,"featured_media":109109,"comment_status":"open","ping_status":"closed","sticky":false,"template":"","format":"standard","meta":{"footnotes":""},"categories":[3,10],"tags":[1182,1741,19547,29,13375,2611,1652,2567,4064,5836],"class_list":["post-109110","post","type-post","status-publish","format-standard","has-post-thumbnail","hentry","category-economie","category-toutes-les-actualites","tag-adama-coulibaly","tag-assemblee-nationale","tag-budget2026","tag-cote-divoire","tag-insertion","tag-jeunesse","tag-mamadou-toure","tag-pnd","tag-professionnelle","tag-service-civique"],"yoast_head":"<!-- This site is optimized with the Yoast SEO Premium plugin v26.1 (Yoast SEO v27.0) - https:\/\/yoast.com\/product\/yoast-seo-premium-wordpress\/ -->\n<title>Budget 2026 de Mamadou Tour\u00e9 pour l&#039;insertion des jeunes - C\u00f4te d&#039;Ivoire<\/title>\n<meta name=\"description\" content=\"Le budget 2026 du Ministe\u0300re de la Promotion de la Jeunesse, de l\u2019Insertion Professionnelle et du Service Civique a e\u0301te ...\" \/>\n<meta name=\"robots\" content=\"index, follow, max-snippet:-1, max-image-preview:large, max-video-preview:-1\" \/>\n<link rel=\"canonical\" href=\"https:\/\/www.africa-press.net\/cotedivoire\/economie\/budget-2026-de-mamadou-toure-pour-linsertion-des-jeunes\" \/>\n<meta property=\"og:locale\" content=\"fr_FR\" \/>\n<meta property=\"og:type\" content=\"article\" \/>\n<meta property=\"og:title\" content=\"Budget 2026 de Mamadou Tour\u00e9 pour l&#039;insertion des jeunes\" \/>\n<meta property=\"og:description\" content=\"Le budget 2026 du Ministe\u0300re de la Promotion de la Jeunesse, de l\u2019Insertion Professionnelle et du Service Civique a e\u0301te ...\" \/>\n<meta property=\"og:url\" content=\"https:\/\/www.africa-press.net\/cotedivoire\/economie\/budget-2026-de-mamadou-toure-pour-linsertion-des-jeunes\" \/>\n<meta property=\"og:site_name\" content=\"C\u00f4te d&#039;Ivoire\" \/>\n<meta property=\"article:published_time\" content=\"2025-11-22T17:33:00+00:00\" \/>\n<meta property=\"article:modified_time\" content=\"2025-11-22T17:55:31+00:00\" \/>\n<meta property=\"og:image\" content=\"https:\/\/static.africa-press.net\/cote\/sites\/43\/2025\/11\/sm_1763821416.073566.jpg\" \/>\n\t<meta property=\"og:image:width\" content=\"720\" \/>\n\t<meta property=\"og:image:height\" content=\"501\" \/>\n\t<meta property=\"og:image:type\" content=\"image\/jpeg\" \/>\n<meta name=\"author\" content=\"cfeditorfr\" \/>\n<meta name=\"twitter:card\" content=\"summary_large_image\" \/>\n<meta name=\"twitter:label1\" content=\"\u00c9crit par\" \/>\n\t<meta name=\"twitter:data1\" content=\"cfeditorfr\" \/>\n\t<meta name=\"twitter:label2\" content=\"Dur\u00e9e de lecture estim\u00e9e\" \/>\n\t<meta name=\"twitter:data2\" content=\"3 minutes\" \/>\n<script type=\"application\/ld+json\" class=\"yoast-schema-graph\">{\"@context\":\"https:\/\/schema.org\",\"@graph\":[{\"@type\":\"Article\",\"@id\":\"https:\/\/www.africa-press.net\/cotedivoire\/economie\/budget-2026-de-mamadou-toure-pour-linsertion-des-jeunes#article\",\"isPartOf\":{\"@id\":\"https:\/\/www.africa-press.net\/cotedivoire\/economie\/budget-2026-de-mamadou-toure-pour-linsertion-des-jeunes\"},\"author\":{\"name\":\"cfeditorfr\",\"@id\":\"https:\/\/www.africa-press.net\/cotedivoire\/#\/schema\/person\/2b1cf3cd81a31e3cd26889ca66d677f1\"},\"headline\":\"Budget 2026 de Mamadou Tour\u00e9 pour l&rsquo;insertion des jeunes\",\"datePublished\":\"2025-11-22T17:33:00+00:00\",\"dateModified\":\"2025-11-22T17:55:31+00:00\",\"mainEntityOfPage\":{\"@id\":\"https:\/\/www.africa-press.net\/cotedivoire\/economie\/budget-2026-de-mamadou-toure-pour-linsertion-des-jeunes\"},\"wordCount\":453,\"commentCount\":0,\"image\":{\"@id\":\"https:\/\/www.africa-press.net\/cotedivoire\/economie\/budget-2026-de-mamadou-toure-pour-linsertion-des-jeunes#primaryimage\"},\"thumbnailUrl\":\"https:\/\/static.africa-press.net\/cote\/sites\/43\/2025\/11\/sm_1763821416.073566.jpg\",\"keywords\":[\"Adama Coulibaly\",\"Assembl\u00e9e nationale\",\"Budget2026\",\"C\u00d4TE D'IVOIRE\",\"insertion\",\"jeunesse\",\"Mamadou Tour\u00e9\",\"PND\",\"professionnelle\",\"Service civique\"],\"articleSection\":[\"\u00c9conomie\",\"Toutes les actualit\u00e9s\"],\"inLanguage\":\"fr-FR\",\"potentialAction\":[{\"@type\":\"CommentAction\",\"name\":\"Comment\",\"target\":[\"https:\/\/www.africa-press.net\/cotedivoire\/economie\/budget-2026-de-mamadou-toure-pour-linsertion-des-jeunes#respond\"]}]},{\"@type\":\"WebPage\",\"@id\":\"https:\/\/www.africa-press.net\/cotedivoire\/economie\/budget-2026-de-mamadou-toure-pour-linsertion-des-jeunes\",\"url\":\"https:\/\/www.africa-press.net\/cotedivoire\/economie\/budget-2026-de-mamadou-toure-pour-linsertion-des-jeunes\",\"name\":\"Budget 2026 de Mamadou Tour\u00e9 pour l'insertion des jeunes - C\u00f4te d&#039;Ivoire\",\"isPartOf\":{\"@id\":\"https:\/\/www.africa-press.net\/cotedivoire\/#website\"},\"primaryImageOfPage\":{\"@id\":\"https:\/\/www.africa-press.net\/cotedivoire\/economie\/budget-2026-de-mamadou-toure-pour-linsertion-des-jeunes#primaryimage\"},\"image\":{\"@id\":\"https:\/\/www.africa-press.net\/cotedivoire\/economie\/budget-2026-de-mamadou-toure-pour-linsertion-des-jeunes#primaryimage\"},\"thumbnailUrl\":\"https:\/\/static.africa-press.net\/cote\/sites\/43\/2025\/11\/sm_1763821416.073566.jpg\",\"datePublished\":\"2025-11-22T17:33:00+00:00\",\"dateModified\":\"2025-11-22T17:55:31+00:00\",\"author\":{\"@id\":\"https:\/\/www.africa-press.net\/cotedivoire\/#\/schema\/person\/2b1cf3cd81a31e3cd26889ca66d677f1\"},\"description\":\"Le budget 2026 du Ministe\u0300re de la Promotion de la Jeunesse, de l\u2019Insertion Professionnelle et du Service Civique a e\u0301te ...\",\"breadcrumb\":{\"@id\":\"https:\/\/www.africa-press.net\/cotedivoire\/economie\/budget-2026-de-mamadou-toure-pour-linsertion-des-jeunes#breadcrumb\"},\"inLanguage\":\"fr-FR\",\"potentialAction\":[{\"@type\":\"ReadAction\",\"target\":[\"https:\/\/www.africa-press.net\/cotedivoire\/economie\/budget-2026-de-mamadou-toure-pour-linsertion-des-jeunes\"]}]},{\"@type\":\"ImageObject\",\"inLanguage\":\"fr-FR\",\"@id\":\"https:\/\/www.africa-press.net\/cotedivoire\/economie\/budget-2026-de-mamadou-toure-pour-linsertion-des-jeunes#primaryimage\",\"url\":\"https:\/\/static.africa-press.net\/cote\/sites\/43\/2025\/11\/sm_1763821416.073566.jpg\",\"contentUrl\":\"https:\/\/static.africa-press.net\/cote\/sites\/43\/2025\/11\/sm_1763821416.073566.jpg\",\"width\":720,\"height\":501,\"caption\":\"Budget 2026 de Mamadou Tour\u00e9 pour l'insertion des jeunes\"},{\"@type\":\"BreadcrumbList\",\"@id\":\"https:\/\/www.africa-press.net\/cotedivoire\/economie\/budget-2026-de-mamadou-toure-pour-linsertion-des-jeunes#breadcrumb\",\"itemListElement\":[{\"@type\":\"ListItem\",\"position\":1,\"name\":\"Accueil\",\"item\":\"https:\/\/www.africa-press.net\/cotedivoire\/\"},{\"@type\":\"ListItem\",\"position\":2,\"name\":\"Budget 2026 de Mamadou Tour\u00e9 pour l&#8217;insertion des jeunes\"}]},{\"@type\":\"WebSite\",\"@id\":\"https:\/\/www.africa-press.net\/cotedivoire\/#website\",\"url\":\"https:\/\/www.africa-press.net\/cotedivoire\/\",\"name\":\"C\u00f4te d&#039;Ivoire\",\"description\":\"Just another Africa News Agency Sites site\",\"potentialAction\":[{\"@type\":\"SearchAction\",\"target\":{\"@type\":\"EntryPoint\",\"urlTemplate\":\"https:\/\/www.africa-press.net\/cotedivoire\/?s={search_term_string}\"},\"query-input\":{\"@type\":\"PropertyValueSpecification\",\"valueRequired\":true,\"valueName\":\"search_term_string\"}}],\"inLanguage\":\"fr-FR\"},{\"@type\":\"Person\",\"@id\":\"https:\/\/www.africa-press.net\/cotedivoire\/#\/schema\/person\/2b1cf3cd81a31e3cd26889ca66d677f1\",\"name\":\"cfeditorfr\"}]}<\/script>\n<!-- \/ Yoast SEO Premium plugin. -->","yoast_head_json":{"title":"Budget 2026 de Mamadou Tour\u00e9 pour l'insertion des jeunes - C\u00f4te d&#039;Ivoire","description":"Le budget 2026 du Ministe\u0300re de la Promotion de la Jeunesse, de l\u2019Insertion Professionnelle et du Service Civique a e\u0301te ...","robots":{"index":"index","follow":"follow","max-snippet":"max-snippet:-1","max-image-preview":"max-image-preview:large","max-video-preview":"max-video-preview:-1"},"canonical":"https:\/\/www.africa-press.net\/cotedivoire\/economie\/budget-2026-de-mamadou-toure-pour-linsertion-des-jeunes","og_locale":"fr_FR","og_type":"article","og_title":"Budget 2026 de Mamadou Tour\u00e9 pour l'insertion des jeunes","og_description":"Le budget 2026 du Ministe\u0300re de la Promotion de la Jeunesse, de l\u2019Insertion Professionnelle et du Service Civique a e\u0301te ...","og_url":"https:\/\/www.africa-press.net\/cotedivoire\/economie\/budget-2026-de-mamadou-toure-pour-linsertion-des-jeunes","og_site_name":"C\u00f4te d&#039;Ivoire","article_published_time":"2025-11-22T17:33:00+00:00","article_modified_time":"2025-11-22T17:55:31+00:00","og_image":[{"width":720,"height":501,"url":"https:\/\/static.africa-press.net\/cote\/sites\/43\/2025\/11\/sm_1763821416.073566.jpg","type":"image\/jpeg"}],"author":"cfeditorfr","twitter_card":"summary_large_image","twitter_misc":{"\u00c9crit par":"cfeditorfr","Dur\u00e9e de lecture estim\u00e9e":"3 minutes"},"schema":{"@context":"https:\/\/schema.org","@graph":[{"@type":"Article","@id":"https:\/\/www.africa-press.net\/cotedivoire\/economie\/budget-2026-de-mamadou-toure-pour-linsertion-des-jeunes#article","isPartOf":{"@id":"https:\/\/www.africa-press.net\/cotedivoire\/economie\/budget-2026-de-mamadou-toure-pour-linsertion-des-jeunes"},"author":{"name":"cfeditorfr","@id":"https:\/\/www.africa-press.net\/cotedivoire\/#\/schema\/person\/2b1cf3cd81a31e3cd26889ca66d677f1"},"headline":"Budget 2026 de Mamadou Tour\u00e9 pour l&rsquo;insertion des jeunes","datePublished":"2025-11-22T17:33:00+00:00","dateModified":"2025-11-22T17:55:31+00:00","mainEntityOfPage":{"@id":"https:\/\/www.africa-press.net\/cotedivoire\/economie\/budget-2026-de-mamadou-toure-pour-linsertion-des-jeunes"},"wordCount":453,"commentCount":0,"image":{"@id":"https:\/\/www.africa-press.net\/cotedivoire\/economie\/budget-2026-de-mamadou-toure-pour-linsertion-des-jeunes#primaryimage"},"thumbnailUrl":"https:\/\/static.africa-press.net\/cote\/sites\/43\/2025\/11\/sm_1763821416.073566.jpg","keywords":["Adama Coulibaly","Assembl\u00e9e nationale","Budget2026","C\u00d4TE D'IVOIRE","insertion","jeunesse","Mamadou Tour\u00e9","PND","professionnelle","Service civique"],"articleSection":["\u00c9conomie","Toutes les actualit\u00e9s"],"inLanguage":"fr-FR","potentialAction":[{"@type":"CommentAction","name":"Comment","target":["https:\/\/www.africa-press.net\/cotedivoire\/economie\/budget-2026-de-mamadou-toure-pour-linsertion-des-jeunes#respond"]}]},{"@type":"WebPage","@id":"https:\/\/www.africa-press.net\/cotedivoire\/economie\/budget-2026-de-mamadou-toure-pour-linsertion-des-jeunes","url":"https:\/\/www.africa-press.net\/cotedivoire\/economie\/budget-2026-de-mamadou-toure-pour-linsertion-des-jeunes","name":"Budget 2026 de Mamadou Tour\u00e9 pour l'insertion des jeunes - C\u00f4te d&#039;Ivoire","isPartOf":{"@id":"https:\/\/www.africa-press.net\/cotedivoire\/#website"},"primaryImageOfPage":{"@id":"https:\/\/www.africa-press.net\/cotedivoire\/economie\/budget-2026-de-mamadou-toure-pour-linsertion-des-jeunes#primaryimage"},"image":{"@id":"https:\/\/www.africa-press.net\/cotedivoire\/economie\/budget-2026-de-mamadou-toure-pour-linsertion-des-jeunes#primaryimage"},"thumbnailUrl":"https:\/\/static.africa-press.net\/cote\/sites\/43\/2025\/11\/sm_1763821416.073566.jpg","datePublished":"2025-11-22T17:33:00+00:00","dateModified":"2025-11-22T17:55:31+00:00","author":{"@id":"https:\/\/www.africa-press.net\/cotedivoire\/#\/schema\/person\/2b1cf3cd81a31e3cd26889ca66d677f1"},"description":"Le budget 2026 du Ministe\u0300re de la Promotion de la Jeunesse, de l\u2019Insertion Professionnelle et du Service Civique a e\u0301te ...","breadcrumb":{"@id":"https:\/\/www.africa-press.net\/cotedivoire\/economie\/budget-2026-de-mamadou-toure-pour-linsertion-des-jeunes#breadcrumb"},"inLanguage":"fr-FR","potentialAction":[{"@type":"ReadAction","target":["https:\/\/www.africa-press.net\/cotedivoire\/economie\/budget-2026-de-mamadou-toure-pour-linsertion-des-jeunes"]}]},{"@type":"ImageObject","inLanguage":"fr-FR","@id":"https:\/\/www.africa-press.net\/cotedivoire\/economie\/budget-2026-de-mamadou-toure-pour-linsertion-des-jeunes#primaryimage","url":"https:\/\/static.africa-press.net\/cote\/sites\/43\/2025\/11\/sm_1763821416.073566.jpg","contentUrl":"https:\/\/static.africa-press.net\/cote\/sites\/43\/2025\/11\/sm_1763821416.073566.jpg","width":720,"height":501,"caption":"Budget 2026 de Mamadou Tour\u00e9 pour l'insertion des jeunes"},{"@type":"BreadcrumbList","@id":"https:\/\/www.africa-press.net\/cotedivoire\/economie\/budget-2026-de-mamadou-toure-pour-linsertion-des-jeunes#breadcrumb","itemListElement":[{"@type":"ListItem","position":1,"name":"Accueil","item":"https:\/\/www.africa-press.net\/cotedivoire\/"},{"@type":"ListItem","position":2,"name":"Budget 2026 de Mamadou Tour\u00e9 pour l&#8217;insertion des jeunes"}]},{"@type":"WebSite","@id":"https:\/\/www.africa-press.net\/cotedivoire\/#website","url":"https:\/\/www.africa-press.net\/cotedivoire\/","name":"C\u00f4te d&#039;Ivoire","description":"Just another Africa News Agency Sites site","potentialAction":[{"@type":"SearchAction","target":{"@type":"EntryPoint","urlTemplate":"https:\/\/www.africa-press.net\/cotedivoire\/?s={search_term_string}"},"query-input":{"@type":"PropertyValueSpecification","valueRequired":true,"valueName":"search_term_string"}}],"inLanguage":"fr-FR"},{"@type":"Person","@id":"https:\/\/www.africa-press.net\/cotedivoire\/#\/schema\/person\/2b1cf3cd81a31e3cd26889ca66d677f1","name":"cfeditorfr"}]}},"_links":{"self":[{"href":"https:\/\/www.africa-press.net\/cotedivoire\/wp-json\/wp\/v2\/posts\/109110","targetHints":{"allow":["GET"]}}],"collection":[{"href":"https:\/\/www.africa-press.net\/cotedivoire\/wp-json\/wp\/v2\/posts"}],"about":[{"href":"https:\/\/www.africa-press.net\/cotedivoire\/wp-json\/wp\/v2\/types\/post"}],"author":[{"embeddable":true,"href":"https:\/\/www.africa-press.net\/cotedivoire\/wp-json\/wp\/v2\/users\/82"}],"replies":[{"embeddable":true,"href":"https:\/\/www.africa-press.net\/cotedivoire\/wp-json\/wp\/v2\/comments?post=109110"}],"version-history":[{"count":0,"href":"https:\/\/www.africa-press.net\/cotedivoire\/wp-json\/wp\/v2\/posts\/109110\/revisions"}],"wp:featuredmedia":[{"embeddable":true,"href":"https:\/\/www.africa-press.net\/cotedivoire\/wp-json\/wp\/v2\/media\/109109"}],"wp:attachment":[{"href":"https:\/\/www.africa-press.net\/cotedivoire\/wp-json\/wp\/v2\/media?parent=109110"}],"wp:term":[{"taxonomy":"category","embeddable":true,"href":"https:\/\/www.africa-press.net\/cotedivoire\/wp-json\/wp\/v2\/categories?post=109110"},{"taxonomy":"post_tag","embeddable":true,"href":"https:\/\/www.africa-press.net\/cotedivoire\/wp-json\/wp\/v2\/tags?post=109110"}],"curies":[{"name":"wp","href":"https:\/\/api.w.org\/{rel}","templated":true}]}}