{"id":109114,"date":"2025-11-22T17:33:27","date_gmt":"2025-11-22T17:33:27","guid":{"rendered":"https:\/\/www.africa-press.net\/cotedivoire\/politique\/rentree-solennelle-des-etudes-superieures-de-defense"},"modified":"2025-11-22T17:56:01","modified_gmt":"2025-11-22T17:56:01","slug":"rentree-solennelle-des-etudes-superieures-de-defense","status":"publish","type":"post","link":"https:\/\/www.africa-press.net\/cotedivoire\/politique\/rentree-solennelle-des-etudes-superieures-de-defense","title":{"rendered":"Rentr\u00e9e Solennelle des \u00c9tudes Sup\u00e9rieures de D\u00e9fense"},"content":{"rendered":"<p><span style=\"color: #ff6600\"><strong>Africa-Press &#8211; C\u00f4te d&rsquo;Ivoire. <\/strong><\/span>Le Cours d\u2019E\u0301tudes Supe\u0301rieures de De\u0301fense (CESD) a organise\u0301, ce jeudi 20 novembre 2025, dans l\u2019amphithe\u0301a\u0302tre de l\u2019Acade\u0301mie des Forces Arme\u0301es de Zambakro, la rentre\u0301e solennelle de sa 7e promotion, place\u0301e sous le the\u0300me: \u00ab Les Forces Arme\u0301es Africaines: facteurs d\u2019unite\u0301 et de re\u0301silience nationale au service de la bonne gouvernance \u00bb, rapporte une note transmise par l\u2019Etat-Major a\u0300 KOACI.<\/p>\n<p>Pre\u0301side\u0301e par le Ge\u0301ne\u0301ral de Corps d\u2019Arme\u0301e Lassina Doumbia, Chef d\u2019E\u0301tat-Major Ge\u0301ne\u0301ral des Arme\u0301es, la ce\u0301re\u0301monie a re\u0301uni la haute hie\u0301rarchie des Forces de De\u0301fense et de Se\u0301curite\u0301, des repre\u0301sentants des forces paramilitaires, ainsi que des autorite\u0301s administratives, coutumie\u0300res et diplomatiques. Plusieurs universitaires ont e\u0301galement pris part a\u0300 l\u2019e\u0301ve\u0301nement, aux co\u0302te\u0301s des 27 auditeurs issus de 15 pays d\u2019Afrique et d\u2019Europe, te\u0301moignant de la vocation panafricaine et internationale du CESD.<\/p>\n<p>Dans son mot de bienvenue, le Directeur du CESD, le Capitaine de Vaisseau-Major Dadie\u0301 Valle\u0300s, a pre\u0301sente\u0301 les projets re\u0301alise\u0301s et ceux en cours pour cette anne\u0301e acade\u0301mique 2025-2026. Il a re\u0301affirme\u0301 la volonte\u0301 de l\u2019ensemble de son personnel de faire de l\u2019E\u0301cole de Guerre de Zambakro \u00ab un centre d\u2019excellence aux normes internationales, capable de former les de\u0301cideurs d\u2019aujourd\u2019hui et les leaders de demain \u00bb, conforme\u0301ment aux orientations strate\u0301giques pre\u0301cises du Chef d\u2019E\u0301tat-Major Ge\u0301ne\u0301ral des Arme\u0301es.<\/p>\n<p>Au pupitre, Le Chef d\u2019E\u0301tat-Major Ge\u0301ne\u0301ral des Arme\u0301es, pre\u0301sident de la ce\u0301re\u0301monie, a d\u2019abord exprime\u0301 sa gratitude au Ministre d\u2019E\u0301tat, Ministre de la De\u0301fense, pour son engagement constant en faveur du rayonnement du CESD.<\/p>\n<p>Il a ensuite rendu hommage aux partenaires institutionnels et acade\u0301miques qui soutiennent l\u2019E\u0301cole de Guerre de Zambakro, avant de fe\u0301liciter le personnel d\u2019encadrement pour la qualite\u0301 du travail accompli. Il a enfin salue\u0301 la diversite\u0301 des auditeurs, marque\u0301e cette anne\u0301e par l\u2019arrive\u0301e de la Tunisie et de la Sierra Leone, avant de proce\u0301der a\u0300 l\u2019ouverture officielle du cours pour l\u2019anne\u0301e acade\u0301mique 2025-2026.<\/p>\n<p>Ainsi, l\u2019occasion a e\u0301te\u0301 donne\u0301e au Pr Ousmane Zina, de l\u2019Universite\u0301 Alassane Ouattara de Bouake\u0301 et responsable du Master \u00ab Gouvernance se\u0301curitaire et De\u0301fense \u00bb rattache\u0301 au CESD, de prononcer la lec\u0327on inaugurale, mettant en lumie\u0300re le ro\u0302le essentiel des arme\u0301es africaines dans un contexte se\u0301curitaire instable.<\/p>\n<p>Il a insiste\u0301 sur l\u2019importance d\u2019une gouvernance responsable, d\u2019un leadership exemplaire et d\u2019une re\u0301silience institutionnelle forte.<\/p>\n<p>Il a e\u0301galement rappele\u0301 que l\u2019efficacite\u0301 ope\u0301rationnelle repose sur l\u2019e\u0301thique, la discipline et l\u2019inte\u0301grite\u0301 du commandement, indispensables pour maintenir la confiance entre les forces arme\u0301es, l\u2019E\u0301tat et les populations.<\/p>\n<p>L\u2019inauguration de la salle de gym est venue clo\u0302turer cette ce\u0301re\u0301monie de rentre\u0301e. Cet espace moderne et entie\u0300rement e\u0301quipe\u0301 offrira aux auditeurs, engage\u0301s pour dix mois dans une dynamique intense de partage de connaissances et de culture strate\u0301gique, la possibilite\u0301 de maintenir une condition physique optimale, ne\u0301cessaire a\u0300 l\u2019e\u0301quilibre et aux exigences de leur formation.<\/p>\n<p><strong>Pour plus d&rsquo;informations et d&rsquo;analyses sur la <span style=\"color: #ff6600\">C\u00f4te d&rsquo;Ivoire<\/span>, suivez <span style=\"color: #ff6600\">Africa-Press<\/span><\/strong><\/p>\n","protected":false},"excerpt":{"rendered":"<p>Africa-Press &#8211; C\u00f4te d&rsquo;Ivoire. Le Cours d\u2019E\u0301tudes Supe\u0301rieures de De\u0301fense (CESD) a organise\u0301, ce jeudi 20 novembre 2025, dans l\u2019amphithe\u0301a\u0302tre de l\u2019Acade\u0301mie des Forces Arme\u0301es de Zambakro, la rentre\u0301e solennelle de sa 7e promotion, place\u0301e sous le the\u0300me: \u00ab Les Forces Arme\u0301es Africaines: facteurs d\u2019unite\u0301 et de re\u0301silience nationale au service de la bonne gouvernance [&hellip;]<\/p>\n","protected":false},"author":82,"featured_media":109113,"comment_status":"open","ping_status":"closed","sticky":false,"template":"","format":"standard","meta":{"footnotes":""},"categories":[2,10],"tags":[6984,29,1898,33,5447],"class_list":["post-109114","post","type-post","status-publish","format-standard","has-post-thumbnail","hentry","category-politique","category-toutes-les-actualites","tag-cesd","tag-cote-divoire","tag-lassina-doumbia","tag-yamoussoukro","tag-zambakro"],"yoast_head":"<!-- This site is optimized with the Yoast SEO Premium plugin v26.1 (Yoast SEO v27.0) - https:\/\/yoast.com\/product\/yoast-seo-premium-wordpress\/ -->\n<title>Rentr\u00e9e Solennelle des \u00c9tudes Sup\u00e9rieures de D\u00e9fense - C\u00f4te d&#039;Ivoire<\/title>\n<meta name=\"description\" content=\"Le Cours d\u2019E\u0301tudes Supe\u0301rieures de De\u0301fense (CESD) a organise\u0301, ce jeudi 20 novembre 2025, dans l\u2019amphithe\u0301a\u0302tre de l\u2019Ac ...\" \/>\n<meta name=\"robots\" content=\"index, follow, max-snippet:-1, max-image-preview:large, max-video-preview:-1\" \/>\n<link rel=\"canonical\" href=\"https:\/\/www.africa-press.net\/cotedivoire\/politique\/rentree-solennelle-des-etudes-superieures-de-defense\" \/>\n<meta property=\"og:locale\" content=\"fr_FR\" \/>\n<meta property=\"og:type\" content=\"article\" \/>\n<meta property=\"og:title\" content=\"Rentr\u00e9e Solennelle des \u00c9tudes Sup\u00e9rieures de D\u00e9fense\" \/>\n<meta property=\"og:description\" content=\"Le Cours d\u2019E\u0301tudes Supe\u0301rieures de De\u0301fense (CESD) a organise\u0301, ce jeudi 20 novembre 2025, dans l\u2019amphithe\u0301a\u0302tre de l\u2019Ac ...\" \/>\n<meta property=\"og:url\" content=\"https:\/\/www.africa-press.net\/cotedivoire\/politique\/rentree-solennelle-des-etudes-superieures-de-defense\" \/>\n<meta property=\"og:site_name\" content=\"C\u00f4te d&#039;Ivoire\" \/>\n<meta property=\"article:published_time\" content=\"2025-11-22T17:33:27+00:00\" \/>\n<meta property=\"article:modified_time\" content=\"2025-11-22T17:56:01+00:00\" \/>\n<meta property=\"og:image\" content=\"https:\/\/static.africa-press.net\/cote\/sites\/43\/2025\/11\/sm_1763821444.030893.jpg\" \/>\n\t<meta property=\"og:image:width\" content=\"720\" \/>\n\t<meta property=\"og:image:height\" content=\"406\" \/>\n\t<meta property=\"og:image:type\" content=\"image\/jpeg\" \/>\n<meta name=\"author\" content=\"cfeditorfr\" \/>\n<meta name=\"twitter:card\" content=\"summary_large_image\" \/>\n<meta name=\"twitter:label1\" content=\"\u00c9crit par\" \/>\n\t<meta name=\"twitter:data1\" content=\"cfeditorfr\" \/>\n\t<meta name=\"twitter:label2\" content=\"Dur\u00e9e de lecture estim\u00e9e\" \/>\n\t<meta name=\"twitter:data2\" content=\"3 minutes\" \/>\n<script type=\"application\/ld+json\" class=\"yoast-schema-graph\">{\"@context\":\"https:\/\/schema.org\",\"@graph\":[{\"@type\":\"Article\",\"@id\":\"https:\/\/www.africa-press.net\/cotedivoire\/politique\/rentree-solennelle-des-etudes-superieures-de-defense#article\",\"isPartOf\":{\"@id\":\"https:\/\/www.africa-press.net\/cotedivoire\/politique\/rentree-solennelle-des-etudes-superieures-de-defense\"},\"author\":{\"name\":\"cfeditorfr\",\"@id\":\"https:\/\/www.africa-press.net\/cotedivoire\/#\/schema\/person\/2b1cf3cd81a31e3cd26889ca66d677f1\"},\"headline\":\"Rentr\u00e9e Solennelle des \u00c9tudes Sup\u00e9rieures de D\u00e9fense\",\"datePublished\":\"2025-11-22T17:33:27+00:00\",\"dateModified\":\"2025-11-22T17:56:01+00:00\",\"mainEntityOfPage\":{\"@id\":\"https:\/\/www.africa-press.net\/cotedivoire\/politique\/rentree-solennelle-des-etudes-superieures-de-defense\"},\"wordCount\":603,\"commentCount\":0,\"image\":{\"@id\":\"https:\/\/www.africa-press.net\/cotedivoire\/politique\/rentree-solennelle-des-etudes-superieures-de-defense#primaryimage\"},\"thumbnailUrl\":\"https:\/\/static.africa-press.net\/cote\/sites\/43\/2025\/11\/sm_1763821444.030893.jpg\",\"keywords\":[\"CESD\",\"C\u00d4TE D'IVOIRE\",\"Lassina Doumbia\",\"Yamoussoukro\",\"Zambakro\"],\"articleSection\":[\"Politique\",\"Toutes les actualit\u00e9s\"],\"inLanguage\":\"fr-FR\",\"potentialAction\":[{\"@type\":\"CommentAction\",\"name\":\"Comment\",\"target\":[\"https:\/\/www.africa-press.net\/cotedivoire\/politique\/rentree-solennelle-des-etudes-superieures-de-defense#respond\"]}]},{\"@type\":\"WebPage\",\"@id\":\"https:\/\/www.africa-press.net\/cotedivoire\/politique\/rentree-solennelle-des-etudes-superieures-de-defense\",\"url\":\"https:\/\/www.africa-press.net\/cotedivoire\/politique\/rentree-solennelle-des-etudes-superieures-de-defense\",\"name\":\"Rentr\u00e9e Solennelle des \u00c9tudes Sup\u00e9rieures de D\u00e9fense - C\u00f4te d&#039;Ivoire\",\"isPartOf\":{\"@id\":\"https:\/\/www.africa-press.net\/cotedivoire\/#website\"},\"primaryImageOfPage\":{\"@id\":\"https:\/\/www.africa-press.net\/cotedivoire\/politique\/rentree-solennelle-des-etudes-superieures-de-defense#primaryimage\"},\"image\":{\"@id\":\"https:\/\/www.africa-press.net\/cotedivoire\/politique\/rentree-solennelle-des-etudes-superieures-de-defense#primaryimage\"},\"thumbnailUrl\":\"https:\/\/static.africa-press.net\/cote\/sites\/43\/2025\/11\/sm_1763821444.030893.jpg\",\"datePublished\":\"2025-11-22T17:33:27+00:00\",\"dateModified\":\"2025-11-22T17:56:01+00:00\",\"author\":{\"@id\":\"https:\/\/www.africa-press.net\/cotedivoire\/#\/schema\/person\/2b1cf3cd81a31e3cd26889ca66d677f1\"},\"description\":\"Le Cours d\u2019E\u0301tudes Supe\u0301rieures de De\u0301fense (CESD) a organise\u0301, ce jeudi 20 novembre 2025, dans l\u2019amphithe\u0301a\u0302tre de l\u2019Ac ...\",\"breadcrumb\":{\"@id\":\"https:\/\/www.africa-press.net\/cotedivoire\/politique\/rentree-solennelle-des-etudes-superieures-de-defense#breadcrumb\"},\"inLanguage\":\"fr-FR\",\"potentialAction\":[{\"@type\":\"ReadAction\",\"target\":[\"https:\/\/www.africa-press.net\/cotedivoire\/politique\/rentree-solennelle-des-etudes-superieures-de-defense\"]}]},{\"@type\":\"ImageObject\",\"inLanguage\":\"fr-FR\",\"@id\":\"https:\/\/www.africa-press.net\/cotedivoire\/politique\/rentree-solennelle-des-etudes-superieures-de-defense#primaryimage\",\"url\":\"https:\/\/static.africa-press.net\/cote\/sites\/43\/2025\/11\/sm_1763821444.030893.jpg\",\"contentUrl\":\"https:\/\/static.africa-press.net\/cote\/sites\/43\/2025\/11\/sm_1763821444.030893.jpg\",\"width\":720,\"height\":406,\"caption\":\"Rentr\u00e9e Solennelle des \u00c9tudes Sup\u00e9rieures de D\u00e9fense\"},{\"@type\":\"BreadcrumbList\",\"@id\":\"https:\/\/www.africa-press.net\/cotedivoire\/politique\/rentree-solennelle-des-etudes-superieures-de-defense#breadcrumb\",\"itemListElement\":[{\"@type\":\"ListItem\",\"position\":1,\"name\":\"Accueil\",\"item\":\"https:\/\/www.africa-press.net\/cotedivoire\/\"},{\"@type\":\"ListItem\",\"position\":2,\"name\":\"Rentr\u00e9e Solennelle des \u00c9tudes Sup\u00e9rieures de D\u00e9fense\"}]},{\"@type\":\"WebSite\",\"@id\":\"https:\/\/www.africa-press.net\/cotedivoire\/#website\",\"url\":\"https:\/\/www.africa-press.net\/cotedivoire\/\",\"name\":\"C\u00f4te d&#039;Ivoire\",\"description\":\"Just another Africa News Agency Sites site\",\"potentialAction\":[{\"@type\":\"SearchAction\",\"target\":{\"@type\":\"EntryPoint\",\"urlTemplate\":\"https:\/\/www.africa-press.net\/cotedivoire\/?s={search_term_string}\"},\"query-input\":{\"@type\":\"PropertyValueSpecification\",\"valueRequired\":true,\"valueName\":\"search_term_string\"}}],\"inLanguage\":\"fr-FR\"},{\"@type\":\"Person\",\"@id\":\"https:\/\/www.africa-press.net\/cotedivoire\/#\/schema\/person\/2b1cf3cd81a31e3cd26889ca66d677f1\",\"name\":\"cfeditorfr\"}]}<\/script>\n<!-- \/ Yoast SEO Premium plugin. -->","yoast_head_json":{"title":"Rentr\u00e9e Solennelle des \u00c9tudes Sup\u00e9rieures de D\u00e9fense - C\u00f4te d&#039;Ivoire","description":"Le Cours d\u2019E\u0301tudes Supe\u0301rieures de De\u0301fense (CESD) a organise\u0301, ce jeudi 20 novembre 2025, dans l\u2019amphithe\u0301a\u0302tre de l\u2019Ac ...","robots":{"index":"index","follow":"follow","max-snippet":"max-snippet:-1","max-image-preview":"max-image-preview:large","max-video-preview":"max-video-preview:-1"},"canonical":"https:\/\/www.africa-press.net\/cotedivoire\/politique\/rentree-solennelle-des-etudes-superieures-de-defense","og_locale":"fr_FR","og_type":"article","og_title":"Rentr\u00e9e Solennelle des \u00c9tudes Sup\u00e9rieures de D\u00e9fense","og_description":"Le Cours d\u2019E\u0301tudes Supe\u0301rieures de De\u0301fense (CESD) a organise\u0301, ce jeudi 20 novembre 2025, dans l\u2019amphithe\u0301a\u0302tre de l\u2019Ac ...","og_url":"https:\/\/www.africa-press.net\/cotedivoire\/politique\/rentree-solennelle-des-etudes-superieures-de-defense","og_site_name":"C\u00f4te d&#039;Ivoire","article_published_time":"2025-11-22T17:33:27+00:00","article_modified_time":"2025-11-22T17:56:01+00:00","og_image":[{"width":720,"height":406,"url":"https:\/\/static.africa-press.net\/cote\/sites\/43\/2025\/11\/sm_1763821444.030893.jpg","type":"image\/jpeg"}],"author":"cfeditorfr","twitter_card":"summary_large_image","twitter_misc":{"\u00c9crit par":"cfeditorfr","Dur\u00e9e de lecture estim\u00e9e":"3 minutes"},"schema":{"@context":"https:\/\/schema.org","@graph":[{"@type":"Article","@id":"https:\/\/www.africa-press.net\/cotedivoire\/politique\/rentree-solennelle-des-etudes-superieures-de-defense#article","isPartOf":{"@id":"https:\/\/www.africa-press.net\/cotedivoire\/politique\/rentree-solennelle-des-etudes-superieures-de-defense"},"author":{"name":"cfeditorfr","@id":"https:\/\/www.africa-press.net\/cotedivoire\/#\/schema\/person\/2b1cf3cd81a31e3cd26889ca66d677f1"},"headline":"Rentr\u00e9e Solennelle des \u00c9tudes Sup\u00e9rieures de D\u00e9fense","datePublished":"2025-11-22T17:33:27+00:00","dateModified":"2025-11-22T17:56:01+00:00","mainEntityOfPage":{"@id":"https:\/\/www.africa-press.net\/cotedivoire\/politique\/rentree-solennelle-des-etudes-superieures-de-defense"},"wordCount":603,"commentCount":0,"image":{"@id":"https:\/\/www.africa-press.net\/cotedivoire\/politique\/rentree-solennelle-des-etudes-superieures-de-defense#primaryimage"},"thumbnailUrl":"https:\/\/static.africa-press.net\/cote\/sites\/43\/2025\/11\/sm_1763821444.030893.jpg","keywords":["CESD","C\u00d4TE D'IVOIRE","Lassina Doumbia","Yamoussoukro","Zambakro"],"articleSection":["Politique","Toutes les actualit\u00e9s"],"inLanguage":"fr-FR","potentialAction":[{"@type":"CommentAction","name":"Comment","target":["https:\/\/www.africa-press.net\/cotedivoire\/politique\/rentree-solennelle-des-etudes-superieures-de-defense#respond"]}]},{"@type":"WebPage","@id":"https:\/\/www.africa-press.net\/cotedivoire\/politique\/rentree-solennelle-des-etudes-superieures-de-defense","url":"https:\/\/www.africa-press.net\/cotedivoire\/politique\/rentree-solennelle-des-etudes-superieures-de-defense","name":"Rentr\u00e9e Solennelle des \u00c9tudes Sup\u00e9rieures de D\u00e9fense - C\u00f4te d&#039;Ivoire","isPartOf":{"@id":"https:\/\/www.africa-press.net\/cotedivoire\/#website"},"primaryImageOfPage":{"@id":"https:\/\/www.africa-press.net\/cotedivoire\/politique\/rentree-solennelle-des-etudes-superieures-de-defense#primaryimage"},"image":{"@id":"https:\/\/www.africa-press.net\/cotedivoire\/politique\/rentree-solennelle-des-etudes-superieures-de-defense#primaryimage"},"thumbnailUrl":"https:\/\/static.africa-press.net\/cote\/sites\/43\/2025\/11\/sm_1763821444.030893.jpg","datePublished":"2025-11-22T17:33:27+00:00","dateModified":"2025-11-22T17:56:01+00:00","author":{"@id":"https:\/\/www.africa-press.net\/cotedivoire\/#\/schema\/person\/2b1cf3cd81a31e3cd26889ca66d677f1"},"description":"Le Cours d\u2019E\u0301tudes Supe\u0301rieures de De\u0301fense (CESD) a organise\u0301, ce jeudi 20 novembre 2025, dans l\u2019amphithe\u0301a\u0302tre de l\u2019Ac ...","breadcrumb":{"@id":"https:\/\/www.africa-press.net\/cotedivoire\/politique\/rentree-solennelle-des-etudes-superieures-de-defense#breadcrumb"},"inLanguage":"fr-FR","potentialAction":[{"@type":"ReadAction","target":["https:\/\/www.africa-press.net\/cotedivoire\/politique\/rentree-solennelle-des-etudes-superieures-de-defense"]}]},{"@type":"ImageObject","inLanguage":"fr-FR","@id":"https:\/\/www.africa-press.net\/cotedivoire\/politique\/rentree-solennelle-des-etudes-superieures-de-defense#primaryimage","url":"https:\/\/static.africa-press.net\/cote\/sites\/43\/2025\/11\/sm_1763821444.030893.jpg","contentUrl":"https:\/\/static.africa-press.net\/cote\/sites\/43\/2025\/11\/sm_1763821444.030893.jpg","width":720,"height":406,"caption":"Rentr\u00e9e Solennelle des \u00c9tudes Sup\u00e9rieures de D\u00e9fense"},{"@type":"BreadcrumbList","@id":"https:\/\/www.africa-press.net\/cotedivoire\/politique\/rentree-solennelle-des-etudes-superieures-de-defense#breadcrumb","itemListElement":[{"@type":"ListItem","position":1,"name":"Accueil","item":"https:\/\/www.africa-press.net\/cotedivoire\/"},{"@type":"ListItem","position":2,"name":"Rentr\u00e9e Solennelle des \u00c9tudes Sup\u00e9rieures de D\u00e9fense"}]},{"@type":"WebSite","@id":"https:\/\/www.africa-press.net\/cotedivoire\/#website","url":"https:\/\/www.africa-press.net\/cotedivoire\/","name":"C\u00f4te d&#039;Ivoire","description":"Just another Africa News Agency Sites site","potentialAction":[{"@type":"SearchAction","target":{"@type":"EntryPoint","urlTemplate":"https:\/\/www.africa-press.net\/cotedivoire\/?s={search_term_string}"},"query-input":{"@type":"PropertyValueSpecification","valueRequired":true,"valueName":"search_term_string"}}],"inLanguage":"fr-FR"},{"@type":"Person","@id":"https:\/\/www.africa-press.net\/cotedivoire\/#\/schema\/person\/2b1cf3cd81a31e3cd26889ca66d677f1","name":"cfeditorfr"}]}},"_links":{"self":[{"href":"https:\/\/www.africa-press.net\/cotedivoire\/wp-json\/wp\/v2\/posts\/109114","targetHints":{"allow":["GET"]}}],"collection":[{"href":"https:\/\/www.africa-press.net\/cotedivoire\/wp-json\/wp\/v2\/posts"}],"about":[{"href":"https:\/\/www.africa-press.net\/cotedivoire\/wp-json\/wp\/v2\/types\/post"}],"author":[{"embeddable":true,"href":"https:\/\/www.africa-press.net\/cotedivoire\/wp-json\/wp\/v2\/users\/82"}],"replies":[{"embeddable":true,"href":"https:\/\/www.africa-press.net\/cotedivoire\/wp-json\/wp\/v2\/comments?post=109114"}],"version-history":[{"count":0,"href":"https:\/\/www.africa-press.net\/cotedivoire\/wp-json\/wp\/v2\/posts\/109114\/revisions"}],"wp:featuredmedia":[{"embeddable":true,"href":"https:\/\/www.africa-press.net\/cotedivoire\/wp-json\/wp\/v2\/media\/109113"}],"wp:attachment":[{"href":"https:\/\/www.africa-press.net\/cotedivoire\/wp-json\/wp\/v2\/media?parent=109114"}],"wp:term":[{"taxonomy":"category","embeddable":true,"href":"https:\/\/www.africa-press.net\/cotedivoire\/wp-json\/wp\/v2\/categories?post=109114"},{"taxonomy":"post_tag","embeddable":true,"href":"https:\/\/www.africa-press.net\/cotedivoire\/wp-json\/wp\/v2\/tags?post=109114"}],"curies":[{"name":"wp","href":"https:\/\/api.w.org\/{rel}","templated":true}]}}