{"id":10914,"date":"2021-08-06T11:30:23","date_gmt":"2021-08-06T11:30:23","guid":{"rendered":"https:\/\/www.africa-press.net\/cotedivoire\/?p=10914"},"modified":"2021-08-06T19:03:51","modified_gmt":"2021-08-06T19:03:51","slug":"confinement-cote-divoire-une-fille-de-gon-serait-la-personne-testee-positif-au-covid-19-dans-lentourage-des-ouattara","status":"publish","type":"post","link":"https:\/\/www.africa-press.net\/cotedivoire\/politique\/confinement-cote-divoire-une-fille-de-gon-serait-la-personne-testee-positif-au-covid-19-dans-lentourage-des-ouattara","title":{"rendered":"Confinement\/C\u00f4te-d\u2019Ivoire: Une fille de Gon serait la personne test\u00e9e positif au covid-19 dans l\u2019entourage des Ouattara"},"content":{"rendered":"<p><span style=\"color: #ff6600\"><strong><a href=\"https:\/\/www.africa-press.net\/\">Africa-Press<\/a> &#8211; <a href=\"https:\/\/www.africa-press.net\/cotedivoire\">C\u00f4te d&rsquo;Ivoire<\/a>. <\/strong><\/span>Apr\u00e8s investigations, abidjaninfos.net est en mesure de r\u00e9v\u00e9ler que le cas Covid-19 qui a contraint le pr\u00e9sident Ouattara \u00e0 se confiner est Yassine Gon Coulibaly, une des filles de l\u2019ancien Premier ministre Amadou Gon Coulibaly. Le contact avec le chef de l\u2019Etat a eu lieu lors du mariage religieux de Yassine Gon COULIBALY et Yoane Sibailly, le jeudi 22 juillet 2021 \u00e0 la grande mosqu\u00e9e de la Riviera Golf. Outre le pr\u00e9sident Ouattara, son fr\u00e8re cadet T\u00e9n\u00e9 Birahima Ouattara (qui s\u2019est \u00e9galement mis en confinement mardi apr\u00e8s le pr\u00e9sident Ouattara), plusieurs autres membres du Gouvernement \u00e9taient pr\u00e9sents \u00e0 ce mariage.<\/p>\n<p>D\u2019apr\u00e8s des sources tr\u00e8s inform\u00e9es d\u2019abidjaninfos.net, Yassine Gon Coulibaly a \u00e9t\u00e9 test\u00e9e positive au Covid-19 quelques jours apr\u00e8s le mariage religieux. Initialement pr\u00e9vu le vendredi 30 juillet, le mariage civil a finalement \u00e9t\u00e9 report\u00e9 sine die.<\/p>\n<p>&nbsp;<\/p>\n","protected":false},"excerpt":{"rendered":"<p>Africa-Press &#8211; C\u00f4te d&rsquo;Ivoire. Apr\u00e8s investigations, abidjaninfos.net est en mesure de r\u00e9v\u00e9ler que le cas Covid-19 qui a contraint le pr\u00e9sident Ouattara \u00e0 se confiner est Yassine Gon Coulibaly, une des filles de l\u2019ancien Premier ministre Amadou Gon Coulibaly. Le contact avec le chef de l\u2019Etat a eu lieu lors du mariage religieux de Yassine [&hellip;]<\/p>\n","protected":false},"author":82,"featured_media":10913,"comment_status":"open","ping_status":"closed","sticky":false,"template":"","format":"standard","meta":{"footnotes":""},"categories":[11,2,10],"tags":[56,63,29],"class_list":["post-10914","post","type-post","status-publish","format-standard","has-post-thumbnail","hentry","category-homepage-french","category-politique","category-toutes-les-actualites","tag-africa-press","tag-africa-press-cote-divoire","tag-cote-divoire"],"yoast_head":"<!-- This site is optimized with the Yoast SEO Premium plugin v26.1 (Yoast SEO v27.0) - https:\/\/yoast.com\/product\/yoast-seo-premium-wordpress\/ -->\n<title>Confinement\/C\u00f4te-d\u2019Ivoire: Une fille de Gon serait la personne test\u00e9e positif au covid-19 dans l\u2019entourage des Ouattara - C\u00f4te d&#039;Ivoire<\/title>\n<meta name=\"description\" content=\"Apr\u00e8s investigations, abidjaninfos.net est en mesure de r\u00e9v\u00e9ler que le cas Covid-19 qui a contraint le pr\u00e9sident Ouattar ...\" \/>\n<meta name=\"robots\" content=\"index, follow, max-snippet:-1, max-image-preview:large, max-video-preview:-1\" \/>\n<link rel=\"canonical\" href=\"https:\/\/www.africa-press.net\/cotedivoire\/politique\/confinement-cote-divoire-une-fille-de-gon-serait-la-personne-testee-positif-au-covid-19-dans-lentourage-des-ouattara\" \/>\n<meta property=\"og:locale\" content=\"fr_FR\" \/>\n<meta property=\"og:type\" content=\"article\" \/>\n<meta property=\"og:title\" content=\"Confinement\/C\u00f4te-d\u2019Ivoire: Une fille de Gon serait la personne test\u00e9e positif au covid-19 dans l\u2019entourage des Ouattara\" \/>\n<meta property=\"og:description\" content=\"Apr\u00e8s investigations, abidjaninfos.net est en mesure de r\u00e9v\u00e9ler que le cas Covid-19 qui a contraint le pr\u00e9sident Ouattar ...\" \/>\n<meta property=\"og:url\" content=\"https:\/\/www.africa-press.net\/cotedivoire\/politique\/confinement-cote-divoire-une-fille-de-gon-serait-la-personne-testee-positif-au-covid-19-dans-lentourage-des-ouattara\" \/>\n<meta property=\"og:site_name\" content=\"C\u00f4te d&#039;Ivoire\" \/>\n<meta property=\"article:published_time\" content=\"2021-08-06T11:30:23+00:00\" \/>\n<meta property=\"article:modified_time\" content=\"2021-08-06T19:03:51+00:00\" \/>\n<meta property=\"og:image\" content=\"https:\/\/static.africa-press.net\/cote\/sites\/43\/2021\/08\/img-610d1979a88fc.jpg\" \/>\n\t<meta property=\"og:image:width\" content=\"921\" \/>\n\t<meta property=\"og:image:height\" content=\"617\" \/>\n\t<meta property=\"og:image:type\" content=\"image\/jpeg\" \/>\n<meta name=\"author\" content=\"cfeditorfr\" \/>\n<meta name=\"twitter:card\" content=\"summary_large_image\" \/>\n<meta name=\"twitter:label1\" content=\"\u00c9crit par\" \/>\n\t<meta name=\"twitter:data1\" content=\"cfeditorfr\" \/>\n\t<meta name=\"twitter:label2\" content=\"Dur\u00e9e de lecture estim\u00e9e\" \/>\n\t<meta name=\"twitter:data2\" content=\"1 minute\" \/>\n<script type=\"application\/ld+json\" class=\"yoast-schema-graph\">{\"@context\":\"https:\/\/schema.org\",\"@graph\":[{\"@type\":\"Article\",\"@id\":\"https:\/\/www.africa-press.net\/cotedivoire\/politique\/confinement-cote-divoire-une-fille-de-gon-serait-la-personne-testee-positif-au-covid-19-dans-lentourage-des-ouattara#article\",\"isPartOf\":{\"@id\":\"https:\/\/www.africa-press.net\/cotedivoire\/politique\/confinement-cote-divoire-une-fille-de-gon-serait-la-personne-testee-positif-au-covid-19-dans-lentourage-des-ouattara\"},\"author\":{\"name\":\"cfeditorfr\",\"@id\":\"https:\/\/www.africa-press.net\/cotedivoire\/#\/schema\/person\/2b1cf3cd81a31e3cd26889ca66d677f1\"},\"headline\":\"Confinement\/C\u00f4te-d\u2019Ivoire: Une fille de Gon serait la personne test\u00e9e positif au covid-19 dans l\u2019entourage des Ouattara\",\"datePublished\":\"2021-08-06T11:30:23+00:00\",\"dateModified\":\"2021-08-06T19:03:51+00:00\",\"mainEntityOfPage\":{\"@id\":\"https:\/\/www.africa-press.net\/cotedivoire\/politique\/confinement-cote-divoire-une-fille-de-gon-serait-la-personne-testee-positif-au-covid-19-dans-lentourage-des-ouattara\"},\"wordCount\":182,\"commentCount\":0,\"image\":{\"@id\":\"https:\/\/www.africa-press.net\/cotedivoire\/politique\/confinement-cote-divoire-une-fille-de-gon-serait-la-personne-testee-positif-au-covid-19-dans-lentourage-des-ouattara#primaryimage\"},\"thumbnailUrl\":\"https:\/\/static.africa-press.net\/cote\/sites\/43\/2021\/08\/img-610d1979a88fc.jpg\",\"keywords\":[\"Africa Press\",\"Africa Press-C\u00f4te d'Ivoire\",\"C\u00d4TE D'IVOIRE\"],\"articleSection\":[\"homepage-french\",\"Politique\",\"Toutes les actualit\u00e9s\"],\"inLanguage\":\"fr-FR\",\"potentialAction\":[{\"@type\":\"CommentAction\",\"name\":\"Comment\",\"target\":[\"https:\/\/www.africa-press.net\/cotedivoire\/politique\/confinement-cote-divoire-une-fille-de-gon-serait-la-personne-testee-positif-au-covid-19-dans-lentourage-des-ouattara#respond\"]}]},{\"@type\":\"WebPage\",\"@id\":\"https:\/\/www.africa-press.net\/cotedivoire\/politique\/confinement-cote-divoire-une-fille-de-gon-serait-la-personne-testee-positif-au-covid-19-dans-lentourage-des-ouattara\",\"url\":\"https:\/\/www.africa-press.net\/cotedivoire\/politique\/confinement-cote-divoire-une-fille-de-gon-serait-la-personne-testee-positif-au-covid-19-dans-lentourage-des-ouattara\",\"name\":\"Confinement\/C\u00f4te-d\u2019Ivoire: Une fille de Gon serait la personne test\u00e9e positif au covid-19 dans l\u2019entourage des Ouattara - C\u00f4te d&#039;Ivoire\",\"isPartOf\":{\"@id\":\"https:\/\/www.africa-press.net\/cotedivoire\/#website\"},\"primaryImageOfPage\":{\"@id\":\"https:\/\/www.africa-press.net\/cotedivoire\/politique\/confinement-cote-divoire-une-fille-de-gon-serait-la-personne-testee-positif-au-covid-19-dans-lentourage-des-ouattara#primaryimage\"},\"image\":{\"@id\":\"https:\/\/www.africa-press.net\/cotedivoire\/politique\/confinement-cote-divoire-une-fille-de-gon-serait-la-personne-testee-positif-au-covid-19-dans-lentourage-des-ouattara#primaryimage\"},\"thumbnailUrl\":\"https:\/\/static.africa-press.net\/cote\/sites\/43\/2021\/08\/img-610d1979a88fc.jpg\",\"datePublished\":\"2021-08-06T11:30:23+00:00\",\"dateModified\":\"2021-08-06T19:03:51+00:00\",\"author\":{\"@id\":\"https:\/\/www.africa-press.net\/cotedivoire\/#\/schema\/person\/2b1cf3cd81a31e3cd26889ca66d677f1\"},\"description\":\"Apr\u00e8s investigations, abidjaninfos.net est en mesure de r\u00e9v\u00e9ler que le cas Covid-19 qui a contraint le pr\u00e9sident Ouattar ...\",\"breadcrumb\":{\"@id\":\"https:\/\/www.africa-press.net\/cotedivoire\/politique\/confinement-cote-divoire-une-fille-de-gon-serait-la-personne-testee-positif-au-covid-19-dans-lentourage-des-ouattara#breadcrumb\"},\"inLanguage\":\"fr-FR\",\"potentialAction\":[{\"@type\":\"ReadAction\",\"target\":[\"https:\/\/www.africa-press.net\/cotedivoire\/politique\/confinement-cote-divoire-une-fille-de-gon-serait-la-personne-testee-positif-au-covid-19-dans-lentourage-des-ouattara\"]}]},{\"@type\":\"ImageObject\",\"inLanguage\":\"fr-FR\",\"@id\":\"https:\/\/www.africa-press.net\/cotedivoire\/politique\/confinement-cote-divoire-une-fille-de-gon-serait-la-personne-testee-positif-au-covid-19-dans-lentourage-des-ouattara#primaryimage\",\"url\":\"https:\/\/static.africa-press.net\/cote\/sites\/43\/2021\/08\/img-610d1979a88fc.jpg\",\"contentUrl\":\"https:\/\/static.africa-press.net\/cote\/sites\/43\/2021\/08\/img-610d1979a88fc.jpg\",\"width\":921,\"height\":617,\"caption\":\"Confinement\/C\u00f4te-d\u2019Ivoire: Une fille de Gon serait la personne test\u00e9e positif au covid-19 dans l\u2019entourage des Ouattara\"},{\"@type\":\"BreadcrumbList\",\"@id\":\"https:\/\/www.africa-press.net\/cotedivoire\/politique\/confinement-cote-divoire-une-fille-de-gon-serait-la-personne-testee-positif-au-covid-19-dans-lentourage-des-ouattara#breadcrumb\",\"itemListElement\":[{\"@type\":\"ListItem\",\"position\":1,\"name\":\"Accueil\",\"item\":\"https:\/\/www.africa-press.net\/cotedivoire\/\"},{\"@type\":\"ListItem\",\"position\":2,\"name\":\"Confinement\/C\u00f4te-d\u2019Ivoire: Une fille de Gon serait la personne test\u00e9e positif au covid-19 dans l\u2019entourage des Ouattara\"}]},{\"@type\":\"WebSite\",\"@id\":\"https:\/\/www.africa-press.net\/cotedivoire\/#website\",\"url\":\"https:\/\/www.africa-press.net\/cotedivoire\/\",\"name\":\"C\u00f4te d&#039;Ivoire\",\"description\":\"Just another Africa News Agency Sites site\",\"potentialAction\":[{\"@type\":\"SearchAction\",\"target\":{\"@type\":\"EntryPoint\",\"urlTemplate\":\"https:\/\/www.africa-press.net\/cotedivoire\/?s={search_term_string}\"},\"query-input\":{\"@type\":\"PropertyValueSpecification\",\"valueRequired\":true,\"valueName\":\"search_term_string\"}}],\"inLanguage\":\"fr-FR\"},{\"@type\":\"Person\",\"@id\":\"https:\/\/www.africa-press.net\/cotedivoire\/#\/schema\/person\/2b1cf3cd81a31e3cd26889ca66d677f1\",\"name\":\"cfeditorfr\"}]}<\/script>\n<!-- \/ Yoast SEO Premium plugin. -->","yoast_head_json":{"title":"Confinement\/C\u00f4te-d\u2019Ivoire: Une fille de Gon serait la personne test\u00e9e positif au covid-19 dans l\u2019entourage des Ouattara - C\u00f4te d&#039;Ivoire","description":"Apr\u00e8s investigations, abidjaninfos.net est en mesure de r\u00e9v\u00e9ler que le cas Covid-19 qui a contraint le pr\u00e9sident Ouattar ...","robots":{"index":"index","follow":"follow","max-snippet":"max-snippet:-1","max-image-preview":"max-image-preview:large","max-video-preview":"max-video-preview:-1"},"canonical":"https:\/\/www.africa-press.net\/cotedivoire\/politique\/confinement-cote-divoire-une-fille-de-gon-serait-la-personne-testee-positif-au-covid-19-dans-lentourage-des-ouattara","og_locale":"fr_FR","og_type":"article","og_title":"Confinement\/C\u00f4te-d\u2019Ivoire: Une fille de Gon serait la personne test\u00e9e positif au covid-19 dans l\u2019entourage des Ouattara","og_description":"Apr\u00e8s investigations, abidjaninfos.net est en mesure de r\u00e9v\u00e9ler que le cas Covid-19 qui a contraint le pr\u00e9sident Ouattar ...","og_url":"https:\/\/www.africa-press.net\/cotedivoire\/politique\/confinement-cote-divoire-une-fille-de-gon-serait-la-personne-testee-positif-au-covid-19-dans-lentourage-des-ouattara","og_site_name":"C\u00f4te d&#039;Ivoire","article_published_time":"2021-08-06T11:30:23+00:00","article_modified_time":"2021-08-06T19:03:51+00:00","og_image":[{"width":921,"height":617,"url":"https:\/\/static.africa-press.net\/cote\/sites\/43\/2021\/08\/img-610d1979a88fc.jpg","type":"image\/jpeg"}],"author":"cfeditorfr","twitter_card":"summary_large_image","twitter_misc":{"\u00c9crit par":"cfeditorfr","Dur\u00e9e de lecture estim\u00e9e":"1 minute"},"schema":{"@context":"https:\/\/schema.org","@graph":[{"@type":"Article","@id":"https:\/\/www.africa-press.net\/cotedivoire\/politique\/confinement-cote-divoire-une-fille-de-gon-serait-la-personne-testee-positif-au-covid-19-dans-lentourage-des-ouattara#article","isPartOf":{"@id":"https:\/\/www.africa-press.net\/cotedivoire\/politique\/confinement-cote-divoire-une-fille-de-gon-serait-la-personne-testee-positif-au-covid-19-dans-lentourage-des-ouattara"},"author":{"name":"cfeditorfr","@id":"https:\/\/www.africa-press.net\/cotedivoire\/#\/schema\/person\/2b1cf3cd81a31e3cd26889ca66d677f1"},"headline":"Confinement\/C\u00f4te-d\u2019Ivoire: Une fille de Gon serait la personne test\u00e9e positif au covid-19 dans l\u2019entourage des Ouattara","datePublished":"2021-08-06T11:30:23+00:00","dateModified":"2021-08-06T19:03:51+00:00","mainEntityOfPage":{"@id":"https:\/\/www.africa-press.net\/cotedivoire\/politique\/confinement-cote-divoire-une-fille-de-gon-serait-la-personne-testee-positif-au-covid-19-dans-lentourage-des-ouattara"},"wordCount":182,"commentCount":0,"image":{"@id":"https:\/\/www.africa-press.net\/cotedivoire\/politique\/confinement-cote-divoire-une-fille-de-gon-serait-la-personne-testee-positif-au-covid-19-dans-lentourage-des-ouattara#primaryimage"},"thumbnailUrl":"https:\/\/static.africa-press.net\/cote\/sites\/43\/2021\/08\/img-610d1979a88fc.jpg","keywords":["Africa Press","Africa Press-C\u00f4te d'Ivoire","C\u00d4TE D'IVOIRE"],"articleSection":["homepage-french","Politique","Toutes les actualit\u00e9s"],"inLanguage":"fr-FR","potentialAction":[{"@type":"CommentAction","name":"Comment","target":["https:\/\/www.africa-press.net\/cotedivoire\/politique\/confinement-cote-divoire-une-fille-de-gon-serait-la-personne-testee-positif-au-covid-19-dans-lentourage-des-ouattara#respond"]}]},{"@type":"WebPage","@id":"https:\/\/www.africa-press.net\/cotedivoire\/politique\/confinement-cote-divoire-une-fille-de-gon-serait-la-personne-testee-positif-au-covid-19-dans-lentourage-des-ouattara","url":"https:\/\/www.africa-press.net\/cotedivoire\/politique\/confinement-cote-divoire-une-fille-de-gon-serait-la-personne-testee-positif-au-covid-19-dans-lentourage-des-ouattara","name":"Confinement\/C\u00f4te-d\u2019Ivoire: Une fille de Gon serait la personne test\u00e9e positif au covid-19 dans l\u2019entourage des Ouattara - C\u00f4te d&#039;Ivoire","isPartOf":{"@id":"https:\/\/www.africa-press.net\/cotedivoire\/#website"},"primaryImageOfPage":{"@id":"https:\/\/www.africa-press.net\/cotedivoire\/politique\/confinement-cote-divoire-une-fille-de-gon-serait-la-personne-testee-positif-au-covid-19-dans-lentourage-des-ouattara#primaryimage"},"image":{"@id":"https:\/\/www.africa-press.net\/cotedivoire\/politique\/confinement-cote-divoire-une-fille-de-gon-serait-la-personne-testee-positif-au-covid-19-dans-lentourage-des-ouattara#primaryimage"},"thumbnailUrl":"https:\/\/static.africa-press.net\/cote\/sites\/43\/2021\/08\/img-610d1979a88fc.jpg","datePublished":"2021-08-06T11:30:23+00:00","dateModified":"2021-08-06T19:03:51+00:00","author":{"@id":"https:\/\/www.africa-press.net\/cotedivoire\/#\/schema\/person\/2b1cf3cd81a31e3cd26889ca66d677f1"},"description":"Apr\u00e8s investigations, abidjaninfos.net est en mesure de r\u00e9v\u00e9ler que le cas Covid-19 qui a contraint le pr\u00e9sident Ouattar ...","breadcrumb":{"@id":"https:\/\/www.africa-press.net\/cotedivoire\/politique\/confinement-cote-divoire-une-fille-de-gon-serait-la-personne-testee-positif-au-covid-19-dans-lentourage-des-ouattara#breadcrumb"},"inLanguage":"fr-FR","potentialAction":[{"@type":"ReadAction","target":["https:\/\/www.africa-press.net\/cotedivoire\/politique\/confinement-cote-divoire-une-fille-de-gon-serait-la-personne-testee-positif-au-covid-19-dans-lentourage-des-ouattara"]}]},{"@type":"ImageObject","inLanguage":"fr-FR","@id":"https:\/\/www.africa-press.net\/cotedivoire\/politique\/confinement-cote-divoire-une-fille-de-gon-serait-la-personne-testee-positif-au-covid-19-dans-lentourage-des-ouattara#primaryimage","url":"https:\/\/static.africa-press.net\/cote\/sites\/43\/2021\/08\/img-610d1979a88fc.jpg","contentUrl":"https:\/\/static.africa-press.net\/cote\/sites\/43\/2021\/08\/img-610d1979a88fc.jpg","width":921,"height":617,"caption":"Confinement\/C\u00f4te-d\u2019Ivoire: Une fille de Gon serait la personne test\u00e9e positif au covid-19 dans l\u2019entourage des Ouattara"},{"@type":"BreadcrumbList","@id":"https:\/\/www.africa-press.net\/cotedivoire\/politique\/confinement-cote-divoire-une-fille-de-gon-serait-la-personne-testee-positif-au-covid-19-dans-lentourage-des-ouattara#breadcrumb","itemListElement":[{"@type":"ListItem","position":1,"name":"Accueil","item":"https:\/\/www.africa-press.net\/cotedivoire\/"},{"@type":"ListItem","position":2,"name":"Confinement\/C\u00f4te-d\u2019Ivoire: Une fille de Gon serait la personne test\u00e9e positif au covid-19 dans l\u2019entourage des Ouattara"}]},{"@type":"WebSite","@id":"https:\/\/www.africa-press.net\/cotedivoire\/#website","url":"https:\/\/www.africa-press.net\/cotedivoire\/","name":"C\u00f4te d&#039;Ivoire","description":"Just another Africa News Agency Sites site","potentialAction":[{"@type":"SearchAction","target":{"@type":"EntryPoint","urlTemplate":"https:\/\/www.africa-press.net\/cotedivoire\/?s={search_term_string}"},"query-input":{"@type":"PropertyValueSpecification","valueRequired":true,"valueName":"search_term_string"}}],"inLanguage":"fr-FR"},{"@type":"Person","@id":"https:\/\/www.africa-press.net\/cotedivoire\/#\/schema\/person\/2b1cf3cd81a31e3cd26889ca66d677f1","name":"cfeditorfr"}]}},"_links":{"self":[{"href":"https:\/\/www.africa-press.net\/cotedivoire\/wp-json\/wp\/v2\/posts\/10914","targetHints":{"allow":["GET"]}}],"collection":[{"href":"https:\/\/www.africa-press.net\/cotedivoire\/wp-json\/wp\/v2\/posts"}],"about":[{"href":"https:\/\/www.africa-press.net\/cotedivoire\/wp-json\/wp\/v2\/types\/post"}],"author":[{"embeddable":true,"href":"https:\/\/www.africa-press.net\/cotedivoire\/wp-json\/wp\/v2\/users\/82"}],"replies":[{"embeddable":true,"href":"https:\/\/www.africa-press.net\/cotedivoire\/wp-json\/wp\/v2\/comments?post=10914"}],"version-history":[{"count":0,"href":"https:\/\/www.africa-press.net\/cotedivoire\/wp-json\/wp\/v2\/posts\/10914\/revisions"}],"wp:featuredmedia":[{"embeddable":true,"href":"https:\/\/www.africa-press.net\/cotedivoire\/wp-json\/wp\/v2\/media\/10913"}],"wp:attachment":[{"href":"https:\/\/www.africa-press.net\/cotedivoire\/wp-json\/wp\/v2\/media?parent=10914"}],"wp:term":[{"taxonomy":"category","embeddable":true,"href":"https:\/\/www.africa-press.net\/cotedivoire\/wp-json\/wp\/v2\/categories?post=10914"},{"taxonomy":"post_tag","embeddable":true,"href":"https:\/\/www.africa-press.net\/cotedivoire\/wp-json\/wp\/v2\/tags?post=10914"}],"curies":[{"name":"wp","href":"https:\/\/api.w.org\/{rel}","templated":true}]}}