{"id":109163,"date":"2025-11-23T17:22:48","date_gmt":"2025-11-23T17:22:48","guid":{"rendered":"https:\/\/www.africa-press.net\/cotedivoire\/politique\/ouattara-od-salue-dynamisme-des-militants-rhdp"},"modified":"2025-11-23T17:27:33","modified_gmt":"2025-11-23T17:27:33","slug":"ouattara-od-salue-dynamisme-des-militants-rhdp","status":"publish","type":"post","link":"https:\/\/www.africa-press.net\/cotedivoire\/politique\/ouattara-od-salue-dynamisme-des-militants-rhdp","title":{"rendered":"Ouattara OD Salue Dynamisme des Militants RHDP"},"content":{"rendered":"<p><span style=\"color: #ff6600\"><strong>Africa-Press &#8211; C\u00f4te d&rsquo;Ivoire. <\/strong><\/span>Invite\u0301 d&rsquo;une e\u0301mission, diffuse\u0301e en direct le jeudi 20 novembre 2025, Ouattara Dramane, plus connu sous l\u2019appellation OD, a captive\u0301 les te\u0301le\u0301spectateurs par la clarte\u0301 de son propos et la mai\u0302trise des sujets aborde\u0301s. Secre\u0301taire National charge\u0301 des militants de l\u2019Exte\u0301rieur du RHDP et candidat de\u0301clare\u0301 aux le\u0301gislatives du 27 de\u0301cembre 2025, il est revenu en de\u0301tail sur ses actions et ses ambitions.<\/p>\n<p>OD a d\u2019abord rappele\u0301 que sa premie\u0300re mission avait e\u0301te\u0301 de re\u0301organiser les 21 de\u0301le\u0301gations du RHDP situe\u0301es hors de Co\u0302te d\u2019Ivoire.<\/p>\n<p>\u00ab De\u0300s notre prise de fonction, nous avons proce\u0301de\u0301 a\u0300 la de\u0301signation des De\u0301le\u0301gue\u0301s Exte\u0301rieurs Pays (DEP) dans chaque nation, a\u0300 l\u2019installation des structures de base et a\u0300 la nomination des pre\u0301sident(e)s des jeunes et des femmes de la diaspora \u00bb, a-t-il explique\u0301.<\/p>\n<p>Il a e\u0301galement rendu hommage a\u0300 son pre\u0301de\u0301cesseur, Lancine\u0301 Diaby, saluant le travail qu\u2019il qualifie d\u2019exceptionnel.<\/p>\n<p>\u00ab Malgre\u0301 les contraintes de la pande\u0301mie de COVID-19, il a re\u0301ussi a\u0300 mobiliser un grand nombre de militants pour l\u2019e\u0301lection pre\u0301sidentielle d\u2019octobre 2020 \u00bb, a-t-il reconnu.<\/p>\n<p>Revenant sur la grande mobilisation \u00ab La Mare\u0301e orange Acte 2 \u00bb, organise\u0301e en juin 2024 a\u0300 la place Stalingrad en France, OD a souligne\u0301 l\u2019importance de cet e\u0301ve\u0301nement qui a rassemble\u0301 plus de 20 000 militants venus de toute l\u2019Europe.<\/p>\n<p>Selon lui, cette de\u0301monstration de force illustre la cohe\u0301sion des communaute\u0301s ivoiriennes vivant a\u0300 l\u2019e\u0301tranger.<\/p>\n<p>\u00ab En dehors du pays, les Ivoiriens vivent ensemble, sans distinction politique, ethnique ou religieuse \u00bb, a-t-il affirme\u0301.<\/p>\n<p>Il a par ailleurs exprime\u0301 le souhait de voir la diaspora be\u0301ne\u0301ficier d\u2019une repre\u0301sentation parlementaire, a\u0300 l\u2019instar de nombreux pays qui donnent de\u0301ja\u0300 une voix institutionnelle a\u0300 leurs ressortissants de l\u2019exte\u0301rieur.<\/p>\n<p>Candidat dans la circonscription du Plateau, OD a reconnu avoir tire\u0301 de pre\u0301cieux enseignements de son e\u0301chec aux le\u0301gislatives de 2021.<\/p>\n<p>Aujourd\u2019hui plus mature sur le plan politique, il se dit confiant mais prudent.<\/p>\n<p>\u00ab Aucune e\u0301lection n\u2019est gagne\u0301e d\u2019avance. C\u2019est pourquoi je travaille sans rela\u0302che avec les militants de la coordination RHDP du Plateau pour assurer la victoire du RHDP et de SEM Alassane Ouattara le 27 de\u0301cembre 2025 \u00bb, a-t-il insiste\u0301.<\/p>\n<p>Au-dela\u0300 des questions e\u0301lectorales, OD s\u2019est e\u0301galement exprime\u0301 sur d\u2019autres the\u0301matiques: l\u2019application de l\u2019article 48, la formation des militants, et la discipline au sein de la diaspora.<\/p>\n<p>Sa posture, a\u0300 la fois ferme et pe\u0301dagogique, a marque\u0301 les te\u0301le\u0301spectateurs.<\/p>\n<p>Durant 40 minutes d\u2019entretien, Ouattara Dramane a de\u0301montre\u0301 qu\u2019en plus de ses compe\u0301tences de fiscaliste, il posse\u0300de une aisance oratoire qui se\u0301duit le public. Sa participation a\u0300 l\u2019e\u0301mission a renforce\u0301 son image de leader engage\u0301, organise\u0301 et tourne\u0301 vers l\u2019avenir.<\/p>\n<p><strong>Pour plus d&rsquo;informations et d&rsquo;analyses sur la <span style=\"color: #ff6600\">C\u00f4te d&rsquo;Ivoire<\/span>, suivez <span style=\"color: #ff6600\">Africa-Press<\/span><\/strong><\/p>\n","protected":false},"excerpt":{"rendered":"<p>Africa-Press &#8211; C\u00f4te d&rsquo;Ivoire. Invite\u0301 d&rsquo;une e\u0301mission, diffuse\u0301e en direct le jeudi 20 novembre 2025, Ouattara Dramane, plus connu sous l\u2019appellation OD, a captive\u0301 les te\u0301le\u0301spectateurs par la clarte\u0301 de son propos et la mai\u0302trise des sujets aborde\u0301s. Secre\u0301taire National charge\u0301 des militants de l\u2019Exte\u0301rieur du RHDP et candidat de\u0301clare\u0301 aux le\u0301gislatives du 27 de\u0301cembre [&hellip;]<\/p>\n","protected":false},"author":82,"featured_media":109161,"comment_status":"open","ping_status":"closed","sticky":false,"template":"","format":"standard","meta":{"footnotes":""},"categories":[2,10],"tags":[29,275,13518,19356,7026,527,60,371],"class_list":["post-109163","post","type-post","status-publish","format-standard","has-post-thumbnail","hentry","category-politique","category-toutes-les-actualites","tag-cote-divoire","tag-diaspora","tag-emission","tag-legislatives-2025","tag-od","tag-plateau","tag-politique","tag-rhdp"],"yoast_head":"<!-- This site is optimized with the Yoast SEO Premium plugin v26.1 (Yoast SEO v27.0) - https:\/\/yoast.com\/product\/yoast-seo-premium-wordpress\/ -->\n<title>Ouattara OD Salue Dynamisme des Militants RHDP - C\u00f4te d&#039;Ivoire<\/title>\n<meta name=\"description\" content=\"Invite\u0301 d&#039;une e\u0301mission, diffuse\u0301e en direct le jeudi 20 novembre 2025, Ouattara Dramane, plus connu sous l\u2019appellation ...\" \/>\n<meta name=\"robots\" content=\"index, follow, max-snippet:-1, max-image-preview:large, max-video-preview:-1\" \/>\n<link rel=\"canonical\" href=\"https:\/\/www.africa-press.net\/cotedivoire\/politique\/ouattara-od-salue-dynamisme-des-militants-rhdp\" \/>\n<meta property=\"og:locale\" content=\"fr_FR\" \/>\n<meta property=\"og:type\" content=\"article\" \/>\n<meta property=\"og:title\" content=\"Ouattara OD Salue Dynamisme des Militants RHDP\" \/>\n<meta property=\"og:description\" content=\"Invite\u0301 d&#039;une e\u0301mission, diffuse\u0301e en direct le jeudi 20 novembre 2025, Ouattara Dramane, plus connu sous l\u2019appellation ...\" \/>\n<meta property=\"og:url\" content=\"https:\/\/www.africa-press.net\/cotedivoire\/politique\/ouattara-od-salue-dynamisme-des-militants-rhdp\" \/>\n<meta property=\"og:site_name\" content=\"C\u00f4te d&#039;Ivoire\" \/>\n<meta property=\"article:published_time\" content=\"2025-11-23T17:22:48+00:00\" \/>\n<meta property=\"article:modified_time\" content=\"2025-11-23T17:27:33+00:00\" \/>\n<meta property=\"og:image\" content=\"https:\/\/static.africa-press.net\/cote\/sites\/43\/2025\/11\/sm_1763906218.712066.jpg\" \/>\n\t<meta property=\"og:image:width\" content=\"720\" \/>\n\t<meta property=\"og:image:height\" content=\"512\" \/>\n\t<meta property=\"og:image:type\" content=\"image\/jpeg\" \/>\n<meta name=\"author\" content=\"cfeditorfr\" \/>\n<meta name=\"twitter:card\" content=\"summary_large_image\" \/>\n<meta name=\"twitter:label1\" content=\"\u00c9crit par\" \/>\n\t<meta name=\"twitter:data1\" content=\"cfeditorfr\" \/>\n\t<meta name=\"twitter:label2\" content=\"Dur\u00e9e de lecture estim\u00e9e\" \/>\n\t<meta name=\"twitter:data2\" content=\"3 minutes\" \/>\n<script type=\"application\/ld+json\" class=\"yoast-schema-graph\">{\"@context\":\"https:\/\/schema.org\",\"@graph\":[{\"@type\":\"Article\",\"@id\":\"https:\/\/www.africa-press.net\/cotedivoire\/politique\/ouattara-od-salue-dynamisme-des-militants-rhdp#article\",\"isPartOf\":{\"@id\":\"https:\/\/www.africa-press.net\/cotedivoire\/politique\/ouattara-od-salue-dynamisme-des-militants-rhdp\"},\"author\":{\"name\":\"cfeditorfr\",\"@id\":\"https:\/\/www.africa-press.net\/cotedivoire\/#\/schema\/person\/2b1cf3cd81a31e3cd26889ca66d677f1\"},\"headline\":\"Ouattara OD Salue Dynamisme des Militants RHDP\",\"datePublished\":\"2025-11-23T17:22:48+00:00\",\"dateModified\":\"2025-11-23T17:27:33+00:00\",\"mainEntityOfPage\":{\"@id\":\"https:\/\/www.africa-press.net\/cotedivoire\/politique\/ouattara-od-salue-dynamisme-des-militants-rhdp\"},\"wordCount\":526,\"commentCount\":0,\"image\":{\"@id\":\"https:\/\/www.africa-press.net\/cotedivoire\/politique\/ouattara-od-salue-dynamisme-des-militants-rhdp#primaryimage\"},\"thumbnailUrl\":\"https:\/\/static.africa-press.net\/cote\/sites\/43\/2025\/11\/sm_1763906218.712066.jpg\",\"keywords\":[\"C\u00d4TE D'IVOIRE\",\"DIASPORA\",\"\u00e9mission\",\"L\u00e9gislatives 2025\",\"OD\",\"Plateau\",\"Politique\",\"RHDP\"],\"articleSection\":[\"Politique\",\"Toutes les actualit\u00e9s\"],\"inLanguage\":\"fr-FR\",\"potentialAction\":[{\"@type\":\"CommentAction\",\"name\":\"Comment\",\"target\":[\"https:\/\/www.africa-press.net\/cotedivoire\/politique\/ouattara-od-salue-dynamisme-des-militants-rhdp#respond\"]}]},{\"@type\":\"WebPage\",\"@id\":\"https:\/\/www.africa-press.net\/cotedivoire\/politique\/ouattara-od-salue-dynamisme-des-militants-rhdp\",\"url\":\"https:\/\/www.africa-press.net\/cotedivoire\/politique\/ouattara-od-salue-dynamisme-des-militants-rhdp\",\"name\":\"Ouattara OD Salue Dynamisme des Militants RHDP - C\u00f4te d&#039;Ivoire\",\"isPartOf\":{\"@id\":\"https:\/\/www.africa-press.net\/cotedivoire\/#website\"},\"primaryImageOfPage\":{\"@id\":\"https:\/\/www.africa-press.net\/cotedivoire\/politique\/ouattara-od-salue-dynamisme-des-militants-rhdp#primaryimage\"},\"image\":{\"@id\":\"https:\/\/www.africa-press.net\/cotedivoire\/politique\/ouattara-od-salue-dynamisme-des-militants-rhdp#primaryimage\"},\"thumbnailUrl\":\"https:\/\/static.africa-press.net\/cote\/sites\/43\/2025\/11\/sm_1763906218.712066.jpg\",\"datePublished\":\"2025-11-23T17:22:48+00:00\",\"dateModified\":\"2025-11-23T17:27:33+00:00\",\"author\":{\"@id\":\"https:\/\/www.africa-press.net\/cotedivoire\/#\/schema\/person\/2b1cf3cd81a31e3cd26889ca66d677f1\"},\"description\":\"Invite\u0301 d'une e\u0301mission, diffuse\u0301e en direct le jeudi 20 novembre 2025, Ouattara Dramane, plus connu sous l\u2019appellation ...\",\"breadcrumb\":{\"@id\":\"https:\/\/www.africa-press.net\/cotedivoire\/politique\/ouattara-od-salue-dynamisme-des-militants-rhdp#breadcrumb\"},\"inLanguage\":\"fr-FR\",\"potentialAction\":[{\"@type\":\"ReadAction\",\"target\":[\"https:\/\/www.africa-press.net\/cotedivoire\/politique\/ouattara-od-salue-dynamisme-des-militants-rhdp\"]}]},{\"@type\":\"ImageObject\",\"inLanguage\":\"fr-FR\",\"@id\":\"https:\/\/www.africa-press.net\/cotedivoire\/politique\/ouattara-od-salue-dynamisme-des-militants-rhdp#primaryimage\",\"url\":\"https:\/\/static.africa-press.net\/cote\/sites\/43\/2025\/11\/sm_1763906218.712066.jpg\",\"contentUrl\":\"https:\/\/static.africa-press.net\/cote\/sites\/43\/2025\/11\/sm_1763906218.712066.jpg\",\"width\":720,\"height\":512,\"caption\":\"Ouattara OD Salue Dynamisme des Militants RHDP\"},{\"@type\":\"BreadcrumbList\",\"@id\":\"https:\/\/www.africa-press.net\/cotedivoire\/politique\/ouattara-od-salue-dynamisme-des-militants-rhdp#breadcrumb\",\"itemListElement\":[{\"@type\":\"ListItem\",\"position\":1,\"name\":\"Accueil\",\"item\":\"https:\/\/www.africa-press.net\/cotedivoire\/\"},{\"@type\":\"ListItem\",\"position\":2,\"name\":\"Ouattara OD Salue Dynamisme des Militants RHDP\"}]},{\"@type\":\"WebSite\",\"@id\":\"https:\/\/www.africa-press.net\/cotedivoire\/#website\",\"url\":\"https:\/\/www.africa-press.net\/cotedivoire\/\",\"name\":\"C\u00f4te d&#039;Ivoire\",\"description\":\"Just another Africa News Agency Sites site\",\"potentialAction\":[{\"@type\":\"SearchAction\",\"target\":{\"@type\":\"EntryPoint\",\"urlTemplate\":\"https:\/\/www.africa-press.net\/cotedivoire\/?s={search_term_string}\"},\"query-input\":{\"@type\":\"PropertyValueSpecification\",\"valueRequired\":true,\"valueName\":\"search_term_string\"}}],\"inLanguage\":\"fr-FR\"},{\"@type\":\"Person\",\"@id\":\"https:\/\/www.africa-press.net\/cotedivoire\/#\/schema\/person\/2b1cf3cd81a31e3cd26889ca66d677f1\",\"name\":\"cfeditorfr\"}]}<\/script>\n<!-- \/ Yoast SEO Premium plugin. -->","yoast_head_json":{"title":"Ouattara OD Salue Dynamisme des Militants RHDP - C\u00f4te d&#039;Ivoire","description":"Invite\u0301 d'une e\u0301mission, diffuse\u0301e en direct le jeudi 20 novembre 2025, Ouattara Dramane, plus connu sous l\u2019appellation ...","robots":{"index":"index","follow":"follow","max-snippet":"max-snippet:-1","max-image-preview":"max-image-preview:large","max-video-preview":"max-video-preview:-1"},"canonical":"https:\/\/www.africa-press.net\/cotedivoire\/politique\/ouattara-od-salue-dynamisme-des-militants-rhdp","og_locale":"fr_FR","og_type":"article","og_title":"Ouattara OD Salue Dynamisme des Militants RHDP","og_description":"Invite\u0301 d'une e\u0301mission, diffuse\u0301e en direct le jeudi 20 novembre 2025, Ouattara Dramane, plus connu sous l\u2019appellation ...","og_url":"https:\/\/www.africa-press.net\/cotedivoire\/politique\/ouattara-od-salue-dynamisme-des-militants-rhdp","og_site_name":"C\u00f4te d&#039;Ivoire","article_published_time":"2025-11-23T17:22:48+00:00","article_modified_time":"2025-11-23T17:27:33+00:00","og_image":[{"width":720,"height":512,"url":"https:\/\/static.africa-press.net\/cote\/sites\/43\/2025\/11\/sm_1763906218.712066.jpg","type":"image\/jpeg"}],"author":"cfeditorfr","twitter_card":"summary_large_image","twitter_misc":{"\u00c9crit par":"cfeditorfr","Dur\u00e9e de lecture estim\u00e9e":"3 minutes"},"schema":{"@context":"https:\/\/schema.org","@graph":[{"@type":"Article","@id":"https:\/\/www.africa-press.net\/cotedivoire\/politique\/ouattara-od-salue-dynamisme-des-militants-rhdp#article","isPartOf":{"@id":"https:\/\/www.africa-press.net\/cotedivoire\/politique\/ouattara-od-salue-dynamisme-des-militants-rhdp"},"author":{"name":"cfeditorfr","@id":"https:\/\/www.africa-press.net\/cotedivoire\/#\/schema\/person\/2b1cf3cd81a31e3cd26889ca66d677f1"},"headline":"Ouattara OD Salue Dynamisme des Militants RHDP","datePublished":"2025-11-23T17:22:48+00:00","dateModified":"2025-11-23T17:27:33+00:00","mainEntityOfPage":{"@id":"https:\/\/www.africa-press.net\/cotedivoire\/politique\/ouattara-od-salue-dynamisme-des-militants-rhdp"},"wordCount":526,"commentCount":0,"image":{"@id":"https:\/\/www.africa-press.net\/cotedivoire\/politique\/ouattara-od-salue-dynamisme-des-militants-rhdp#primaryimage"},"thumbnailUrl":"https:\/\/static.africa-press.net\/cote\/sites\/43\/2025\/11\/sm_1763906218.712066.jpg","keywords":["C\u00d4TE D'IVOIRE","DIASPORA","\u00e9mission","L\u00e9gislatives 2025","OD","Plateau","Politique","RHDP"],"articleSection":["Politique","Toutes les actualit\u00e9s"],"inLanguage":"fr-FR","potentialAction":[{"@type":"CommentAction","name":"Comment","target":["https:\/\/www.africa-press.net\/cotedivoire\/politique\/ouattara-od-salue-dynamisme-des-militants-rhdp#respond"]}]},{"@type":"WebPage","@id":"https:\/\/www.africa-press.net\/cotedivoire\/politique\/ouattara-od-salue-dynamisme-des-militants-rhdp","url":"https:\/\/www.africa-press.net\/cotedivoire\/politique\/ouattara-od-salue-dynamisme-des-militants-rhdp","name":"Ouattara OD Salue Dynamisme des Militants RHDP - C\u00f4te d&#039;Ivoire","isPartOf":{"@id":"https:\/\/www.africa-press.net\/cotedivoire\/#website"},"primaryImageOfPage":{"@id":"https:\/\/www.africa-press.net\/cotedivoire\/politique\/ouattara-od-salue-dynamisme-des-militants-rhdp#primaryimage"},"image":{"@id":"https:\/\/www.africa-press.net\/cotedivoire\/politique\/ouattara-od-salue-dynamisme-des-militants-rhdp#primaryimage"},"thumbnailUrl":"https:\/\/static.africa-press.net\/cote\/sites\/43\/2025\/11\/sm_1763906218.712066.jpg","datePublished":"2025-11-23T17:22:48+00:00","dateModified":"2025-11-23T17:27:33+00:00","author":{"@id":"https:\/\/www.africa-press.net\/cotedivoire\/#\/schema\/person\/2b1cf3cd81a31e3cd26889ca66d677f1"},"description":"Invite\u0301 d'une e\u0301mission, diffuse\u0301e en direct le jeudi 20 novembre 2025, Ouattara Dramane, plus connu sous l\u2019appellation ...","breadcrumb":{"@id":"https:\/\/www.africa-press.net\/cotedivoire\/politique\/ouattara-od-salue-dynamisme-des-militants-rhdp#breadcrumb"},"inLanguage":"fr-FR","potentialAction":[{"@type":"ReadAction","target":["https:\/\/www.africa-press.net\/cotedivoire\/politique\/ouattara-od-salue-dynamisme-des-militants-rhdp"]}]},{"@type":"ImageObject","inLanguage":"fr-FR","@id":"https:\/\/www.africa-press.net\/cotedivoire\/politique\/ouattara-od-salue-dynamisme-des-militants-rhdp#primaryimage","url":"https:\/\/static.africa-press.net\/cote\/sites\/43\/2025\/11\/sm_1763906218.712066.jpg","contentUrl":"https:\/\/static.africa-press.net\/cote\/sites\/43\/2025\/11\/sm_1763906218.712066.jpg","width":720,"height":512,"caption":"Ouattara OD Salue Dynamisme des Militants RHDP"},{"@type":"BreadcrumbList","@id":"https:\/\/www.africa-press.net\/cotedivoire\/politique\/ouattara-od-salue-dynamisme-des-militants-rhdp#breadcrumb","itemListElement":[{"@type":"ListItem","position":1,"name":"Accueil","item":"https:\/\/www.africa-press.net\/cotedivoire\/"},{"@type":"ListItem","position":2,"name":"Ouattara OD Salue Dynamisme des Militants RHDP"}]},{"@type":"WebSite","@id":"https:\/\/www.africa-press.net\/cotedivoire\/#website","url":"https:\/\/www.africa-press.net\/cotedivoire\/","name":"C\u00f4te d&#039;Ivoire","description":"Just another Africa News Agency Sites site","potentialAction":[{"@type":"SearchAction","target":{"@type":"EntryPoint","urlTemplate":"https:\/\/www.africa-press.net\/cotedivoire\/?s={search_term_string}"},"query-input":{"@type":"PropertyValueSpecification","valueRequired":true,"valueName":"search_term_string"}}],"inLanguage":"fr-FR"},{"@type":"Person","@id":"https:\/\/www.africa-press.net\/cotedivoire\/#\/schema\/person\/2b1cf3cd81a31e3cd26889ca66d677f1","name":"cfeditorfr"}]}},"_links":{"self":[{"href":"https:\/\/www.africa-press.net\/cotedivoire\/wp-json\/wp\/v2\/posts\/109163","targetHints":{"allow":["GET"]}}],"collection":[{"href":"https:\/\/www.africa-press.net\/cotedivoire\/wp-json\/wp\/v2\/posts"}],"about":[{"href":"https:\/\/www.africa-press.net\/cotedivoire\/wp-json\/wp\/v2\/types\/post"}],"author":[{"embeddable":true,"href":"https:\/\/www.africa-press.net\/cotedivoire\/wp-json\/wp\/v2\/users\/82"}],"replies":[{"embeddable":true,"href":"https:\/\/www.africa-press.net\/cotedivoire\/wp-json\/wp\/v2\/comments?post=109163"}],"version-history":[{"count":0,"href":"https:\/\/www.africa-press.net\/cotedivoire\/wp-json\/wp\/v2\/posts\/109163\/revisions"}],"wp:featuredmedia":[{"embeddable":true,"href":"https:\/\/www.africa-press.net\/cotedivoire\/wp-json\/wp\/v2\/media\/109161"}],"wp:attachment":[{"href":"https:\/\/www.africa-press.net\/cotedivoire\/wp-json\/wp\/v2\/media?parent=109163"}],"wp:term":[{"taxonomy":"category","embeddable":true,"href":"https:\/\/www.africa-press.net\/cotedivoire\/wp-json\/wp\/v2\/categories?post=109163"},{"taxonomy":"post_tag","embeddable":true,"href":"https:\/\/www.africa-press.net\/cotedivoire\/wp-json\/wp\/v2\/tags?post=109163"}],"curies":[{"name":"wp","href":"https:\/\/api.w.org\/{rel}","templated":true}]}}