{"id":109168,"date":"2025-11-23T17:24:09","date_gmt":"2025-11-23T17:24:09","guid":{"rendered":"https:\/\/www.africa-press.net\/cotedivoire\/politique\/budget-2026-transports-et-affaires-maritimes-valides"},"modified":"2025-11-23T17:28:15","modified_gmt":"2025-11-23T17:28:15","slug":"budget-2026-transports-et-affaires-maritimes-valides","status":"publish","type":"post","link":"https:\/\/www.africa-press.net\/cotedivoire\/politique\/budget-2026-transports-et-affaires-maritimes-valides","title":{"rendered":"Budget 2026: Transports et Affaires Maritimes Valide\u0301s"},"content":{"rendered":"<p><span style=\"color: #ff6600\"><strong>Africa-Press &#8211; C\u00f4te d&rsquo;Ivoire. <\/strong><\/span>La Commission des Affaires e\u0301conomiques et financie\u0300res (CAEF) du Parlement ivoirien a adopte\u0301 a\u0300 l\u2019unanimite\u0301, au cours de sa session ordinaire de 2025, les projets de budgets 2026 du ministe\u0300re des Transports et du ministe\u0300re de\u0301le\u0301gue\u0301 charge\u0301 des Affaires maritimes. Deux secteurs strate\u0301giques pour la modernisation des infrastructures et la relance e\u0301conomique du pays.<\/p>\n<p>Repre\u0301sentant le ministre Amadou Kone\u0301, le ministre Khalil Konate\u0301 a pre\u0301sente\u0301 devant les de\u0301pute\u0301s un expose\u0301 de\u0301taille\u0301 sur la politique sectorielle, le bilan 2024 et les besoins pour 2026.<\/p>\n<p>Conforme\u0301ment au de\u0301cret de 2023 de\u0301finissant les attributions gouvernementales, le ministe\u0300re des Transports est charge\u0301 de la mise en \u0153uvre et du suivi de la politique nationale en matie\u0300re de transports, mai\u0302trise d\u2019ouvrage des infrastructures (ae\u0301roports, ae\u0301rodromes, ports, gares routie\u0300res, chemins de fer, voies fluviales), organisation et re\u0301gulation du transport routier, ferroviaire, ae\u0301rien, fluvio-lagunaire et maritime, re\u0301glementation du transport collectif urbain, interurbain et rural, encadrement des transports prive\u0301s, formation et responsabilisation des acteurs et ame\u0301lioration de la se\u0301curite\u0301 sur l\u2019ensemble des modes de transport.<\/p>\n<p>Les objectifs globaux du ministe\u0300re reposent sur la modernisation de l\u2019administration, la compe\u0301titivite\u0301 du transport ae\u0301rien, la qualite\u0301 du transport routier et ferroviaire, ainsi que le renforcement de la se\u0301curite\u0301.<\/p>\n<p>Avec un budget initial de 439,248 milliards de FCFA, le ministe\u0300re affiche une performance rare:Personnel: 100 % exe\u0301cute\u0301, Biens et services: 97,22 %, Transferts: 100 % et Investissements: 100 %<\/p>\n<p>Des re\u0301alisations marquantes. Ce sont 51 textes re\u0301glementaires signe\u0301s, 91 % des directions et structures satisfaites, 1 647 000 visites sur les plateformes nume\u0301riques du ministe\u0300re et 90 % des activite\u0301s couvertes me\u0301diatiquement<\/p>\n<p>Au niveau du transport ae\u0301rien, l&rsquo;on note la re\u0301habilitation d\u2019ae\u0301roports de l\u2019inte\u0301rieur, le renforcement de la flotte d\u2019Air Co\u0302te d\u2019Ivoire avec 3 Airbus A319, dont 2 livre\u0301s en 2024, 693 746 passagers transporte\u0301s (+5,58 %) et1 033 vols effectue\u0301s (+2,78 %)<\/p>\n<p>Quant au transport terrestre, les incidents ferroviaires ont e\u0301te\u0301 traite\u0301s inte\u0301gralement a\u0300 100 %, 47 campagnes de sensibilisation (pre\u0301vision: 35), 2 380 acteurs forme\u0301s, 41 centres de gestion inte\u0301gre\u0301e ope\u0301rationnels (taux de re\u0301alisation: 97,62 %), 29 020 usagers sensibilise\u0301s lors de la CAN, de\u0301ploiement des syste\u0300mes de transport intelligents, ouverture du centre d\u2019immatriculation spe\u0301ciale des engins a\u0300 deux roues, 345 dossiers examine\u0301s pour suspension ou retrait de permis (284 sanctions prononce\u0301es),16 748 tests d\u2019alcoole\u0301mie, 102 permis retire\u0301s, 267 000 infractions routie\u0300res constate\u0301es gra\u0302ce aux nouveaux e\u0301quipements<\/p>\n<p>Le taux global de re\u0301alisation des indicateurs 2024 atteint 87,10 %.<\/p>\n<p>Le budget 2026, d\u2019un montant de 307,769 milliards de FCFA, est re\u0301parti comme suit:<\/p>\n<p>Sources de financement, ressources inte\u0301rieures: 75,23 %, ressources exte\u0301rieures (dons et pre\u0302ts): 24,77 %<\/p>\n<p>Re\u0301partition par programmes, Administration ge\u0301ne\u0301rale: 3,41 %, Transport ae\u0301rien: 13,62 %, Transport terrestre: 81,48 %, Mobilite\u0301 urbaine dans le Grand Abidjan: 0,75 %, Re\u0301gulation des transports inte\u0301rieurs: 0,75 %<\/p>\n<p>Re\u0301partition par nature de de\u0301penses, Personnel: 41 %, Biens et services: 20 %, Transferts: 6,86 %, Investissements: 31,32 %<\/p>\n<p>Ce budget permettra, selon le ministre Konate\u0301, de \u00ab poursuivre la modernisation du secteur des transports et contribuer efficacement a\u0300 la relance e\u0301conomique du pays \u00bb.<\/p>\n<p>Le ministre de\u0301le\u0301gue\u0301 charge\u0301 des Affaires maritimes, Serrey Doh, a lui aussi pre\u0301sente\u0301 son bilan 2024 et les perspectives 2026. Il a remercie\u0301 les membres de la CAEF et salue\u0301 la confiance renouvele\u0301e du Pre\u0301sident Alassane Ouattara lors de sa nomination.<\/p>\n<p>La mission du ministe\u0300re consiste a\u0300 moderniser l\u2019administration maritime, renforcer la su\u0302rete\u0301 maritime et portuaire, ame\u0301liorer les infrastructures maritimes et lagunaires, promouvoir le pavillon ivoirien et de\u0301velopper la flotte nationale et les voies navigables.<\/p>\n<p>Sur un budget de 3,391 milliards FCFA, 3,257 milliards ont e\u0301te\u0301 exe\u0301cute\u0301s, avec des re\u0301alisations majeures:<\/p>\n<p>Renforcement du cadre institutionnel, Signature de plusieurs de\u0301crets relatifs a\u0300 l\u2019organisation du ministe\u0300re, Nomination du Directeur ge\u0301ne\u0301ral des Affaires maritimes et des principaux responsables techniques<\/p>\n<p>Infrastructures portuaires et de formation, construction d\u2019un campus de formation continue, E\u0301quipement du ba\u0302timent administratif de l\u2019Institut de se\u0301curite\u0301 maritime interre\u0301gional, poursuite de la construction des arrondissements maritimes, Renforcement du syste\u0300me de communication maritime (AIS et radio co\u0302tie\u0300re)<\/p>\n<p>Se\u0301curite\u0301 et su\u0302rete\u0301 maritime, Ope\u0301ration Espadon 3 pour la se\u0301curisation des co\u0302tes lors des fe\u0302tes, Ope\u0301ration Chalut durant la CAN 2023, Dotation des unite\u0301s ope\u0301rationnelles en ve\u0301hicules et mate\u0301riels, Remise de 13 engins navals, Certification internationale d\u2019une installation portuaire a\u0300 Abidjan<\/p>\n<p>Re\u0301partition par nature de de\u0301penses:Personnel: 51,57 %, Biens et services: 18 %, Transferts: 5,36 %, Investissements: 25,06 %<\/p>\n<p>Re\u0301partition par programmes:Administration ge\u0301ne\u0301rale: 68,47 %, Transport maritime et lagunaire: 39,53 %<\/p>\n<p>Le ministre a rappele\u0301 les de\u0301fis majeurs du secteur, la protection des milieux marins et lagunaires, le de\u0301veloppement du transport maritime inte\u0301rieur, le balisage complet des voies d\u2019eau, la construction d\u2019une base navale, le de\u0301ploiement d\u2019un re\u0301seau national de radiocommunication et la promotion du pavillon ivoirien et cre\u0301ation d\u2019une flotte de commerce.<\/p>\n<p>Il a conclu en sollicitant l\u2019approbation du budget 2026 afin de \u00ab renforcer les acquis et atteindre les objectifs fixe\u0301s pour le de\u0301veloppement de l\u2019e\u0301conomie bleue \u00bb<\/p>\n<p>Avec l\u2019adoption unanime des budgets 2026 des deux ministe\u0300res, le Parlement ivoirien dote l\u2019E\u0301tat d\u2019outils financiers essentiels pour:moderniser les infrastructures, ame\u0301liorer la se\u0301curite\u0301 des transports, renforcer la connectivite\u0301 nationale et internationale et de\u0301velopper l\u2019e\u0301conomie maritime et les e\u0301changes commerciaux.<\/p>\n<p>La Co\u0302te d\u2019Ivoire pose ainsi une nouvelle pierre vers la transformation profonde de son syste\u0300me de transport et vers son ambition de devenir un hub logistique et maritime majeur en Afrique de l\u2019Ouest.<\/p>\n<p><strong>Pour plus d&rsquo;informations et d&rsquo;analyses sur la <span style=\"color: #ff6600\">C\u00f4te d&rsquo;Ivoire<\/span>, suivez <span style=\"color: #ff6600\">Africa-Press<\/span><\/strong><\/p>\n","protected":false},"excerpt":{"rendered":"<p>Africa-Press &#8211; C\u00f4te d&rsquo;Ivoire. La Commission des Affaires e\u0301conomiques et financie\u0300res (CAEF) du Parlement ivoirien a adopte\u0301 a\u0300 l\u2019unanimite\u0301, au cours de sa session ordinaire de 2025, les projets de budgets 2026 du ministe\u0300re des Transports et du ministe\u0300re de\u0301le\u0301gue\u0301 charge\u0301 des Affaires maritimes. Deux secteurs strate\u0301giques pour la modernisation des infrastructures et la relance [&hellip;]<\/p>\n","protected":false},"author":82,"featured_media":109167,"comment_status":"open","ping_status":"closed","sticky":false,"template":"","format":"standard","meta":{"footnotes":""},"categories":[2,20,10],"tags":[19043,29,118,762,2780,4107,3707,575],"class_list":["post-109168","post","type-post","status-publish","format-standard","has-post-thumbnail","hentry","category-politique","category-top-nouvelles","category-toutes-les-actualites","tag-budget-2026","tag-cote-divoire","tag-economie","tag-gouvernement","tag-infrastructures","tag-maritime","tag-parlement","tag-transports"],"yoast_head":"<!-- This site is optimized with the Yoast SEO Premium plugin v26.1 (Yoast SEO v27.0) - https:\/\/yoast.com\/product\/yoast-seo-premium-wordpress\/ -->\n<title>Budget 2026: Transports et Affaires Maritimes Valide\u0301s - C\u00f4te d&#039;Ivoire<\/title>\n<meta name=\"description\" content=\"La Commission des Affaires e\u0301conomiques et financie\u0300res (CAEF) du Parlement ivoirien a adopte\u0301 a\u0300 l\u2019unanimite\u0301, au cours ...\" \/>\n<meta name=\"robots\" content=\"index, follow, max-snippet:-1, max-image-preview:large, max-video-preview:-1\" \/>\n<link rel=\"canonical\" href=\"https:\/\/www.africa-press.net\/cotedivoire\/politique\/budget-2026-transports-et-affaires-maritimes-valides\" \/>\n<meta property=\"og:locale\" content=\"fr_FR\" \/>\n<meta property=\"og:type\" content=\"article\" \/>\n<meta property=\"og:title\" content=\"Budget 2026: Transports et Affaires Maritimes Valide\u0301s\" \/>\n<meta property=\"og:description\" content=\"La Commission des Affaires e\u0301conomiques et financie\u0300res (CAEF) du Parlement ivoirien a adopte\u0301 a\u0300 l\u2019unanimite\u0301, au cours ...\" \/>\n<meta property=\"og:url\" content=\"https:\/\/www.africa-press.net\/cotedivoire\/politique\/budget-2026-transports-et-affaires-maritimes-valides\" \/>\n<meta property=\"og:site_name\" content=\"C\u00f4te d&#039;Ivoire\" \/>\n<meta property=\"article:published_time\" content=\"2025-11-23T17:24:09+00:00\" \/>\n<meta property=\"article:modified_time\" content=\"2025-11-23T17:28:15+00:00\" \/>\n<meta property=\"og:image\" content=\"https:\/\/static.africa-press.net\/cote\/sites\/43\/2025\/11\/sm_1763906248.13966.jpg\" \/>\n\t<meta property=\"og:image:width\" content=\"720\" \/>\n\t<meta property=\"og:image:height\" content=\"480\" \/>\n\t<meta property=\"og:image:type\" content=\"image\/jpeg\" \/>\n<meta name=\"author\" content=\"cfeditorfr\" \/>\n<meta name=\"twitter:card\" content=\"summary_large_image\" \/>\n<meta name=\"twitter:label1\" content=\"\u00c9crit par\" \/>\n\t<meta name=\"twitter:data1\" content=\"cfeditorfr\" \/>\n\t<meta name=\"twitter:label2\" content=\"Dur\u00e9e de lecture estim\u00e9e\" \/>\n\t<meta name=\"twitter:data2\" content=\"5 minutes\" \/>\n<script type=\"application\/ld+json\" class=\"yoast-schema-graph\">{\"@context\":\"https:\/\/schema.org\",\"@graph\":[{\"@type\":\"Article\",\"@id\":\"https:\/\/www.africa-press.net\/cotedivoire\/politique\/budget-2026-transports-et-affaires-maritimes-valides#article\",\"isPartOf\":{\"@id\":\"https:\/\/www.africa-press.net\/cotedivoire\/politique\/budget-2026-transports-et-affaires-maritimes-valides\"},\"author\":{\"name\":\"cfeditorfr\",\"@id\":\"https:\/\/www.africa-press.net\/cotedivoire\/#\/schema\/person\/2b1cf3cd81a31e3cd26889ca66d677f1\"},\"headline\":\"Budget 2026: Transports et Affaires Maritimes Valide\u0301s\",\"datePublished\":\"2025-11-23T17:24:09+00:00\",\"dateModified\":\"2025-11-23T17:28:15+00:00\",\"mainEntityOfPage\":{\"@id\":\"https:\/\/www.africa-press.net\/cotedivoire\/politique\/budget-2026-transports-et-affaires-maritimes-valides\"},\"wordCount\":978,\"commentCount\":0,\"image\":{\"@id\":\"https:\/\/www.africa-press.net\/cotedivoire\/politique\/budget-2026-transports-et-affaires-maritimes-valides#primaryimage\"},\"thumbnailUrl\":\"https:\/\/static.africa-press.net\/cote\/sites\/43\/2025\/11\/sm_1763906248.13966.jpg\",\"keywords\":[\"Budget 2026\",\"C\u00d4TE D'IVOIRE\",\"Economie\",\"Gouvernement\",\"infrastructures\",\"maritime\",\"parlement\",\"Transports\"],\"articleSection\":[\"Politique\",\"Top Nouvelles\",\"Toutes les actualit\u00e9s\"],\"inLanguage\":\"fr-FR\",\"potentialAction\":[{\"@type\":\"CommentAction\",\"name\":\"Comment\",\"target\":[\"https:\/\/www.africa-press.net\/cotedivoire\/politique\/budget-2026-transports-et-affaires-maritimes-valides#respond\"]}]},{\"@type\":\"WebPage\",\"@id\":\"https:\/\/www.africa-press.net\/cotedivoire\/politique\/budget-2026-transports-et-affaires-maritimes-valides\",\"url\":\"https:\/\/www.africa-press.net\/cotedivoire\/politique\/budget-2026-transports-et-affaires-maritimes-valides\",\"name\":\"Budget 2026: Transports et Affaires Maritimes Valide\u0301s - C\u00f4te d&#039;Ivoire\",\"isPartOf\":{\"@id\":\"https:\/\/www.africa-press.net\/cotedivoire\/#website\"},\"primaryImageOfPage\":{\"@id\":\"https:\/\/www.africa-press.net\/cotedivoire\/politique\/budget-2026-transports-et-affaires-maritimes-valides#primaryimage\"},\"image\":{\"@id\":\"https:\/\/www.africa-press.net\/cotedivoire\/politique\/budget-2026-transports-et-affaires-maritimes-valides#primaryimage\"},\"thumbnailUrl\":\"https:\/\/static.africa-press.net\/cote\/sites\/43\/2025\/11\/sm_1763906248.13966.jpg\",\"datePublished\":\"2025-11-23T17:24:09+00:00\",\"dateModified\":\"2025-11-23T17:28:15+00:00\",\"author\":{\"@id\":\"https:\/\/www.africa-press.net\/cotedivoire\/#\/schema\/person\/2b1cf3cd81a31e3cd26889ca66d677f1\"},\"description\":\"La Commission des Affaires e\u0301conomiques et financie\u0300res (CAEF) du Parlement ivoirien a adopte\u0301 a\u0300 l\u2019unanimite\u0301, au cours ...\",\"breadcrumb\":{\"@id\":\"https:\/\/www.africa-press.net\/cotedivoire\/politique\/budget-2026-transports-et-affaires-maritimes-valides#breadcrumb\"},\"inLanguage\":\"fr-FR\",\"potentialAction\":[{\"@type\":\"ReadAction\",\"target\":[\"https:\/\/www.africa-press.net\/cotedivoire\/politique\/budget-2026-transports-et-affaires-maritimes-valides\"]}]},{\"@type\":\"ImageObject\",\"inLanguage\":\"fr-FR\",\"@id\":\"https:\/\/www.africa-press.net\/cotedivoire\/politique\/budget-2026-transports-et-affaires-maritimes-valides#primaryimage\",\"url\":\"https:\/\/static.africa-press.net\/cote\/sites\/43\/2025\/11\/sm_1763906248.13966.jpg\",\"contentUrl\":\"https:\/\/static.africa-press.net\/cote\/sites\/43\/2025\/11\/sm_1763906248.13966.jpg\",\"width\":720,\"height\":480,\"caption\":\"Budget 2026: Transports et Affaires Maritimes Valide\u0301s\"},{\"@type\":\"BreadcrumbList\",\"@id\":\"https:\/\/www.africa-press.net\/cotedivoire\/politique\/budget-2026-transports-et-affaires-maritimes-valides#breadcrumb\",\"itemListElement\":[{\"@type\":\"ListItem\",\"position\":1,\"name\":\"Accueil\",\"item\":\"https:\/\/www.africa-press.net\/cotedivoire\/\"},{\"@type\":\"ListItem\",\"position\":2,\"name\":\"Budget 2026: Transports et Affaires Maritimes Valide\u0301s\"}]},{\"@type\":\"WebSite\",\"@id\":\"https:\/\/www.africa-press.net\/cotedivoire\/#website\",\"url\":\"https:\/\/www.africa-press.net\/cotedivoire\/\",\"name\":\"C\u00f4te d&#039;Ivoire\",\"description\":\"Just another Africa News Agency Sites site\",\"potentialAction\":[{\"@type\":\"SearchAction\",\"target\":{\"@type\":\"EntryPoint\",\"urlTemplate\":\"https:\/\/www.africa-press.net\/cotedivoire\/?s={search_term_string}\"},\"query-input\":{\"@type\":\"PropertyValueSpecification\",\"valueRequired\":true,\"valueName\":\"search_term_string\"}}],\"inLanguage\":\"fr-FR\"},{\"@type\":\"Person\",\"@id\":\"https:\/\/www.africa-press.net\/cotedivoire\/#\/schema\/person\/2b1cf3cd81a31e3cd26889ca66d677f1\",\"name\":\"cfeditorfr\"}]}<\/script>\n<!-- \/ Yoast SEO Premium plugin. -->","yoast_head_json":{"title":"Budget 2026: Transports et Affaires Maritimes Valide\u0301s - C\u00f4te d&#039;Ivoire","description":"La Commission des Affaires e\u0301conomiques et financie\u0300res (CAEF) du Parlement ivoirien a adopte\u0301 a\u0300 l\u2019unanimite\u0301, au cours ...","robots":{"index":"index","follow":"follow","max-snippet":"max-snippet:-1","max-image-preview":"max-image-preview:large","max-video-preview":"max-video-preview:-1"},"canonical":"https:\/\/www.africa-press.net\/cotedivoire\/politique\/budget-2026-transports-et-affaires-maritimes-valides","og_locale":"fr_FR","og_type":"article","og_title":"Budget 2026: Transports et Affaires Maritimes Valide\u0301s","og_description":"La Commission des Affaires e\u0301conomiques et financie\u0300res (CAEF) du Parlement ivoirien a adopte\u0301 a\u0300 l\u2019unanimite\u0301, au cours ...","og_url":"https:\/\/www.africa-press.net\/cotedivoire\/politique\/budget-2026-transports-et-affaires-maritimes-valides","og_site_name":"C\u00f4te d&#039;Ivoire","article_published_time":"2025-11-23T17:24:09+00:00","article_modified_time":"2025-11-23T17:28:15+00:00","og_image":[{"width":720,"height":480,"url":"https:\/\/static.africa-press.net\/cote\/sites\/43\/2025\/11\/sm_1763906248.13966.jpg","type":"image\/jpeg"}],"author":"cfeditorfr","twitter_card":"summary_large_image","twitter_misc":{"\u00c9crit par":"cfeditorfr","Dur\u00e9e de lecture estim\u00e9e":"5 minutes"},"schema":{"@context":"https:\/\/schema.org","@graph":[{"@type":"Article","@id":"https:\/\/www.africa-press.net\/cotedivoire\/politique\/budget-2026-transports-et-affaires-maritimes-valides#article","isPartOf":{"@id":"https:\/\/www.africa-press.net\/cotedivoire\/politique\/budget-2026-transports-et-affaires-maritimes-valides"},"author":{"name":"cfeditorfr","@id":"https:\/\/www.africa-press.net\/cotedivoire\/#\/schema\/person\/2b1cf3cd81a31e3cd26889ca66d677f1"},"headline":"Budget 2026: Transports et Affaires Maritimes Valide\u0301s","datePublished":"2025-11-23T17:24:09+00:00","dateModified":"2025-11-23T17:28:15+00:00","mainEntityOfPage":{"@id":"https:\/\/www.africa-press.net\/cotedivoire\/politique\/budget-2026-transports-et-affaires-maritimes-valides"},"wordCount":978,"commentCount":0,"image":{"@id":"https:\/\/www.africa-press.net\/cotedivoire\/politique\/budget-2026-transports-et-affaires-maritimes-valides#primaryimage"},"thumbnailUrl":"https:\/\/static.africa-press.net\/cote\/sites\/43\/2025\/11\/sm_1763906248.13966.jpg","keywords":["Budget 2026","C\u00d4TE D'IVOIRE","Economie","Gouvernement","infrastructures","maritime","parlement","Transports"],"articleSection":["Politique","Top Nouvelles","Toutes les actualit\u00e9s"],"inLanguage":"fr-FR","potentialAction":[{"@type":"CommentAction","name":"Comment","target":["https:\/\/www.africa-press.net\/cotedivoire\/politique\/budget-2026-transports-et-affaires-maritimes-valides#respond"]}]},{"@type":"WebPage","@id":"https:\/\/www.africa-press.net\/cotedivoire\/politique\/budget-2026-transports-et-affaires-maritimes-valides","url":"https:\/\/www.africa-press.net\/cotedivoire\/politique\/budget-2026-transports-et-affaires-maritimes-valides","name":"Budget 2026: Transports et Affaires Maritimes Valide\u0301s - C\u00f4te d&#039;Ivoire","isPartOf":{"@id":"https:\/\/www.africa-press.net\/cotedivoire\/#website"},"primaryImageOfPage":{"@id":"https:\/\/www.africa-press.net\/cotedivoire\/politique\/budget-2026-transports-et-affaires-maritimes-valides#primaryimage"},"image":{"@id":"https:\/\/www.africa-press.net\/cotedivoire\/politique\/budget-2026-transports-et-affaires-maritimes-valides#primaryimage"},"thumbnailUrl":"https:\/\/static.africa-press.net\/cote\/sites\/43\/2025\/11\/sm_1763906248.13966.jpg","datePublished":"2025-11-23T17:24:09+00:00","dateModified":"2025-11-23T17:28:15+00:00","author":{"@id":"https:\/\/www.africa-press.net\/cotedivoire\/#\/schema\/person\/2b1cf3cd81a31e3cd26889ca66d677f1"},"description":"La Commission des Affaires e\u0301conomiques et financie\u0300res (CAEF) du Parlement ivoirien a adopte\u0301 a\u0300 l\u2019unanimite\u0301, au cours ...","breadcrumb":{"@id":"https:\/\/www.africa-press.net\/cotedivoire\/politique\/budget-2026-transports-et-affaires-maritimes-valides#breadcrumb"},"inLanguage":"fr-FR","potentialAction":[{"@type":"ReadAction","target":["https:\/\/www.africa-press.net\/cotedivoire\/politique\/budget-2026-transports-et-affaires-maritimes-valides"]}]},{"@type":"ImageObject","inLanguage":"fr-FR","@id":"https:\/\/www.africa-press.net\/cotedivoire\/politique\/budget-2026-transports-et-affaires-maritimes-valides#primaryimage","url":"https:\/\/static.africa-press.net\/cote\/sites\/43\/2025\/11\/sm_1763906248.13966.jpg","contentUrl":"https:\/\/static.africa-press.net\/cote\/sites\/43\/2025\/11\/sm_1763906248.13966.jpg","width":720,"height":480,"caption":"Budget 2026: Transports et Affaires Maritimes Valide\u0301s"},{"@type":"BreadcrumbList","@id":"https:\/\/www.africa-press.net\/cotedivoire\/politique\/budget-2026-transports-et-affaires-maritimes-valides#breadcrumb","itemListElement":[{"@type":"ListItem","position":1,"name":"Accueil","item":"https:\/\/www.africa-press.net\/cotedivoire\/"},{"@type":"ListItem","position":2,"name":"Budget 2026: Transports et Affaires Maritimes Valide\u0301s"}]},{"@type":"WebSite","@id":"https:\/\/www.africa-press.net\/cotedivoire\/#website","url":"https:\/\/www.africa-press.net\/cotedivoire\/","name":"C\u00f4te d&#039;Ivoire","description":"Just another Africa News Agency Sites site","potentialAction":[{"@type":"SearchAction","target":{"@type":"EntryPoint","urlTemplate":"https:\/\/www.africa-press.net\/cotedivoire\/?s={search_term_string}"},"query-input":{"@type":"PropertyValueSpecification","valueRequired":true,"valueName":"search_term_string"}}],"inLanguage":"fr-FR"},{"@type":"Person","@id":"https:\/\/www.africa-press.net\/cotedivoire\/#\/schema\/person\/2b1cf3cd81a31e3cd26889ca66d677f1","name":"cfeditorfr"}]}},"_links":{"self":[{"href":"https:\/\/www.africa-press.net\/cotedivoire\/wp-json\/wp\/v2\/posts\/109168","targetHints":{"allow":["GET"]}}],"collection":[{"href":"https:\/\/www.africa-press.net\/cotedivoire\/wp-json\/wp\/v2\/posts"}],"about":[{"href":"https:\/\/www.africa-press.net\/cotedivoire\/wp-json\/wp\/v2\/types\/post"}],"author":[{"embeddable":true,"href":"https:\/\/www.africa-press.net\/cotedivoire\/wp-json\/wp\/v2\/users\/82"}],"replies":[{"embeddable":true,"href":"https:\/\/www.africa-press.net\/cotedivoire\/wp-json\/wp\/v2\/comments?post=109168"}],"version-history":[{"count":0,"href":"https:\/\/www.africa-press.net\/cotedivoire\/wp-json\/wp\/v2\/posts\/109168\/revisions"}],"wp:featuredmedia":[{"embeddable":true,"href":"https:\/\/www.africa-press.net\/cotedivoire\/wp-json\/wp\/v2\/media\/109167"}],"wp:attachment":[{"href":"https:\/\/www.africa-press.net\/cotedivoire\/wp-json\/wp\/v2\/media?parent=109168"}],"wp:term":[{"taxonomy":"category","embeddable":true,"href":"https:\/\/www.africa-press.net\/cotedivoire\/wp-json\/wp\/v2\/categories?post=109168"},{"taxonomy":"post_tag","embeddable":true,"href":"https:\/\/www.africa-press.net\/cotedivoire\/wp-json\/wp\/v2\/tags?post=109168"}],"curies":[{"name":"wp","href":"https:\/\/api.w.org\/{rel}","templated":true}]}}