{"id":10917,"date":"2021-08-06T11:39:03","date_gmt":"2021-08-06T11:39:03","guid":{"rendered":"https:\/\/www.africa-press.net\/cotedivoire\/?p=10917"},"modified":"2021-08-06T19:04:05","modified_gmt":"2021-08-06T19:04:05","slug":"censures-medias-et-covid-19-mediapart-ne-veut-pas-des-opinions-qui-critiquent-les-vaccins-la-mortalite-et-leurs-efficacites","status":"publish","type":"post","link":"https:\/\/www.africa-press.net\/cotedivoire\/toutes-les-actualites\/censures-medias-et-covid-19-mediapart-ne-veut-pas-des-opinions-qui-critiquent-les-vaccins-la-mortalite-et-leurs-efficacites","title":{"rendered":"Censures, m\u00e9dias et covid-19: M\u00e9diapart ne veut pas des opinions qui critiquent les vaccins, la mortalit\u00e9 et leurs efficacit\u00e9s"},"content":{"rendered":"<p><span style=\"color: #ff6600\"><strong><a href=\"https:\/\/www.africa-press.net\/\">Africa-Press<\/a> &#8211; <a href=\"https:\/\/www.africa-press.net\/cotedivoire\">C\u00f4te d&rsquo;Ivoire<\/a>. <\/strong><\/span>Laurent Mucchielli d\u00e9publi\u00e9 par Mediapart : sa r\u00e9action et son article republi\u00e9<\/p>\n<p><b>La vaccination Covid \u00e0 l\u2019\u00e9preuve des faits. 2\u00e8me partie : une mortalit\u00e9 in\u00e9dite<\/b><\/p>\n<p>-A+ATRIBUNE \u2013 publi\u00e9 originellement le 30 juillet sur le blog de Laurent Mucchielli h\u00e9berg\u00e9 chez M\u00e9diapart, cet article vient d\u2019\u00eatre censur\u00e9 par la r\u00e9daction du site au motif que celui-ci ne respecterait pas la charte, r\u00e9cemment mise \u00e0 jour.<\/p>\n<p><b>\u00ab L\u2019expression libre d\u2019\u00e9ventuels d\u00e9saccords ou divergences doit seulement respecter les r\u00e8gles \u00e9dict\u00e9es dans notre Charte de participation \u00bb<\/b><\/p>\n<p>peut-on lire sur le site de M\u00e9diapart, qui ajoute que la dissonance fait la richesse de M\u00e9diapart et qui d\u2019apr\u00e8s le site est \u00ab le seul dans toute la presse fran\u00e7aise (sic) \u00e0 permettre de le prolonger et de le discuter, de l\u2019interpeller ou de s\u2019en diff\u00e9rencier \u00bb.<\/p>\n<p>Enfin,on peut y lire \u00e0 propos de l\u2019article que \u00ab Non seulement les opinions et positions qu\u2019il y exprime ne sont pas celles de Mediapart \u2013 ce que permet naturellement notre Club participatif, ouvert au d\u00e9bat pluraliste de nos abonn\u00e9\u00b7e\u00b7s dans le respect de notre Charte de participation \u2013, mais de plus elles vont le plus souvent \u00e0 l\u2019encontre du travail de notre r\u00e9daction sur la pand\u00e9mie. \u00bbLa libert\u00e9 d\u2019expression a toujours \u00e9t\u00e9 conditionn\u00e9e au respect des principes \u00e9dict\u00e9s dans la loi. Chez Mediapart, elle semble devenue davantage conditionnelle encore.<\/p>\n<p>Laurent Mucchielli a r\u00e9agi cet apr\u00e8s-midi sur son compte Twitter : \u00ab Certains de mes coll\u00e8gues le redoutaient, je ne voulais pas y croire. Mediapart qui me censure ! C\u2019est un choc. Sachant que je tente depuis des mois d\u2019avoir une vraie discussion avec ses journalistes, qui ne m\u2019ont jamais r\u00e9pondu. Notre travail sera republi\u00e9 ailleurs. Mais quelle tristesse de voir que m\u00eame Mediapart consid\u00e8re qu\u2019il n\u2019y a qu\u2019une seule fa\u00e7on de penser autoris\u00e9e, et qu\u2019\u00e0 la place du d\u00e9bat, on trouve la censure. Pour un journal qui pr\u00f4ne la libert\u00e9 et l\u2019ind\u00e9pendance, cela me semble grave. Et cela fera aussi date. Car nous allons \u00e9videmment continuer \u00e0 publier notre travail critique, n\u2019en d\u00e9plaise au pouvoir politique, \u00e0 sa cour et tous les influenceurs type \u00ab nofakemed \u00bb et cie qui m\u2019attaquent sans rel\u00e2che et qui ont donc r\u00e9ussi \u00e0 faire pression sur Mediapart. Quand viendra \u2013 plus tard \u2013 le temps de la v\u00e9rit\u00e9, que les masques seront tomb\u00e9s, je fais (h\u00e9las) le pari que la r\u00e9daction de Mediapart regrettera d\u2019avoir pr\u00e9f\u00e9r\u00e9 cette censure hautaine au dialogue que je lui propose depuis le mois de mars 2020. \u00bb<\/p>\n<p><b>La vaccination Covid \u00e0 l\u2019\u00e9preuve des faits. Deuxi\u00e8me partie : une mortalit\u00e9 in\u00e9dite<\/b><\/p>\n<p>La pharmacovigilance des vaccins anti-covid est d\u00e9ni\u00e9e car elle menace l\u2019id\u00e9ologie de la vaccination int\u00e9grale port\u00e9e par les industries pharmaceutiques, les gouvernements et les principaux m\u00e9dias. Cette vaccination de masse conduit pourtant \u00e0 une mortalit\u00e9 in\u00e9dite dans l\u2019histoire de la m\u00e9decine moderne. Il y a urgence \u00e0 la suspendre pour \u00e9valuer la balance b\u00e9n\u00e9fice\/risque au cas par cas.<\/p>\n<p>\u00c9pisode 59 (actualis\u00e9 au 01\/08\/2021)<\/p>\n<p>Dans le pr\u00e9c\u00e9dent \u00e9pisode de notre mini-s\u00e9rie sur la vaccination, nous avions montr\u00e9 que les donn\u00e9es \u00e9pid\u00e9miologiques les plus facilement disponibles \u00e0 l\u2019\u00e9chelle mondiale suffisent \u00e0 prouver que la vaccination ne prot\u00e8ge pas de la contamination et de la transmission du Sars-Cov-2, en particulier de l\u2019actuel variant Delta (ou indien), ce qui contredit massivement les d\u00e9clarations r\u00e9p\u00e9t\u00e9es des repr\u00e9sentants du pouvoir ex\u00e9cutif fran\u00e7ais relatives \u00e0 la \u00ab protection vaccinale \u00bb. Aux \u00c9tats-Unis, le directeur du NIAID, Antony Fauci, vient du reste de le reconna\u00eetre publiquement, recommandant m\u00eame le port du masque en int\u00e9rieur par les personnes vaccin\u00e9es. Autre exemple : en Angleterre, les touristes fran\u00e7ais doivent subir une quarantaine m\u00eame s\u2019ils sont vaccin\u00e9s. Il est donc d\u00e9j\u00e0 clair que la vaccination n\u2019est pas la solution miracle annonc\u00e9e pour endiguer l\u2019\u00e9pid\u00e9mie et que le chantage formul\u00e9 par l\u2019ex\u00e9cutif fran\u00e7ais (vaccination g\u00e9n\u00e9rale ou reconfinement) est fond\u00e9 sur un mensonge. Un second mensonge r\u00e9p\u00e9t\u00e9 \u00e0 plusieurs reprises tant par le pr\u00e9sident de la R\u00e9publique, le premier Ministre que le ministre de la Sant\u00e9 (et d\u2019autres \u00e9lus adoptant des postures sanitaires autoritaires, \u00e0 l\u2019image du maire de Nice M. Estrosi) est probablement la pr\u00e9tendue quasi-disparition (\u00ab \u00e0 96% \u00bb) des formes s\u00e9v\u00e8res de la Covid gr\u00e2ce \u00e0 la vaccination. En Isra\u00ebl, un des pays o\u00f9 la population est la plus vaccin\u00e9e au monde, les autorit\u00e9s viennent ainsi de d\u00e9cider de fermer les fronti\u00e8res du pays aux touristes vaccin\u00e9s, indiquant non seulement que la vaccination ne prot\u00e8ge pas de la contamination et de la transmission, mais \u00e9galement que la majorit\u00e9 des personnes hospitalis\u00e9es pour des formes graves sont d\u00e9sormais des personnes vaccin\u00e9es. Tout ceci sugg\u00e8re clairement qu\u2019un gouffre s\u00e9pare le marketing des industriels (repris par la propagande politique) des r\u00e9alit\u00e9s de sant\u00e9 publique. Et c\u2019est \u00e9galement au fond de ce gouffre qu\u2019est pour le moment oubli\u00e9e la question des effets ind\u00e9sirables les plus graves de la vaccination anti-covid, sujet de ce nouvel \u00e9pisode.<\/p>\n<p>Sortir du d\u00e9ni, observer froidement les donn\u00e9es de la pharmacovigilance<\/p>\n<p>Dans un autre pr\u00e9c\u00e9dent \u00e9pisode de notre enqu\u00eate, nous avons montr\u00e9 comment et pourquoi la plupart des journalistes fran\u00e7ais travaillant dans les m\u00e9dias mainstream ont trahi certains principes d\u00e9ontologiques de base de leur profession, n\u2019exer\u00e7ant plus leur r\u00f4le de contre-pouvoir pour devenir au contraire de simples relais de la communication gouvernementale. En cause notamment, la fin du journalisme d\u2019investigation, remplac\u00e9 par un fact-checking de bureau qui n\u2019est plus qu\u2019un simulacre de journalisme. S\u2019agissant de la s\u00e9curit\u00e9 des vaccins anti-covid, le pseudo-journalisme va ainsi chercher \u00e0 d\u00e9nier la r\u00e9alit\u00e9 des effets ind\u00e9sirables, dans la droite ligne du discours gouvernemental. Un exemple parmi de nombreux autres est fourni par les fact-checkers du groupe de t\u00e9l\u00e9vision TFI-LCI qui, depuis janvier 2021, s\u2019\u00e9vertuent \u00e0 d\u00e9nier toute cons\u00e9quences m\u00e9dicales n\u00e9gatives de la vaccination (le dernier article en ce sens est \u00e0 lire ici). L\u2019argument est toujours le m\u00eame, et il est bien connu. Sur tous les sites de pharmacovigilance du monde, on trouve en effet les m\u00eames pr\u00e9cautions d\u2019interpr\u00e9tation indiquant que les d\u00e9clarations d\u2019effets ind\u00e9sirables imput\u00e9es \u00e0 tel ou tel m\u00e9dicament ne sont qu\u2019une pr\u00e9somption de causalit\u00e9 (imputabilit\u00e9). Cette pr\u00e9somption est cependant consid\u00e9rablement renforc\u00e9e lorsque les d\u00e9c\u00e8s surviennent tr\u00e8s rapidement apr\u00e8s la vaccination, ce qui est le cas comme on le verra avec les donn\u00e9es am\u00e9ricaines (la tr\u00e8s grande majorit\u00e9 des d\u00e9c\u00e8s d\u00e9clar\u00e9s sont survenus dans les 48h).<\/p>\n<p>Par ailleurs, ces r\u00e9serves d\u2019interpr\u00e9tation sont \u00e0 appliquer \u00e0 la pharmacovigilance de mani\u00e8re g\u00e9n\u00e9rale, et on verra que la comparaison avec d\u2019autre m\u00e9dicaments montre qu\u2019il se passe bel et bien quelque chose d\u2019in\u00e9dit pour ces vaccins g\u00e9n\u00e9tiques anti-covid. Comme d\u2019habitude, les journalistes sont aveugl\u00e9s par leur d\u00e9pendance au pouvoir politique et aux sources institutionnelles directement li\u00e9es au minist\u00e8re de la Sant\u00e9, et ils font preuve d\u2019un esprit critique \u00e0 g\u00e9om\u00e9trie extr\u00eamement variable. Les m\u00eames pr\u00e9cautions valent en effet, par exemple, pour le comptage des morts imputables \u00e0 la Covid (morts de la Covid ou avec la Covid ?), sujet sur lequel on n\u2019a pourtant quasiment jamais lu d\u2019article critique dans la presse. Autre exemple saisissant de parti-pris : \u00e0 la fin du mois de mars 2020, il avait suffit de 3 cas de d\u00e9c\u00e8s (li\u00e9s en r\u00e9alit\u00e9 \u00e0 des auto-m\u00e9dications surdos\u00e9es) remont\u00e9s par la pharmacovigilance pour d\u00e9clencher en France une temp\u00eate politico-m\u00e9diatique sur le th\u00e8me de la dangerosit\u00e9 de l\u2019hydroxychloroquine. En d\u2019autres termes, pour la plupart des journalistes, les statistiques sanitaires sont indiscutables quand elles vont dans le sens de la narration officielle, mais elles deviennent soudainement discutables lorsqu\u2019elles contredisent cette m\u00eame narration. Cette malhonn\u00eatet\u00e9 intellectuelle devrait sauter aux yeux.<\/p>\n<p>En outre, nous allons voir que, dans certains pays (comme la France mais \u00e9galement les \u00c9tats-Unis), les remont\u00e9es d\u2019informations de pharmacovigilance sur la s\u00e9curit\u00e9 des vaccins anti-covid sont principalement le fait de m\u00e9decins et non de malades. Et nous verrons \u00e9galement qu\u2019elles corroborent largement celles des pays (comme les Pays-Bas) o\u00f9 la d\u00e9claration est principalement le fait des malades. Nous verrons m\u00eame qu\u2019il existe des recherches qui ont test\u00e9 r\u00e9trospectivement la fiabilit\u00e9 de ces d\u00e9clarations, et qui indiquent un haut niveau de fiabilit\u00e9.<\/p>\n<p>A distance de ces jeux de repr\u00e9sentations et de ces arguments d\u2019autorit\u00e9, nous allons donc ici observer froidement les donn\u00e9es de la pharmacovigilance concernant la s\u00e9curit\u00e9 des vaccins anti-covid. Et nous allons le faire dans plusieurs pays afin d\u2019\u00e9chapper au tropisme fran\u00e7ais. On verra alors que, en r\u00e9alit\u00e9, les m\u00eames constats peuvent \u00eatre faits un peu partout dans les pays occidentaux.<\/p>\n<p>Derni\u00e8re pr\u00e9cision avant d\u2019entamer l\u2019examen des chiffres : loin d\u2019exag\u00e9rer les probl\u00e8mes, ces chiffres sont au contraire \u00e0 consid\u00e9rer comme des minima sous-\u00e9valuant la r\u00e9alit\u00e9. En effet, la pharmacovigilance fonctionne presque partout de fa\u00e7on passive (et non pro-active) : les centres d\u00e9di\u00e9s \u00e0 la collecte des effets ind\u00e9sirables des m\u00e9dicaments attendent que les professionnels de sant\u00e9 et les particuliers leur signalent les probl\u00e8mes. Si pour une raison ou une autre (oubli, incertitude, auto-censure, manque de temps ou n\u00e9gligence des m\u00e9decins g\u00e9n\u00e9ralistes ou hospitaliers, isolement du malade qui meurt seul \u00e0 domicile, ignorance du dossier m\u00e9dical de la personne d\u00e9c\u00e9d\u00e9e par le m\u00e9decin \u00e9tablissant le certificat de d\u00e9c\u00e8s, probl\u00e8mes informatiques divers et vari\u00e9s, etc.) les m\u00e9decins ou les malades ne remplissent pas le formulaire de d\u00e9claration d\u2019incident, ce dernier ne sera jamais connu. D\u00e8s lors, la sous-estimation de l\u2019\u00e9tat r\u00e9el des probl\u00e8mes est \u00e0 la fois permanente et massive. Les premi\u00e8res \u00e9tudes fran\u00e7aises, au d\u00e9but des ann\u00e9es 2000, estimaient qu\u2019environ 95% des effets ind\u00e9sirables des m\u00e9dicaments n\u2019\u00e9taient pas rapport\u00e9s. M\u00eame si on peut \u00e9ventuellement faire l\u2019hypoth\u00e8se que la sous-d\u00e9claration concerne surtout les effets ind\u00e9sirables les moins graves, tout ce qui suit doit donc non seulement \u00eatre pris tr\u00e8s au s\u00e9rieux, mais de surcro\u00eet regard\u00e9 comme constituant tr\u00e8s probablement une euph\u00e9misation de la r\u00e9alit\u00e9 des probl\u00e8mes de s\u00e9curit\u00e9 pos\u00e9s par les vaccins anti-covid (comme pour tout autre m\u00e9dicament).<\/p>\n<p>En France, les rapports de l\u2019agence du m\u00e9dicament<\/p>\n<p>En France, l\u2019Agence nationale de s\u00e9curit\u00e9 du m\u00e9dicament (ANSM) publie un \u00ab suivi hebdomadaire des effets ind\u00e9sirables des vaccins \u00bb dont nous avons \u00e9pluch\u00e9 les rapports d\u00e9taill\u00e9s sur chacun des quatre vaccins utilis\u00e9s en France. On va syst\u00e9matiquement y observer ce qui est dit sur les effets \u00ab graves \u00bb (par opposition aux effets non-graves qui sont les petites r\u00e9actions locales imm\u00e9diates \u00e0 l\u2019injection).<\/p>\n<p>Concernant le vaccin d\u2019AstraZeneca, l\u2019ANSM indique que 7,2 millions de doses avaient \u00e9t\u00e9 administr\u00e9es au 08 juillet 2021, majoritairement dans la population cibl\u00e9e par les recommandations vaccinales des plus de 55 ans, mais \u00ab on note n\u00e9anmoins 623 doses trac\u00e9es comme administr\u00e9es chez des patients de moins de 16 ans \u00bb. A la m\u00eame date, plus de 22 071 \u00e9v\u00e8nements ind\u00e9sirables ont \u00e9t\u00e9 d\u00e9clar\u00e9s, exclusivement par des professionnels de sant\u00e9 (on se souvient qu\u2019il leur \u00e9tait r\u00e9serv\u00e9 en priorit\u00e9 au d\u00e9but, conform\u00e9ment \u00e0 la Recommandation de la Haute Autorit\u00e9 de Sant\u00e9 du 2 f\u00e9vrier 2021), dont 5 191 \u00e9v\u00e9nements \u00ab graves \u00bb (soit pr\u00e8s d\u2019un quart du total). Comme l\u2019indique le tableau ci-dessous, ces cas graves concernent toutes les tranches d\u2019\u00e2ge mais sont concentr\u00e9s entre 30 et 74 ans. Parmi ces 5 191 \u00e9v\u00e9nements graves, un quart a n\u00e9cessit\u00e9 une hospitalisation, 247 ont engag\u00e9 le pronostic vital, 121 ont entra\u00een\u00e9 des invalidit\u00e9 ou incapacit\u00e9s et 170 ont conduit \u00e0 la mort.<\/p>\n<p>Concernant le vaccin de Pfizer, plus de 42,5 millions de doses avaient \u00e9t\u00e9 administr\u00e9es au 1er juillet 2021 (dont 700 000 \u00e0 des jeunes de 16 \u00e0 18 ans) et 31 389 cas effets\/\u00e9v\u00e8nements ind\u00e9sirables d\u00e9clar\u00e9s, principalement par les professionnels de sant\u00e9. Parmi eux, 8 689 \u00e9v\u00e9nements \u00ab graves \u00bb survenus \u00e0 partir de l\u2019\u00e2ge de 30 ans (27,7% du total des \u00e9v\u00e9nements ind\u00e9sirables), dont 2 551 mises en jeu du pronostic vital, 460 invalidit\u00e9s ou incapacit\u00e9s et 761 d\u00e9c\u00e8s.Concernant le vaccin de Janssen, l\u2019ANSM indique que 608 489 injections ont eu lieu au 08 juillet 2021, dont 7% de personnes \u00e2g\u00e9es de 16 \u00e0 49 ans et m\u00eame 407 enfants \u00e2g\u00e9s de 0 \u00e0 15 ans, \u00ab contrairement aux recommandations nationales de r\u00e9server ce vaccin aux plus de 55 ans \u00bb ! A la m\u00eame date, 243 \u00e9v\u00e8nements ind\u00e9sirables ont \u00e9t\u00e9 d\u00e9clar\u00e9s, principalement par des professionnels de sant\u00e9. Parmi ces \u00e9v\u00e9nements, on note 39 hospitalisations, 4 pronostics vitaux engag\u00e9s, 1 invalidit\u00e9 ou incapacit\u00e9 et 7 d\u00e9c\u00e8s.<\/p>\n<p>Concernant le vaccin de Moderna, l\u2019ANSM indique que 5,2 millions de doses avaient \u00e9t\u00e9 administr\u00e9es au 08 juillet 2021, dont pr\u00e8s de 53 000 \u00e0 des mineurs. A la m\u00eame date, environ 6 000 \u00e9v\u00e8nements ind\u00e9sirables avaient \u00e9t\u00e9 d\u00e9clar\u00e9s, dont 14,4% de cas graves et autant de \u00ab cas inattendus \u00bb (on ignore h\u00e9las ce que recouvre cette cat\u00e9gorie), signal\u00e9s ici presque autant par les particuliers que par les professionnels de sant\u00e9. Sur les 1 050 \u00e9v\u00e9nements graves, on note 312 hospitalisations, 50 mises en jeu du pronostic vital, 25 incapacit\u00e9s ou invalidit\u00e9s et 44 d\u00e9c\u00e8s (dont quelques cas de morts f\u0153tales). Les principaux probl\u00e8mes constat\u00e9s parmi ces cas graves sont de type h\u00e9matologiques\/vasculaires (thromboses, AVC, embolies pulmonaires), neurologiques (paralysies faciales, convulsions g\u00e9n\u00e9ralis\u00e9es), cardiaques (troubles du rythme, myocardites), \u00e0 quoi s\u2019ajoutent \u00ab 28 morts subites inexpliqu\u00e9es \u00bb.<\/p>\n<p>De quels effets ind\u00e9sirables s\u2019agit-il pr\u00e9cis\u00e9ment ?<\/p>\n<p>Au 8 juillet 2021, au terme d\u2019environ 6 mois de campagne vaccinale, la pharmacovigilance fran\u00e7aise du vaccin AstraZeneca rapporte un total de pr\u00e8s de 43 000 effets\/\u00e9v\u00e8nements ind\u00e9sirables, dont 9 637 (22,5%) class\u00e9s comme \u00ab graves \u00bb. Ces derniers sont des r\u00e9actions imm\u00e9diates \u00e0 la vaccination, des affections du syst\u00e8me nerveux (paralysies notamment), des probl\u00e8mes vasculaires (thromboses, AVC notamment), des probl\u00e8mes respiratoires graves et cardiaques graves, enfin des probl\u00e8mes cutan\u00e9s tr\u00e8s importants, des affections h\u00e9matologiques et des troubles graves de la vision et\/ou de l\u2019audition.<\/p>\n<p>effets-indesirables-astrazeneca.png<\/p>\n<p>CRPV d\u2019Amiens \u2010 CRPV de Rouen, Enqu\u00eate de pharmacovigilance du vaccin VAXZEVRIA\u00ae<\/p>\n<p>La m\u00eame analyse peut \u00eatre faite sur les 4 vaccins qui ont des effets ind\u00e9sirables graves en partie diff\u00e9rents (surtout neurologiques et nerveux pour le Moderna et le Janssen, davantage cardiaques pour le Pfizer).<\/p>\n<p>Enfin, si l\u2019on additionne les cons\u00e9quences les plus graves, mentionn\u00e9s pr\u00e9c\u00e9demment pour chacun des 4 vaccins, l\u2019on parvient au tableau ci-dessous qui livre le constat de plus de 15 000 \u00e9v\u00e9nements ind\u00e9sirables graves, parmi lesquels pr\u00e8s de 1 800 hospitalisations, plus de 2 800 mises en jeu du pronostic vital et pr\u00e8s de 1 000 morts potentiellement li\u00e9s \u00e0 la vaccination anti-covid. Le tout en seulement 6 mois.<\/p>\n<p>Ce que dit la pharmacovigilance dans d\u2019autres pays occidentaux<\/p>\n<p>Au Royaume Uni, le minist\u00e8re de la sant\u00e9 indique que, le 14 juillet 2021, ont \u00e9t\u00e9 administr\u00e9es environ 20 millions de premi\u00e8res doses et 12 millions de deuxi\u00e8mes doses du vaccin Pfizer\/BioNTech, 25 millions de premi\u00e8res doses et 23 millions de deuxi\u00e8mes doses du vaccin AstraZeneca (cette firme pharmaceutique \u00e9tant domicili\u00e9e \u00e0 Londres), et environ 1,3 million de premi\u00e8res doses du vaccin Moderna. Au total, plus de 46 millions de personnes ont re\u00e7u au moins une dose et plus de 35 millions deux doses. Le rapport de pharmacovigilance du 22 juillet commence par indiquer que les vaccins sont s\u00fbrs et fait tout pour appeler \u00e0 la vaccination g\u00e9n\u00e9rale. Le d\u00e9but du rapport officiel signale que les vaccins ont des effets ind\u00e9sirables de court terme qui sont tr\u00e8s peu graves. Par exemple, pour la Pfizer, \u00ab les effets ind\u00e9sirables les plus fr\u00e9quents dans les essais \u00e9taient la douleur au site d\u2019injection, la fatigue, les maux de t\u00eate, les douleurs musculaires, les frissons, les douleurs articulaires et la fi\u00e8vre ; ceux-ci ont \u00e9t\u00e9 signal\u00e9s chacun chez plus de 1 personne sur 10. Ces r\u00e9actions \u00e9taient g\u00e9n\u00e9ralement d\u2019intensit\u00e9 l\u00e9g\u00e8re ou mod\u00e9r\u00e9e et se sont r\u00e9sorb\u00e9es en quelques jours apr\u00e8s la vaccination \u00bb. Certes, le minist\u00e8re pr\u00e9cise aussi avoir enregistr\u00e9 quelques 325 000 signalements d\u2019effets ind\u00e9sirables (dont les deux tiers pour l\u2019AstraZeneca). Mais dans le d\u00e9tail, il pr\u00e9cise que \u00ab l\u2019\u00e9crasante majorit\u00e9 des rapports concernent des r\u00e9actions au site d\u2019injection (douleur au bras par exemple) et des sympt\u00f4mes g\u00e9n\u00e9ralis\u00e9s tels que syndrome \u00ab \u200b\u200bgrippal \u00bb, maux de t\u00eate, frissons, fatigue (fatigue), naus\u00e9es (envie de vomir), fi\u00e8vre, \u00e9tourdissements, faiblesse, douleurs musculaires et rythme cardiaque rapide. G\u00e9n\u00e9ralement, ceux-ci surviennent peu de temps apr\u00e8s la vaccination et ne sont pas associ\u00e9s \u00e0 une maladie plus grave ou plus durable \u00bb. En un mot : tout va bien. Comme en France, le gouvernement anglais mart\u00e8le du reste dans son rapport que \u00ab les vaccins sont le meilleur moyen de prot\u00e9ger les gens contre le COVID-19 et ont d\u00e9j\u00e0 sauv\u00e9 des milliers de vies. Tout le monde doit continuer \u00e0 se faire vacciner lorsqu\u2019on lui demande de le faire, sauf indication contraire \u00bb. Et pourtant. Une fois pass\u00e9e l\u2019introduction \u00e0 la gloire de la vaccination, la seconde partie du rapport d\u00e9taille les effets ind\u00e9sirables : chocs anaphylactiques, paralysie de Bell (paralysie faciale), thromboses (71 d\u00e9c\u00e8s de ce type avec l\u2019AstraZeneca), troubles menstruels et saignements vaginaux, myocardites et p\u00e9ricardites (surtout avec le Pfizer), r\u00e9actions cutan\u00e9es s\u00e9v\u00e8res (surtout avec le Moderna), syndromes de Guillain Barr\u00e9 (surtout avec l\u2019AstraZeneca) et enfin des \u00ab \u00e9v\u00e9nements \u00e0 l\u2019issue fatale \u00bb, c\u2019est-\u00e0-dire des morts. Dans le d\u00e9tail, \u00e0 la date donc du 14 juillet 2021, l\u2019agence britannique reconna\u00eet 999 morts que les d\u00e9clarations lient \u00e0 l\u2019injection du vaccin AstraZeneca, 460 \u00e0 celle du Pfizer et 31 autres, ce qui porte le total \u00e0 pr\u00e8s de 1 500 morts.<\/p>\n<p>Aux Pays-Bas, le centre de pharmacovigilance (bijwerkinden centrum \u2013 LAREB) fait un point mensuel sur la vaccination et ses effets ind\u00e9sirables, ces derniers \u00e9tant principalement signal\u00e9s par les citoyens. Dans sa derni\u00e8re actualisation du 4 juillet 2021, il faisait \u00e9tat de 16,5 millions de doses administr\u00e9es, principalement le Pfizer (11,8 millions de doses, contre 2,8 millions pour AstraZeneca, 1,3 million pour Moderna et 600 000 pour Janssen). A cette date, 93 453 d\u00e9clarations d\u2019effets ind\u00e9sirables avaient \u00e9t\u00e9 remont\u00e9es concernant les cons\u00e9quences de la vaccination anti-covid, parmi lesquels les thromboses dans le cas des vaccins AstraZeneca et Janssen. Enfin, le centre comptait 448 d\u00e9c\u00e8s rapport\u00e9s comme li\u00e9s \u00e0 la vaccination, concernant principalement des personnes \u00e2g\u00e9es et principalement le vaccin Pfizer.<\/p>\n<p>En Europe, le site de pharmacovigilance de l\u2019Agence europ\u00e9enne du m\u00e9dicament est particuli\u00e8rement difficile \u00e0 manier informatiquement, le chargement des donn\u00e9es concernant les vaccins anti-Covid est compliqu\u00e9 \u00e0 trouver et extr\u00eamement long \u00e0 r\u00e9aliser, quand il fonctionne. Deux chercheurs fran\u00e7ais les ont cependant \u00e9tudi\u00e9es patiemment \u00e0 la fin du mois de juin et pr\u00e9sent\u00e9 dans cette vid\u00e9o. A la fin du mois de juin, la pharmacovigilance europ\u00e9enne avait d\u00e9j\u00e0 enregistr\u00e9 environ 9 000 d\u00e9c\u00e8s li\u00e9s \u00e0 la vaccination uniquement pour le vaccin de Pfizer, notamment du fait de complications cardiaques, pulmonaires ou c\u00e9r\u00e9bro-vasculaires, inclues des morts par Covid (un comble pour les vaccins anti-covid\u2026). Par ailleurs, ces donn\u00e9es livrent \u00e9galement un deuxi\u00e8me constat tr\u00e8s pr\u00e9occupant, qui est le fait que ces risques d\u2019effets ind\u00e9sirables graves concernent non seulement les personnes \u00e2g\u00e9es de plus de 65 ans, mais aussi les nourrissons et les adolescents (12-17 ans). En d\u2019autres termes, les vaccins g\u00e9n\u00e9tiques anti-covid utilis\u00e9s en Europe pr\u00e9sentent des risques d\u2019effets ind\u00e9sirables graves (pouvant aller jusqu\u2019\u00e0 la mort) dans des cat\u00e9gories de la population qui ne sont nullement menac\u00e9es par la Covid. Les professionnels de sant\u00e9 du collectif ReinfoCovid et de la Coordination Sant\u00e9 Libre ont ainsi montr\u00e9 que, en dessous de l\u2019\u00e2ge de 45 ans, la balance b\u00e9n\u00e9fice\/risque est tr\u00e8s d\u00e9favorable \u00e0 la vaccination g\u00e9n\u00e9tique anti-covid. Concernant les enfants et les adolescents, elle rel\u00e8ve m\u00eame d\u2019une forme de violence sur mineurs qu\u2019il serait par cons\u00e9quent criminel de g\u00e9n\u00e9raliser. C\u2019est du reste l\u2019occasion de rappeler que l\u2019OMS elle-m\u00eame d\u00e9conseille la vaccination des jeunes, n\u2019en d\u00e9plaise au gouvernement fran\u00e7ais et \u00e0 ses serviteurs (parmi lesquels l\u2019Acad\u00e9mie de m\u00e9decine dont on se souvient du communiqu\u00e9 du 25 mai 2021).<\/p>\n<p>Enfin, aux \u00c9tats-Unis, o\u00f9 la pharmacovigilance (comme la transparence des donn\u00e9es d\u2019administration publique de mani\u00e8re g\u00e9n\u00e9rale) est beaucoup mieux organis\u00e9e et plus contraignante que dans beaucoup de pays europ\u00e9ens, des donn\u00e9es tr\u00e8s pr\u00e9cises peuvent \u00eatre exploit\u00e9es sur le site de la Vaccine Adverse Event Reporting System (VAERS). Et, contrairement \u00e0 l\u2019argument des industriels, r\u00e9p\u00e9t\u00e9s en boucle par les journalistes fran\u00e7ais (\u00e0 l\u2019image des fact-checkers d\u00e9j\u00e0 cit\u00e9s), ces donn\u00e9es sont tr\u00e8s largement fiables. Six chercheurs anglais viennent ainsi d\u2019analyser un \u00e9chantillon de 250 d\u00e9clarations de d\u00e9c\u00e8s attribu\u00e9s aux vaccins anti-covid dans la VAERS. Il en r\u00e9sulte que les deux tiers des d\u00e9clarations ont \u00e9t\u00e9 faites par des m\u00e9decins et qu\u2019elles sont fiables \u00e0 86%. Or le constat qui ressort des donn\u00e9es am\u00e9ricaines est plus saisissant encore. En recherchant dans ces donn\u00e9es les d\u00e9c\u00e8s li\u00e9s \u00e0 la vaccination, il est possible non seulement d\u2019avoir un comptage d\u00e9taill\u00e9 pour chaque vaccin anti-covid, mais de surcro\u00eet de pouvoir comparer ces r\u00e9sultats avec ceux de tous les autres vaccins administr\u00e9s depuis plus de 30 ans dans ce pays. Au 16 juillet 2021, date \u00e0 laquelle 160 millions d\u2019Am\u00e9ricains avaient \u00e9t\u00e9 int\u00e9gralement vaccin\u00e9s, les vaccins anti-covid sont li\u00e9s \u00e0 plus de 6 000 d\u00e9c\u00e8s, 91% d\u2019entre eux \u00e9tant attribuables aux seuls vaccins de Moderna et Pfizer (deux entreprises pharmaceutiques\/biotechnologiques am\u00e9ricaines, Janssen \u00e9tant la filiale belge d\u2019une autre entreprise pharmaceutique am\u00e9ricaine, Johnson &amp; Johnson). Nous avons reconstitu\u00e9 le tableau ci-dessous qui donne le d\u00e9tail de ces chiffres.<\/p>\n<p>mortalite-liee-aux-vaccins-usa.png<\/p>\n<p>Source : VAERS, calcul r\u00e9alis\u00e9 sur les donn\u00e9es datant du 16 juillet 2021<\/p>\n<p>Ces d\u00e9c\u00e8s sont en outre survenus principalement dans les 48h qui ont suivi la vaccination, ce qui renforce consid\u00e9rablement la pr\u00e9somption de causalit\u00e9. Par ailleurs, ces fichiers permettent donc de comparer cette mortalit\u00e9 des vaccins anti-covid \u00e0 la mortalit\u00e9 vaccinale globale dans ce pays depuis 30 ans (concernant des centaines de vaccins). Ce fichier donne un total de 16 605 d\u00e9c\u00e8s pour l\u2019ensemble des vaccins sur toute la p\u00e9riode. A elle seule et en seulement 6 mois, la vaccination anti-covid repr\u00e9sente donc 36% de la totalit\u00e9 de la mortalit\u00e9 vaccinale dans ce pays depuis 30 ans. Par comparaison, dans la m\u00eame base de donn\u00e9es, nous avons compt\u00e9 le nombre de morts occasionn\u00e9s par l\u2019administration des diff\u00e9rents vaccins contre la grippe saisonni\u00e8re (influenza seasonal). En 30 ans (1990-2020), ces vaccins ont occasionn\u00e9 1 106 d\u00e9c\u00e8s, ce qui repr\u00e9sente 6,66% du total de la mortalit\u00e9 vaccinale depuis 30 ans. Une autre fa\u00e7on d\u2019exprimer ces r\u00e9sultats est donc de dire que, aux \u00c9tats-Unis, en 6 mois, la vaccination anti-covid a contribu\u00e9 \u00e0 tuer 5 fois plus de personnes que la vaccination anti-grippe en 30 ans. Ceci confirme d\u2019une autre fa\u00e7on encore que nous sommes bien en pr\u00e9sence de vaccins d\u2019un nouveau genre, dont la dangerosit\u00e9 est in\u00e9dite. Ajoutons enfin que cette dangerosit\u00e9 doit tout particuli\u00e8rement interroger lorsqu\u2019elle concerne des personnes jeunes et qui ne sont donc pas s\u00e9rieusement menac\u00e9es par la Covid. Or, 23,2% du total des morts am\u00e9ricains imput\u00e9s aux vaccins anti-covid et dont l\u2019\u00e2ge est connu avaient moins de 65 ans.<\/p>\n<p>Conclusion<\/p>\n<p>La question des effets ind\u00e9sirables graves des vaccins anti-covid fait l\u2019objet d\u2019un d\u00e9ni et d\u2019un silence de la part du gouvernement et des principales agences sanitaires (Agence nationale de s\u00e9curit\u00e9 du m\u00e9dicament, Haute autorit\u00e9 de sant\u00e9, Haut conseil de sant\u00e9 publique, etc.). Tout se passe comme s\u2019il s\u2019agissait d\u2019un v\u00e9ritable tabou, en France comme dans la plupart des autres pays occidentaux. L\u2019importance de ces effets apporte en effet une contradiction trop flagrante et d\u00e9vastatrice pour l\u2019id\u00e9ologie de la vaccination int\u00e9grale qui guide des gouvernements ayant choisi de s\u2019abandonner dans les bras de l\u2019industrie pharmaceutique. Cette derni\u00e8re est ainsi au c\u0153ur de toute la gestion d\u2019une \u00e9pid\u00e9mie qui constitue pour elle une aubaine in\u00e9dite dans l\u2019histoire : quel produit commercial brevet\u00e9 a pour march\u00e9 potentiel la totalit\u00e9 de l\u2019humanit\u00e9, renouvelable chaque ann\u00e9e qui plus est ? Patrons et actionnaires de ces firmes pharmaceutiques et biotechnologiques sont en train de devenir immens\u00e9ment riches. Au vu de la fa\u00e7on dont ces industries ont travaill\u00e9 (dans l\u2019urgence, pour g\u00e9n\u00e9rer un maximum de profits, sans tester les personnes les plus \u00e0 risque \u2013 \u00e2ge et comorbidit\u00e9s -, \u00e0 grand renfort de formules de type publicitaire), notamment aux \u00c9tats-Unis et en Angleterre, pour mettre au point ces nouveaux vaccins g\u00e9n\u00e9tiques (ADN ou ARN), on pouvait ainsi d\u00e8s le d\u00e9part redouter que ces produits ne soient pas de tr\u00e8s bonne qualit\u00e9. Mais la r\u00e9alit\u00e9 d\u00e9passe ces craintes et montre que ces vaccins ont davantage d\u2019effets ind\u00e9sirables plus ou moins graves qu\u2019aucun autre avant eux. Nous avons vu ainsi qu\u2019aux Pays-Bas l\u2019on parvient \u00e0 un taux de 2,7 morts pour 100 000 vaccin\u00e9s (16,5 millions de vaccin\u00e9s, 448 morts). En France et aux \u00c9tats-Unis, ce taux monte \u00e0 environ 3,7 morts pour 100 000 vaccin\u00e9s. Et en Grande-Bretagne, ce taux grimpe m\u00eame \u00e0 4,3 morts pour 100 000 vaccin\u00e9s, tr\u00e8s probablement en raison de la pr\u00e9pond\u00e9rance du vaccin AstraZeneca que l\u2019on sait depuis le mois de mars 2021 \u00eatre le plus dangereux des quatre vaccins couramment utilis\u00e9s en Occident (en particulier du fait des nombreuses thromboses qu\u2019il provoque et qui commencent \u00e0 \u00eatre document\u00e9es dans la litt\u00e9rature scientifique m\u00e9dicale, voir par exemple ici et l\u00e0), ce qui n\u2019est gu\u00e8re surprenant lorsque l\u2019on conna\u00eet les conditions dans lesquelles il a \u00e9t\u00e9 fabriqu\u00e9 en Chine. Au passage, nous avons \u00e9galement signal\u00e9 que ce fut le premier vaccin administr\u00e9 en France, d\u00e8s f\u00e9vrier 2021, aux professionnels de sant\u00e9. De l\u00e0 une des raisons rationnelles probables de la grande r\u00e9ticence \u00e0 la vaccination anti-covid que manifestent une partie d\u2019entre eux.<\/p>\n<p>Cette mortalit\u00e9 vaccinale (qui n\u2019est que la pointe \u00e9merg\u00e9e de l\u2019iceberg des effets ind\u00e9sirables graves) est donc in\u00e9dite, elle est particuli\u00e8rement grave et sa dissimulation l\u2019est plus encore. Soyons clair : dissimuler d\u2019une fa\u00e7on ou d\u2019une autre un tel danger est tout simplement criminel vis-\u00e0-vis de la population. M\u00eame r\u00e9duite \u00e0 ses plus \u00e9l\u00e9mentaires principes de d\u00e9ontologie (primum non nocere), l\u2019approche de cette question en termes de sant\u00e9 publique devrait conduire \u00e0 suspendre d\u2019urgence la campagne vaccinale, \u00e0 \u00e9tudier beaucoup plus en d\u00e9tail les donn\u00e9es de cette pharmacovigilance (en particulier selon les classes d\u2019\u00e2ge et en fonction des diff\u00e9rents facteurs de risque) et, au terme d\u2019une analyse b\u00e9n\u00e9fices\/risques m\u00e9ticuleuse, \u00e0 d\u00e9terminer \u00e0 quelles cat\u00e9gories bien pr\u00e9cises de la population il est possible de proposer la vaccination sans risque que les effets ind\u00e9sirables graves soient plus nombreux que les formes graves de la Covid dont elle est cens\u00e9e les prot\u00e9ger. Tout autre approche ne rel\u00e8ve pas de la sant\u00e9 publique mais de postures id\u00e9ologiques ou d\u2019un marketing commercial. Et l\u2019histoire a d\u00e9j\u00e0 montr\u00e9 (sur le tabac, sur les pesticides, sur la pollution aux hydrocarbures, etc.) que ces postures et ce marketing \u00e9taient responsables de v\u00e9ritables crimes contre les populations civiles. Qu\u2019ils soient commis au nom du Bien ne devrait en aucun cas aveugler sur leur r\u00e9alit\u00e9 et leur nature. Toutes celles et ceux qui s\u2019y adonnent pourraient \u00eatre d\u00e9sormais consid\u00e9r\u00e9s comme complices de cette nouvelle mortalit\u00e9 vaccinale qui semble in\u00e9dite dans l\u2019histoire de la m\u00e9decine moderne.<\/p>\n<p>A propos des auteurs : Laurent MUCCHIELLI (sociologue, directeur de recherche au CNRS), H\u00e9l\u00e8ne BANOUN (pharmacien biologiste, PhD, ancienne charg\u00e9e de recherches \u00e0 l\u2019INSERM), Emmanuelle DARLES (ma\u00eetresse de conf\u00e9rences en informatique \u00e0 Aix-Marseille Universit\u00e9), \u00c9ric MENAT (docteur en m\u00e9decine, m\u00e9decin g\u00e9n\u00e9raliste), Vincent PAVAN (ma\u00eetre de conf\u00e9rences en math\u00e9matique \u00e0 Aix-Marseille Universit\u00e9) &amp; Amine UMLIL (pharmacien des h\u00f4pitaux, praticien hospitalier, unit\u00e9 de \u00ab pharmacovigilance\/CTIAP (centre territorial d\u2019information ind\u00e9pendante et d\u2019avis pharmaceutiques)\/Coordination des vigilances sanitaires \u00bb du Centre hospitalier de Cholet). Contact : laurent.mucchielli@protonmail.com<\/p>\n<p>&nbsp;<\/p>\n","protected":false},"excerpt":{"rendered":"<p>Africa-Press &#8211; C\u00f4te d&rsquo;Ivoire. Laurent Mucchielli d\u00e9publi\u00e9 par Mediapart : sa r\u00e9action et son article republi\u00e9 La vaccination Covid \u00e0 l\u2019\u00e9preuve des faits. 2\u00e8me partie : une mortalit\u00e9 in\u00e9dite -A+ATRIBUNE \u2013 publi\u00e9 originellement le 30 juillet sur le blog de Laurent Mucchielli h\u00e9berg\u00e9 chez M\u00e9diapart, cet article vient d\u2019\u00eatre censur\u00e9 par la r\u00e9daction du site [&hellip;]<\/p>\n","protected":false},"author":82,"featured_media":10916,"comment_status":"open","ping_status":"closed","sticky":false,"template":"","format":"standard","meta":{"footnotes":""},"categories":[22,11,10],"tags":[56,63,29],"class_list":["post-10917","post","type-post","status-publish","format-standard","has-post-thumbnail","hentry","category-divers","category-homepage-french","category-toutes-les-actualites","tag-africa-press","tag-africa-press-cote-divoire","tag-cote-divoire"],"yoast_head":"<!-- This site is optimized with the Yoast SEO Premium plugin v26.1 (Yoast SEO v27.0) - https:\/\/yoast.com\/product\/yoast-seo-premium-wordpress\/ -->\n<title>Censures, m\u00e9dias et covid-19: M\u00e9diapart ne veut pas des opinions qui critiquent les vaccins, la mortalit\u00e9 et leurs efficacit\u00e9s - C\u00f4te d&#039;Ivoire<\/title>\n<meta name=\"description\" content=\"Laurent Mucchielli d\u00e9publi\u00e9 par Mediapart : sa r\u00e9action et son article republi\u00e9 La vaccination Covid \u00e0 l\u2019\u00e9preuve des ...\" \/>\n<meta name=\"robots\" content=\"index, follow, max-snippet:-1, max-image-preview:large, max-video-preview:-1\" \/>\n<link rel=\"canonical\" href=\"https:\/\/www.africa-press.net\/cotedivoire\/toutes-les-actualites\/censures-medias-et-covid-19-mediapart-ne-veut-pas-des-opinions-qui-critiquent-les-vaccins-la-mortalite-et-leurs-efficacites\" \/>\n<meta property=\"og:locale\" content=\"fr_FR\" \/>\n<meta property=\"og:type\" content=\"article\" \/>\n<meta property=\"og:title\" content=\"Censures, m\u00e9dias et covid-19: M\u00e9diapart ne veut pas des opinions qui critiquent les vaccins, la mortalit\u00e9 et leurs efficacit\u00e9s\" \/>\n<meta property=\"og:description\" content=\"Laurent Mucchielli d\u00e9publi\u00e9 par Mediapart : sa r\u00e9action et son article republi\u00e9 La vaccination Covid \u00e0 l\u2019\u00e9preuve des ...\" \/>\n<meta property=\"og:url\" content=\"https:\/\/www.africa-press.net\/cotedivoire\/toutes-les-actualites\/censures-medias-et-covid-19-mediapart-ne-veut-pas-des-opinions-qui-critiquent-les-vaccins-la-mortalite-et-leurs-efficacites\" \/>\n<meta property=\"og:site_name\" content=\"C\u00f4te d&#039;Ivoire\" \/>\n<meta property=\"article:published_time\" content=\"2021-08-06T11:39:03+00:00\" \/>\n<meta property=\"article:modified_time\" content=\"2021-08-06T19:04:05+00:00\" \/>\n<meta property=\"og:image\" content=\"https:\/\/static.africa-press.net\/cote\/sites\/43\/2021\/08\/img-610d19aae6af0.jpg\" \/>\n\t<meta property=\"og:image:width\" content=\"960\" \/>\n\t<meta property=\"og:image:height\" content=\"614\" \/>\n\t<meta property=\"og:image:type\" content=\"image\/jpeg\" \/>\n<meta name=\"author\" content=\"cfeditorfr\" \/>\n<meta name=\"twitter:card\" content=\"summary_large_image\" \/>\n<meta name=\"twitter:label1\" content=\"\u00c9crit par\" \/>\n\t<meta name=\"twitter:data1\" content=\"cfeditorfr\" \/>\n\t<meta name=\"twitter:label2\" content=\"Dur\u00e9e de lecture estim\u00e9e\" \/>\n\t<meta name=\"twitter:data2\" content=\"25 minutes\" \/>\n<script type=\"application\/ld+json\" class=\"yoast-schema-graph\">{\"@context\":\"https:\/\/schema.org\",\"@graph\":[{\"@type\":\"Article\",\"@id\":\"https:\/\/www.africa-press.net\/cotedivoire\/toutes-les-actualites\/censures-medias-et-covid-19-mediapart-ne-veut-pas-des-opinions-qui-critiquent-les-vaccins-la-mortalite-et-leurs-efficacites#article\",\"isPartOf\":{\"@id\":\"https:\/\/www.africa-press.net\/cotedivoire\/toutes-les-actualites\/censures-medias-et-covid-19-mediapart-ne-veut-pas-des-opinions-qui-critiquent-les-vaccins-la-mortalite-et-leurs-efficacites\"},\"author\":{\"name\":\"cfeditorfr\",\"@id\":\"https:\/\/www.africa-press.net\/cotedivoire\/#\/schema\/person\/2b1cf3cd81a31e3cd26889ca66d677f1\"},\"headline\":\"Censures, m\u00e9dias et covid-19: M\u00e9diapart ne veut pas des opinions qui critiquent les vaccins, la mortalit\u00e9 et leurs efficacit\u00e9s\",\"datePublished\":\"2021-08-06T11:39:03+00:00\",\"dateModified\":\"2021-08-06T19:04:05+00:00\",\"mainEntityOfPage\":{\"@id\":\"https:\/\/www.africa-press.net\/cotedivoire\/toutes-les-actualites\/censures-medias-et-covid-19-mediapart-ne-veut-pas-des-opinions-qui-critiquent-les-vaccins-la-mortalite-et-leurs-efficacites\"},\"wordCount\":5006,\"commentCount\":0,\"image\":{\"@id\":\"https:\/\/www.africa-press.net\/cotedivoire\/toutes-les-actualites\/censures-medias-et-covid-19-mediapart-ne-veut-pas-des-opinions-qui-critiquent-les-vaccins-la-mortalite-et-leurs-efficacites#primaryimage\"},\"thumbnailUrl\":\"https:\/\/static.africa-press.net\/cote\/sites\/43\/2021\/08\/img-610d19aae6af0.jpg\",\"keywords\":[\"Africa Press\",\"Africa Press-C\u00f4te d'Ivoire\",\"C\u00d4TE D'IVOIRE\"],\"articleSection\":[\"Divers\",\"homepage-french\",\"Toutes les actualit\u00e9s\"],\"inLanguage\":\"fr-FR\",\"potentialAction\":[{\"@type\":\"CommentAction\",\"name\":\"Comment\",\"target\":[\"https:\/\/www.africa-press.net\/cotedivoire\/toutes-les-actualites\/censures-medias-et-covid-19-mediapart-ne-veut-pas-des-opinions-qui-critiquent-les-vaccins-la-mortalite-et-leurs-efficacites#respond\"]}]},{\"@type\":\"WebPage\",\"@id\":\"https:\/\/www.africa-press.net\/cotedivoire\/toutes-les-actualites\/censures-medias-et-covid-19-mediapart-ne-veut-pas-des-opinions-qui-critiquent-les-vaccins-la-mortalite-et-leurs-efficacites\",\"url\":\"https:\/\/www.africa-press.net\/cotedivoire\/toutes-les-actualites\/censures-medias-et-covid-19-mediapart-ne-veut-pas-des-opinions-qui-critiquent-les-vaccins-la-mortalite-et-leurs-efficacites\",\"name\":\"Censures, m\u00e9dias et covid-19: M\u00e9diapart ne veut pas des opinions qui critiquent les vaccins, la mortalit\u00e9 et leurs efficacit\u00e9s - C\u00f4te d&#039;Ivoire\",\"isPartOf\":{\"@id\":\"https:\/\/www.africa-press.net\/cotedivoire\/#website\"},\"primaryImageOfPage\":{\"@id\":\"https:\/\/www.africa-press.net\/cotedivoire\/toutes-les-actualites\/censures-medias-et-covid-19-mediapart-ne-veut-pas-des-opinions-qui-critiquent-les-vaccins-la-mortalite-et-leurs-efficacites#primaryimage\"},\"image\":{\"@id\":\"https:\/\/www.africa-press.net\/cotedivoire\/toutes-les-actualites\/censures-medias-et-covid-19-mediapart-ne-veut-pas-des-opinions-qui-critiquent-les-vaccins-la-mortalite-et-leurs-efficacites#primaryimage\"},\"thumbnailUrl\":\"https:\/\/static.africa-press.net\/cote\/sites\/43\/2021\/08\/img-610d19aae6af0.jpg\",\"datePublished\":\"2021-08-06T11:39:03+00:00\",\"dateModified\":\"2021-08-06T19:04:05+00:00\",\"author\":{\"@id\":\"https:\/\/www.africa-press.net\/cotedivoire\/#\/schema\/person\/2b1cf3cd81a31e3cd26889ca66d677f1\"},\"description\":\"Laurent Mucchielli d\u00e9publi\u00e9 par Mediapart : sa r\u00e9action et son article republi\u00e9 La vaccination Covid \u00e0 l\u2019\u00e9preuve des ...\",\"breadcrumb\":{\"@id\":\"https:\/\/www.africa-press.net\/cotedivoire\/toutes-les-actualites\/censures-medias-et-covid-19-mediapart-ne-veut-pas-des-opinions-qui-critiquent-les-vaccins-la-mortalite-et-leurs-efficacites#breadcrumb\"},\"inLanguage\":\"fr-FR\",\"potentialAction\":[{\"@type\":\"ReadAction\",\"target\":[\"https:\/\/www.africa-press.net\/cotedivoire\/toutes-les-actualites\/censures-medias-et-covid-19-mediapart-ne-veut-pas-des-opinions-qui-critiquent-les-vaccins-la-mortalite-et-leurs-efficacites\"]}]},{\"@type\":\"ImageObject\",\"inLanguage\":\"fr-FR\",\"@id\":\"https:\/\/www.africa-press.net\/cotedivoire\/toutes-les-actualites\/censures-medias-et-covid-19-mediapart-ne-veut-pas-des-opinions-qui-critiquent-les-vaccins-la-mortalite-et-leurs-efficacites#primaryimage\",\"url\":\"https:\/\/static.africa-press.net\/cote\/sites\/43\/2021\/08\/img-610d19aae6af0.jpg\",\"contentUrl\":\"https:\/\/static.africa-press.net\/cote\/sites\/43\/2021\/08\/img-610d19aae6af0.jpg\",\"width\":960,\"height\":614,\"caption\":\"Censures, m\u00e9dias et covid-19: M\u00e9diapart ne veut pas des opinions qui critiquent les vaccins, la mortalit\u00e9 et leurs efficacit\u00e9s\"},{\"@type\":\"BreadcrumbList\",\"@id\":\"https:\/\/www.africa-press.net\/cotedivoire\/toutes-les-actualites\/censures-medias-et-covid-19-mediapart-ne-veut-pas-des-opinions-qui-critiquent-les-vaccins-la-mortalite-et-leurs-efficacites#breadcrumb\",\"itemListElement\":[{\"@type\":\"ListItem\",\"position\":1,\"name\":\"Accueil\",\"item\":\"https:\/\/www.africa-press.net\/cotedivoire\/\"},{\"@type\":\"ListItem\",\"position\":2,\"name\":\"Censures, m\u00e9dias et covid-19: M\u00e9diapart ne veut pas des opinions qui critiquent les vaccins, la mortalit\u00e9 et leurs efficacit\u00e9s\"}]},{\"@type\":\"WebSite\",\"@id\":\"https:\/\/www.africa-press.net\/cotedivoire\/#website\",\"url\":\"https:\/\/www.africa-press.net\/cotedivoire\/\",\"name\":\"C\u00f4te d&#039;Ivoire\",\"description\":\"Just another Africa News Agency Sites site\",\"potentialAction\":[{\"@type\":\"SearchAction\",\"target\":{\"@type\":\"EntryPoint\",\"urlTemplate\":\"https:\/\/www.africa-press.net\/cotedivoire\/?s={search_term_string}\"},\"query-input\":{\"@type\":\"PropertyValueSpecification\",\"valueRequired\":true,\"valueName\":\"search_term_string\"}}],\"inLanguage\":\"fr-FR\"},{\"@type\":\"Person\",\"@id\":\"https:\/\/www.africa-press.net\/cotedivoire\/#\/schema\/person\/2b1cf3cd81a31e3cd26889ca66d677f1\",\"name\":\"cfeditorfr\"}]}<\/script>\n<!-- \/ Yoast SEO Premium plugin. -->","yoast_head_json":{"title":"Censures, m\u00e9dias et covid-19: M\u00e9diapart ne veut pas des opinions qui critiquent les vaccins, la mortalit\u00e9 et leurs efficacit\u00e9s - C\u00f4te d&#039;Ivoire","description":"Laurent Mucchielli d\u00e9publi\u00e9 par Mediapart : sa r\u00e9action et son article republi\u00e9 La vaccination Covid \u00e0 l\u2019\u00e9preuve des ...","robots":{"index":"index","follow":"follow","max-snippet":"max-snippet:-1","max-image-preview":"max-image-preview:large","max-video-preview":"max-video-preview:-1"},"canonical":"https:\/\/www.africa-press.net\/cotedivoire\/toutes-les-actualites\/censures-medias-et-covid-19-mediapart-ne-veut-pas-des-opinions-qui-critiquent-les-vaccins-la-mortalite-et-leurs-efficacites","og_locale":"fr_FR","og_type":"article","og_title":"Censures, m\u00e9dias et covid-19: M\u00e9diapart ne veut pas des opinions qui critiquent les vaccins, la mortalit\u00e9 et leurs efficacit\u00e9s","og_description":"Laurent Mucchielli d\u00e9publi\u00e9 par Mediapart : sa r\u00e9action et son article republi\u00e9 La vaccination Covid \u00e0 l\u2019\u00e9preuve des ...","og_url":"https:\/\/www.africa-press.net\/cotedivoire\/toutes-les-actualites\/censures-medias-et-covid-19-mediapart-ne-veut-pas-des-opinions-qui-critiquent-les-vaccins-la-mortalite-et-leurs-efficacites","og_site_name":"C\u00f4te d&#039;Ivoire","article_published_time":"2021-08-06T11:39:03+00:00","article_modified_time":"2021-08-06T19:04:05+00:00","og_image":[{"width":960,"height":614,"url":"https:\/\/static.africa-press.net\/cote\/sites\/43\/2021\/08\/img-610d19aae6af0.jpg","type":"image\/jpeg"}],"author":"cfeditorfr","twitter_card":"summary_large_image","twitter_misc":{"\u00c9crit par":"cfeditorfr","Dur\u00e9e de lecture estim\u00e9e":"25 minutes"},"schema":{"@context":"https:\/\/schema.org","@graph":[{"@type":"Article","@id":"https:\/\/www.africa-press.net\/cotedivoire\/toutes-les-actualites\/censures-medias-et-covid-19-mediapart-ne-veut-pas-des-opinions-qui-critiquent-les-vaccins-la-mortalite-et-leurs-efficacites#article","isPartOf":{"@id":"https:\/\/www.africa-press.net\/cotedivoire\/toutes-les-actualites\/censures-medias-et-covid-19-mediapart-ne-veut-pas-des-opinions-qui-critiquent-les-vaccins-la-mortalite-et-leurs-efficacites"},"author":{"name":"cfeditorfr","@id":"https:\/\/www.africa-press.net\/cotedivoire\/#\/schema\/person\/2b1cf3cd81a31e3cd26889ca66d677f1"},"headline":"Censures, m\u00e9dias et covid-19: M\u00e9diapart ne veut pas des opinions qui critiquent les vaccins, la mortalit\u00e9 et leurs efficacit\u00e9s","datePublished":"2021-08-06T11:39:03+00:00","dateModified":"2021-08-06T19:04:05+00:00","mainEntityOfPage":{"@id":"https:\/\/www.africa-press.net\/cotedivoire\/toutes-les-actualites\/censures-medias-et-covid-19-mediapart-ne-veut-pas-des-opinions-qui-critiquent-les-vaccins-la-mortalite-et-leurs-efficacites"},"wordCount":5006,"commentCount":0,"image":{"@id":"https:\/\/www.africa-press.net\/cotedivoire\/toutes-les-actualites\/censures-medias-et-covid-19-mediapart-ne-veut-pas-des-opinions-qui-critiquent-les-vaccins-la-mortalite-et-leurs-efficacites#primaryimage"},"thumbnailUrl":"https:\/\/static.africa-press.net\/cote\/sites\/43\/2021\/08\/img-610d19aae6af0.jpg","keywords":["Africa Press","Africa Press-C\u00f4te d'Ivoire","C\u00d4TE D'IVOIRE"],"articleSection":["Divers","homepage-french","Toutes les actualit\u00e9s"],"inLanguage":"fr-FR","potentialAction":[{"@type":"CommentAction","name":"Comment","target":["https:\/\/www.africa-press.net\/cotedivoire\/toutes-les-actualites\/censures-medias-et-covid-19-mediapart-ne-veut-pas-des-opinions-qui-critiquent-les-vaccins-la-mortalite-et-leurs-efficacites#respond"]}]},{"@type":"WebPage","@id":"https:\/\/www.africa-press.net\/cotedivoire\/toutes-les-actualites\/censures-medias-et-covid-19-mediapart-ne-veut-pas-des-opinions-qui-critiquent-les-vaccins-la-mortalite-et-leurs-efficacites","url":"https:\/\/www.africa-press.net\/cotedivoire\/toutes-les-actualites\/censures-medias-et-covid-19-mediapart-ne-veut-pas-des-opinions-qui-critiquent-les-vaccins-la-mortalite-et-leurs-efficacites","name":"Censures, m\u00e9dias et covid-19: M\u00e9diapart ne veut pas des opinions qui critiquent les vaccins, la mortalit\u00e9 et leurs efficacit\u00e9s - C\u00f4te d&#039;Ivoire","isPartOf":{"@id":"https:\/\/www.africa-press.net\/cotedivoire\/#website"},"primaryImageOfPage":{"@id":"https:\/\/www.africa-press.net\/cotedivoire\/toutes-les-actualites\/censures-medias-et-covid-19-mediapart-ne-veut-pas-des-opinions-qui-critiquent-les-vaccins-la-mortalite-et-leurs-efficacites#primaryimage"},"image":{"@id":"https:\/\/www.africa-press.net\/cotedivoire\/toutes-les-actualites\/censures-medias-et-covid-19-mediapart-ne-veut-pas-des-opinions-qui-critiquent-les-vaccins-la-mortalite-et-leurs-efficacites#primaryimage"},"thumbnailUrl":"https:\/\/static.africa-press.net\/cote\/sites\/43\/2021\/08\/img-610d19aae6af0.jpg","datePublished":"2021-08-06T11:39:03+00:00","dateModified":"2021-08-06T19:04:05+00:00","author":{"@id":"https:\/\/www.africa-press.net\/cotedivoire\/#\/schema\/person\/2b1cf3cd81a31e3cd26889ca66d677f1"},"description":"Laurent Mucchielli d\u00e9publi\u00e9 par Mediapart : sa r\u00e9action et son article republi\u00e9 La vaccination Covid \u00e0 l\u2019\u00e9preuve des ...","breadcrumb":{"@id":"https:\/\/www.africa-press.net\/cotedivoire\/toutes-les-actualites\/censures-medias-et-covid-19-mediapart-ne-veut-pas-des-opinions-qui-critiquent-les-vaccins-la-mortalite-et-leurs-efficacites#breadcrumb"},"inLanguage":"fr-FR","potentialAction":[{"@type":"ReadAction","target":["https:\/\/www.africa-press.net\/cotedivoire\/toutes-les-actualites\/censures-medias-et-covid-19-mediapart-ne-veut-pas-des-opinions-qui-critiquent-les-vaccins-la-mortalite-et-leurs-efficacites"]}]},{"@type":"ImageObject","inLanguage":"fr-FR","@id":"https:\/\/www.africa-press.net\/cotedivoire\/toutes-les-actualites\/censures-medias-et-covid-19-mediapart-ne-veut-pas-des-opinions-qui-critiquent-les-vaccins-la-mortalite-et-leurs-efficacites#primaryimage","url":"https:\/\/static.africa-press.net\/cote\/sites\/43\/2021\/08\/img-610d19aae6af0.jpg","contentUrl":"https:\/\/static.africa-press.net\/cote\/sites\/43\/2021\/08\/img-610d19aae6af0.jpg","width":960,"height":614,"caption":"Censures, m\u00e9dias et covid-19: M\u00e9diapart ne veut pas des opinions qui critiquent les vaccins, la mortalit\u00e9 et leurs efficacit\u00e9s"},{"@type":"BreadcrumbList","@id":"https:\/\/www.africa-press.net\/cotedivoire\/toutes-les-actualites\/censures-medias-et-covid-19-mediapart-ne-veut-pas-des-opinions-qui-critiquent-les-vaccins-la-mortalite-et-leurs-efficacites#breadcrumb","itemListElement":[{"@type":"ListItem","position":1,"name":"Accueil","item":"https:\/\/www.africa-press.net\/cotedivoire\/"},{"@type":"ListItem","position":2,"name":"Censures, m\u00e9dias et covid-19: M\u00e9diapart ne veut pas des opinions qui critiquent les vaccins, la mortalit\u00e9 et leurs efficacit\u00e9s"}]},{"@type":"WebSite","@id":"https:\/\/www.africa-press.net\/cotedivoire\/#website","url":"https:\/\/www.africa-press.net\/cotedivoire\/","name":"C\u00f4te d&#039;Ivoire","description":"Just another Africa News Agency Sites site","potentialAction":[{"@type":"SearchAction","target":{"@type":"EntryPoint","urlTemplate":"https:\/\/www.africa-press.net\/cotedivoire\/?s={search_term_string}"},"query-input":{"@type":"PropertyValueSpecification","valueRequired":true,"valueName":"search_term_string"}}],"inLanguage":"fr-FR"},{"@type":"Person","@id":"https:\/\/www.africa-press.net\/cotedivoire\/#\/schema\/person\/2b1cf3cd81a31e3cd26889ca66d677f1","name":"cfeditorfr"}]}},"_links":{"self":[{"href":"https:\/\/www.africa-press.net\/cotedivoire\/wp-json\/wp\/v2\/posts\/10917","targetHints":{"allow":["GET"]}}],"collection":[{"href":"https:\/\/www.africa-press.net\/cotedivoire\/wp-json\/wp\/v2\/posts"}],"about":[{"href":"https:\/\/www.africa-press.net\/cotedivoire\/wp-json\/wp\/v2\/types\/post"}],"author":[{"embeddable":true,"href":"https:\/\/www.africa-press.net\/cotedivoire\/wp-json\/wp\/v2\/users\/82"}],"replies":[{"embeddable":true,"href":"https:\/\/www.africa-press.net\/cotedivoire\/wp-json\/wp\/v2\/comments?post=10917"}],"version-history":[{"count":0,"href":"https:\/\/www.africa-press.net\/cotedivoire\/wp-json\/wp\/v2\/posts\/10917\/revisions"}],"wp:featuredmedia":[{"embeddable":true,"href":"https:\/\/www.africa-press.net\/cotedivoire\/wp-json\/wp\/v2\/media\/10916"}],"wp:attachment":[{"href":"https:\/\/www.africa-press.net\/cotedivoire\/wp-json\/wp\/v2\/media?parent=10917"}],"wp:term":[{"taxonomy":"category","embeddable":true,"href":"https:\/\/www.africa-press.net\/cotedivoire\/wp-json\/wp\/v2\/categories?post=10917"},{"taxonomy":"post_tag","embeddable":true,"href":"https:\/\/www.africa-press.net\/cotedivoire\/wp-json\/wp\/v2\/tags?post=10917"}],"curies":[{"name":"wp","href":"https:\/\/api.w.org\/{rel}","templated":true}]}}