{"id":109173,"date":"2025-11-23T17:24:41","date_gmt":"2025-11-23T17:24:41","guid":{"rendered":"https:\/\/www.africa-press.net\/cotedivoire\/politique\/koua-justin-charge-indisciplines-apres-sanctions-ppa-ci"},"modified":"2025-11-24T13:44:05","modified_gmt":"2025-11-24T13:44:05","slug":"koua-justin-charge-indisciplines-apres-sanctions-ppa-ci","status":"publish","type":"post","link":"https:\/\/www.africa-press.net\/cotedivoire\/politique\/koua-justin-charge-indisciplines-apres-sanctions-ppa-ci","title":{"rendered":"Koua Justin Charge Indisciplin\u00e9s Apr\u00e8s Sanctions PPA-CI"},"content":{"rendered":"<p><span style=\"color: #ff6600\"><strong>Africa-Press &#8211; C\u00f4te d&rsquo;Ivoire. <\/strong><\/span>Le Parti des Peuples Africains \u2013 Co\u0302te d&rsquo;Ivoire (PPA-CI) traverse une pe\u0301riode de tensions internes marque\u0301e par la re\u0301volte de certains cadres qui contestent les de\u0301cisions prises par la direction du parti.<\/p>\n<p>Apre\u0300s la sanction inflige\u0301e a\u0300 plus d&rsquo;une vingtaine de cadres du PPA-CI qui ont de\u0301cide\u0301 de participer aux e\u0301lections le\u0301gislatives en violation a\u0300 la de\u0301cision de Gbagbo, Justin Koua, Secre\u0301taire Ge\u0301ne\u0301ral Adjoint du PPA-CI, n\u2019a pas manque\u0301 de rappeler l\u2019importance du respect des re\u0300gles au sein de toute organisation politique.<\/p>\n<p>Dans ses de\u0301clarations, M. Koua a souligne\u0301 que, dans un parti politique se\u0301rieux, la discipline est une valeur fondamentale. Selon lui, il est de la responsabilite\u0301 des dirigeants de veiller a\u0300 ce que cette discipline soit scrupuleusement respecte\u0301e. Pour lui, cette vigilance n\u2019a rien de personnel, mais se pose comme une exigence pour garantir la cohe\u0301sion et l&rsquo;efficacite\u0301 du mouvement.<\/p>\n<p>\u00ab\u00a0C&rsquo;est de la Responsabilite\u0301 d&rsquo;un Parti Politique se\u0301rieux de veiller au respect de la discipline en son sein. C\u0327a se fait contre personne. C\u0327a se fait contre l&rsquo;indiscipline.<\/p>\n<p>Sans discipline, pas de victoire possible\u00a0\u00bb, a-t-il affirme\u0301.<\/p>\n<p>Ce rappel intervient dans un contexte ou\u0300 plusieurs membres du PPA-CI ont exprime\u0301 leur de\u0301saccord avec certaines lignes de conduite adopte\u0301es par le parti. Certains d&rsquo;entre eux estiment que les de\u0301cisions prises ne refle\u0300tent pas toujours les attentes et les aspirations de la base militante.<\/p>\n<p>Pour Koua Justin, cependant, ces dissensions ne doivent pas e\u0302tre vues comme des manquements a\u0300 la liberte\u0301 d&rsquo;expression ou a\u0300 l&rsquo;opinion, mais pluto\u0302t comme une mise en danger de la solidarite\u0301 interne et de l&rsquo;unite\u0301 du groupe. La discipline, selon lui, ne doit pas e\u0302tre perc\u0327ue comme une contrainte, mais comme un vecteur de force pour atteindre les objectifs politiques et sociaux du parti.<\/p>\n<p>Dans cette optique, le Secre\u0301taire Ge\u0301ne\u0301ral Adjoint a affirme\u0301 que la prise de de\u0301cision au sein du PPA-CI doit toujours se faire dans le respect des structures du parti. La ligne politique doit e\u0302tre suivie sans compromis, et ceux qui de\u0301vient de cette ligne, me\u0302me s&rsquo;ils occupent des postes de responsabilite\u0301, risquent de perdre leur place. Ce principe, a-t-il ajoute\u0301, est essentiel pour pre\u0301server l&rsquo;unite\u0301 et la cohe\u0301sion qui sont au c\u0153ur de la re\u0301ussite du PPA-CI. Un parti politique qui n\u2019est pas capable d\u2019assurer une discipline interne solide et de maintenir ses membres dans une me\u0302me vision se condamne a\u0300 l\u2019e\u0301clatement et a\u0300 la division.<\/p>\n<p>En conclusion, Koua Justin a insiste\u0301 sur le fait que les de\u0301fis internes ne doivent pas de\u0301tourner l\u2019attention des ve\u0301ritables enjeux politiques. L\u2019objectif reste de rassembler les Ivoiriens autour d\u2019un projet commun, et pour ce faire, la discipline est indispensable. Si certains cadres ne peuvent plus se conformer a\u0300 cette exigence, il faudra prendre les mesures ne\u0301cessaires pour garantir la survie et la prospe\u0301rite\u0301 du PPA-CI.<\/p>\n<p><strong>Pour plus d&rsquo;informations et d&rsquo;analyses sur la <span style=\"color: #ff6600\">C\u00f4te d&rsquo;Ivoire<\/span>, suivez <span style=\"color: #ff6600\">Africa-Press<\/span><\/strong><\/p>\n","protected":false},"excerpt":{"rendered":"<p>Africa-Press &#8211; C\u00f4te d&rsquo;Ivoire. Le Parti des Peuples Africains \u2013 Co\u0302te d&rsquo;Ivoire (PPA-CI) traverse une pe\u0301riode de tensions internes marque\u0301e par la re\u0301volte de certains cadres qui contestent les de\u0301cisions prises par la direction du parti. Apre\u0300s la sanction inflige\u0301e a\u0300 plus d&rsquo;une vingtaine de cadres du PPA-CI qui ont de\u0301cide\u0301 de participer aux e\u0301lections [&hellip;]<\/p>\n","protected":false},"author":82,"featured_media":109172,"comment_status":"open","ping_status":"closed","sticky":false,"template":"","format":"standard","meta":{"footnotes":""},"categories":[2,10],"tags":[29,14567,320,10655,19363,363,60,1952],"class_list":["post-109173","post","type-post","status-publish","format-standard","has-post-thumbnail","hentry","category-politique","category-toutes-les-actualites","tag-cote-divoire","tag-discipline","tag-gbagbo","tag-koua","tag-legislative","tag-parti","tag-politique","tag-ppa-ci"],"yoast_head":"<!-- This site is optimized with the Yoast SEO Premium plugin v26.1 (Yoast SEO v27.0) - https:\/\/yoast.com\/product\/yoast-seo-premium-wordpress\/ -->\n<title>Koua Justin Charge Indisciplin\u00e9s Apr\u00e8s Sanctions PPA-CI - C\u00f4te d&#039;Ivoire<\/title>\n<meta name=\"description\" content=\"Le Parti des Peuples Africains \u2013 Co\u0302te d&#039;Ivoire (PPA-CI) traverse une pe\u0301riode de tensions internes marque\u0301e par la re\u0301v ...\" \/>\n<meta name=\"robots\" content=\"index, follow, max-snippet:-1, max-image-preview:large, max-video-preview:-1\" \/>\n<link rel=\"canonical\" href=\"https:\/\/www.africa-press.net\/cotedivoire\/politique\/koua-justin-charge-indisciplines-apres-sanctions-ppa-ci\" \/>\n<meta property=\"og:locale\" content=\"fr_FR\" \/>\n<meta property=\"og:type\" content=\"article\" \/>\n<meta property=\"og:title\" content=\"Koua Justin Charge Indisciplin\u00e9s Apr\u00e8s Sanctions PPA-CI\" \/>\n<meta property=\"og:description\" content=\"Le Parti des Peuples Africains \u2013 Co\u0302te d&#039;Ivoire (PPA-CI) traverse une pe\u0301riode de tensions internes marque\u0301e par la re\u0301v ...\" \/>\n<meta property=\"og:url\" content=\"https:\/\/www.africa-press.net\/cotedivoire\/politique\/koua-justin-charge-indisciplines-apres-sanctions-ppa-ci\" \/>\n<meta property=\"og:site_name\" content=\"C\u00f4te d&#039;Ivoire\" \/>\n<meta property=\"article:published_time\" content=\"2025-11-23T17:24:41+00:00\" \/>\n<meta property=\"article:modified_time\" content=\"2025-11-24T13:44:05+00:00\" \/>\n<meta property=\"og:image\" content=\"https:\/\/static.africa-press.net\/cote\/sites\/43\/2025\/11\/sm_1763906274.590852.jpg\" \/>\n\t<meta property=\"og:image:width\" content=\"720\" \/>\n\t<meta property=\"og:image:height\" content=\"476\" \/>\n\t<meta property=\"og:image:type\" content=\"image\/jpeg\" \/>\n<meta name=\"author\" content=\"cfeditorfr\" \/>\n<meta name=\"twitter:card\" content=\"summary_large_image\" \/>\n<meta name=\"twitter:label1\" content=\"\u00c9crit par\" \/>\n\t<meta name=\"twitter:data1\" content=\"cfeditorfr\" \/>\n\t<meta name=\"twitter:label2\" content=\"Dur\u00e9e de lecture estim\u00e9e\" \/>\n\t<meta name=\"twitter:data2\" content=\"3 minutes\" \/>\n<script type=\"application\/ld+json\" class=\"yoast-schema-graph\">{\"@context\":\"https:\/\/schema.org\",\"@graph\":[{\"@type\":\"Article\",\"@id\":\"https:\/\/www.africa-press.net\/cotedivoire\/politique\/koua-justin-charge-indisciplines-apres-sanctions-ppa-ci#article\",\"isPartOf\":{\"@id\":\"https:\/\/www.africa-press.net\/cotedivoire\/politique\/koua-justin-charge-indisciplines-apres-sanctions-ppa-ci\"},\"author\":{\"name\":\"cfeditorfr\",\"@id\":\"https:\/\/www.africa-press.net\/cotedivoire\/#\/schema\/person\/2b1cf3cd81a31e3cd26889ca66d677f1\"},\"headline\":\"Koua Justin Charge Indisciplin\u00e9s Apr\u00e8s Sanctions PPA-CI\",\"datePublished\":\"2025-11-23T17:24:41+00:00\",\"dateModified\":\"2025-11-24T13:44:05+00:00\",\"mainEntityOfPage\":{\"@id\":\"https:\/\/www.africa-press.net\/cotedivoire\/politique\/koua-justin-charge-indisciplines-apres-sanctions-ppa-ci\"},\"wordCount\":557,\"commentCount\":0,\"image\":{\"@id\":\"https:\/\/www.africa-press.net\/cotedivoire\/politique\/koua-justin-charge-indisciplines-apres-sanctions-ppa-ci#primaryimage\"},\"thumbnailUrl\":\"https:\/\/static.africa-press.net\/cote\/sites\/43\/2025\/11\/sm_1763906274.590852.jpg\",\"keywords\":[\"C\u00d4TE D'IVOIRE\",\"Discipline\",\"Gbagbo\",\"Koua\",\"l\u00e9gislative\",\"Parti\",\"Politique\",\"PPA-CI\"],\"articleSection\":[\"Politique\",\"Toutes les actualit\u00e9s\"],\"inLanguage\":\"fr-FR\",\"potentialAction\":[{\"@type\":\"CommentAction\",\"name\":\"Comment\",\"target\":[\"https:\/\/www.africa-press.net\/cotedivoire\/politique\/koua-justin-charge-indisciplines-apres-sanctions-ppa-ci#respond\"]}]},{\"@type\":\"WebPage\",\"@id\":\"https:\/\/www.africa-press.net\/cotedivoire\/politique\/koua-justin-charge-indisciplines-apres-sanctions-ppa-ci\",\"url\":\"https:\/\/www.africa-press.net\/cotedivoire\/politique\/koua-justin-charge-indisciplines-apres-sanctions-ppa-ci\",\"name\":\"Koua Justin Charge Indisciplin\u00e9s Apr\u00e8s Sanctions PPA-CI - C\u00f4te d&#039;Ivoire\",\"isPartOf\":{\"@id\":\"https:\/\/www.africa-press.net\/cotedivoire\/#website\"},\"primaryImageOfPage\":{\"@id\":\"https:\/\/www.africa-press.net\/cotedivoire\/politique\/koua-justin-charge-indisciplines-apres-sanctions-ppa-ci#primaryimage\"},\"image\":{\"@id\":\"https:\/\/www.africa-press.net\/cotedivoire\/politique\/koua-justin-charge-indisciplines-apres-sanctions-ppa-ci#primaryimage\"},\"thumbnailUrl\":\"https:\/\/static.africa-press.net\/cote\/sites\/43\/2025\/11\/sm_1763906274.590852.jpg\",\"datePublished\":\"2025-11-23T17:24:41+00:00\",\"dateModified\":\"2025-11-24T13:44:05+00:00\",\"author\":{\"@id\":\"https:\/\/www.africa-press.net\/cotedivoire\/#\/schema\/person\/2b1cf3cd81a31e3cd26889ca66d677f1\"},\"description\":\"Le Parti des Peuples Africains \u2013 Co\u0302te d'Ivoire (PPA-CI) traverse une pe\u0301riode de tensions internes marque\u0301e par la re\u0301v ...\",\"breadcrumb\":{\"@id\":\"https:\/\/www.africa-press.net\/cotedivoire\/politique\/koua-justin-charge-indisciplines-apres-sanctions-ppa-ci#breadcrumb\"},\"inLanguage\":\"fr-FR\",\"potentialAction\":[{\"@type\":\"ReadAction\",\"target\":[\"https:\/\/www.africa-press.net\/cotedivoire\/politique\/koua-justin-charge-indisciplines-apres-sanctions-ppa-ci\"]}]},{\"@type\":\"ImageObject\",\"inLanguage\":\"fr-FR\",\"@id\":\"https:\/\/www.africa-press.net\/cotedivoire\/politique\/koua-justin-charge-indisciplines-apres-sanctions-ppa-ci#primaryimage\",\"url\":\"https:\/\/static.africa-press.net\/cote\/sites\/43\/2025\/11\/sm_1763906274.590852.jpg\",\"contentUrl\":\"https:\/\/static.africa-press.net\/cote\/sites\/43\/2025\/11\/sm_1763906274.590852.jpg\",\"width\":720,\"height\":476,\"caption\":\"Koua Justin Charge Indisciplin\u00e9s Apr\u00e8s Sanctions PPA-CI\"},{\"@type\":\"BreadcrumbList\",\"@id\":\"https:\/\/www.africa-press.net\/cotedivoire\/politique\/koua-justin-charge-indisciplines-apres-sanctions-ppa-ci#breadcrumb\",\"itemListElement\":[{\"@type\":\"ListItem\",\"position\":1,\"name\":\"Accueil\",\"item\":\"https:\/\/www.africa-press.net\/cotedivoire\/\"},{\"@type\":\"ListItem\",\"position\":2,\"name\":\"Koua Justin Charge Indisciplin\u00e9s Apr\u00e8s Sanctions PPA-CI\"}]},{\"@type\":\"WebSite\",\"@id\":\"https:\/\/www.africa-press.net\/cotedivoire\/#website\",\"url\":\"https:\/\/www.africa-press.net\/cotedivoire\/\",\"name\":\"C\u00f4te d&#039;Ivoire\",\"description\":\"Just another Africa News Agency Sites site\",\"potentialAction\":[{\"@type\":\"SearchAction\",\"target\":{\"@type\":\"EntryPoint\",\"urlTemplate\":\"https:\/\/www.africa-press.net\/cotedivoire\/?s={search_term_string}\"},\"query-input\":{\"@type\":\"PropertyValueSpecification\",\"valueRequired\":true,\"valueName\":\"search_term_string\"}}],\"inLanguage\":\"fr-FR\"},{\"@type\":\"Person\",\"@id\":\"https:\/\/www.africa-press.net\/cotedivoire\/#\/schema\/person\/2b1cf3cd81a31e3cd26889ca66d677f1\",\"name\":\"cfeditorfr\"}]}<\/script>\n<!-- \/ Yoast SEO Premium plugin. -->","yoast_head_json":{"title":"Koua Justin Charge Indisciplin\u00e9s Apr\u00e8s Sanctions PPA-CI - C\u00f4te d&#039;Ivoire","description":"Le Parti des Peuples Africains \u2013 Co\u0302te d'Ivoire (PPA-CI) traverse une pe\u0301riode de tensions internes marque\u0301e par la re\u0301v ...","robots":{"index":"index","follow":"follow","max-snippet":"max-snippet:-1","max-image-preview":"max-image-preview:large","max-video-preview":"max-video-preview:-1"},"canonical":"https:\/\/www.africa-press.net\/cotedivoire\/politique\/koua-justin-charge-indisciplines-apres-sanctions-ppa-ci","og_locale":"fr_FR","og_type":"article","og_title":"Koua Justin Charge Indisciplin\u00e9s Apr\u00e8s Sanctions PPA-CI","og_description":"Le Parti des Peuples Africains \u2013 Co\u0302te d'Ivoire (PPA-CI) traverse une pe\u0301riode de tensions internes marque\u0301e par la re\u0301v ...","og_url":"https:\/\/www.africa-press.net\/cotedivoire\/politique\/koua-justin-charge-indisciplines-apres-sanctions-ppa-ci","og_site_name":"C\u00f4te d&#039;Ivoire","article_published_time":"2025-11-23T17:24:41+00:00","article_modified_time":"2025-11-24T13:44:05+00:00","og_image":[{"width":720,"height":476,"url":"https:\/\/static.africa-press.net\/cote\/sites\/43\/2025\/11\/sm_1763906274.590852.jpg","type":"image\/jpeg"}],"author":"cfeditorfr","twitter_card":"summary_large_image","twitter_misc":{"\u00c9crit par":"cfeditorfr","Dur\u00e9e de lecture estim\u00e9e":"3 minutes"},"schema":{"@context":"https:\/\/schema.org","@graph":[{"@type":"Article","@id":"https:\/\/www.africa-press.net\/cotedivoire\/politique\/koua-justin-charge-indisciplines-apres-sanctions-ppa-ci#article","isPartOf":{"@id":"https:\/\/www.africa-press.net\/cotedivoire\/politique\/koua-justin-charge-indisciplines-apres-sanctions-ppa-ci"},"author":{"name":"cfeditorfr","@id":"https:\/\/www.africa-press.net\/cotedivoire\/#\/schema\/person\/2b1cf3cd81a31e3cd26889ca66d677f1"},"headline":"Koua Justin Charge Indisciplin\u00e9s Apr\u00e8s Sanctions PPA-CI","datePublished":"2025-11-23T17:24:41+00:00","dateModified":"2025-11-24T13:44:05+00:00","mainEntityOfPage":{"@id":"https:\/\/www.africa-press.net\/cotedivoire\/politique\/koua-justin-charge-indisciplines-apres-sanctions-ppa-ci"},"wordCount":557,"commentCount":0,"image":{"@id":"https:\/\/www.africa-press.net\/cotedivoire\/politique\/koua-justin-charge-indisciplines-apres-sanctions-ppa-ci#primaryimage"},"thumbnailUrl":"https:\/\/static.africa-press.net\/cote\/sites\/43\/2025\/11\/sm_1763906274.590852.jpg","keywords":["C\u00d4TE D'IVOIRE","Discipline","Gbagbo","Koua","l\u00e9gislative","Parti","Politique","PPA-CI"],"articleSection":["Politique","Toutes les actualit\u00e9s"],"inLanguage":"fr-FR","potentialAction":[{"@type":"CommentAction","name":"Comment","target":["https:\/\/www.africa-press.net\/cotedivoire\/politique\/koua-justin-charge-indisciplines-apres-sanctions-ppa-ci#respond"]}]},{"@type":"WebPage","@id":"https:\/\/www.africa-press.net\/cotedivoire\/politique\/koua-justin-charge-indisciplines-apres-sanctions-ppa-ci","url":"https:\/\/www.africa-press.net\/cotedivoire\/politique\/koua-justin-charge-indisciplines-apres-sanctions-ppa-ci","name":"Koua Justin Charge Indisciplin\u00e9s Apr\u00e8s Sanctions PPA-CI - C\u00f4te d&#039;Ivoire","isPartOf":{"@id":"https:\/\/www.africa-press.net\/cotedivoire\/#website"},"primaryImageOfPage":{"@id":"https:\/\/www.africa-press.net\/cotedivoire\/politique\/koua-justin-charge-indisciplines-apres-sanctions-ppa-ci#primaryimage"},"image":{"@id":"https:\/\/www.africa-press.net\/cotedivoire\/politique\/koua-justin-charge-indisciplines-apres-sanctions-ppa-ci#primaryimage"},"thumbnailUrl":"https:\/\/static.africa-press.net\/cote\/sites\/43\/2025\/11\/sm_1763906274.590852.jpg","datePublished":"2025-11-23T17:24:41+00:00","dateModified":"2025-11-24T13:44:05+00:00","author":{"@id":"https:\/\/www.africa-press.net\/cotedivoire\/#\/schema\/person\/2b1cf3cd81a31e3cd26889ca66d677f1"},"description":"Le Parti des Peuples Africains \u2013 Co\u0302te d'Ivoire (PPA-CI) traverse une pe\u0301riode de tensions internes marque\u0301e par la re\u0301v ...","breadcrumb":{"@id":"https:\/\/www.africa-press.net\/cotedivoire\/politique\/koua-justin-charge-indisciplines-apres-sanctions-ppa-ci#breadcrumb"},"inLanguage":"fr-FR","potentialAction":[{"@type":"ReadAction","target":["https:\/\/www.africa-press.net\/cotedivoire\/politique\/koua-justin-charge-indisciplines-apres-sanctions-ppa-ci"]}]},{"@type":"ImageObject","inLanguage":"fr-FR","@id":"https:\/\/www.africa-press.net\/cotedivoire\/politique\/koua-justin-charge-indisciplines-apres-sanctions-ppa-ci#primaryimage","url":"https:\/\/static.africa-press.net\/cote\/sites\/43\/2025\/11\/sm_1763906274.590852.jpg","contentUrl":"https:\/\/static.africa-press.net\/cote\/sites\/43\/2025\/11\/sm_1763906274.590852.jpg","width":720,"height":476,"caption":"Koua Justin Charge Indisciplin\u00e9s Apr\u00e8s Sanctions PPA-CI"},{"@type":"BreadcrumbList","@id":"https:\/\/www.africa-press.net\/cotedivoire\/politique\/koua-justin-charge-indisciplines-apres-sanctions-ppa-ci#breadcrumb","itemListElement":[{"@type":"ListItem","position":1,"name":"Accueil","item":"https:\/\/www.africa-press.net\/cotedivoire\/"},{"@type":"ListItem","position":2,"name":"Koua Justin Charge Indisciplin\u00e9s Apr\u00e8s Sanctions PPA-CI"}]},{"@type":"WebSite","@id":"https:\/\/www.africa-press.net\/cotedivoire\/#website","url":"https:\/\/www.africa-press.net\/cotedivoire\/","name":"C\u00f4te d&#039;Ivoire","description":"Just another Africa News Agency Sites site","potentialAction":[{"@type":"SearchAction","target":{"@type":"EntryPoint","urlTemplate":"https:\/\/www.africa-press.net\/cotedivoire\/?s={search_term_string}"},"query-input":{"@type":"PropertyValueSpecification","valueRequired":true,"valueName":"search_term_string"}}],"inLanguage":"fr-FR"},{"@type":"Person","@id":"https:\/\/www.africa-press.net\/cotedivoire\/#\/schema\/person\/2b1cf3cd81a31e3cd26889ca66d677f1","name":"cfeditorfr"}]}},"_links":{"self":[{"href":"https:\/\/www.africa-press.net\/cotedivoire\/wp-json\/wp\/v2\/posts\/109173","targetHints":{"allow":["GET"]}}],"collection":[{"href":"https:\/\/www.africa-press.net\/cotedivoire\/wp-json\/wp\/v2\/posts"}],"about":[{"href":"https:\/\/www.africa-press.net\/cotedivoire\/wp-json\/wp\/v2\/types\/post"}],"author":[{"embeddable":true,"href":"https:\/\/www.africa-press.net\/cotedivoire\/wp-json\/wp\/v2\/users\/82"}],"replies":[{"embeddable":true,"href":"https:\/\/www.africa-press.net\/cotedivoire\/wp-json\/wp\/v2\/comments?post=109173"}],"version-history":[{"count":0,"href":"https:\/\/www.africa-press.net\/cotedivoire\/wp-json\/wp\/v2\/posts\/109173\/revisions"}],"wp:featuredmedia":[{"embeddable":true,"href":"https:\/\/www.africa-press.net\/cotedivoire\/wp-json\/wp\/v2\/media\/109172"}],"wp:attachment":[{"href":"https:\/\/www.africa-press.net\/cotedivoire\/wp-json\/wp\/v2\/media?parent=109173"}],"wp:term":[{"taxonomy":"category","embeddable":true,"href":"https:\/\/www.africa-press.net\/cotedivoire\/wp-json\/wp\/v2\/categories?post=109173"},{"taxonomy":"post_tag","embeddable":true,"href":"https:\/\/www.africa-press.net\/cotedivoire\/wp-json\/wp\/v2\/tags?post=109173"}],"curies":[{"name":"wp","href":"https:\/\/api.w.org\/{rel}","templated":true}]}}