{"id":109189,"date":"2025-11-24T14:05:56","date_gmt":"2025-11-24T14:05:56","guid":{"rendered":"https:\/\/www.africa-press.net\/cotedivoire\/politique\/ajuci-renforce-sa-presence-a-abobo-pour-rhdp-2025"},"modified":"2025-11-24T14:23:04","modified_gmt":"2025-11-24T14:23:04","slug":"ajuci-renforce-sa-presence-a-abobo-pour-rhdp-2025","status":"publish","type":"post","link":"https:\/\/www.africa-press.net\/cotedivoire\/politique\/ajuci-renforce-sa-presence-a-abobo-pour-rhdp-2025","title":{"rendered":"AjuCI Renforce Sa Pr\u00e9sence \u00c0 Abobo Pour RHDP 2025"},"content":{"rendered":"<p><span style=\"color: #ff6600\"><strong>Africa-Press &#8211; C\u00f4te d&rsquo;Ivoire. <\/strong><\/span>A\u0300 l\u2019approche des e\u0301lections le\u0301gislatives du 27 de\u0301cembre 2025, l\u2019Alliance de la jeunesse unie de Co\u0302te d\u2019Ivoire (AJUCI) intensifie ses actions sur le terrain pour soutenir les candidats du Rassemblement des houphoue\u0308tistes pour la de\u0301mocratie et la paix (RHDP). Fide\u0300le a\u0300 sa matrice d\u2019action et a\u0300 son engagement aux co\u0302te\u0301s du pre\u0301sident Alassane Ouattara, le mouvement a organise\u0301, le samedi 22 novembre 2025, une importante double ce\u0301re\u0301monie dans la commune d\u2019Abobo.<\/p>\n<p>Conduite par son pre\u0301sident national, le Dr Zanga Coulibaly, l\u2019Ajuci a officiellement proce\u0301de\u0301 a\u0300 l\u2019installation de sa coordination communale au Centre d\u2019actions culturelles d\u2019Abobo. L\u2019e\u0301ve\u0300nement s\u2019est de\u0301roule\u0301 en pre\u0301sence de plusieurs personnalite\u0301s, dont Kouya Gne\u0301pa, alias Gbi de Fer, repre\u0301sentant le ministre d\u2019E\u0301tat, ministre de la De\u0301fense, Te\u0301ne\u0301 Birahima Ouattara, ainsi que l\u2019honorable Kone\u0301 Tehfour.<\/p>\n<p>Nomme\u0301 coordonnateur communal, Ulrich N\u2019Drin Abraham a rec\u0327u ses attributs et a de\u0301clare\u0301 assumer pleinement ses nouvelles responsabilite\u0301s. De\u0301termine\u0301 a\u0300 jouer un ro\u0302le majeur dans la mobilisation e\u0301lectorale, il a affirme\u0301 sa volonte\u0301 d\u2019\u0153uvrer sans rela\u0302che aux co\u0302te\u0301s des candidats officiels du RHDP.<\/p>\n<p>\u00ab Nous serons pre\u0301sents sur le terrain, encore plus motive\u0301s que lors des dernie\u0300res pre\u0301sidentielles \u00bb, a-t-il assure\u0301, exprimant sa gratitude envers ses colle\u0300gues, son pe\u0300re pre\u0301sent dans la salle, et surtout son mentor, le Dr Zanga Coulibaly, pour son soutien constant et son leadership.<\/p>\n<p>Dans son intervention, le pre\u0301sident national de l\u2019Ajuci a rappele\u0301 l\u2019importance de cette investiture, ve\u0301ritable feuille de route confie\u0301e au nouveau coordonnateur. Il a souligne\u0301 que le choix d\u2019Ulrich N\u2019drin repose sur ses qualite\u0301s humaines, son attachement aux valeurs de l\u2019Ajuci et du Rhdp, ainsi que sur sa capacite\u0301 a\u0300 fe\u0301de\u0301rer la jeunesse d\u2019Abobo.<\/p>\n<p>\u00ab Le pre\u0301sident de la Re\u0301publique aime Abobo, et en envoyant un ministre d\u2019E\u0301tat, il montre toute l\u2019attention porte\u0301e a\u0300 cette commune. Te\u0301ne\u0301 Birahima Ouattara incarne un nouvel espoir pour Abobo. C\u2019est pourquoi je vous invite a\u0300 l\u2019accompagner pleinement dans la bataille des le\u0301gislatives \u00bb, a-t-il insiste\u0301.<\/p>\n<p>Le Dr Coulibaly a e\u0301galement exhorte\u0301 les militants a\u0300 concentrer leurs efforts sur les candidats officiellement investis par la haute direction du Rhdp, en prenant leurs distances avec les candidatures inde\u0301pendantes issues du parti.<\/p>\n<p>Satisfait de la mobilisation et de la structuration du mouvement jeune, Kouya Gne\u0301pa, repre\u0301sentant du candidat te\u0302te de liste, a adresse\u0301 ses be\u0301ne\u0301dictions a\u0300 la nouvelle coordination. Il a salue\u0301 l\u2019engagement de l\u2019Ajuci et encourage\u0301 ses membres a\u0300 demeurer actifs aux co\u0302te\u0301s du Rhdp pour assurer une victoire e\u0301clatante a\u0300 Abobo.<\/p>\n<p>Par cette ce\u0301re\u0301monie, l\u2019Ajuci confirme une fois encore son ro\u0302le strate\u0301gique au sein de la dynamique politique du Rhdp et son implication dans la re\u0301ussite des prochaines e\u0301che\u0301ances e\u0301lectorales.<\/p>\n<p><strong>Pour plus d&rsquo;informations et d&rsquo;analyses sur la <span style=\"color: #ff6600\">C\u00f4te d&rsquo;Ivoire<\/span>, suivez <span style=\"color: #ff6600\">Africa-Press<\/span><\/strong><\/p>\n","protected":false},"excerpt":{"rendered":"<p>Africa-Press &#8211; C\u00f4te d&rsquo;Ivoire. A\u0300 l\u2019approche des e\u0301lections le\u0301gislatives du 27 de\u0301cembre 2025, l\u2019Alliance de la jeunesse unie de Co\u0302te d\u2019Ivoire (AJUCI) intensifie ses actions sur le terrain pour soutenir les candidats du Rassemblement des houphoue\u0308tistes pour la de\u0301mocratie et la paix (RHDP). Fide\u0300le a\u0300 sa matrice d\u2019action et a\u0300 son engagement aux co\u0302te\u0301s du [&hellip;]<\/p>\n","protected":false},"author":82,"featured_media":109188,"comment_status":"open","ping_status":"closed","sticky":false,"template":"","format":"standard","meta":{"footnotes":""},"categories":[2,10],"tags":[787,15747,3204,29,19356,60,371,650],"class_list":["post-109189","post","type-post","status-publish","format-standard","has-post-thumbnail","hentry","category-politique","category-toutes-les-actualites","tag-abobo","tag-ajuci","tag-alliance","tag-cote-divoire","tag-legislatives-2025","tag-politique","tag-rhdp","tag-tene-birahima"],"yoast_head":"<!-- This site is optimized with the Yoast SEO Premium plugin v26.1 (Yoast SEO v27.0) - https:\/\/yoast.com\/product\/yoast-seo-premium-wordpress\/ -->\n<title>AjuCI Renforce Sa Pr\u00e9sence \u00c0 Abobo Pour RHDP 2025 - C\u00f4te d&#039;Ivoire<\/title>\n<meta name=\"description\" content=\"A\u0300 l\u2019approche des e\u0301lections le\u0301gislatives du 27 de\u0301cembre 2025, l\u2019Alliance de la jeunesse unie de Co\u0302te d\u2019Ivoire (AJUCI ...\" \/>\n<meta name=\"robots\" content=\"index, follow, max-snippet:-1, max-image-preview:large, max-video-preview:-1\" \/>\n<link rel=\"canonical\" href=\"https:\/\/www.africa-press.net\/cotedivoire\/politique\/ajuci-renforce-sa-presence-a-abobo-pour-rhdp-2025\" \/>\n<meta property=\"og:locale\" content=\"fr_FR\" \/>\n<meta property=\"og:type\" content=\"article\" \/>\n<meta property=\"og:title\" content=\"AjuCI Renforce Sa Pr\u00e9sence \u00c0 Abobo Pour RHDP 2025\" \/>\n<meta property=\"og:description\" content=\"A\u0300 l\u2019approche des e\u0301lections le\u0301gislatives du 27 de\u0301cembre 2025, l\u2019Alliance de la jeunesse unie de Co\u0302te d\u2019Ivoire (AJUCI ...\" \/>\n<meta property=\"og:url\" content=\"https:\/\/www.africa-press.net\/cotedivoire\/politique\/ajuci-renforce-sa-presence-a-abobo-pour-rhdp-2025\" \/>\n<meta property=\"og:site_name\" content=\"C\u00f4te d&#039;Ivoire\" \/>\n<meta property=\"article:published_time\" content=\"2025-11-24T14:05:56+00:00\" \/>\n<meta property=\"article:modified_time\" content=\"2025-11-24T14:23:04+00:00\" \/>\n<meta property=\"og:image\" content=\"https:\/\/static.africa-press.net\/cote\/sites\/43\/2025\/11\/sm_1763981561.273274.jpg\" \/>\n\t<meta property=\"og:image:width\" content=\"720\" \/>\n\t<meta property=\"og:image:height\" content=\"324\" \/>\n\t<meta property=\"og:image:type\" content=\"image\/jpeg\" \/>\n<meta name=\"author\" content=\"cfeditorfr\" \/>\n<meta name=\"twitter:card\" content=\"summary_large_image\" \/>\n<meta name=\"twitter:label1\" content=\"\u00c9crit par\" \/>\n\t<meta name=\"twitter:data1\" content=\"cfeditorfr\" \/>\n\t<meta name=\"twitter:label2\" content=\"Dur\u00e9e de lecture estim\u00e9e\" \/>\n\t<meta name=\"twitter:data2\" content=\"3 minutes\" \/>\n<script type=\"application\/ld+json\" class=\"yoast-schema-graph\">{\"@context\":\"https:\/\/schema.org\",\"@graph\":[{\"@type\":\"Article\",\"@id\":\"https:\/\/www.africa-press.net\/cotedivoire\/politique\/ajuci-renforce-sa-presence-a-abobo-pour-rhdp-2025#article\",\"isPartOf\":{\"@id\":\"https:\/\/www.africa-press.net\/cotedivoire\/politique\/ajuci-renforce-sa-presence-a-abobo-pour-rhdp-2025\"},\"author\":{\"name\":\"cfeditorfr\",\"@id\":\"https:\/\/www.africa-press.net\/cotedivoire\/#\/schema\/person\/2b1cf3cd81a31e3cd26889ca66d677f1\"},\"headline\":\"AjuCI Renforce Sa Pr\u00e9sence \u00c0 Abobo Pour RHDP 2025\",\"datePublished\":\"2025-11-24T14:05:56+00:00\",\"dateModified\":\"2025-11-24T14:23:04+00:00\",\"mainEntityOfPage\":{\"@id\":\"https:\/\/www.africa-press.net\/cotedivoire\/politique\/ajuci-renforce-sa-presence-a-abobo-pour-rhdp-2025\"},\"wordCount\":548,\"commentCount\":0,\"image\":{\"@id\":\"https:\/\/www.africa-press.net\/cotedivoire\/politique\/ajuci-renforce-sa-presence-a-abobo-pour-rhdp-2025#primaryimage\"},\"thumbnailUrl\":\"https:\/\/static.africa-press.net\/cote\/sites\/43\/2025\/11\/sm_1763981561.273274.jpg\",\"keywords\":[\"Abobo\",\"AJUCI\",\"alliance\",\"C\u00d4TE D'IVOIRE\",\"L\u00e9gislatives 2025\",\"Politique\",\"RHDP\",\"T\u00e9n\u00e9 Birahima\"],\"articleSection\":[\"Politique\",\"Toutes les actualit\u00e9s\"],\"inLanguage\":\"fr-FR\",\"potentialAction\":[{\"@type\":\"CommentAction\",\"name\":\"Comment\",\"target\":[\"https:\/\/www.africa-press.net\/cotedivoire\/politique\/ajuci-renforce-sa-presence-a-abobo-pour-rhdp-2025#respond\"]}]},{\"@type\":\"WebPage\",\"@id\":\"https:\/\/www.africa-press.net\/cotedivoire\/politique\/ajuci-renforce-sa-presence-a-abobo-pour-rhdp-2025\",\"url\":\"https:\/\/www.africa-press.net\/cotedivoire\/politique\/ajuci-renforce-sa-presence-a-abobo-pour-rhdp-2025\",\"name\":\"AjuCI Renforce Sa Pr\u00e9sence \u00c0 Abobo Pour RHDP 2025 - C\u00f4te d&#039;Ivoire\",\"isPartOf\":{\"@id\":\"https:\/\/www.africa-press.net\/cotedivoire\/#website\"},\"primaryImageOfPage\":{\"@id\":\"https:\/\/www.africa-press.net\/cotedivoire\/politique\/ajuci-renforce-sa-presence-a-abobo-pour-rhdp-2025#primaryimage\"},\"image\":{\"@id\":\"https:\/\/www.africa-press.net\/cotedivoire\/politique\/ajuci-renforce-sa-presence-a-abobo-pour-rhdp-2025#primaryimage\"},\"thumbnailUrl\":\"https:\/\/static.africa-press.net\/cote\/sites\/43\/2025\/11\/sm_1763981561.273274.jpg\",\"datePublished\":\"2025-11-24T14:05:56+00:00\",\"dateModified\":\"2025-11-24T14:23:04+00:00\",\"author\":{\"@id\":\"https:\/\/www.africa-press.net\/cotedivoire\/#\/schema\/person\/2b1cf3cd81a31e3cd26889ca66d677f1\"},\"description\":\"A\u0300 l\u2019approche des e\u0301lections le\u0301gislatives du 27 de\u0301cembre 2025, l\u2019Alliance de la jeunesse unie de Co\u0302te d\u2019Ivoire (AJUCI ...\",\"breadcrumb\":{\"@id\":\"https:\/\/www.africa-press.net\/cotedivoire\/politique\/ajuci-renforce-sa-presence-a-abobo-pour-rhdp-2025#breadcrumb\"},\"inLanguage\":\"fr-FR\",\"potentialAction\":[{\"@type\":\"ReadAction\",\"target\":[\"https:\/\/www.africa-press.net\/cotedivoire\/politique\/ajuci-renforce-sa-presence-a-abobo-pour-rhdp-2025\"]}]},{\"@type\":\"ImageObject\",\"inLanguage\":\"fr-FR\",\"@id\":\"https:\/\/www.africa-press.net\/cotedivoire\/politique\/ajuci-renforce-sa-presence-a-abobo-pour-rhdp-2025#primaryimage\",\"url\":\"https:\/\/static.africa-press.net\/cote\/sites\/43\/2025\/11\/sm_1763981561.273274.jpg\",\"contentUrl\":\"https:\/\/static.africa-press.net\/cote\/sites\/43\/2025\/11\/sm_1763981561.273274.jpg\",\"width\":720,\"height\":324,\"caption\":\"AjuCI Renforce Sa Pr\u00e9sence \u00c0 Abobo Pour RHDP 2025\"},{\"@type\":\"BreadcrumbList\",\"@id\":\"https:\/\/www.africa-press.net\/cotedivoire\/politique\/ajuci-renforce-sa-presence-a-abobo-pour-rhdp-2025#breadcrumb\",\"itemListElement\":[{\"@type\":\"ListItem\",\"position\":1,\"name\":\"Accueil\",\"item\":\"https:\/\/www.africa-press.net\/cotedivoire\/\"},{\"@type\":\"ListItem\",\"position\":2,\"name\":\"AjuCI Renforce Sa Pr\u00e9sence \u00c0 Abobo Pour RHDP 2025\"}]},{\"@type\":\"WebSite\",\"@id\":\"https:\/\/www.africa-press.net\/cotedivoire\/#website\",\"url\":\"https:\/\/www.africa-press.net\/cotedivoire\/\",\"name\":\"C\u00f4te d&#039;Ivoire\",\"description\":\"Just another Africa News Agency Sites site\",\"potentialAction\":[{\"@type\":\"SearchAction\",\"target\":{\"@type\":\"EntryPoint\",\"urlTemplate\":\"https:\/\/www.africa-press.net\/cotedivoire\/?s={search_term_string}\"},\"query-input\":{\"@type\":\"PropertyValueSpecification\",\"valueRequired\":true,\"valueName\":\"search_term_string\"}}],\"inLanguage\":\"fr-FR\"},{\"@type\":\"Person\",\"@id\":\"https:\/\/www.africa-press.net\/cotedivoire\/#\/schema\/person\/2b1cf3cd81a31e3cd26889ca66d677f1\",\"name\":\"cfeditorfr\"}]}<\/script>\n<!-- \/ Yoast SEO Premium plugin. -->","yoast_head_json":{"title":"AjuCI Renforce Sa Pr\u00e9sence \u00c0 Abobo Pour RHDP 2025 - C\u00f4te d&#039;Ivoire","description":"A\u0300 l\u2019approche des e\u0301lections le\u0301gislatives du 27 de\u0301cembre 2025, l\u2019Alliance de la jeunesse unie de Co\u0302te d\u2019Ivoire (AJUCI ...","robots":{"index":"index","follow":"follow","max-snippet":"max-snippet:-1","max-image-preview":"max-image-preview:large","max-video-preview":"max-video-preview:-1"},"canonical":"https:\/\/www.africa-press.net\/cotedivoire\/politique\/ajuci-renforce-sa-presence-a-abobo-pour-rhdp-2025","og_locale":"fr_FR","og_type":"article","og_title":"AjuCI Renforce Sa Pr\u00e9sence \u00c0 Abobo Pour RHDP 2025","og_description":"A\u0300 l\u2019approche des e\u0301lections le\u0301gislatives du 27 de\u0301cembre 2025, l\u2019Alliance de la jeunesse unie de Co\u0302te d\u2019Ivoire (AJUCI ...","og_url":"https:\/\/www.africa-press.net\/cotedivoire\/politique\/ajuci-renforce-sa-presence-a-abobo-pour-rhdp-2025","og_site_name":"C\u00f4te d&#039;Ivoire","article_published_time":"2025-11-24T14:05:56+00:00","article_modified_time":"2025-11-24T14:23:04+00:00","og_image":[{"width":720,"height":324,"url":"https:\/\/static.africa-press.net\/cote\/sites\/43\/2025\/11\/sm_1763981561.273274.jpg","type":"image\/jpeg"}],"author":"cfeditorfr","twitter_card":"summary_large_image","twitter_misc":{"\u00c9crit par":"cfeditorfr","Dur\u00e9e de lecture estim\u00e9e":"3 minutes"},"schema":{"@context":"https:\/\/schema.org","@graph":[{"@type":"Article","@id":"https:\/\/www.africa-press.net\/cotedivoire\/politique\/ajuci-renforce-sa-presence-a-abobo-pour-rhdp-2025#article","isPartOf":{"@id":"https:\/\/www.africa-press.net\/cotedivoire\/politique\/ajuci-renforce-sa-presence-a-abobo-pour-rhdp-2025"},"author":{"name":"cfeditorfr","@id":"https:\/\/www.africa-press.net\/cotedivoire\/#\/schema\/person\/2b1cf3cd81a31e3cd26889ca66d677f1"},"headline":"AjuCI Renforce Sa Pr\u00e9sence \u00c0 Abobo Pour RHDP 2025","datePublished":"2025-11-24T14:05:56+00:00","dateModified":"2025-11-24T14:23:04+00:00","mainEntityOfPage":{"@id":"https:\/\/www.africa-press.net\/cotedivoire\/politique\/ajuci-renforce-sa-presence-a-abobo-pour-rhdp-2025"},"wordCount":548,"commentCount":0,"image":{"@id":"https:\/\/www.africa-press.net\/cotedivoire\/politique\/ajuci-renforce-sa-presence-a-abobo-pour-rhdp-2025#primaryimage"},"thumbnailUrl":"https:\/\/static.africa-press.net\/cote\/sites\/43\/2025\/11\/sm_1763981561.273274.jpg","keywords":["Abobo","AJUCI","alliance","C\u00d4TE D'IVOIRE","L\u00e9gislatives 2025","Politique","RHDP","T\u00e9n\u00e9 Birahima"],"articleSection":["Politique","Toutes les actualit\u00e9s"],"inLanguage":"fr-FR","potentialAction":[{"@type":"CommentAction","name":"Comment","target":["https:\/\/www.africa-press.net\/cotedivoire\/politique\/ajuci-renforce-sa-presence-a-abobo-pour-rhdp-2025#respond"]}]},{"@type":"WebPage","@id":"https:\/\/www.africa-press.net\/cotedivoire\/politique\/ajuci-renforce-sa-presence-a-abobo-pour-rhdp-2025","url":"https:\/\/www.africa-press.net\/cotedivoire\/politique\/ajuci-renforce-sa-presence-a-abobo-pour-rhdp-2025","name":"AjuCI Renforce Sa Pr\u00e9sence \u00c0 Abobo Pour RHDP 2025 - C\u00f4te d&#039;Ivoire","isPartOf":{"@id":"https:\/\/www.africa-press.net\/cotedivoire\/#website"},"primaryImageOfPage":{"@id":"https:\/\/www.africa-press.net\/cotedivoire\/politique\/ajuci-renforce-sa-presence-a-abobo-pour-rhdp-2025#primaryimage"},"image":{"@id":"https:\/\/www.africa-press.net\/cotedivoire\/politique\/ajuci-renforce-sa-presence-a-abobo-pour-rhdp-2025#primaryimage"},"thumbnailUrl":"https:\/\/static.africa-press.net\/cote\/sites\/43\/2025\/11\/sm_1763981561.273274.jpg","datePublished":"2025-11-24T14:05:56+00:00","dateModified":"2025-11-24T14:23:04+00:00","author":{"@id":"https:\/\/www.africa-press.net\/cotedivoire\/#\/schema\/person\/2b1cf3cd81a31e3cd26889ca66d677f1"},"description":"A\u0300 l\u2019approche des e\u0301lections le\u0301gislatives du 27 de\u0301cembre 2025, l\u2019Alliance de la jeunesse unie de Co\u0302te d\u2019Ivoire (AJUCI ...","breadcrumb":{"@id":"https:\/\/www.africa-press.net\/cotedivoire\/politique\/ajuci-renforce-sa-presence-a-abobo-pour-rhdp-2025#breadcrumb"},"inLanguage":"fr-FR","potentialAction":[{"@type":"ReadAction","target":["https:\/\/www.africa-press.net\/cotedivoire\/politique\/ajuci-renforce-sa-presence-a-abobo-pour-rhdp-2025"]}]},{"@type":"ImageObject","inLanguage":"fr-FR","@id":"https:\/\/www.africa-press.net\/cotedivoire\/politique\/ajuci-renforce-sa-presence-a-abobo-pour-rhdp-2025#primaryimage","url":"https:\/\/static.africa-press.net\/cote\/sites\/43\/2025\/11\/sm_1763981561.273274.jpg","contentUrl":"https:\/\/static.africa-press.net\/cote\/sites\/43\/2025\/11\/sm_1763981561.273274.jpg","width":720,"height":324,"caption":"AjuCI Renforce Sa Pr\u00e9sence \u00c0 Abobo Pour RHDP 2025"},{"@type":"BreadcrumbList","@id":"https:\/\/www.africa-press.net\/cotedivoire\/politique\/ajuci-renforce-sa-presence-a-abobo-pour-rhdp-2025#breadcrumb","itemListElement":[{"@type":"ListItem","position":1,"name":"Accueil","item":"https:\/\/www.africa-press.net\/cotedivoire\/"},{"@type":"ListItem","position":2,"name":"AjuCI Renforce Sa Pr\u00e9sence \u00c0 Abobo Pour RHDP 2025"}]},{"@type":"WebSite","@id":"https:\/\/www.africa-press.net\/cotedivoire\/#website","url":"https:\/\/www.africa-press.net\/cotedivoire\/","name":"C\u00f4te d&#039;Ivoire","description":"Just another Africa News Agency Sites site","potentialAction":[{"@type":"SearchAction","target":{"@type":"EntryPoint","urlTemplate":"https:\/\/www.africa-press.net\/cotedivoire\/?s={search_term_string}"},"query-input":{"@type":"PropertyValueSpecification","valueRequired":true,"valueName":"search_term_string"}}],"inLanguage":"fr-FR"},{"@type":"Person","@id":"https:\/\/www.africa-press.net\/cotedivoire\/#\/schema\/person\/2b1cf3cd81a31e3cd26889ca66d677f1","name":"cfeditorfr"}]}},"_links":{"self":[{"href":"https:\/\/www.africa-press.net\/cotedivoire\/wp-json\/wp\/v2\/posts\/109189","targetHints":{"allow":["GET"]}}],"collection":[{"href":"https:\/\/www.africa-press.net\/cotedivoire\/wp-json\/wp\/v2\/posts"}],"about":[{"href":"https:\/\/www.africa-press.net\/cotedivoire\/wp-json\/wp\/v2\/types\/post"}],"author":[{"embeddable":true,"href":"https:\/\/www.africa-press.net\/cotedivoire\/wp-json\/wp\/v2\/users\/82"}],"replies":[{"embeddable":true,"href":"https:\/\/www.africa-press.net\/cotedivoire\/wp-json\/wp\/v2\/comments?post=109189"}],"version-history":[{"count":0,"href":"https:\/\/www.africa-press.net\/cotedivoire\/wp-json\/wp\/v2\/posts\/109189\/revisions"}],"wp:featuredmedia":[{"embeddable":true,"href":"https:\/\/www.africa-press.net\/cotedivoire\/wp-json\/wp\/v2\/media\/109188"}],"wp:attachment":[{"href":"https:\/\/www.africa-press.net\/cotedivoire\/wp-json\/wp\/v2\/media?parent=109189"}],"wp:term":[{"taxonomy":"category","embeddable":true,"href":"https:\/\/www.africa-press.net\/cotedivoire\/wp-json\/wp\/v2\/categories?post=109189"},{"taxonomy":"post_tag","embeddable":true,"href":"https:\/\/www.africa-press.net\/cotedivoire\/wp-json\/wp\/v2\/tags?post=109189"}],"curies":[{"name":"wp","href":"https:\/\/api.w.org\/{rel}","templated":true}]}}