{"id":109264,"date":"2025-11-25T19:48:53","date_gmt":"2025-11-25T19:48:53","guid":{"rendered":"https:\/\/www.africa-press.net\/cotedivoire\/politique\/ppa-ci-agit-pour-liberation-des-prisonniers-dopinion"},"modified":"2025-11-25T20:09:10","modified_gmt":"2025-11-25T20:09:10","slug":"ppa-ci-agit-pour-liberation-des-prisonniers-dopinion","status":"publish","type":"post","link":"https:\/\/www.africa-press.net\/cotedivoire\/politique\/ppa-ci-agit-pour-liberation-des-prisonniers-dopinion","title":{"rendered":"PPA-CI Agit Pour Lib\u00e9ration Des Prisonniers D&rsquo;Opinion"},"content":{"rendered":"<p><span style=\"color: #ff6600\"><strong>Africa-Press &#8211; C\u00f4te d&rsquo;Ivoire. <\/strong><\/span>Le Parti des Peuples Africains-Co\u0302te d\u2019Ivoire (PPA-CI) a annonce\u0301 le lancement officiel de l\u2019Initiative pour la Libe\u0301ration des Prisonniers d\u2019Opinion (ILPO), une plateforme citoyenne visant a\u0300 de\u0301fendre les liberte\u0301s publiques et a\u0300 obtenir la libe\u0301ration imme\u0301diate de toutes les personnes de\u0301tenues pour leurs opinions politiques.<\/p>\n<p>La ce\u0301re\u0301monie inaugurale aura lieu le samedi 29 novembre 2025 a\u0300 10 heures, au cabinet du Pre\u0301sident Laurent Gbagbo, situe\u0301 a\u0300 la Riviera-Attoban, a\u0300 proximite\u0301 du commissariat du 30e arrondissement. L\u2019e\u0301ve\u0301nement se de\u0301roulera sous la pre\u0301sidence effective de Laurent Gbagbo, fondateur du PPA-CI.<\/p>\n<p>En initiant l\u2019ILPO, le PPA-CI entend renouveler publiquement son attachement a\u0300 la de\u0301fense des droits humains, a\u0300 la protection des liberte\u0301s fondamentales et au soutien aux prisonniers d\u2019opinion et a\u0300 leurs familles. Le parti estime que la de\u0301tention de citoyens pour leurs prises de position politiques constitue une atteinte grave aux principes de\u0301mocratiques.<\/p>\n<p>L\u2019Initiative pour la Libe\u0301ration des Prisonniers d\u2019Opinion se veut une structure organise\u0301e et de\u0301termine\u0301e, articule\u0301e autour de plusieurs missions cle\u0301s: Obtenir la libe\u0301ration imme\u0301diate et inconditionnelle de toutes les personnes de\u0301tenues pour leurs opinions politiques. Documenter, de\u0301noncer et rendre publiques les violations des droits humains lie\u0301es aux arrestations arbitraires. Apporter un soutien moral, juridique et social aux prisonniers d\u2019opinion ainsi qu\u2019a\u0300 leurs familles. Mobiliser les organisations nationales et internationales engage\u0301es dans la promotion des liberte\u0301s publiques et la de\u0301fense des droits fondamentaux.<\/p>\n<p>Le PPA-CI invite l\u2019ensemble des me\u0301dias, les organisations de la socie\u0301te\u0301 civile, les de\u0301fenseurs des droits humains ainsi que toutes les personnes attache\u0301es aux ide\u0301aux de justice, de liberte\u0301 et de de\u0301mocratie a\u0300 participer massivement au lancement de l\u2019ILPO.<\/p>\n<p>La de\u0301claration a e\u0301te\u0301 signe\u0301e par Ousmane Sy Savane\u0301, Pre\u0301sident de la Commission Communication et Organisation des Manifestations du PPA-CI, qui appelle a\u0300 une mobilisation collective pour faire de cette initiative un levier majeur en faveur de la protection des droits civiques en Co\u0302te d\u2019Ivoire.<\/p>\n<p><strong>Pour plus d&rsquo;informations et d&rsquo;analyses sur la <span style=\"color: #ff6600\">C\u00f4te d&rsquo;Ivoire<\/span>, suivez <span style=\"color: #ff6600\">Africa-Press<\/span><\/strong><\/p>\n","protected":false},"excerpt":{"rendered":"<p>Africa-Press &#8211; C\u00f4te d&rsquo;Ivoire. Le Parti des Peuples Africains-Co\u0302te d\u2019Ivoire (PPA-CI) a annonce\u0301 le lancement officiel de l\u2019Initiative pour la Libe\u0301ration des Prisonniers d\u2019Opinion (ILPO), une plateforme citoyenne visant a\u0300 de\u0301fendre les liberte\u0301s publiques et a\u0300 obtenir la libe\u0301ration imme\u0301diate de toutes les personnes de\u0301tenues pour leurs opinions politiques. La ce\u0301re\u0301monie inaugurale aura lieu le [&hellip;]<\/p>\n","protected":false},"author":82,"featured_media":109263,"comment_status":"open","ping_status":"closed","sticky":false,"template":"","format":"standard","meta":{"footnotes":""},"categories":[2,20,10],"tags":[29,3422,18884,19597,18385,60,19070,3124,2720],"class_list":["post-109264","post","type-post","status-publish","format-standard","has-post-thumbnail","hentry","category-politique","category-top-nouvelles","category-toutes-les-actualites","tag-cote-divoire","tag-droits","tag-humains","tag-libertes","tag-opinion","tag-politique","tag-ppaci","tag-prisonniers","tag-publiques"],"yoast_head":"<!-- This site is optimized with the Yoast SEO Premium plugin v26.1 (Yoast SEO v27.0) - https:\/\/yoast.com\/product\/yoast-seo-premium-wordpress\/ -->\n<title>PPA-CI Agit Pour Lib\u00e9ration Des Prisonniers D&#039;Opinion - C\u00f4te d&#039;Ivoire<\/title>\n<meta name=\"description\" content=\"Le Parti des Peuples Africains-Co\u0302te d\u2019Ivoire (PPA-CI) a annonce\u0301 le lancement officiel de l\u2019Initiative pour la Libe\u0301rat ...\" \/>\n<meta name=\"robots\" content=\"index, follow, max-snippet:-1, max-image-preview:large, max-video-preview:-1\" \/>\n<link rel=\"canonical\" href=\"https:\/\/www.africa-press.net\/cotedivoire\/politique\/ppa-ci-agit-pour-liberation-des-prisonniers-dopinion\" \/>\n<meta property=\"og:locale\" content=\"fr_FR\" \/>\n<meta property=\"og:type\" content=\"article\" \/>\n<meta property=\"og:title\" content=\"PPA-CI Agit Pour Lib\u00e9ration Des Prisonniers D&#039;Opinion\" \/>\n<meta property=\"og:description\" content=\"Le Parti des Peuples Africains-Co\u0302te d\u2019Ivoire (PPA-CI) a annonce\u0301 le lancement officiel de l\u2019Initiative pour la Libe\u0301rat ...\" \/>\n<meta property=\"og:url\" content=\"https:\/\/www.africa-press.net\/cotedivoire\/politique\/ppa-ci-agit-pour-liberation-des-prisonniers-dopinion\" \/>\n<meta property=\"og:site_name\" content=\"C\u00f4te d&#039;Ivoire\" \/>\n<meta property=\"article:published_time\" content=\"2025-11-25T19:48:53+00:00\" \/>\n<meta property=\"article:modified_time\" content=\"2025-11-25T20:09:10+00:00\" \/>\n<meta property=\"og:image\" content=\"https:\/\/static.africa-press.net\/cote\/sites\/43\/2025\/11\/sm_1764088627.375191.jpg\" \/>\n\t<meta property=\"og:image:width\" content=\"720\" \/>\n\t<meta property=\"og:image:height\" content=\"540\" \/>\n\t<meta property=\"og:image:type\" content=\"image\/jpeg\" \/>\n<meta name=\"author\" content=\"cfeditorfr\" \/>\n<meta name=\"twitter:card\" content=\"summary_large_image\" \/>\n<meta name=\"twitter:label1\" content=\"\u00c9crit par\" \/>\n\t<meta name=\"twitter:data1\" content=\"cfeditorfr\" \/>\n\t<meta name=\"twitter:label2\" content=\"Dur\u00e9e de lecture estim\u00e9e\" \/>\n\t<meta name=\"twitter:data2\" content=\"2 minutes\" \/>\n<script type=\"application\/ld+json\" class=\"yoast-schema-graph\">{\"@context\":\"https:\/\/schema.org\",\"@graph\":[{\"@type\":\"Article\",\"@id\":\"https:\/\/www.africa-press.net\/cotedivoire\/politique\/ppa-ci-agit-pour-liberation-des-prisonniers-dopinion#article\",\"isPartOf\":{\"@id\":\"https:\/\/www.africa-press.net\/cotedivoire\/politique\/ppa-ci-agit-pour-liberation-des-prisonniers-dopinion\"},\"author\":{\"name\":\"cfeditorfr\",\"@id\":\"https:\/\/www.africa-press.net\/cotedivoire\/#\/schema\/person\/2b1cf3cd81a31e3cd26889ca66d677f1\"},\"headline\":\"PPA-CI Agit Pour Lib\u00e9ration Des Prisonniers D&rsquo;Opinion\",\"datePublished\":\"2025-11-25T19:48:53+00:00\",\"dateModified\":\"2025-11-25T20:09:10+00:00\",\"mainEntityOfPage\":{\"@id\":\"https:\/\/www.africa-press.net\/cotedivoire\/politique\/ppa-ci-agit-pour-liberation-des-prisonniers-dopinion\"},\"wordCount\":390,\"commentCount\":0,\"image\":{\"@id\":\"https:\/\/www.africa-press.net\/cotedivoire\/politique\/ppa-ci-agit-pour-liberation-des-prisonniers-dopinion#primaryimage\"},\"thumbnailUrl\":\"https:\/\/static.africa-press.net\/cote\/sites\/43\/2025\/11\/sm_1764088627.375191.jpg\",\"keywords\":[\"C\u00d4TE D'IVOIRE\",\"droits\",\"humains\",\"Libert\u00e9s\",\"opinion\",\"Politique\",\"PPACI\",\"prisonniers\",\"publiques\"],\"articleSection\":[\"Politique\",\"Top Nouvelles\",\"Toutes les actualit\u00e9s\"],\"inLanguage\":\"fr-FR\",\"potentialAction\":[{\"@type\":\"CommentAction\",\"name\":\"Comment\",\"target\":[\"https:\/\/www.africa-press.net\/cotedivoire\/politique\/ppa-ci-agit-pour-liberation-des-prisonniers-dopinion#respond\"]}]},{\"@type\":\"WebPage\",\"@id\":\"https:\/\/www.africa-press.net\/cotedivoire\/politique\/ppa-ci-agit-pour-liberation-des-prisonniers-dopinion\",\"url\":\"https:\/\/www.africa-press.net\/cotedivoire\/politique\/ppa-ci-agit-pour-liberation-des-prisonniers-dopinion\",\"name\":\"PPA-CI Agit Pour Lib\u00e9ration Des Prisonniers D'Opinion - C\u00f4te d&#039;Ivoire\",\"isPartOf\":{\"@id\":\"https:\/\/www.africa-press.net\/cotedivoire\/#website\"},\"primaryImageOfPage\":{\"@id\":\"https:\/\/www.africa-press.net\/cotedivoire\/politique\/ppa-ci-agit-pour-liberation-des-prisonniers-dopinion#primaryimage\"},\"image\":{\"@id\":\"https:\/\/www.africa-press.net\/cotedivoire\/politique\/ppa-ci-agit-pour-liberation-des-prisonniers-dopinion#primaryimage\"},\"thumbnailUrl\":\"https:\/\/static.africa-press.net\/cote\/sites\/43\/2025\/11\/sm_1764088627.375191.jpg\",\"datePublished\":\"2025-11-25T19:48:53+00:00\",\"dateModified\":\"2025-11-25T20:09:10+00:00\",\"author\":{\"@id\":\"https:\/\/www.africa-press.net\/cotedivoire\/#\/schema\/person\/2b1cf3cd81a31e3cd26889ca66d677f1\"},\"description\":\"Le Parti des Peuples Africains-Co\u0302te d\u2019Ivoire (PPA-CI) a annonce\u0301 le lancement officiel de l\u2019Initiative pour la Libe\u0301rat ...\",\"breadcrumb\":{\"@id\":\"https:\/\/www.africa-press.net\/cotedivoire\/politique\/ppa-ci-agit-pour-liberation-des-prisonniers-dopinion#breadcrumb\"},\"inLanguage\":\"fr-FR\",\"potentialAction\":[{\"@type\":\"ReadAction\",\"target\":[\"https:\/\/www.africa-press.net\/cotedivoire\/politique\/ppa-ci-agit-pour-liberation-des-prisonniers-dopinion\"]}]},{\"@type\":\"ImageObject\",\"inLanguage\":\"fr-FR\",\"@id\":\"https:\/\/www.africa-press.net\/cotedivoire\/politique\/ppa-ci-agit-pour-liberation-des-prisonniers-dopinion#primaryimage\",\"url\":\"https:\/\/static.africa-press.net\/cote\/sites\/43\/2025\/11\/sm_1764088627.375191.jpg\",\"contentUrl\":\"https:\/\/static.africa-press.net\/cote\/sites\/43\/2025\/11\/sm_1764088627.375191.jpg\",\"width\":720,\"height\":540,\"caption\":\"PPA-CI Agit Pour Lib\u00e9ration Des Prisonniers D'Opinion\"},{\"@type\":\"BreadcrumbList\",\"@id\":\"https:\/\/www.africa-press.net\/cotedivoire\/politique\/ppa-ci-agit-pour-liberation-des-prisonniers-dopinion#breadcrumb\",\"itemListElement\":[{\"@type\":\"ListItem\",\"position\":1,\"name\":\"Accueil\",\"item\":\"https:\/\/www.africa-press.net\/cotedivoire\/\"},{\"@type\":\"ListItem\",\"position\":2,\"name\":\"PPA-CI Agit Pour Lib\u00e9ration Des Prisonniers D&#8217;Opinion\"}]},{\"@type\":\"WebSite\",\"@id\":\"https:\/\/www.africa-press.net\/cotedivoire\/#website\",\"url\":\"https:\/\/www.africa-press.net\/cotedivoire\/\",\"name\":\"C\u00f4te d&#039;Ivoire\",\"description\":\"Just another Africa News Agency Sites site\",\"potentialAction\":[{\"@type\":\"SearchAction\",\"target\":{\"@type\":\"EntryPoint\",\"urlTemplate\":\"https:\/\/www.africa-press.net\/cotedivoire\/?s={search_term_string}\"},\"query-input\":{\"@type\":\"PropertyValueSpecification\",\"valueRequired\":true,\"valueName\":\"search_term_string\"}}],\"inLanguage\":\"fr-FR\"},{\"@type\":\"Person\",\"@id\":\"https:\/\/www.africa-press.net\/cotedivoire\/#\/schema\/person\/2b1cf3cd81a31e3cd26889ca66d677f1\",\"name\":\"cfeditorfr\"}]}<\/script>\n<!-- \/ Yoast SEO Premium plugin. -->","yoast_head_json":{"title":"PPA-CI Agit Pour Lib\u00e9ration Des Prisonniers D'Opinion - C\u00f4te d&#039;Ivoire","description":"Le Parti des Peuples Africains-Co\u0302te d\u2019Ivoire (PPA-CI) a annonce\u0301 le lancement officiel de l\u2019Initiative pour la Libe\u0301rat ...","robots":{"index":"index","follow":"follow","max-snippet":"max-snippet:-1","max-image-preview":"max-image-preview:large","max-video-preview":"max-video-preview:-1"},"canonical":"https:\/\/www.africa-press.net\/cotedivoire\/politique\/ppa-ci-agit-pour-liberation-des-prisonniers-dopinion","og_locale":"fr_FR","og_type":"article","og_title":"PPA-CI Agit Pour Lib\u00e9ration Des Prisonniers D'Opinion","og_description":"Le Parti des Peuples Africains-Co\u0302te d\u2019Ivoire (PPA-CI) a annonce\u0301 le lancement officiel de l\u2019Initiative pour la Libe\u0301rat ...","og_url":"https:\/\/www.africa-press.net\/cotedivoire\/politique\/ppa-ci-agit-pour-liberation-des-prisonniers-dopinion","og_site_name":"C\u00f4te d&#039;Ivoire","article_published_time":"2025-11-25T19:48:53+00:00","article_modified_time":"2025-11-25T20:09:10+00:00","og_image":[{"width":720,"height":540,"url":"https:\/\/static.africa-press.net\/cote\/sites\/43\/2025\/11\/sm_1764088627.375191.jpg","type":"image\/jpeg"}],"author":"cfeditorfr","twitter_card":"summary_large_image","twitter_misc":{"\u00c9crit par":"cfeditorfr","Dur\u00e9e de lecture estim\u00e9e":"2 minutes"},"schema":{"@context":"https:\/\/schema.org","@graph":[{"@type":"Article","@id":"https:\/\/www.africa-press.net\/cotedivoire\/politique\/ppa-ci-agit-pour-liberation-des-prisonniers-dopinion#article","isPartOf":{"@id":"https:\/\/www.africa-press.net\/cotedivoire\/politique\/ppa-ci-agit-pour-liberation-des-prisonniers-dopinion"},"author":{"name":"cfeditorfr","@id":"https:\/\/www.africa-press.net\/cotedivoire\/#\/schema\/person\/2b1cf3cd81a31e3cd26889ca66d677f1"},"headline":"PPA-CI Agit Pour Lib\u00e9ration Des Prisonniers D&rsquo;Opinion","datePublished":"2025-11-25T19:48:53+00:00","dateModified":"2025-11-25T20:09:10+00:00","mainEntityOfPage":{"@id":"https:\/\/www.africa-press.net\/cotedivoire\/politique\/ppa-ci-agit-pour-liberation-des-prisonniers-dopinion"},"wordCount":390,"commentCount":0,"image":{"@id":"https:\/\/www.africa-press.net\/cotedivoire\/politique\/ppa-ci-agit-pour-liberation-des-prisonniers-dopinion#primaryimage"},"thumbnailUrl":"https:\/\/static.africa-press.net\/cote\/sites\/43\/2025\/11\/sm_1764088627.375191.jpg","keywords":["C\u00d4TE D'IVOIRE","droits","humains","Libert\u00e9s","opinion","Politique","PPACI","prisonniers","publiques"],"articleSection":["Politique","Top Nouvelles","Toutes les actualit\u00e9s"],"inLanguage":"fr-FR","potentialAction":[{"@type":"CommentAction","name":"Comment","target":["https:\/\/www.africa-press.net\/cotedivoire\/politique\/ppa-ci-agit-pour-liberation-des-prisonniers-dopinion#respond"]}]},{"@type":"WebPage","@id":"https:\/\/www.africa-press.net\/cotedivoire\/politique\/ppa-ci-agit-pour-liberation-des-prisonniers-dopinion","url":"https:\/\/www.africa-press.net\/cotedivoire\/politique\/ppa-ci-agit-pour-liberation-des-prisonniers-dopinion","name":"PPA-CI Agit Pour Lib\u00e9ration Des Prisonniers D'Opinion - C\u00f4te d&#039;Ivoire","isPartOf":{"@id":"https:\/\/www.africa-press.net\/cotedivoire\/#website"},"primaryImageOfPage":{"@id":"https:\/\/www.africa-press.net\/cotedivoire\/politique\/ppa-ci-agit-pour-liberation-des-prisonniers-dopinion#primaryimage"},"image":{"@id":"https:\/\/www.africa-press.net\/cotedivoire\/politique\/ppa-ci-agit-pour-liberation-des-prisonniers-dopinion#primaryimage"},"thumbnailUrl":"https:\/\/static.africa-press.net\/cote\/sites\/43\/2025\/11\/sm_1764088627.375191.jpg","datePublished":"2025-11-25T19:48:53+00:00","dateModified":"2025-11-25T20:09:10+00:00","author":{"@id":"https:\/\/www.africa-press.net\/cotedivoire\/#\/schema\/person\/2b1cf3cd81a31e3cd26889ca66d677f1"},"description":"Le Parti des Peuples Africains-Co\u0302te d\u2019Ivoire (PPA-CI) a annonce\u0301 le lancement officiel de l\u2019Initiative pour la Libe\u0301rat ...","breadcrumb":{"@id":"https:\/\/www.africa-press.net\/cotedivoire\/politique\/ppa-ci-agit-pour-liberation-des-prisonniers-dopinion#breadcrumb"},"inLanguage":"fr-FR","potentialAction":[{"@type":"ReadAction","target":["https:\/\/www.africa-press.net\/cotedivoire\/politique\/ppa-ci-agit-pour-liberation-des-prisonniers-dopinion"]}]},{"@type":"ImageObject","inLanguage":"fr-FR","@id":"https:\/\/www.africa-press.net\/cotedivoire\/politique\/ppa-ci-agit-pour-liberation-des-prisonniers-dopinion#primaryimage","url":"https:\/\/static.africa-press.net\/cote\/sites\/43\/2025\/11\/sm_1764088627.375191.jpg","contentUrl":"https:\/\/static.africa-press.net\/cote\/sites\/43\/2025\/11\/sm_1764088627.375191.jpg","width":720,"height":540,"caption":"PPA-CI Agit Pour Lib\u00e9ration Des Prisonniers D'Opinion"},{"@type":"BreadcrumbList","@id":"https:\/\/www.africa-press.net\/cotedivoire\/politique\/ppa-ci-agit-pour-liberation-des-prisonniers-dopinion#breadcrumb","itemListElement":[{"@type":"ListItem","position":1,"name":"Accueil","item":"https:\/\/www.africa-press.net\/cotedivoire\/"},{"@type":"ListItem","position":2,"name":"PPA-CI Agit Pour Lib\u00e9ration Des Prisonniers D&#8217;Opinion"}]},{"@type":"WebSite","@id":"https:\/\/www.africa-press.net\/cotedivoire\/#website","url":"https:\/\/www.africa-press.net\/cotedivoire\/","name":"C\u00f4te d&#039;Ivoire","description":"Just another Africa News Agency Sites site","potentialAction":[{"@type":"SearchAction","target":{"@type":"EntryPoint","urlTemplate":"https:\/\/www.africa-press.net\/cotedivoire\/?s={search_term_string}"},"query-input":{"@type":"PropertyValueSpecification","valueRequired":true,"valueName":"search_term_string"}}],"inLanguage":"fr-FR"},{"@type":"Person","@id":"https:\/\/www.africa-press.net\/cotedivoire\/#\/schema\/person\/2b1cf3cd81a31e3cd26889ca66d677f1","name":"cfeditorfr"}]}},"_links":{"self":[{"href":"https:\/\/www.africa-press.net\/cotedivoire\/wp-json\/wp\/v2\/posts\/109264","targetHints":{"allow":["GET"]}}],"collection":[{"href":"https:\/\/www.africa-press.net\/cotedivoire\/wp-json\/wp\/v2\/posts"}],"about":[{"href":"https:\/\/www.africa-press.net\/cotedivoire\/wp-json\/wp\/v2\/types\/post"}],"author":[{"embeddable":true,"href":"https:\/\/www.africa-press.net\/cotedivoire\/wp-json\/wp\/v2\/users\/82"}],"replies":[{"embeddable":true,"href":"https:\/\/www.africa-press.net\/cotedivoire\/wp-json\/wp\/v2\/comments?post=109264"}],"version-history":[{"count":0,"href":"https:\/\/www.africa-press.net\/cotedivoire\/wp-json\/wp\/v2\/posts\/109264\/revisions"}],"wp:featuredmedia":[{"embeddable":true,"href":"https:\/\/www.africa-press.net\/cotedivoire\/wp-json\/wp\/v2\/media\/109263"}],"wp:attachment":[{"href":"https:\/\/www.africa-press.net\/cotedivoire\/wp-json\/wp\/v2\/media?parent=109264"}],"wp:term":[{"taxonomy":"category","embeddable":true,"href":"https:\/\/www.africa-press.net\/cotedivoire\/wp-json\/wp\/v2\/categories?post=109264"},{"taxonomy":"post_tag","embeddable":true,"href":"https:\/\/www.africa-press.net\/cotedivoire\/wp-json\/wp\/v2\/tags?post=109264"}],"curies":[{"name":"wp","href":"https:\/\/api.w.org\/{rel}","templated":true}]}}