{"id":109266,"date":"2025-11-25T19:50:37","date_gmt":"2025-11-25T19:50:37","guid":{"rendered":"https:\/\/www.africa-press.net\/cotedivoire\/politique\/mexique-et-cote-divoire-renouvellement-du-partenariat"},"modified":"2025-11-25T20:09:26","modified_gmt":"2025-11-25T20:09:26","slug":"mexique-et-cote-divoire-renouvellement-du-partenariat","status":"publish","type":"post","link":"https:\/\/www.africa-press.net\/cotedivoire\/politique\/mexique-et-cote-divoire-renouvellement-du-partenariat","title":{"rendered":"Mexique et C\u00f4te d&rsquo;Ivoire Renouvellement du Partenariat"},"content":{"rendered":"<p><span style=\"color: #ff6600\"><strong>Africa-Press &#8211; C\u00f4te d&rsquo;Ivoire. <\/strong><\/span>La Co\u0302te d\u2019Ivoire et les E\u0301tats-Unis Mexicains ont franchi une e\u0301tape majeure de leur coope\u0301ration avec la tenue, pour la premie\u0300re fois, de la re\u0301union inaugurale du Me\u0301canisme de Consultations Politiques ivoiro-mexicaines. Cette rencontre strate\u0301gique s\u2019est de\u0301roule\u0301e en pre\u0301sence de hautes personnalite\u0301s diplomatiques et institutionnelles des deux pays, confirmant la volonte\u0301 politique de dynamiser et d\u2019approfondir leurs relations.<\/p>\n<p>La ce\u0301re\u0301monie d\u2019ouverture a e\u0301te\u0301 pre\u0301side\u0301e par S.E.Mme Dieket ne\u0301e Sanganoko Minata, Directrice ge\u0301ne\u0301rale des Relations bilate\u0301rales du Ministe\u0300re ivoirien des Affaires e\u0301trange\u0300res, de l\u2019Inte\u0301gration africaine et des Ivoiriens de l\u2019exte\u0301rieur, aux co\u0302te\u0301s de S.E.M. Ani\u0301bal Go\u0301mez Toledo, Directeur ge\u0301ne\u0301ral pour l\u2019Afrique et le Moyen-Orient du Ministe\u0300re des Relations exte\u0301rieures du Mexique.<\/p>\n<p>Dans son allocution d\u2019ouverture, S.E.Mme Dieket a exprime\u0301 sa \u00ab joie \u00bb et sa \u00ab fierte\u0301 \u00bb de co-pre\u0301sider cette re\u0301union historique, longtemps espe\u0301re\u0301e depuis la signature du Me\u0301morandum d\u2019Entente du 5 octobre 1999. Vingt-six ans apre\u0300s cet accord fondateur, les deux pays concre\u0301tisent enfin leur engagement a\u0300 e\u0301tablir un cadre structure\u0301 de dialogue politique.<\/p>\n<p>Elle a salue\u0301 l\u2019arrive\u0301e de la de\u0301le\u0301gation mexicaine et rappele\u0301 les ambitions communes porte\u0301es par les deux nations: stabilite\u0301, paix, de\u0301veloppement e\u0301conomique durable et volonte\u0301 d\u2019approfondir une coope\u0301ration Sud-Sud, e\u0301quilibre\u0301e et mutuellement be\u0301ne\u0301fique.<\/p>\n<p>Les e\u0301changes ont permis d\u2019explorer plusieurs secteurs cle\u0301s pouvant servir de leviers pour dynamiser la relation bilate\u0301rale, agro-industrie, commerce et investissements, e\u0301nergies renouvelables, technologie, sante\u0301, e\u0301ducatio, culture et se\u0301curite\u0301.<\/p>\n<p>La Co\u0302te d\u2019Ivoire, de\u0301crite comme une porte d\u2019entre\u0301e strate\u0301gique en Afrique de l\u2019Ouest, voit dans le Mexique, puissance e\u0301conomique e\u0301mergente, un allie\u0301 naturel pour des partenariats structurants et innovants. S.E.Mme Dieket a ainsi exhorte\u0301 les participants a\u0300 faire preuve \u00ab d\u2019ambition, d\u2019imagination et de pragmatisme \u00bb pour donner a\u0300 cette coope\u0301ration \u00ab toute l\u2019envergure qu\u2019elle me\u0301rite \u00bb.<\/p>\n<p>Dans son intervention, le Directeur ge\u0301ne\u0301ral Ani\u0301bal Go\u0301mez Toledo a rappele\u0301 que cette re\u0301union survient a\u0300 un moment symbolique: le 50e anniversaire de l\u2019e\u0301tablissement des relations diplomatiques entre les deux pays.<\/p>\n<p>Il a salue\u0301 la \u00ab relation de longue date fonde\u0301e sur la coope\u0301ration et l\u2019amitie\u0301 \u00bb, tout en soulignant que le potentiel de collaboration n\u2019a \u00ab pas encore e\u0301te\u0301 pleinement exploite\u0301 \u00bb. Cette session inaugurale repre\u0301sente ainsi une occasion exceptionnelle pour identifier de nouveaux domaines de partenariat et e\u0301largir les horizons bilate\u0301raux, notamment sur le plan commercial, e\u0301conomique et culturel.<\/p>\n<p>S.E.M. Go\u0301mez Toledo a e\u0301galement exprime\u0301 sa gratitude envers les ambassadeurs des deux pays, Madame Arabet Mabel Gomez, Ambassadrice du Mexique en Co\u0302te d\u2019Ivoire, et son homologue ivoirien au Mexique \u2014 dont l\u2019engagement a e\u0301te\u0301 de\u0301terminant pour l\u2019organisation de cette rencontre.<\/p>\n<p>En clo\u0302turant les travaux, S.E.Mme Dieket a salue\u0301 \u00ab la qualite\u0301 des e\u0301changes \u00bb et les re\u0301sultats obtenus, qualifiant cette rencontre de \u00ab pre\u0301cieuse opportunite\u0301 \u00bb pour renforcer le dialogue politique et poser les bases d\u2019un partenariat strate\u0301gique durable.<\/p>\n<p>Elle a remercie\u0301 l\u2019ensemble des participants, exprimant le souhait que les re\u0301solutions adopte\u0301es soient mises en \u0153uvre rapidement et que ce nouveau me\u0301canisme devienne un cadre permanent et ope\u0301rationnel de concertation.<\/p>\n<p>\u00ab Sur cette note d\u2019espoir, je de\u0301clare clos les travaux de la premie\u0300re session des Consultations Politiques ivoiro-mexicaines, tout en projetant de nous retrouver prochainement pour les prochaines assises a\u0300 Mexico \u00bb, a-t-elle annonce\u0301.<\/p>\n<p>Cette premie\u0300re re\u0301union marque un tournant de\u0301cisif dans les relations bilate\u0301rales entre la Co\u0302te d\u2019Ivoire et le Mexique. Gra\u0302ce aux engagements re\u0301ciproques, aux perspectives identifie\u0301es et a\u0300 la volonte\u0301 politique partage\u0301e, les deux pays entrent dans une nouvelle phase de coope\u0301ration structure\u0301e, ambitieuse et ouverte sur l\u2019avenir.<\/p>\n<p>Les prochaines consultations, pre\u0301vues a\u0300 Mexico, devraient permettre de concre\u0301tiser les actions engage\u0301es et d\u2019ouvrir de nouveaux chapitres dans cette relation diplomatique de\u0301sormais renforce\u0301e.<\/p>\n<p><strong>Pour plus d&rsquo;informations et d&rsquo;analyses sur la <span style=\"color: #ff6600\">C\u00f4te d&rsquo;Ivoire<\/span>, suivez <span style=\"color: #ff6600\">Africa-Press<\/span><\/strong><\/p>\n","protected":false},"excerpt":{"rendered":"<p>Africa-Press &#8211; C\u00f4te d&rsquo;Ivoire. La Co\u0302te d\u2019Ivoire et les E\u0301tats-Unis Mexicains ont franchi une e\u0301tape majeure de leur coope\u0301ration avec la tenue, pour la premie\u0300re fois, de la re\u0301union inaugurale du Me\u0301canisme de Consultations Politiques ivoiro-mexicaines. Cette rencontre strate\u0301gique s\u2019est de\u0301roule\u0301e en pre\u0301sence de hautes personnalite\u0301s diplomatiques et institutionnelles des deux pays, confirmant la volonte\u0301 [&hellip;]<\/p>\n","protected":false},"author":82,"featured_media":109265,"comment_status":"open","ping_status":"closed","sticky":false,"template":"","format":"standard","meta":{"footnotes":""},"categories":[2,10],"tags":[203,35,19598,17368,3042,29,276,4701,66,6603,3919,3048,9222],"class_list":["post-109266","post","type-post","status-publish","format-standard","has-post-thumbnail","hentry","category-politique","category-toutes-les-actualites","tag-affaires","tag-afrique","tag-amerique-latine","tag-bilaterale","tag-cooperation","tag-cote-divoire","tag-diplomatie","tag-etrangeres","tag-internationales","tag-mexique","tag-partenariat","tag-relations","tag-strategique"],"yoast_head":"<!-- This site is optimized with the Yoast SEO Premium plugin v26.1 (Yoast SEO v27.0) - https:\/\/yoast.com\/product\/yoast-seo-premium-wordpress\/ -->\n<title>Mexique et C\u00f4te d&#039;Ivoire Renouvellement du Partenariat - C\u00f4te d&#039;Ivoire<\/title>\n<meta name=\"description\" content=\"La Co\u0302te d\u2019Ivoire et les E\u0301tats-Unis Mexicains ont franchi une e\u0301tape majeure de leur coope\u0301ration avec la tenue, pour l ...\" \/>\n<meta name=\"robots\" content=\"index, follow, max-snippet:-1, max-image-preview:large, max-video-preview:-1\" \/>\n<link rel=\"canonical\" href=\"https:\/\/www.africa-press.net\/cotedivoire\/politique\/mexique-et-cote-divoire-renouvellement-du-partenariat\" \/>\n<meta property=\"og:locale\" content=\"fr_FR\" \/>\n<meta property=\"og:type\" content=\"article\" \/>\n<meta property=\"og:title\" content=\"Mexique et C\u00f4te d&#039;Ivoire Renouvellement du Partenariat\" \/>\n<meta property=\"og:description\" content=\"La Co\u0302te d\u2019Ivoire et les E\u0301tats-Unis Mexicains ont franchi une e\u0301tape majeure de leur coope\u0301ration avec la tenue, pour l ...\" \/>\n<meta property=\"og:url\" content=\"https:\/\/www.africa-press.net\/cotedivoire\/politique\/mexique-et-cote-divoire-renouvellement-du-partenariat\" \/>\n<meta property=\"og:site_name\" content=\"C\u00f4te d&#039;Ivoire\" \/>\n<meta property=\"article:published_time\" content=\"2025-11-25T19:50:37+00:00\" \/>\n<meta property=\"article:modified_time\" content=\"2025-11-25T20:09:26+00:00\" \/>\n<meta property=\"og:image\" content=\"https:\/\/static.africa-press.net\/cote\/sites\/43\/2025\/11\/sm_1764088646.243949.jpg\" \/>\n\t<meta property=\"og:image:width\" content=\"720\" \/>\n\t<meta property=\"og:image:height\" content=\"480\" \/>\n\t<meta property=\"og:image:type\" content=\"image\/jpeg\" \/>\n<meta name=\"author\" content=\"cfeditorfr\" \/>\n<meta name=\"twitter:card\" content=\"summary_large_image\" \/>\n<meta name=\"twitter:label1\" content=\"\u00c9crit par\" \/>\n\t<meta name=\"twitter:data1\" content=\"cfeditorfr\" \/>\n\t<meta name=\"twitter:label2\" content=\"Dur\u00e9e de lecture estim\u00e9e\" \/>\n\t<meta name=\"twitter:data2\" content=\"4 minutes\" \/>\n<script type=\"application\/ld+json\" class=\"yoast-schema-graph\">{\"@context\":\"https:\/\/schema.org\",\"@graph\":[{\"@type\":\"Article\",\"@id\":\"https:\/\/www.africa-press.net\/cotedivoire\/politique\/mexique-et-cote-divoire-renouvellement-du-partenariat#article\",\"isPartOf\":{\"@id\":\"https:\/\/www.africa-press.net\/cotedivoire\/politique\/mexique-et-cote-divoire-renouvellement-du-partenariat\"},\"author\":{\"name\":\"cfeditorfr\",\"@id\":\"https:\/\/www.africa-press.net\/cotedivoire\/#\/schema\/person\/2b1cf3cd81a31e3cd26889ca66d677f1\"},\"headline\":\"Mexique et C\u00f4te d&rsquo;Ivoire Renouvellement du Partenariat\",\"datePublished\":\"2025-11-25T19:50:37+00:00\",\"dateModified\":\"2025-11-25T20:09:26+00:00\",\"mainEntityOfPage\":{\"@id\":\"https:\/\/www.africa-press.net\/cotedivoire\/politique\/mexique-et-cote-divoire-renouvellement-du-partenariat\"},\"wordCount\":755,\"commentCount\":0,\"image\":{\"@id\":\"https:\/\/www.africa-press.net\/cotedivoire\/politique\/mexique-et-cote-divoire-renouvellement-du-partenariat#primaryimage\"},\"thumbnailUrl\":\"https:\/\/static.africa-press.net\/cote\/sites\/43\/2025\/11\/sm_1764088646.243949.jpg\",\"keywords\":[\"AFFAIRES\",\"Afrique\",\"Am\u00e9rique Latine\",\"bilat\u00e9rale\",\"Coop\u00e9ration\",\"C\u00d4TE D'IVOIRE\",\"DIPLOMATIE\",\"\u00c9trang\u00e8res\",\"Internationales\",\"Mexique\",\"partenariat\",\"relations\",\"strat\u00e9gique\"],\"articleSection\":[\"Politique\",\"Toutes les actualit\u00e9s\"],\"inLanguage\":\"fr-FR\",\"potentialAction\":[{\"@type\":\"CommentAction\",\"name\":\"Comment\",\"target\":[\"https:\/\/www.africa-press.net\/cotedivoire\/politique\/mexique-et-cote-divoire-renouvellement-du-partenariat#respond\"]}]},{\"@type\":\"WebPage\",\"@id\":\"https:\/\/www.africa-press.net\/cotedivoire\/politique\/mexique-et-cote-divoire-renouvellement-du-partenariat\",\"url\":\"https:\/\/www.africa-press.net\/cotedivoire\/politique\/mexique-et-cote-divoire-renouvellement-du-partenariat\",\"name\":\"Mexique et C\u00f4te d'Ivoire Renouvellement du Partenariat - C\u00f4te d&#039;Ivoire\",\"isPartOf\":{\"@id\":\"https:\/\/www.africa-press.net\/cotedivoire\/#website\"},\"primaryImageOfPage\":{\"@id\":\"https:\/\/www.africa-press.net\/cotedivoire\/politique\/mexique-et-cote-divoire-renouvellement-du-partenariat#primaryimage\"},\"image\":{\"@id\":\"https:\/\/www.africa-press.net\/cotedivoire\/politique\/mexique-et-cote-divoire-renouvellement-du-partenariat#primaryimage\"},\"thumbnailUrl\":\"https:\/\/static.africa-press.net\/cote\/sites\/43\/2025\/11\/sm_1764088646.243949.jpg\",\"datePublished\":\"2025-11-25T19:50:37+00:00\",\"dateModified\":\"2025-11-25T20:09:26+00:00\",\"author\":{\"@id\":\"https:\/\/www.africa-press.net\/cotedivoire\/#\/schema\/person\/2b1cf3cd81a31e3cd26889ca66d677f1\"},\"description\":\"La Co\u0302te d\u2019Ivoire et les E\u0301tats-Unis Mexicains ont franchi une e\u0301tape majeure de leur coope\u0301ration avec la tenue, pour l ...\",\"breadcrumb\":{\"@id\":\"https:\/\/www.africa-press.net\/cotedivoire\/politique\/mexique-et-cote-divoire-renouvellement-du-partenariat#breadcrumb\"},\"inLanguage\":\"fr-FR\",\"potentialAction\":[{\"@type\":\"ReadAction\",\"target\":[\"https:\/\/www.africa-press.net\/cotedivoire\/politique\/mexique-et-cote-divoire-renouvellement-du-partenariat\"]}]},{\"@type\":\"ImageObject\",\"inLanguage\":\"fr-FR\",\"@id\":\"https:\/\/www.africa-press.net\/cotedivoire\/politique\/mexique-et-cote-divoire-renouvellement-du-partenariat#primaryimage\",\"url\":\"https:\/\/static.africa-press.net\/cote\/sites\/43\/2025\/11\/sm_1764088646.243949.jpg\",\"contentUrl\":\"https:\/\/static.africa-press.net\/cote\/sites\/43\/2025\/11\/sm_1764088646.243949.jpg\",\"width\":720,\"height\":480,\"caption\":\"Mexique et C\u00f4te d'Ivoire Renouvellement du Partenariat\"},{\"@type\":\"BreadcrumbList\",\"@id\":\"https:\/\/www.africa-press.net\/cotedivoire\/politique\/mexique-et-cote-divoire-renouvellement-du-partenariat#breadcrumb\",\"itemListElement\":[{\"@type\":\"ListItem\",\"position\":1,\"name\":\"Accueil\",\"item\":\"https:\/\/www.africa-press.net\/cotedivoire\/\"},{\"@type\":\"ListItem\",\"position\":2,\"name\":\"Mexique et C\u00f4te d&#8217;Ivoire Renouvellement du Partenariat\"}]},{\"@type\":\"WebSite\",\"@id\":\"https:\/\/www.africa-press.net\/cotedivoire\/#website\",\"url\":\"https:\/\/www.africa-press.net\/cotedivoire\/\",\"name\":\"C\u00f4te d&#039;Ivoire\",\"description\":\"Just another Africa News Agency Sites site\",\"potentialAction\":[{\"@type\":\"SearchAction\",\"target\":{\"@type\":\"EntryPoint\",\"urlTemplate\":\"https:\/\/www.africa-press.net\/cotedivoire\/?s={search_term_string}\"},\"query-input\":{\"@type\":\"PropertyValueSpecification\",\"valueRequired\":true,\"valueName\":\"search_term_string\"}}],\"inLanguage\":\"fr-FR\"},{\"@type\":\"Person\",\"@id\":\"https:\/\/www.africa-press.net\/cotedivoire\/#\/schema\/person\/2b1cf3cd81a31e3cd26889ca66d677f1\",\"name\":\"cfeditorfr\"}]}<\/script>\n<!-- \/ Yoast SEO Premium plugin. -->","yoast_head_json":{"title":"Mexique et C\u00f4te d'Ivoire Renouvellement du Partenariat - C\u00f4te d&#039;Ivoire","description":"La Co\u0302te d\u2019Ivoire et les E\u0301tats-Unis Mexicains ont franchi une e\u0301tape majeure de leur coope\u0301ration avec la tenue, pour l ...","robots":{"index":"index","follow":"follow","max-snippet":"max-snippet:-1","max-image-preview":"max-image-preview:large","max-video-preview":"max-video-preview:-1"},"canonical":"https:\/\/www.africa-press.net\/cotedivoire\/politique\/mexique-et-cote-divoire-renouvellement-du-partenariat","og_locale":"fr_FR","og_type":"article","og_title":"Mexique et C\u00f4te d'Ivoire Renouvellement du Partenariat","og_description":"La Co\u0302te d\u2019Ivoire et les E\u0301tats-Unis Mexicains ont franchi une e\u0301tape majeure de leur coope\u0301ration avec la tenue, pour l ...","og_url":"https:\/\/www.africa-press.net\/cotedivoire\/politique\/mexique-et-cote-divoire-renouvellement-du-partenariat","og_site_name":"C\u00f4te d&#039;Ivoire","article_published_time":"2025-11-25T19:50:37+00:00","article_modified_time":"2025-11-25T20:09:26+00:00","og_image":[{"width":720,"height":480,"url":"https:\/\/static.africa-press.net\/cote\/sites\/43\/2025\/11\/sm_1764088646.243949.jpg","type":"image\/jpeg"}],"author":"cfeditorfr","twitter_card":"summary_large_image","twitter_misc":{"\u00c9crit par":"cfeditorfr","Dur\u00e9e de lecture estim\u00e9e":"4 minutes"},"schema":{"@context":"https:\/\/schema.org","@graph":[{"@type":"Article","@id":"https:\/\/www.africa-press.net\/cotedivoire\/politique\/mexique-et-cote-divoire-renouvellement-du-partenariat#article","isPartOf":{"@id":"https:\/\/www.africa-press.net\/cotedivoire\/politique\/mexique-et-cote-divoire-renouvellement-du-partenariat"},"author":{"name":"cfeditorfr","@id":"https:\/\/www.africa-press.net\/cotedivoire\/#\/schema\/person\/2b1cf3cd81a31e3cd26889ca66d677f1"},"headline":"Mexique et C\u00f4te d&rsquo;Ivoire Renouvellement du Partenariat","datePublished":"2025-11-25T19:50:37+00:00","dateModified":"2025-11-25T20:09:26+00:00","mainEntityOfPage":{"@id":"https:\/\/www.africa-press.net\/cotedivoire\/politique\/mexique-et-cote-divoire-renouvellement-du-partenariat"},"wordCount":755,"commentCount":0,"image":{"@id":"https:\/\/www.africa-press.net\/cotedivoire\/politique\/mexique-et-cote-divoire-renouvellement-du-partenariat#primaryimage"},"thumbnailUrl":"https:\/\/static.africa-press.net\/cote\/sites\/43\/2025\/11\/sm_1764088646.243949.jpg","keywords":["AFFAIRES","Afrique","Am\u00e9rique Latine","bilat\u00e9rale","Coop\u00e9ration","C\u00d4TE D'IVOIRE","DIPLOMATIE","\u00c9trang\u00e8res","Internationales","Mexique","partenariat","relations","strat\u00e9gique"],"articleSection":["Politique","Toutes les actualit\u00e9s"],"inLanguage":"fr-FR","potentialAction":[{"@type":"CommentAction","name":"Comment","target":["https:\/\/www.africa-press.net\/cotedivoire\/politique\/mexique-et-cote-divoire-renouvellement-du-partenariat#respond"]}]},{"@type":"WebPage","@id":"https:\/\/www.africa-press.net\/cotedivoire\/politique\/mexique-et-cote-divoire-renouvellement-du-partenariat","url":"https:\/\/www.africa-press.net\/cotedivoire\/politique\/mexique-et-cote-divoire-renouvellement-du-partenariat","name":"Mexique et C\u00f4te d'Ivoire Renouvellement du Partenariat - C\u00f4te d&#039;Ivoire","isPartOf":{"@id":"https:\/\/www.africa-press.net\/cotedivoire\/#website"},"primaryImageOfPage":{"@id":"https:\/\/www.africa-press.net\/cotedivoire\/politique\/mexique-et-cote-divoire-renouvellement-du-partenariat#primaryimage"},"image":{"@id":"https:\/\/www.africa-press.net\/cotedivoire\/politique\/mexique-et-cote-divoire-renouvellement-du-partenariat#primaryimage"},"thumbnailUrl":"https:\/\/static.africa-press.net\/cote\/sites\/43\/2025\/11\/sm_1764088646.243949.jpg","datePublished":"2025-11-25T19:50:37+00:00","dateModified":"2025-11-25T20:09:26+00:00","author":{"@id":"https:\/\/www.africa-press.net\/cotedivoire\/#\/schema\/person\/2b1cf3cd81a31e3cd26889ca66d677f1"},"description":"La Co\u0302te d\u2019Ivoire et les E\u0301tats-Unis Mexicains ont franchi une e\u0301tape majeure de leur coope\u0301ration avec la tenue, pour l ...","breadcrumb":{"@id":"https:\/\/www.africa-press.net\/cotedivoire\/politique\/mexique-et-cote-divoire-renouvellement-du-partenariat#breadcrumb"},"inLanguage":"fr-FR","potentialAction":[{"@type":"ReadAction","target":["https:\/\/www.africa-press.net\/cotedivoire\/politique\/mexique-et-cote-divoire-renouvellement-du-partenariat"]}]},{"@type":"ImageObject","inLanguage":"fr-FR","@id":"https:\/\/www.africa-press.net\/cotedivoire\/politique\/mexique-et-cote-divoire-renouvellement-du-partenariat#primaryimage","url":"https:\/\/static.africa-press.net\/cote\/sites\/43\/2025\/11\/sm_1764088646.243949.jpg","contentUrl":"https:\/\/static.africa-press.net\/cote\/sites\/43\/2025\/11\/sm_1764088646.243949.jpg","width":720,"height":480,"caption":"Mexique et C\u00f4te d'Ivoire Renouvellement du Partenariat"},{"@type":"BreadcrumbList","@id":"https:\/\/www.africa-press.net\/cotedivoire\/politique\/mexique-et-cote-divoire-renouvellement-du-partenariat#breadcrumb","itemListElement":[{"@type":"ListItem","position":1,"name":"Accueil","item":"https:\/\/www.africa-press.net\/cotedivoire\/"},{"@type":"ListItem","position":2,"name":"Mexique et C\u00f4te d&#8217;Ivoire Renouvellement du Partenariat"}]},{"@type":"WebSite","@id":"https:\/\/www.africa-press.net\/cotedivoire\/#website","url":"https:\/\/www.africa-press.net\/cotedivoire\/","name":"C\u00f4te d&#039;Ivoire","description":"Just another Africa News Agency Sites site","potentialAction":[{"@type":"SearchAction","target":{"@type":"EntryPoint","urlTemplate":"https:\/\/www.africa-press.net\/cotedivoire\/?s={search_term_string}"},"query-input":{"@type":"PropertyValueSpecification","valueRequired":true,"valueName":"search_term_string"}}],"inLanguage":"fr-FR"},{"@type":"Person","@id":"https:\/\/www.africa-press.net\/cotedivoire\/#\/schema\/person\/2b1cf3cd81a31e3cd26889ca66d677f1","name":"cfeditorfr"}]}},"_links":{"self":[{"href":"https:\/\/www.africa-press.net\/cotedivoire\/wp-json\/wp\/v2\/posts\/109266","targetHints":{"allow":["GET"]}}],"collection":[{"href":"https:\/\/www.africa-press.net\/cotedivoire\/wp-json\/wp\/v2\/posts"}],"about":[{"href":"https:\/\/www.africa-press.net\/cotedivoire\/wp-json\/wp\/v2\/types\/post"}],"author":[{"embeddable":true,"href":"https:\/\/www.africa-press.net\/cotedivoire\/wp-json\/wp\/v2\/users\/82"}],"replies":[{"embeddable":true,"href":"https:\/\/www.africa-press.net\/cotedivoire\/wp-json\/wp\/v2\/comments?post=109266"}],"version-history":[{"count":0,"href":"https:\/\/www.africa-press.net\/cotedivoire\/wp-json\/wp\/v2\/posts\/109266\/revisions"}],"wp:featuredmedia":[{"embeddable":true,"href":"https:\/\/www.africa-press.net\/cotedivoire\/wp-json\/wp\/v2\/media\/109265"}],"wp:attachment":[{"href":"https:\/\/www.africa-press.net\/cotedivoire\/wp-json\/wp\/v2\/media?parent=109266"}],"wp:term":[{"taxonomy":"category","embeddable":true,"href":"https:\/\/www.africa-press.net\/cotedivoire\/wp-json\/wp\/v2\/categories?post=109266"},{"taxonomy":"post_tag","embeddable":true,"href":"https:\/\/www.africa-press.net\/cotedivoire\/wp-json\/wp\/v2\/tags?post=109266"}],"curies":[{"name":"wp","href":"https:\/\/api.w.org\/{rel}","templated":true}]}}