{"id":109290,"date":"2025-11-26T15:58:21","date_gmt":"2025-11-26T15:58:21","guid":{"rendered":"https:\/\/www.africa-press.net\/cotedivoire\/politique\/port-bouet-sensibilisation-a-la-non-violence-electorale"},"modified":"2025-11-26T16:15:51","modified_gmt":"2025-11-26T16:15:51","slug":"port-bouet-sensibilisation-a-la-non-violence-electorale","status":"publish","type":"post","link":"https:\/\/www.africa-press.net\/cotedivoire\/politique\/port-bouet-sensibilisation-a-la-non-violence-electorale","title":{"rendered":"Port-Bou\u00ebt Sensibilisation \u00e0 la Non-Violence \u00c9lectorale"},"content":{"rendered":"<p><span style=\"color: #ff6600\"><strong>Africa-Press &#8211; C\u00f4te d&rsquo;Ivoire. <\/strong><\/span>Le Centre pilote de Port-Boue\u0308t a accueilli ce mardi 25 novembre une importante rencontre de sensibilisation dans le cadre du programme \u00ab Promouvoir la paix et la participation politique aux e\u0301lections (PAIX) \u00bb, initie\u0301 par le National Democratic Institute (NDI) avec l\u2019appui du National Endowment for Democracy (NED).<\/p>\n<p>L\u2019activite\u0301, organise\u0301e par le groupe NDI Co\u0302te d\u2019Ivoire, s\u2019inscrit dans une tourne\u0301e mene\u0301e dans plusieurs communes dont Anyama, Abobo, Koumassi, Port-Boue\u0308t et Yopougon, pour encourager la non-violence et renforcer la cohe\u0301sion sociale a\u0300 l\u2019approche des e\u0301lections de 2025.<\/p>\n<p>Le repre\u0301sentant du maire de Port-Boue\u0308t a salue\u0301 l\u2019initiative, affirmant que ce type d\u2019action rejoint les engagements de la municipalite\u0301 en faveur d\u2019un climat apaise\u0301. Il a souligne\u0301 l\u2019importance, pour les populations, d\u2019adopter des comportements responsables afin de pre\u0301server la paix sociale.<\/p>\n<p>Le repre\u0301sentant du NDI a ensuite pre\u0301sente\u0301 le ro\u0302le et la mission de l\u2019organisation, tout en expliquant le sens de cette campagne. Il a rappele\u0301 les actions de\u0301ja\u0300 mene\u0301es dans le cadre du projet CORDIALE, et exprime\u0301 sa gratitude envers le ministe\u0300re de la Femme et de l\u2019Enfant pour son accompagnement.<\/p>\n<p>Au nom de la ministre, son repre\u0301sentant, M. Yacouba, a fe\u0301licite\u0301 le groupe NDI pour cette initiative. Il a rappele\u0301 que les pe\u0301riodes e\u0301lectorales sont souvent marque\u0301es par des incompre\u0301hensions, des tensions et parfois des divisions. Il a lance\u0301 un appel a\u0300 tous: promouvoir la non-violence, cultiver la cohe\u0301sion sociale et adopter un comportement citoyen lors des scrutins.<\/p>\n<p>Au cours de la ce\u0301re\u0301monie, un film de sensibilisation mettant en lumie\u0300re le projet CORDIALE a e\u0301te\u0301 projete\u0301. Celui-ci visait a\u0300 illustrer les enjeux de la campagne et a\u0300 encourager la participation active des communaute\u0301s.<\/p>\n<p>La projection a e\u0301te\u0301 suivie d&rsquo;une session de questions-re\u0301ponses entre les invite\u0301s et les pane\u0301listes, permettant un dialogue ouvert sur les de\u0301fis de la cohe\u0301sion sociale et les actions a\u0300 mener pour garantir une e\u0301lection apaise\u0301e.<\/p>\n<p>Cette activite\u0301 marque une e\u0301tape importante dans la mobilisation pour des e\u0301lections sans violence en Co\u0302te d\u2019Ivoire, et re\u0301affirme l\u2019engagement des acteurs locaux et internationaux pour une participation citoyenne responsable.<\/p>\n<p><strong>Pour plus d&rsquo;informations et d&rsquo;analyses sur la <span style=\"color: #ff6600\">C\u00f4te d&rsquo;Ivoire<\/span>, suivez <span style=\"color: #ff6600\">Africa-Press<\/span><\/strong><\/p>\n","protected":false},"excerpt":{"rendered":"<p>Africa-Press &#8211; C\u00f4te d&rsquo;Ivoire. Le Centre pilote de Port-Boue\u0308t a accueilli ce mardi 25 novembre une importante rencontre de sensibilisation dans le cadre du programme \u00ab Promouvoir la paix et la participation politique aux e\u0301lections (PAIX) \u00bb, initie\u0301 par le National Democratic Institute (NDI) avec l\u2019appui du National Endowment for Democracy (NED). L\u2019activite\u0301, organise\u0301e par [&hellip;]<\/p>\n","protected":false},"author":82,"featured_media":109289,"comment_status":"open","ping_status":"closed","sticky":false,"template":"","format":"standard","meta":{"footnotes":""},"categories":[2,10],"tags":[4812,2711,29,1981,8402],"class_list":["post-109290","post","type-post","status-publish","format-standard","has-post-thumbnail","hentry","category-politique","category-toutes-les-actualites","tag-action","tag-campagne","tag-cote-divoire","tag-ndi","tag-participation"],"yoast_head":"<!-- This site is optimized with the Yoast SEO Premium plugin v26.1 (Yoast SEO v27.0) - https:\/\/yoast.com\/product\/yoast-seo-premium-wordpress\/ -->\n<title>Port-Bou\u00ebt Sensibilisation \u00e0 la Non-Violence \u00c9lectorale - C\u00f4te d&#039;Ivoire<\/title>\n<meta name=\"description\" content=\"Le Centre pilote de Port-Boue\u0308t a accueilli ce mardi 25 novembre une importante rencontre de sensibilisation dans le cad ...\" \/>\n<meta name=\"robots\" content=\"index, follow, max-snippet:-1, max-image-preview:large, max-video-preview:-1\" \/>\n<link rel=\"canonical\" href=\"https:\/\/www.africa-press.net\/cotedivoire\/politique\/port-bouet-sensibilisation-a-la-non-violence-electorale\" \/>\n<meta property=\"og:locale\" content=\"fr_FR\" \/>\n<meta property=\"og:type\" content=\"article\" \/>\n<meta property=\"og:title\" content=\"Port-Bou\u00ebt Sensibilisation \u00e0 la Non-Violence \u00c9lectorale\" \/>\n<meta property=\"og:description\" content=\"Le Centre pilote de Port-Boue\u0308t a accueilli ce mardi 25 novembre une importante rencontre de sensibilisation dans le cad ...\" \/>\n<meta property=\"og:url\" content=\"https:\/\/www.africa-press.net\/cotedivoire\/politique\/port-bouet-sensibilisation-a-la-non-violence-electorale\" \/>\n<meta property=\"og:site_name\" content=\"C\u00f4te d&#039;Ivoire\" \/>\n<meta property=\"article:published_time\" content=\"2025-11-26T15:58:21+00:00\" \/>\n<meta property=\"article:modified_time\" content=\"2025-11-26T16:15:51+00:00\" \/>\n<meta property=\"og:image\" content=\"https:\/\/static.africa-press.net\/cote\/sites\/43\/2025\/11\/sm_1764160811.350894.jpg\" \/>\n\t<meta property=\"og:image:width\" content=\"720\" \/>\n\t<meta property=\"og:image:height\" content=\"404\" \/>\n\t<meta property=\"og:image:type\" content=\"image\/jpeg\" \/>\n<meta name=\"author\" content=\"cfeditorfr\" \/>\n<meta name=\"twitter:card\" content=\"summary_large_image\" \/>\n<meta name=\"twitter:label1\" content=\"\u00c9crit par\" \/>\n\t<meta name=\"twitter:data1\" content=\"cfeditorfr\" \/>\n\t<meta name=\"twitter:label2\" content=\"Dur\u00e9e de lecture estim\u00e9e\" \/>\n\t<meta name=\"twitter:data2\" content=\"2 minutes\" \/>\n<script type=\"application\/ld+json\" class=\"yoast-schema-graph\">{\"@context\":\"https:\/\/schema.org\",\"@graph\":[{\"@type\":\"Article\",\"@id\":\"https:\/\/www.africa-press.net\/cotedivoire\/politique\/port-bouet-sensibilisation-a-la-non-violence-electorale#article\",\"isPartOf\":{\"@id\":\"https:\/\/www.africa-press.net\/cotedivoire\/politique\/port-bouet-sensibilisation-a-la-non-violence-electorale\"},\"author\":{\"name\":\"cfeditorfr\",\"@id\":\"https:\/\/www.africa-press.net\/cotedivoire\/#\/schema\/person\/2b1cf3cd81a31e3cd26889ca66d677f1\"},\"headline\":\"Port-Bou\u00ebt Sensibilisation \u00e0 la Non-Violence \u00c9lectorale\",\"datePublished\":\"2025-11-26T15:58:21+00:00\",\"dateModified\":\"2025-11-26T16:15:51+00:00\",\"mainEntityOfPage\":{\"@id\":\"https:\/\/www.africa-press.net\/cotedivoire\/politique\/port-bouet-sensibilisation-a-la-non-violence-electorale\"},\"wordCount\":418,\"commentCount\":0,\"image\":{\"@id\":\"https:\/\/www.africa-press.net\/cotedivoire\/politique\/port-bouet-sensibilisation-a-la-non-violence-electorale#primaryimage\"},\"thumbnailUrl\":\"https:\/\/static.africa-press.net\/cote\/sites\/43\/2025\/11\/sm_1764160811.350894.jpg\",\"keywords\":[\"Action\",\"campagne\",\"C\u00d4TE D'IVOIRE\",\"NDI\",\"participation\"],\"articleSection\":[\"Politique\",\"Toutes les actualit\u00e9s\"],\"inLanguage\":\"fr-FR\",\"potentialAction\":[{\"@type\":\"CommentAction\",\"name\":\"Comment\",\"target\":[\"https:\/\/www.africa-press.net\/cotedivoire\/politique\/port-bouet-sensibilisation-a-la-non-violence-electorale#respond\"]}]},{\"@type\":\"WebPage\",\"@id\":\"https:\/\/www.africa-press.net\/cotedivoire\/politique\/port-bouet-sensibilisation-a-la-non-violence-electorale\",\"url\":\"https:\/\/www.africa-press.net\/cotedivoire\/politique\/port-bouet-sensibilisation-a-la-non-violence-electorale\",\"name\":\"Port-Bou\u00ebt Sensibilisation \u00e0 la Non-Violence \u00c9lectorale - C\u00f4te d&#039;Ivoire\",\"isPartOf\":{\"@id\":\"https:\/\/www.africa-press.net\/cotedivoire\/#website\"},\"primaryImageOfPage\":{\"@id\":\"https:\/\/www.africa-press.net\/cotedivoire\/politique\/port-bouet-sensibilisation-a-la-non-violence-electorale#primaryimage\"},\"image\":{\"@id\":\"https:\/\/www.africa-press.net\/cotedivoire\/politique\/port-bouet-sensibilisation-a-la-non-violence-electorale#primaryimage\"},\"thumbnailUrl\":\"https:\/\/static.africa-press.net\/cote\/sites\/43\/2025\/11\/sm_1764160811.350894.jpg\",\"datePublished\":\"2025-11-26T15:58:21+00:00\",\"dateModified\":\"2025-11-26T16:15:51+00:00\",\"author\":{\"@id\":\"https:\/\/www.africa-press.net\/cotedivoire\/#\/schema\/person\/2b1cf3cd81a31e3cd26889ca66d677f1\"},\"description\":\"Le Centre pilote de Port-Boue\u0308t a accueilli ce mardi 25 novembre une importante rencontre de sensibilisation dans le cad ...\",\"breadcrumb\":{\"@id\":\"https:\/\/www.africa-press.net\/cotedivoire\/politique\/port-bouet-sensibilisation-a-la-non-violence-electorale#breadcrumb\"},\"inLanguage\":\"fr-FR\",\"potentialAction\":[{\"@type\":\"ReadAction\",\"target\":[\"https:\/\/www.africa-press.net\/cotedivoire\/politique\/port-bouet-sensibilisation-a-la-non-violence-electorale\"]}]},{\"@type\":\"ImageObject\",\"inLanguage\":\"fr-FR\",\"@id\":\"https:\/\/www.africa-press.net\/cotedivoire\/politique\/port-bouet-sensibilisation-a-la-non-violence-electorale#primaryimage\",\"url\":\"https:\/\/static.africa-press.net\/cote\/sites\/43\/2025\/11\/sm_1764160811.350894.jpg\",\"contentUrl\":\"https:\/\/static.africa-press.net\/cote\/sites\/43\/2025\/11\/sm_1764160811.350894.jpg\",\"width\":720,\"height\":404,\"caption\":\"Port-Bou\u00ebt Sensibilisation \u00e0 la Non-Violence \u00c9lectorale\"},{\"@type\":\"BreadcrumbList\",\"@id\":\"https:\/\/www.africa-press.net\/cotedivoire\/politique\/port-bouet-sensibilisation-a-la-non-violence-electorale#breadcrumb\",\"itemListElement\":[{\"@type\":\"ListItem\",\"position\":1,\"name\":\"Accueil\",\"item\":\"https:\/\/www.africa-press.net\/cotedivoire\/\"},{\"@type\":\"ListItem\",\"position\":2,\"name\":\"Port-Bou\u00ebt Sensibilisation \u00e0 la Non-Violence \u00c9lectorale\"}]},{\"@type\":\"WebSite\",\"@id\":\"https:\/\/www.africa-press.net\/cotedivoire\/#website\",\"url\":\"https:\/\/www.africa-press.net\/cotedivoire\/\",\"name\":\"C\u00f4te d&#039;Ivoire\",\"description\":\"Just another Africa News Agency Sites site\",\"potentialAction\":[{\"@type\":\"SearchAction\",\"target\":{\"@type\":\"EntryPoint\",\"urlTemplate\":\"https:\/\/www.africa-press.net\/cotedivoire\/?s={search_term_string}\"},\"query-input\":{\"@type\":\"PropertyValueSpecification\",\"valueRequired\":true,\"valueName\":\"search_term_string\"}}],\"inLanguage\":\"fr-FR\"},{\"@type\":\"Person\",\"@id\":\"https:\/\/www.africa-press.net\/cotedivoire\/#\/schema\/person\/2b1cf3cd81a31e3cd26889ca66d677f1\",\"name\":\"cfeditorfr\"}]}<\/script>\n<!-- \/ Yoast SEO Premium plugin. -->","yoast_head_json":{"title":"Port-Bou\u00ebt Sensibilisation \u00e0 la Non-Violence \u00c9lectorale - C\u00f4te d&#039;Ivoire","description":"Le Centre pilote de Port-Boue\u0308t a accueilli ce mardi 25 novembre une importante rencontre de sensibilisation dans le cad ...","robots":{"index":"index","follow":"follow","max-snippet":"max-snippet:-1","max-image-preview":"max-image-preview:large","max-video-preview":"max-video-preview:-1"},"canonical":"https:\/\/www.africa-press.net\/cotedivoire\/politique\/port-bouet-sensibilisation-a-la-non-violence-electorale","og_locale":"fr_FR","og_type":"article","og_title":"Port-Bou\u00ebt Sensibilisation \u00e0 la Non-Violence \u00c9lectorale","og_description":"Le Centre pilote de Port-Boue\u0308t a accueilli ce mardi 25 novembre une importante rencontre de sensibilisation dans le cad ...","og_url":"https:\/\/www.africa-press.net\/cotedivoire\/politique\/port-bouet-sensibilisation-a-la-non-violence-electorale","og_site_name":"C\u00f4te d&#039;Ivoire","article_published_time":"2025-11-26T15:58:21+00:00","article_modified_time":"2025-11-26T16:15:51+00:00","og_image":[{"width":720,"height":404,"url":"https:\/\/static.africa-press.net\/cote\/sites\/43\/2025\/11\/sm_1764160811.350894.jpg","type":"image\/jpeg"}],"author":"cfeditorfr","twitter_card":"summary_large_image","twitter_misc":{"\u00c9crit par":"cfeditorfr","Dur\u00e9e de lecture estim\u00e9e":"2 minutes"},"schema":{"@context":"https:\/\/schema.org","@graph":[{"@type":"Article","@id":"https:\/\/www.africa-press.net\/cotedivoire\/politique\/port-bouet-sensibilisation-a-la-non-violence-electorale#article","isPartOf":{"@id":"https:\/\/www.africa-press.net\/cotedivoire\/politique\/port-bouet-sensibilisation-a-la-non-violence-electorale"},"author":{"name":"cfeditorfr","@id":"https:\/\/www.africa-press.net\/cotedivoire\/#\/schema\/person\/2b1cf3cd81a31e3cd26889ca66d677f1"},"headline":"Port-Bou\u00ebt Sensibilisation \u00e0 la Non-Violence \u00c9lectorale","datePublished":"2025-11-26T15:58:21+00:00","dateModified":"2025-11-26T16:15:51+00:00","mainEntityOfPage":{"@id":"https:\/\/www.africa-press.net\/cotedivoire\/politique\/port-bouet-sensibilisation-a-la-non-violence-electorale"},"wordCount":418,"commentCount":0,"image":{"@id":"https:\/\/www.africa-press.net\/cotedivoire\/politique\/port-bouet-sensibilisation-a-la-non-violence-electorale#primaryimage"},"thumbnailUrl":"https:\/\/static.africa-press.net\/cote\/sites\/43\/2025\/11\/sm_1764160811.350894.jpg","keywords":["Action","campagne","C\u00d4TE D'IVOIRE","NDI","participation"],"articleSection":["Politique","Toutes les actualit\u00e9s"],"inLanguage":"fr-FR","potentialAction":[{"@type":"CommentAction","name":"Comment","target":["https:\/\/www.africa-press.net\/cotedivoire\/politique\/port-bouet-sensibilisation-a-la-non-violence-electorale#respond"]}]},{"@type":"WebPage","@id":"https:\/\/www.africa-press.net\/cotedivoire\/politique\/port-bouet-sensibilisation-a-la-non-violence-electorale","url":"https:\/\/www.africa-press.net\/cotedivoire\/politique\/port-bouet-sensibilisation-a-la-non-violence-electorale","name":"Port-Bou\u00ebt Sensibilisation \u00e0 la Non-Violence \u00c9lectorale - C\u00f4te d&#039;Ivoire","isPartOf":{"@id":"https:\/\/www.africa-press.net\/cotedivoire\/#website"},"primaryImageOfPage":{"@id":"https:\/\/www.africa-press.net\/cotedivoire\/politique\/port-bouet-sensibilisation-a-la-non-violence-electorale#primaryimage"},"image":{"@id":"https:\/\/www.africa-press.net\/cotedivoire\/politique\/port-bouet-sensibilisation-a-la-non-violence-electorale#primaryimage"},"thumbnailUrl":"https:\/\/static.africa-press.net\/cote\/sites\/43\/2025\/11\/sm_1764160811.350894.jpg","datePublished":"2025-11-26T15:58:21+00:00","dateModified":"2025-11-26T16:15:51+00:00","author":{"@id":"https:\/\/www.africa-press.net\/cotedivoire\/#\/schema\/person\/2b1cf3cd81a31e3cd26889ca66d677f1"},"description":"Le Centre pilote de Port-Boue\u0308t a accueilli ce mardi 25 novembre une importante rencontre de sensibilisation dans le cad ...","breadcrumb":{"@id":"https:\/\/www.africa-press.net\/cotedivoire\/politique\/port-bouet-sensibilisation-a-la-non-violence-electorale#breadcrumb"},"inLanguage":"fr-FR","potentialAction":[{"@type":"ReadAction","target":["https:\/\/www.africa-press.net\/cotedivoire\/politique\/port-bouet-sensibilisation-a-la-non-violence-electorale"]}]},{"@type":"ImageObject","inLanguage":"fr-FR","@id":"https:\/\/www.africa-press.net\/cotedivoire\/politique\/port-bouet-sensibilisation-a-la-non-violence-electorale#primaryimage","url":"https:\/\/static.africa-press.net\/cote\/sites\/43\/2025\/11\/sm_1764160811.350894.jpg","contentUrl":"https:\/\/static.africa-press.net\/cote\/sites\/43\/2025\/11\/sm_1764160811.350894.jpg","width":720,"height":404,"caption":"Port-Bou\u00ebt Sensibilisation \u00e0 la Non-Violence \u00c9lectorale"},{"@type":"BreadcrumbList","@id":"https:\/\/www.africa-press.net\/cotedivoire\/politique\/port-bouet-sensibilisation-a-la-non-violence-electorale#breadcrumb","itemListElement":[{"@type":"ListItem","position":1,"name":"Accueil","item":"https:\/\/www.africa-press.net\/cotedivoire\/"},{"@type":"ListItem","position":2,"name":"Port-Bou\u00ebt Sensibilisation \u00e0 la Non-Violence \u00c9lectorale"}]},{"@type":"WebSite","@id":"https:\/\/www.africa-press.net\/cotedivoire\/#website","url":"https:\/\/www.africa-press.net\/cotedivoire\/","name":"C\u00f4te d&#039;Ivoire","description":"Just another Africa News Agency Sites site","potentialAction":[{"@type":"SearchAction","target":{"@type":"EntryPoint","urlTemplate":"https:\/\/www.africa-press.net\/cotedivoire\/?s={search_term_string}"},"query-input":{"@type":"PropertyValueSpecification","valueRequired":true,"valueName":"search_term_string"}}],"inLanguage":"fr-FR"},{"@type":"Person","@id":"https:\/\/www.africa-press.net\/cotedivoire\/#\/schema\/person\/2b1cf3cd81a31e3cd26889ca66d677f1","name":"cfeditorfr"}]}},"_links":{"self":[{"href":"https:\/\/www.africa-press.net\/cotedivoire\/wp-json\/wp\/v2\/posts\/109290","targetHints":{"allow":["GET"]}}],"collection":[{"href":"https:\/\/www.africa-press.net\/cotedivoire\/wp-json\/wp\/v2\/posts"}],"about":[{"href":"https:\/\/www.africa-press.net\/cotedivoire\/wp-json\/wp\/v2\/types\/post"}],"author":[{"embeddable":true,"href":"https:\/\/www.africa-press.net\/cotedivoire\/wp-json\/wp\/v2\/users\/82"}],"replies":[{"embeddable":true,"href":"https:\/\/www.africa-press.net\/cotedivoire\/wp-json\/wp\/v2\/comments?post=109290"}],"version-history":[{"count":0,"href":"https:\/\/www.africa-press.net\/cotedivoire\/wp-json\/wp\/v2\/posts\/109290\/revisions"}],"wp:featuredmedia":[{"embeddable":true,"href":"https:\/\/www.africa-press.net\/cotedivoire\/wp-json\/wp\/v2\/media\/109289"}],"wp:attachment":[{"href":"https:\/\/www.africa-press.net\/cotedivoire\/wp-json\/wp\/v2\/media?parent=109290"}],"wp:term":[{"taxonomy":"category","embeddable":true,"href":"https:\/\/www.africa-press.net\/cotedivoire\/wp-json\/wp\/v2\/categories?post=109290"},{"taxonomy":"post_tag","embeddable":true,"href":"https:\/\/www.africa-press.net\/cotedivoire\/wp-json\/wp\/v2\/tags?post=109290"}],"curies":[{"name":"wp","href":"https:\/\/api.w.org\/{rel}","templated":true}]}}