{"id":109334,"date":"2025-11-26T16:18:59","date_gmt":"2025-11-26T16:18:59","guid":{"rendered":"https:\/\/www.africa-press.net\/cotedivoire\/politique\/renouveau-a-la-confemen-sous-le-leadership-de-mariatou-kone"},"modified":"2025-11-26T16:30:51","modified_gmt":"2025-11-26T16:30:51","slug":"renouveau-a-la-confemen-sous-le-leadership-de-mariatou-kone","status":"publish","type":"post","link":"https:\/\/www.africa-press.net\/cotedivoire\/politique\/renouveau-a-la-confemen-sous-le-leadership-de-mariatou-kone","title":{"rendered":"Renouveau \u00e0 la CONFEMEN Sous le Leadership de Mariatou Kon\u00e9"},"content":{"rendered":"<p><span style=\"color: #ff6600\"><strong>Africa-Press &#8211; C\u00f4te d&rsquo;Ivoire. <\/strong><\/span>Le Secre\u0301taire ge\u0301ne\u0301ral de la CONFEMEN, le Professeur Abdel Rahamane Baba-Moussa, a exprime\u0301 sa profonde admiration pour le leadership du Professeur Mariatou Kone\u0301, ministre ivoirienne de l\u2019E\u0301ducation nationale et de l\u2019Alphabe\u0301tisation, et pre\u0301sidente en exercice de la Confe\u0301rence des ministres de l\u2019E\u0301ducation des E\u0301tats et gouvernements de la Francophonie.<\/p>\n<p>A\u0300 l\u2019issue d\u2019une se\u0301ance de travail tenue ce 24 novembre 2025 a\u0300 Abidjan, le haut fonctionnaire international a salue\u0301 les avance\u0301es majeures enregistre\u0301es par l\u2019organisation depuis l\u2019e\u0301lection de Mme Kone\u0301 a\u0300 sa te\u0302te.<\/p>\n<p>\u00ab Je peux dire que la CONFEMEN est une institution en plein essor, et ce gra\u0302ce a\u0300 Madame la Pre\u0301sidente, le Professeur Mariatou Kone\u0301, qui nous soutient a\u0300 200 % \u00bb, a de\u0301clare\u0301 le Secre\u0301taire ge\u0301ne\u0301ral, enthousiaste.<\/p>\n<p>Le chef du Secre\u0301tariat technique permanent a rappele\u0301 que l\u2019engagement de la ministre ivoirienne a e\u0301te\u0301 essentiel de\u0300s 2022, alors qu\u2019elle assumait la vice-pre\u0301sidence de l\u2019organisation. Durant cette pe\u0301riode, plusieurs re\u0301formes structurantes ont e\u0301te\u0301 initie\u0301es pour dynamiser la gouvernance e\u0301ducative au sein des 44 E\u0301tats membres.<\/p>\n<p>Depuis 2024, anne\u0301e ou\u0300 elle acce\u0300de a\u0300 la pre\u0301sidence de la CONFEMEN, ces re\u0301formes ont e\u0301te\u0301 mises en \u0153uvre avec efficacite\u0301. \u00ab C\u2019est avec beaucoup d\u2019attention et d\u2019optimisme que j\u2019attends la ministe\u0301rielle de 2026, ou\u0300 sera pre\u0301sente\u0301 son bilan. Je suis convaincu qu\u2019il sera tre\u0300s positif. C\u2019est une nouvelle CONFEMEN que nous de\u0301voilerons en 2026 \u00bb, a-t-il ajoute\u0301.<\/p>\n<p>En re\u0301action aux e\u0301loges du Secre\u0301taire ge\u0301ne\u0301ral, la ministre Mariatou Kone\u0301 a tenu a\u0300 saluer l\u2019engagement de ses collaborateurs et a\u0300 rappeler les fondements de la transformation en cours au sein de l\u2019organisation.<\/p>\n<p>\u00ab Vous savez que j\u2019aime les choses bien faites. En tant que vice-pre\u0301sidente, nous avons e\u0301labore\u0301 un plan strate\u0301gique, une ve\u0301ritable boussole, comme nous l\u2019avions fait avec les E\u0301tats ge\u0301ne\u0301raux de l\u2019E\u0301ducation nationale et de l\u2019Alphabe\u0301tisation en Co\u0302te d\u2019Ivoire. Ce plan est aujourd\u2019hui en pleine exe\u0301cution, et nous espe\u0301rons un bilan tout aussi positif en 2026 \u00bb, a-t-elle confie\u0301.<\/p>\n<p>La rencontre a e\u0301galement permis d\u2019aborder plusieurs chantiers majeurs, notamment l\u2019e\u0301valuation internationale PASEC 2024 et la pre\u0301paration de la prochaine Confe\u0301rence ministe\u0301rielle de la CONFEMEN, pre\u0301vue en 2026 au Cameroun.<\/p>\n<p>Ces e\u0301che\u0301ances marqueront une e\u0301tape cruciale dans le de\u0301ploiement des ambitions e\u0301ducatives porte\u0301es par la Francophonie et devraient consacrer les progre\u0300s initie\u0301s sous la pre\u0301sidence de la ministre ivoirienne.<\/p>\n<p><strong>Pour plus d&rsquo;informations et d&rsquo;analyses sur la <span style=\"color: #ff6600\">C\u00f4te d&rsquo;Ivoire<\/span>, suivez <span style=\"color: #ff6600\">Africa-Press<\/span><\/strong><\/p>\n","protected":false},"excerpt":{"rendered":"<p>Africa-Press &#8211; C\u00f4te d&rsquo;Ivoire. Le Secre\u0301taire ge\u0301ne\u0301ral de la CONFEMEN, le Professeur Abdel Rahamane Baba-Moussa, a exprime\u0301 sa profonde admiration pour le leadership du Professeur Mariatou Kone\u0301, ministre ivoirienne de l\u2019E\u0301ducation nationale et de l\u2019Alphabe\u0301tisation, et pre\u0301sidente en exercice de la Confe\u0301rence des ministres de l\u2019E\u0301ducation des E\u0301tats et gouvernements de la Francophonie. A\u0300 l\u2019issue [&hellip;]<\/p>\n","protected":false},"author":82,"featured_media":109333,"comment_status":"open","ping_status":"closed","sticky":false,"template":"","format":"standard","meta":{"footnotes":""},"categories":[2,10],"tags":[19609,13249,29,86,15949,8167,1127,2108,13953],"class_list":["post-109334","post","type-post","status-publish","format-standard","has-post-thumbnail","hentry","category-politique","category-toutes-les-actualites","tag-cameroun-2026","tag-confemen","tag-cote-divoire","tag-education","tag-educatives","tag-francophonie","tag-mariatou-kone","tag-pasec","tag-reformes"],"yoast_head":"<!-- This site is optimized with the Yoast SEO Premium plugin v26.1 (Yoast SEO v27.0) - https:\/\/yoast.com\/product\/yoast-seo-premium-wordpress\/ -->\n<title>Renouveau \u00e0 la CONFEMEN Sous le Leadership de Mariatou Kon\u00e9 - C\u00f4te d&#039;Ivoire<\/title>\n<meta name=\"description\" content=\"Le Secre\u0301taire ge\u0301ne\u0301ral de la CONFEMEN, le Professeur Abdel Rahamane Baba-Moussa, a exprime\u0301 sa profonde admiration pou ...\" \/>\n<meta name=\"robots\" content=\"index, follow, max-snippet:-1, max-image-preview:large, max-video-preview:-1\" \/>\n<link rel=\"canonical\" href=\"https:\/\/www.africa-press.net\/cotedivoire\/politique\/renouveau-a-la-confemen-sous-le-leadership-de-mariatou-kone\" \/>\n<meta property=\"og:locale\" content=\"fr_FR\" \/>\n<meta property=\"og:type\" content=\"article\" \/>\n<meta property=\"og:title\" content=\"Renouveau \u00e0 la CONFEMEN Sous le Leadership de Mariatou Kon\u00e9\" \/>\n<meta property=\"og:description\" content=\"Le Secre\u0301taire ge\u0301ne\u0301ral de la CONFEMEN, le Professeur Abdel Rahamane Baba-Moussa, a exprime\u0301 sa profonde admiration pou ...\" \/>\n<meta property=\"og:url\" content=\"https:\/\/www.africa-press.net\/cotedivoire\/politique\/renouveau-a-la-confemen-sous-le-leadership-de-mariatou-kone\" \/>\n<meta property=\"og:site_name\" content=\"C\u00f4te d&#039;Ivoire\" \/>\n<meta property=\"article:published_time\" content=\"2025-11-26T16:18:59+00:00\" \/>\n<meta property=\"article:modified_time\" content=\"2025-11-26T16:30:51+00:00\" \/>\n<meta property=\"og:image\" content=\"https:\/\/static.africa-press.net\/cote\/sites\/43\/2025\/11\/sm_1764161996.954319.jpg\" \/>\n\t<meta property=\"og:image:width\" content=\"1280\" \/>\n\t<meta property=\"og:image:height\" content=\"720\" \/>\n\t<meta property=\"og:image:type\" content=\"image\/jpeg\" \/>\n<meta name=\"author\" content=\"cfeditorfr\" \/>\n<meta name=\"twitter:card\" content=\"summary_large_image\" \/>\n<meta name=\"twitter:label1\" content=\"\u00c9crit par\" \/>\n\t<meta name=\"twitter:data1\" content=\"cfeditorfr\" \/>\n\t<meta name=\"twitter:label2\" content=\"Dur\u00e9e de lecture estim\u00e9e\" \/>\n\t<meta name=\"twitter:data2\" content=\"3 minutes\" \/>\n<script type=\"application\/ld+json\" class=\"yoast-schema-graph\">{\"@context\":\"https:\/\/schema.org\",\"@graph\":[{\"@type\":\"Article\",\"@id\":\"https:\/\/www.africa-press.net\/cotedivoire\/politique\/renouveau-a-la-confemen-sous-le-leadership-de-mariatou-kone#article\",\"isPartOf\":{\"@id\":\"https:\/\/www.africa-press.net\/cotedivoire\/politique\/renouveau-a-la-confemen-sous-le-leadership-de-mariatou-kone\"},\"author\":{\"name\":\"cfeditorfr\",\"@id\":\"https:\/\/www.africa-press.net\/cotedivoire\/#\/schema\/person\/2b1cf3cd81a31e3cd26889ca66d677f1\"},\"headline\":\"Renouveau \u00e0 la CONFEMEN Sous le Leadership de Mariatou Kon\u00e9\",\"datePublished\":\"2025-11-26T16:18:59+00:00\",\"dateModified\":\"2025-11-26T16:30:51+00:00\",\"mainEntityOfPage\":{\"@id\":\"https:\/\/www.africa-press.net\/cotedivoire\/politique\/renouveau-a-la-confemen-sous-le-leadership-de-mariatou-kone\"},\"wordCount\":483,\"commentCount\":0,\"image\":{\"@id\":\"https:\/\/www.africa-press.net\/cotedivoire\/politique\/renouveau-a-la-confemen-sous-le-leadership-de-mariatou-kone#primaryimage\"},\"thumbnailUrl\":\"https:\/\/static.africa-press.net\/cote\/sites\/43\/2025\/11\/sm_1764161996.954319.jpg\",\"keywords\":[\"Cameroun 2026\",\"CONFEMEN\",\"C\u00d4TE D'IVOIRE\",\"\u00c9ducation\",\"\u00e9ducatives\",\"Francophonie\",\"Mariatou Kon\u00e9\",\"PASEC\",\"r\u00e9formes\"],\"articleSection\":[\"Politique\",\"Toutes les actualit\u00e9s\"],\"inLanguage\":\"fr-FR\",\"potentialAction\":[{\"@type\":\"CommentAction\",\"name\":\"Comment\",\"target\":[\"https:\/\/www.africa-press.net\/cotedivoire\/politique\/renouveau-a-la-confemen-sous-le-leadership-de-mariatou-kone#respond\"]}]},{\"@type\":\"WebPage\",\"@id\":\"https:\/\/www.africa-press.net\/cotedivoire\/politique\/renouveau-a-la-confemen-sous-le-leadership-de-mariatou-kone\",\"url\":\"https:\/\/www.africa-press.net\/cotedivoire\/politique\/renouveau-a-la-confemen-sous-le-leadership-de-mariatou-kone\",\"name\":\"Renouveau \u00e0 la CONFEMEN Sous le Leadership de Mariatou Kon\u00e9 - C\u00f4te d&#039;Ivoire\",\"isPartOf\":{\"@id\":\"https:\/\/www.africa-press.net\/cotedivoire\/#website\"},\"primaryImageOfPage\":{\"@id\":\"https:\/\/www.africa-press.net\/cotedivoire\/politique\/renouveau-a-la-confemen-sous-le-leadership-de-mariatou-kone#primaryimage\"},\"image\":{\"@id\":\"https:\/\/www.africa-press.net\/cotedivoire\/politique\/renouveau-a-la-confemen-sous-le-leadership-de-mariatou-kone#primaryimage\"},\"thumbnailUrl\":\"https:\/\/static.africa-press.net\/cote\/sites\/43\/2025\/11\/sm_1764161996.954319.jpg\",\"datePublished\":\"2025-11-26T16:18:59+00:00\",\"dateModified\":\"2025-11-26T16:30:51+00:00\",\"author\":{\"@id\":\"https:\/\/www.africa-press.net\/cotedivoire\/#\/schema\/person\/2b1cf3cd81a31e3cd26889ca66d677f1\"},\"description\":\"Le Secre\u0301taire ge\u0301ne\u0301ral de la CONFEMEN, le Professeur Abdel Rahamane Baba-Moussa, a exprime\u0301 sa profonde admiration pou ...\",\"breadcrumb\":{\"@id\":\"https:\/\/www.africa-press.net\/cotedivoire\/politique\/renouveau-a-la-confemen-sous-le-leadership-de-mariatou-kone#breadcrumb\"},\"inLanguage\":\"fr-FR\",\"potentialAction\":[{\"@type\":\"ReadAction\",\"target\":[\"https:\/\/www.africa-press.net\/cotedivoire\/politique\/renouveau-a-la-confemen-sous-le-leadership-de-mariatou-kone\"]}]},{\"@type\":\"ImageObject\",\"inLanguage\":\"fr-FR\",\"@id\":\"https:\/\/www.africa-press.net\/cotedivoire\/politique\/renouveau-a-la-confemen-sous-le-leadership-de-mariatou-kone#primaryimage\",\"url\":\"https:\/\/static.africa-press.net\/cote\/sites\/43\/2025\/11\/sm_1764161996.954319.jpg\",\"contentUrl\":\"https:\/\/static.africa-press.net\/cote\/sites\/43\/2025\/11\/sm_1764161996.954319.jpg\",\"width\":1280,\"height\":720,\"caption\":\"Renouveau \u00e0 la CONFEMEN Sous le Leadership de Mariatou Kon\u00e9\"},{\"@type\":\"BreadcrumbList\",\"@id\":\"https:\/\/www.africa-press.net\/cotedivoire\/politique\/renouveau-a-la-confemen-sous-le-leadership-de-mariatou-kone#breadcrumb\",\"itemListElement\":[{\"@type\":\"ListItem\",\"position\":1,\"name\":\"Accueil\",\"item\":\"https:\/\/www.africa-press.net\/cotedivoire\/\"},{\"@type\":\"ListItem\",\"position\":2,\"name\":\"Renouveau \u00e0 la CONFEMEN Sous le Leadership de Mariatou Kon\u00e9\"}]},{\"@type\":\"WebSite\",\"@id\":\"https:\/\/www.africa-press.net\/cotedivoire\/#website\",\"url\":\"https:\/\/www.africa-press.net\/cotedivoire\/\",\"name\":\"C\u00f4te d&#039;Ivoire\",\"description\":\"Just another Africa News Agency Sites site\",\"potentialAction\":[{\"@type\":\"SearchAction\",\"target\":{\"@type\":\"EntryPoint\",\"urlTemplate\":\"https:\/\/www.africa-press.net\/cotedivoire\/?s={search_term_string}\"},\"query-input\":{\"@type\":\"PropertyValueSpecification\",\"valueRequired\":true,\"valueName\":\"search_term_string\"}}],\"inLanguage\":\"fr-FR\"},{\"@type\":\"Person\",\"@id\":\"https:\/\/www.africa-press.net\/cotedivoire\/#\/schema\/person\/2b1cf3cd81a31e3cd26889ca66d677f1\",\"name\":\"cfeditorfr\"}]}<\/script>\n<!-- \/ Yoast SEO Premium plugin. -->","yoast_head_json":{"title":"Renouveau \u00e0 la CONFEMEN Sous le Leadership de Mariatou Kon\u00e9 - C\u00f4te d&#039;Ivoire","description":"Le Secre\u0301taire ge\u0301ne\u0301ral de la CONFEMEN, le Professeur Abdel Rahamane Baba-Moussa, a exprime\u0301 sa profonde admiration pou ...","robots":{"index":"index","follow":"follow","max-snippet":"max-snippet:-1","max-image-preview":"max-image-preview:large","max-video-preview":"max-video-preview:-1"},"canonical":"https:\/\/www.africa-press.net\/cotedivoire\/politique\/renouveau-a-la-confemen-sous-le-leadership-de-mariatou-kone","og_locale":"fr_FR","og_type":"article","og_title":"Renouveau \u00e0 la CONFEMEN Sous le Leadership de Mariatou Kon\u00e9","og_description":"Le Secre\u0301taire ge\u0301ne\u0301ral de la CONFEMEN, le Professeur Abdel Rahamane Baba-Moussa, a exprime\u0301 sa profonde admiration pou ...","og_url":"https:\/\/www.africa-press.net\/cotedivoire\/politique\/renouveau-a-la-confemen-sous-le-leadership-de-mariatou-kone","og_site_name":"C\u00f4te d&#039;Ivoire","article_published_time":"2025-11-26T16:18:59+00:00","article_modified_time":"2025-11-26T16:30:51+00:00","og_image":[{"width":1280,"height":720,"url":"https:\/\/static.africa-press.net\/cote\/sites\/43\/2025\/11\/sm_1764161996.954319.jpg","type":"image\/jpeg"}],"author":"cfeditorfr","twitter_card":"summary_large_image","twitter_misc":{"\u00c9crit par":"cfeditorfr","Dur\u00e9e de lecture estim\u00e9e":"3 minutes"},"schema":{"@context":"https:\/\/schema.org","@graph":[{"@type":"Article","@id":"https:\/\/www.africa-press.net\/cotedivoire\/politique\/renouveau-a-la-confemen-sous-le-leadership-de-mariatou-kone#article","isPartOf":{"@id":"https:\/\/www.africa-press.net\/cotedivoire\/politique\/renouveau-a-la-confemen-sous-le-leadership-de-mariatou-kone"},"author":{"name":"cfeditorfr","@id":"https:\/\/www.africa-press.net\/cotedivoire\/#\/schema\/person\/2b1cf3cd81a31e3cd26889ca66d677f1"},"headline":"Renouveau \u00e0 la CONFEMEN Sous le Leadership de Mariatou Kon\u00e9","datePublished":"2025-11-26T16:18:59+00:00","dateModified":"2025-11-26T16:30:51+00:00","mainEntityOfPage":{"@id":"https:\/\/www.africa-press.net\/cotedivoire\/politique\/renouveau-a-la-confemen-sous-le-leadership-de-mariatou-kone"},"wordCount":483,"commentCount":0,"image":{"@id":"https:\/\/www.africa-press.net\/cotedivoire\/politique\/renouveau-a-la-confemen-sous-le-leadership-de-mariatou-kone#primaryimage"},"thumbnailUrl":"https:\/\/static.africa-press.net\/cote\/sites\/43\/2025\/11\/sm_1764161996.954319.jpg","keywords":["Cameroun 2026","CONFEMEN","C\u00d4TE D'IVOIRE","\u00c9ducation","\u00e9ducatives","Francophonie","Mariatou Kon\u00e9","PASEC","r\u00e9formes"],"articleSection":["Politique","Toutes les actualit\u00e9s"],"inLanguage":"fr-FR","potentialAction":[{"@type":"CommentAction","name":"Comment","target":["https:\/\/www.africa-press.net\/cotedivoire\/politique\/renouveau-a-la-confemen-sous-le-leadership-de-mariatou-kone#respond"]}]},{"@type":"WebPage","@id":"https:\/\/www.africa-press.net\/cotedivoire\/politique\/renouveau-a-la-confemen-sous-le-leadership-de-mariatou-kone","url":"https:\/\/www.africa-press.net\/cotedivoire\/politique\/renouveau-a-la-confemen-sous-le-leadership-de-mariatou-kone","name":"Renouveau \u00e0 la CONFEMEN Sous le Leadership de Mariatou Kon\u00e9 - C\u00f4te d&#039;Ivoire","isPartOf":{"@id":"https:\/\/www.africa-press.net\/cotedivoire\/#website"},"primaryImageOfPage":{"@id":"https:\/\/www.africa-press.net\/cotedivoire\/politique\/renouveau-a-la-confemen-sous-le-leadership-de-mariatou-kone#primaryimage"},"image":{"@id":"https:\/\/www.africa-press.net\/cotedivoire\/politique\/renouveau-a-la-confemen-sous-le-leadership-de-mariatou-kone#primaryimage"},"thumbnailUrl":"https:\/\/static.africa-press.net\/cote\/sites\/43\/2025\/11\/sm_1764161996.954319.jpg","datePublished":"2025-11-26T16:18:59+00:00","dateModified":"2025-11-26T16:30:51+00:00","author":{"@id":"https:\/\/www.africa-press.net\/cotedivoire\/#\/schema\/person\/2b1cf3cd81a31e3cd26889ca66d677f1"},"description":"Le Secre\u0301taire ge\u0301ne\u0301ral de la CONFEMEN, le Professeur Abdel Rahamane Baba-Moussa, a exprime\u0301 sa profonde admiration pou ...","breadcrumb":{"@id":"https:\/\/www.africa-press.net\/cotedivoire\/politique\/renouveau-a-la-confemen-sous-le-leadership-de-mariatou-kone#breadcrumb"},"inLanguage":"fr-FR","potentialAction":[{"@type":"ReadAction","target":["https:\/\/www.africa-press.net\/cotedivoire\/politique\/renouveau-a-la-confemen-sous-le-leadership-de-mariatou-kone"]}]},{"@type":"ImageObject","inLanguage":"fr-FR","@id":"https:\/\/www.africa-press.net\/cotedivoire\/politique\/renouveau-a-la-confemen-sous-le-leadership-de-mariatou-kone#primaryimage","url":"https:\/\/static.africa-press.net\/cote\/sites\/43\/2025\/11\/sm_1764161996.954319.jpg","contentUrl":"https:\/\/static.africa-press.net\/cote\/sites\/43\/2025\/11\/sm_1764161996.954319.jpg","width":1280,"height":720,"caption":"Renouveau \u00e0 la CONFEMEN Sous le Leadership de Mariatou Kon\u00e9"},{"@type":"BreadcrumbList","@id":"https:\/\/www.africa-press.net\/cotedivoire\/politique\/renouveau-a-la-confemen-sous-le-leadership-de-mariatou-kone#breadcrumb","itemListElement":[{"@type":"ListItem","position":1,"name":"Accueil","item":"https:\/\/www.africa-press.net\/cotedivoire\/"},{"@type":"ListItem","position":2,"name":"Renouveau \u00e0 la CONFEMEN Sous le Leadership de Mariatou Kon\u00e9"}]},{"@type":"WebSite","@id":"https:\/\/www.africa-press.net\/cotedivoire\/#website","url":"https:\/\/www.africa-press.net\/cotedivoire\/","name":"C\u00f4te d&#039;Ivoire","description":"Just another Africa News Agency Sites site","potentialAction":[{"@type":"SearchAction","target":{"@type":"EntryPoint","urlTemplate":"https:\/\/www.africa-press.net\/cotedivoire\/?s={search_term_string}"},"query-input":{"@type":"PropertyValueSpecification","valueRequired":true,"valueName":"search_term_string"}}],"inLanguage":"fr-FR"},{"@type":"Person","@id":"https:\/\/www.africa-press.net\/cotedivoire\/#\/schema\/person\/2b1cf3cd81a31e3cd26889ca66d677f1","name":"cfeditorfr"}]}},"_links":{"self":[{"href":"https:\/\/www.africa-press.net\/cotedivoire\/wp-json\/wp\/v2\/posts\/109334","targetHints":{"allow":["GET"]}}],"collection":[{"href":"https:\/\/www.africa-press.net\/cotedivoire\/wp-json\/wp\/v2\/posts"}],"about":[{"href":"https:\/\/www.africa-press.net\/cotedivoire\/wp-json\/wp\/v2\/types\/post"}],"author":[{"embeddable":true,"href":"https:\/\/www.africa-press.net\/cotedivoire\/wp-json\/wp\/v2\/users\/82"}],"replies":[{"embeddable":true,"href":"https:\/\/www.africa-press.net\/cotedivoire\/wp-json\/wp\/v2\/comments?post=109334"}],"version-history":[{"count":0,"href":"https:\/\/www.africa-press.net\/cotedivoire\/wp-json\/wp\/v2\/posts\/109334\/revisions"}],"wp:featuredmedia":[{"embeddable":true,"href":"https:\/\/www.africa-press.net\/cotedivoire\/wp-json\/wp\/v2\/media\/109333"}],"wp:attachment":[{"href":"https:\/\/www.africa-press.net\/cotedivoire\/wp-json\/wp\/v2\/media?parent=109334"}],"wp:term":[{"taxonomy":"category","embeddable":true,"href":"https:\/\/www.africa-press.net\/cotedivoire\/wp-json\/wp\/v2\/categories?post=109334"},{"taxonomy":"post_tag","embeddable":true,"href":"https:\/\/www.africa-press.net\/cotedivoire\/wp-json\/wp\/v2\/tags?post=109334"}],"curies":[{"name":"wp","href":"https:\/\/api.w.org\/{rel}","templated":true}]}}