{"id":109370,"date":"2025-11-26T16:27:40","date_gmt":"2025-11-26T16:27:40","guid":{"rendered":"https:\/\/www.africa-press.net\/cotedivoire\/politique\/mobilisation-pour-la-paix-et-legislatives-apaisees"},"modified":"2025-11-26T16:35:02","modified_gmt":"2025-11-26T16:35:02","slug":"mobilisation-pour-la-paix-et-legislatives-apaisees","status":"publish","type":"post","link":"https:\/\/www.africa-press.net\/cotedivoire\/politique\/mobilisation-pour-la-paix-et-legislatives-apaisees","title":{"rendered":"Mobilisation pour la paix et l\u00e9gislatives apais\u00e9es"},"content":{"rendered":"<p><span style=\"color: #ff6600\"><strong>Africa-Press &#8211; C\u00f4te d&rsquo;Ivoire. <\/strong><\/span>Le stade de la nouvelle gare routie\u0300re de Boundiali a vibre\u0301 au rythme d\u2019une grande journe\u0301e de prie\u0300re organise\u0301e par la famille des transporteurs, en pre\u0301sence de guides religieux, de leaders communautaires et des populations venues en nombre. Un rassemblement place\u0301 sous le sceau de la paix, de la cohe\u0301sion sociale et du de\u0301veloppement, qui a mis en lumie\u0300re l\u2019engagement du secteur des transports dans la stabilite\u0301 de la re\u0301gion de la Bagoue\u0301.<\/p>\n<p>L\u2019e\u0301ve\u0301nement a e\u0301galement e\u0301te\u0301 marque\u0301 par une forte mobilisation autour de la Ministre Mariatou Kone\u0301, de\u0301pute\u0301e-maire de Boundiali, salue\u0301e pour son leadership, sa proximite\u0301 avec les populations et ses nombreuses actions a\u0300 fort impact.<\/p>\n<p>Guides religieux, autorite\u0301s coutumie\u0300res et responsables communautaires se sont relaye\u0301s pour formuler des prie\u0300res pour la Co\u0302te d\u2019Ivoire, la re\u0301gion de la Bagoue\u0301 et pour la Ministre, reconnue pour son humilite\u0301 et son sens du dialogue.<\/p>\n<p>Le Directeur du Haut Conseil du Patronat des Entreprises de Transport, repre\u0301sente\u0301 par M. Diaby Ibrahima, a rendu un hommage appuye\u0301 a\u0300 l\u2019e\u0301lue: \u00ab Gra\u0302ce a\u0300 elle, Boundiali vit le de\u0301veloppement. Son humilite\u0301 et son amour profond pour sa re\u0301gion sont exemplaires. \u00bb<\/p>\n<p>Prenant la parole, la Ministre Mariatou Kone\u0301 a exprime\u0301 toute sa gratitude aux transporteurs pour leur engagement lors de la pre\u0301sidentielle du 25 octobre 2025, rappelant que les re\u0301sultats exceptionnels obtenus a\u0300 Boundiali illustrent la cohe\u0301sion et le sens du devoir de ses habitants.<\/p>\n<p>\u00ab Les transporteurs sont indispensables au fonctionnement de la re\u0301gion. Leur engagement est une chance pour la Bagoue\u0301 et pour la Co\u0302te d\u2019Ivoire \u00bb, a-t-elle de\u0301clare\u0301, soulignant le ro\u0302le strate\u0301gique du secteur dans le dynamisme e\u0301conomique local.<\/p>\n<p>Elle a e\u0301galement exhorte\u0301 les conducteurs a\u0300 la prudence a\u0300 l\u2019approche de la campagne du coton, pe\u0301riode ou\u0300 les risques d\u2019accidents augmentent:<\/p>\n<p>\u00ab Il vaut mieux arriver tard que ne jamais arriver. Votre vie est pre\u0301cieuse. \u00bb<\/p>\n<p>La de\u0301pute\u0301e-maire a ensuite pre\u0301sente\u0301 les progre\u0300s obtenus suite a\u0300 son plaidoyer aupre\u0300s du Gouvernement, qui portent de\u0301ja\u0300 leurs fruits dans la re\u0301gion, re\u0301habilitation de l\u2019axe Bohui\u2013Korhogo (en cours), lancement imminent des travaux de la route Boundiali\u2013Tengre\u0301la, ame\u0301lioration des voies internes de Boundiali et modernisation du parc automobile des transporteurs<\/p>\n<p>Ces investissements, salue\u0301s par l\u2019ensemble des acteurs pre\u0301sents, te\u0301moignent de la volonte\u0301 du Gouvernement de renforcer la mobilite\u0301 et la compe\u0301titivite\u0301 de la Bagoue\u0301.<\/p>\n<p>Dans un geste appre\u0301cie\u0301 par les be\u0301ne\u0301ficiaires, la Ministre Mariatou Kone\u0301 a offert un ve\u0301hicule 4\u00d74 au pre\u0301sident local des transporteurs, M. Moussa Traore\u0301, en reconnaissance de sa loyaute\u0301 et de son engagement. L\u2019acte a e\u0301te\u0301 chaleureusement applaudi par les transporteurs et les guides religieux.<\/p>\n<p>La Ministre a e\u0301galement invite\u0301 chefs coutumiers et leaders religieux a\u0300 demeurer des piliers de la cohe\u0301sion sociale dans un contexte e\u0301lectoral important:<\/p>\n<p>\u00ab La Co\u0302te d\u2019Ivoire est en paix. Prions pour notre pays et pour nos voisins. \u00bb<\/p>\n<p>Elle a enfin encourage\u0301 les populations a\u0300 participer massivement et pacifiquement aux le\u0301gislatives du 27 de\u0301cembre 2025, afin de poursuivre la dynamique de\u0301mocratique et le progre\u0300s dans la re\u0301gion.<\/p>\n<p>A\u0300 travers cette journe\u0301e de prie\u0300re et de mobilisation, Boundiali de\u0301montre une fois encore son attachement a\u0300 la stabilite\u0301 et a\u0300 l\u2019unite\u0301 nationale. Avec l\u2019accompagnement des autorite\u0301s, la de\u0301termination des transporteurs et l\u2019engagement des communaute\u0301s, la re\u0301gion de la Bagoue\u0301 poursuit son chemin vers un de\u0301veloppement durable, inclusif et apaise\u0301.<\/p>\n<p><strong>Pour plus d&rsquo;informations et d&rsquo;analyses sur la <span style=\"color: #ff6600\">C\u00f4te d&rsquo;Ivoire<\/span>, suivez <span style=\"color: #ff6600\">Africa-Press<\/span><\/strong><\/p>\n","protected":false},"excerpt":{"rendered":"<p>Africa-Press &#8211; C\u00f4te d&rsquo;Ivoire. Le stade de la nouvelle gare routie\u0300re de Boundiali a vibre\u0301 au rythme d\u2019une grande journe\u0301e de prie\u0300re organise\u0301e par la famille des transporteurs, en pre\u0301sence de guides religieux, de leaders communautaires et des populations venues en nombre. Un rassemblement place\u0301 sous le sceau de la paix, de la cohe\u0301sion sociale [&hellip;]<\/p>\n","protected":false},"author":82,"featured_media":109369,"comment_status":"open","ping_status":"closed","sticky":false,"template":"","format":"standard","meta":{"footnotes":""},"categories":[2,10],"tags":[406,4229,4859,29,1583,19356,7817,1127,600,751],"class_list":["post-109370","post","type-post","status-publish","format-standard","has-post-thumbnail","hentry","category-politique","category-toutes-les-actualites","tag-bagoue","tag-boundiali","tag-cohesion-sociale","tag-cote-divoire","tag-developpement","tag-legislatives-2025","tag-local","tag-mariatou-kone","tag-paix","tag-transporteurs"],"yoast_head":"<!-- This site is optimized with the Yoast SEO Premium plugin v26.1 (Yoast SEO v27.0) - https:\/\/yoast.com\/product\/yoast-seo-premium-wordpress\/ -->\n<title>Mobilisation pour la paix et l\u00e9gislatives apais\u00e9es - C\u00f4te d&#039;Ivoire<\/title>\n<meta name=\"description\" content=\"Le stade de la nouvelle gare routie\u0300re de Boundiali a vibre\u0301 au rythme d\u2019une grande journe\u0301e de prie\u0300re organise\u0301e par l ...\" \/>\n<meta name=\"robots\" content=\"index, follow, max-snippet:-1, max-image-preview:large, max-video-preview:-1\" \/>\n<link rel=\"canonical\" href=\"https:\/\/www.africa-press.net\/cotedivoire\/politique\/mobilisation-pour-la-paix-et-legislatives-apaisees\" \/>\n<meta property=\"og:locale\" content=\"fr_FR\" \/>\n<meta property=\"og:type\" content=\"article\" \/>\n<meta property=\"og:title\" content=\"Mobilisation pour la paix et l\u00e9gislatives apais\u00e9es\" \/>\n<meta property=\"og:description\" content=\"Le stade de la nouvelle gare routie\u0300re de Boundiali a vibre\u0301 au rythme d\u2019une grande journe\u0301e de prie\u0300re organise\u0301e par l ...\" \/>\n<meta property=\"og:url\" content=\"https:\/\/www.africa-press.net\/cotedivoire\/politique\/mobilisation-pour-la-paix-et-legislatives-apaisees\" \/>\n<meta property=\"og:site_name\" content=\"C\u00f4te d&#039;Ivoire\" \/>\n<meta property=\"article:published_time\" content=\"2025-11-26T16:27:40+00:00\" \/>\n<meta property=\"article:modified_time\" content=\"2025-11-26T16:35:02+00:00\" \/>\n<meta property=\"og:image\" content=\"https:\/\/static.africa-press.net\/cote\/sites\/43\/2025\/11\/sm_1764162201.237875.jpg\" \/>\n\t<meta property=\"og:image:width\" content=\"720\" \/>\n\t<meta property=\"og:image:height\" content=\"414\" \/>\n\t<meta property=\"og:image:type\" content=\"image\/jpeg\" \/>\n<meta name=\"author\" content=\"cfeditorfr\" \/>\n<meta name=\"twitter:card\" content=\"summary_large_image\" \/>\n<meta name=\"twitter:label1\" content=\"\u00c9crit par\" \/>\n\t<meta name=\"twitter:data1\" content=\"cfeditorfr\" \/>\n\t<meta name=\"twitter:label2\" content=\"Dur\u00e9e de lecture estim\u00e9e\" \/>\n\t<meta name=\"twitter:data2\" content=\"3 minutes\" \/>\n<script type=\"application\/ld+json\" class=\"yoast-schema-graph\">{\"@context\":\"https:\/\/schema.org\",\"@graph\":[{\"@type\":\"Article\",\"@id\":\"https:\/\/www.africa-press.net\/cotedivoire\/politique\/mobilisation-pour-la-paix-et-legislatives-apaisees#article\",\"isPartOf\":{\"@id\":\"https:\/\/www.africa-press.net\/cotedivoire\/politique\/mobilisation-pour-la-paix-et-legislatives-apaisees\"},\"author\":{\"name\":\"cfeditorfr\",\"@id\":\"https:\/\/www.africa-press.net\/cotedivoire\/#\/schema\/person\/2b1cf3cd81a31e3cd26889ca66d677f1\"},\"headline\":\"Mobilisation pour la paix et l\u00e9gislatives apais\u00e9es\",\"datePublished\":\"2025-11-26T16:27:40+00:00\",\"dateModified\":\"2025-11-26T16:35:02+00:00\",\"mainEntityOfPage\":{\"@id\":\"https:\/\/www.africa-press.net\/cotedivoire\/politique\/mobilisation-pour-la-paix-et-legislatives-apaisees\"},\"wordCount\":651,\"commentCount\":0,\"image\":{\"@id\":\"https:\/\/www.africa-press.net\/cotedivoire\/politique\/mobilisation-pour-la-paix-et-legislatives-apaisees#primaryimage\"},\"thumbnailUrl\":\"https:\/\/static.africa-press.net\/cote\/sites\/43\/2025\/11\/sm_1764162201.237875.jpg\",\"keywords\":[\"Bagou\u00e9\",\"Boundiali\",\"coh\u00e9sion sociale\",\"C\u00d4TE D'IVOIRE\",\"d\u00e9veloppement\",\"L\u00e9gislatives 2025\",\"local\",\"Mariatou Kon\u00e9\",\"paix\",\"Transporteurs\"],\"articleSection\":[\"Politique\",\"Toutes les actualit\u00e9s\"],\"inLanguage\":\"fr-FR\",\"potentialAction\":[{\"@type\":\"CommentAction\",\"name\":\"Comment\",\"target\":[\"https:\/\/www.africa-press.net\/cotedivoire\/politique\/mobilisation-pour-la-paix-et-legislatives-apaisees#respond\"]}]},{\"@type\":\"WebPage\",\"@id\":\"https:\/\/www.africa-press.net\/cotedivoire\/politique\/mobilisation-pour-la-paix-et-legislatives-apaisees\",\"url\":\"https:\/\/www.africa-press.net\/cotedivoire\/politique\/mobilisation-pour-la-paix-et-legislatives-apaisees\",\"name\":\"Mobilisation pour la paix et l\u00e9gislatives apais\u00e9es - C\u00f4te d&#039;Ivoire\",\"isPartOf\":{\"@id\":\"https:\/\/www.africa-press.net\/cotedivoire\/#website\"},\"primaryImageOfPage\":{\"@id\":\"https:\/\/www.africa-press.net\/cotedivoire\/politique\/mobilisation-pour-la-paix-et-legislatives-apaisees#primaryimage\"},\"image\":{\"@id\":\"https:\/\/www.africa-press.net\/cotedivoire\/politique\/mobilisation-pour-la-paix-et-legislatives-apaisees#primaryimage\"},\"thumbnailUrl\":\"https:\/\/static.africa-press.net\/cote\/sites\/43\/2025\/11\/sm_1764162201.237875.jpg\",\"datePublished\":\"2025-11-26T16:27:40+00:00\",\"dateModified\":\"2025-11-26T16:35:02+00:00\",\"author\":{\"@id\":\"https:\/\/www.africa-press.net\/cotedivoire\/#\/schema\/person\/2b1cf3cd81a31e3cd26889ca66d677f1\"},\"description\":\"Le stade de la nouvelle gare routie\u0300re de Boundiali a vibre\u0301 au rythme d\u2019une grande journe\u0301e de prie\u0300re organise\u0301e par l ...\",\"breadcrumb\":{\"@id\":\"https:\/\/www.africa-press.net\/cotedivoire\/politique\/mobilisation-pour-la-paix-et-legislatives-apaisees#breadcrumb\"},\"inLanguage\":\"fr-FR\",\"potentialAction\":[{\"@type\":\"ReadAction\",\"target\":[\"https:\/\/www.africa-press.net\/cotedivoire\/politique\/mobilisation-pour-la-paix-et-legislatives-apaisees\"]}]},{\"@type\":\"ImageObject\",\"inLanguage\":\"fr-FR\",\"@id\":\"https:\/\/www.africa-press.net\/cotedivoire\/politique\/mobilisation-pour-la-paix-et-legislatives-apaisees#primaryimage\",\"url\":\"https:\/\/static.africa-press.net\/cote\/sites\/43\/2025\/11\/sm_1764162201.237875.jpg\",\"contentUrl\":\"https:\/\/static.africa-press.net\/cote\/sites\/43\/2025\/11\/sm_1764162201.237875.jpg\",\"width\":720,\"height\":414,\"caption\":\"Mobilisation pour la paix et l\u00e9gislatives apais\u00e9es\"},{\"@type\":\"BreadcrumbList\",\"@id\":\"https:\/\/www.africa-press.net\/cotedivoire\/politique\/mobilisation-pour-la-paix-et-legislatives-apaisees#breadcrumb\",\"itemListElement\":[{\"@type\":\"ListItem\",\"position\":1,\"name\":\"Accueil\",\"item\":\"https:\/\/www.africa-press.net\/cotedivoire\/\"},{\"@type\":\"ListItem\",\"position\":2,\"name\":\"Mobilisation pour la paix et l\u00e9gislatives apais\u00e9es\"}]},{\"@type\":\"WebSite\",\"@id\":\"https:\/\/www.africa-press.net\/cotedivoire\/#website\",\"url\":\"https:\/\/www.africa-press.net\/cotedivoire\/\",\"name\":\"C\u00f4te d&#039;Ivoire\",\"description\":\"Just another Africa News Agency Sites site\",\"potentialAction\":[{\"@type\":\"SearchAction\",\"target\":{\"@type\":\"EntryPoint\",\"urlTemplate\":\"https:\/\/www.africa-press.net\/cotedivoire\/?s={search_term_string}\"},\"query-input\":{\"@type\":\"PropertyValueSpecification\",\"valueRequired\":true,\"valueName\":\"search_term_string\"}}],\"inLanguage\":\"fr-FR\"},{\"@type\":\"Person\",\"@id\":\"https:\/\/www.africa-press.net\/cotedivoire\/#\/schema\/person\/2b1cf3cd81a31e3cd26889ca66d677f1\",\"name\":\"cfeditorfr\"}]}<\/script>\n<!-- \/ Yoast SEO Premium plugin. -->","yoast_head_json":{"title":"Mobilisation pour la paix et l\u00e9gislatives apais\u00e9es - C\u00f4te d&#039;Ivoire","description":"Le stade de la nouvelle gare routie\u0300re de Boundiali a vibre\u0301 au rythme d\u2019une grande journe\u0301e de prie\u0300re organise\u0301e par l ...","robots":{"index":"index","follow":"follow","max-snippet":"max-snippet:-1","max-image-preview":"max-image-preview:large","max-video-preview":"max-video-preview:-1"},"canonical":"https:\/\/www.africa-press.net\/cotedivoire\/politique\/mobilisation-pour-la-paix-et-legislatives-apaisees","og_locale":"fr_FR","og_type":"article","og_title":"Mobilisation pour la paix et l\u00e9gislatives apais\u00e9es","og_description":"Le stade de la nouvelle gare routie\u0300re de Boundiali a vibre\u0301 au rythme d\u2019une grande journe\u0301e de prie\u0300re organise\u0301e par l ...","og_url":"https:\/\/www.africa-press.net\/cotedivoire\/politique\/mobilisation-pour-la-paix-et-legislatives-apaisees","og_site_name":"C\u00f4te d&#039;Ivoire","article_published_time":"2025-11-26T16:27:40+00:00","article_modified_time":"2025-11-26T16:35:02+00:00","og_image":[{"width":720,"height":414,"url":"https:\/\/static.africa-press.net\/cote\/sites\/43\/2025\/11\/sm_1764162201.237875.jpg","type":"image\/jpeg"}],"author":"cfeditorfr","twitter_card":"summary_large_image","twitter_misc":{"\u00c9crit par":"cfeditorfr","Dur\u00e9e de lecture estim\u00e9e":"3 minutes"},"schema":{"@context":"https:\/\/schema.org","@graph":[{"@type":"Article","@id":"https:\/\/www.africa-press.net\/cotedivoire\/politique\/mobilisation-pour-la-paix-et-legislatives-apaisees#article","isPartOf":{"@id":"https:\/\/www.africa-press.net\/cotedivoire\/politique\/mobilisation-pour-la-paix-et-legislatives-apaisees"},"author":{"name":"cfeditorfr","@id":"https:\/\/www.africa-press.net\/cotedivoire\/#\/schema\/person\/2b1cf3cd81a31e3cd26889ca66d677f1"},"headline":"Mobilisation pour la paix et l\u00e9gislatives apais\u00e9es","datePublished":"2025-11-26T16:27:40+00:00","dateModified":"2025-11-26T16:35:02+00:00","mainEntityOfPage":{"@id":"https:\/\/www.africa-press.net\/cotedivoire\/politique\/mobilisation-pour-la-paix-et-legislatives-apaisees"},"wordCount":651,"commentCount":0,"image":{"@id":"https:\/\/www.africa-press.net\/cotedivoire\/politique\/mobilisation-pour-la-paix-et-legislatives-apaisees#primaryimage"},"thumbnailUrl":"https:\/\/static.africa-press.net\/cote\/sites\/43\/2025\/11\/sm_1764162201.237875.jpg","keywords":["Bagou\u00e9","Boundiali","coh\u00e9sion sociale","C\u00d4TE D'IVOIRE","d\u00e9veloppement","L\u00e9gislatives 2025","local","Mariatou Kon\u00e9","paix","Transporteurs"],"articleSection":["Politique","Toutes les actualit\u00e9s"],"inLanguage":"fr-FR","potentialAction":[{"@type":"CommentAction","name":"Comment","target":["https:\/\/www.africa-press.net\/cotedivoire\/politique\/mobilisation-pour-la-paix-et-legislatives-apaisees#respond"]}]},{"@type":"WebPage","@id":"https:\/\/www.africa-press.net\/cotedivoire\/politique\/mobilisation-pour-la-paix-et-legislatives-apaisees","url":"https:\/\/www.africa-press.net\/cotedivoire\/politique\/mobilisation-pour-la-paix-et-legislatives-apaisees","name":"Mobilisation pour la paix et l\u00e9gislatives apais\u00e9es - C\u00f4te d&#039;Ivoire","isPartOf":{"@id":"https:\/\/www.africa-press.net\/cotedivoire\/#website"},"primaryImageOfPage":{"@id":"https:\/\/www.africa-press.net\/cotedivoire\/politique\/mobilisation-pour-la-paix-et-legislatives-apaisees#primaryimage"},"image":{"@id":"https:\/\/www.africa-press.net\/cotedivoire\/politique\/mobilisation-pour-la-paix-et-legislatives-apaisees#primaryimage"},"thumbnailUrl":"https:\/\/static.africa-press.net\/cote\/sites\/43\/2025\/11\/sm_1764162201.237875.jpg","datePublished":"2025-11-26T16:27:40+00:00","dateModified":"2025-11-26T16:35:02+00:00","author":{"@id":"https:\/\/www.africa-press.net\/cotedivoire\/#\/schema\/person\/2b1cf3cd81a31e3cd26889ca66d677f1"},"description":"Le stade de la nouvelle gare routie\u0300re de Boundiali a vibre\u0301 au rythme d\u2019une grande journe\u0301e de prie\u0300re organise\u0301e par l ...","breadcrumb":{"@id":"https:\/\/www.africa-press.net\/cotedivoire\/politique\/mobilisation-pour-la-paix-et-legislatives-apaisees#breadcrumb"},"inLanguage":"fr-FR","potentialAction":[{"@type":"ReadAction","target":["https:\/\/www.africa-press.net\/cotedivoire\/politique\/mobilisation-pour-la-paix-et-legislatives-apaisees"]}]},{"@type":"ImageObject","inLanguage":"fr-FR","@id":"https:\/\/www.africa-press.net\/cotedivoire\/politique\/mobilisation-pour-la-paix-et-legislatives-apaisees#primaryimage","url":"https:\/\/static.africa-press.net\/cote\/sites\/43\/2025\/11\/sm_1764162201.237875.jpg","contentUrl":"https:\/\/static.africa-press.net\/cote\/sites\/43\/2025\/11\/sm_1764162201.237875.jpg","width":720,"height":414,"caption":"Mobilisation pour la paix et l\u00e9gislatives apais\u00e9es"},{"@type":"BreadcrumbList","@id":"https:\/\/www.africa-press.net\/cotedivoire\/politique\/mobilisation-pour-la-paix-et-legislatives-apaisees#breadcrumb","itemListElement":[{"@type":"ListItem","position":1,"name":"Accueil","item":"https:\/\/www.africa-press.net\/cotedivoire\/"},{"@type":"ListItem","position":2,"name":"Mobilisation pour la paix et l\u00e9gislatives apais\u00e9es"}]},{"@type":"WebSite","@id":"https:\/\/www.africa-press.net\/cotedivoire\/#website","url":"https:\/\/www.africa-press.net\/cotedivoire\/","name":"C\u00f4te d&#039;Ivoire","description":"Just another Africa News Agency Sites site","potentialAction":[{"@type":"SearchAction","target":{"@type":"EntryPoint","urlTemplate":"https:\/\/www.africa-press.net\/cotedivoire\/?s={search_term_string}"},"query-input":{"@type":"PropertyValueSpecification","valueRequired":true,"valueName":"search_term_string"}}],"inLanguage":"fr-FR"},{"@type":"Person","@id":"https:\/\/www.africa-press.net\/cotedivoire\/#\/schema\/person\/2b1cf3cd81a31e3cd26889ca66d677f1","name":"cfeditorfr"}]}},"_links":{"self":[{"href":"https:\/\/www.africa-press.net\/cotedivoire\/wp-json\/wp\/v2\/posts\/109370","targetHints":{"allow":["GET"]}}],"collection":[{"href":"https:\/\/www.africa-press.net\/cotedivoire\/wp-json\/wp\/v2\/posts"}],"about":[{"href":"https:\/\/www.africa-press.net\/cotedivoire\/wp-json\/wp\/v2\/types\/post"}],"author":[{"embeddable":true,"href":"https:\/\/www.africa-press.net\/cotedivoire\/wp-json\/wp\/v2\/users\/82"}],"replies":[{"embeddable":true,"href":"https:\/\/www.africa-press.net\/cotedivoire\/wp-json\/wp\/v2\/comments?post=109370"}],"version-history":[{"count":0,"href":"https:\/\/www.africa-press.net\/cotedivoire\/wp-json\/wp\/v2\/posts\/109370\/revisions"}],"wp:featuredmedia":[{"embeddable":true,"href":"https:\/\/www.africa-press.net\/cotedivoire\/wp-json\/wp\/v2\/media\/109369"}],"wp:attachment":[{"href":"https:\/\/www.africa-press.net\/cotedivoire\/wp-json\/wp\/v2\/media?parent=109370"}],"wp:term":[{"taxonomy":"category","embeddable":true,"href":"https:\/\/www.africa-press.net\/cotedivoire\/wp-json\/wp\/v2\/categories?post=109370"},{"taxonomy":"post_tag","embeddable":true,"href":"https:\/\/www.africa-press.net\/cotedivoire\/wp-json\/wp\/v2\/tags?post=109370"}],"curies":[{"name":"wp","href":"https:\/\/api.w.org\/{rel}","templated":true}]}}