{"id":10938,"date":"2021-08-07T09:10:48","date_gmt":"2021-08-07T09:10:48","guid":{"rendered":"https:\/\/www.africa-press.net\/cotedivoire\/politique\/la-cote-divoire-doit-elle-craindre-une-nouvelle-vague-de-covid-19"},"modified":"2021-08-08T18:24:16","modified_gmt":"2021-08-08T18:24:16","slug":"la-cote-divoire-doit-elle-craindre-une-nouvelle-vague-de-covid-19","status":"publish","type":"post","link":"https:\/\/www.africa-press.net\/cotedivoire\/toutes-les-actualites\/la-cote-divoire-doit-elle-craindre-une-nouvelle-vague-de-covid-19","title":{"rendered":"La C\u00f4te d\u2019Ivoire doit-elle craindre une nouvelle vague de Covid-19 ?"},"content":{"rendered":"<p><span style=\"color: #ff6600\"><strong><a href=\"https:\/\/www.africa-press.net\/\">Africa-Press<\/a> &#8211; <a href=\"https:\/\/www.africa-press.net\/cotedivoire\">C\u00f4te d&rsquo;Ivoire<\/a>. <\/strong><\/span>Alors que l\u2019\u00e9pid\u00e9mie \u00e9tait sous contr\u00f4le dans le pays, le nombre de cas positifs ne cesse d\u2019augmenter ces derni\u00e8res semaines. Et certains craignent une p\u00e9nurie de vaccins.<\/p>\n<p>En C\u00f4te d\u2019Ivoire, l\u2019\u00e9pid\u00e9mie de coronavirus conna\u00eet un regain. Le pays a enregistr\u00e9 243 nouveaux cas le 5 ao\u00fbt alors que, depuis avril, les chiffres stagnaient \u00e0 moins d\u2019une centaine par jour. Des personnalit\u00e9s, m\u00eame au sommet de l\u2019\u00c9tat ont \u00e9t\u00e9 confin\u00e9es, apr\u00e8s avoir \u00e9t\u00e9 en contact avec des personnes positives au Covid-19. Dans un communiqu\u00e9 publi\u00e9 le 3 ao\u00fbt, le secr\u00e9taire g\u00e9n\u00e9ral de la pr\u00e9sidence, Abdourahmane Ciss\u00e9, a annonc\u00e9 qu\u2019Alassane Ouattara se mettait en confinement. Le lendemain, c\u2019\u00e9tait au tour du ministre de la D\u00e9fense, T\u00e9n\u00e9 Birahima Ouattara, d\u2019annoncer qu\u2019il observait une p\u00e9riode d\u2019isolement, apr\u00e8s avoir \u00e9t\u00e9 en contact avec une personne test\u00e9e positive.<\/p>\n<p>Cette multiplication des cas positifs a pouss\u00e9 les autorit\u00e9s \u00e0 modifier les c\u00e9l\u00e9brations de la F\u00eate de l\u2019ind\u00e9pendance, le 7 ao\u00fbt. \u00ab La c\u00e9r\u00e9monie comm\u00e9morative du 61e anniversaire de l\u2019ind\u00e9pendance de la R\u00e9publique de C\u00f4te d\u2019Ivoire consistera en une c\u00e9r\u00e9monie symbolique de prise d\u2019armes, le samedi le 7 ao\u00fbt 2021 \u00e0 11 heures, sur l\u2019esplanade du Palais de la pr\u00e9sidence de la R\u00e9publique \u00bb, a annonc\u00e9 le protocole d\u2019\u00c9tat. Un coup dur, d\u2019autant que des discussions avaient \u00e9t\u00e9 engag\u00e9es avec les deux anciens pr\u00e9sidents Laurent Gbagbo et Henri Konan B\u00e9di\u00e9 pour qu\u2019ils participent \u00e0 cette c\u00e9r\u00e9monie, dans une logique de r\u00e9conciliation nationale.<\/p>\n<p><b>\u00a0<\/b><\/p>\n","protected":false},"excerpt":{"rendered":"<p>Africa-Press &#8211; C\u00f4te d&rsquo;Ivoire. Alors que l\u2019\u00e9pid\u00e9mie \u00e9tait sous contr\u00f4le dans le pays, le nombre de cas positifs ne cesse d\u2019augmenter ces derni\u00e8res semaines. Et certains craignent une p\u00e9nurie de vaccins. En C\u00f4te d\u2019Ivoire, l\u2019\u00e9pid\u00e9mie de coronavirus conna\u00eet un regain. Le pays a enregistr\u00e9 243 nouveaux cas le 5 ao\u00fbt alors que, depuis avril, les [&hellip;]<\/p>\n","protected":false},"author":82,"featured_media":10937,"comment_status":"open","ping_status":"closed","sticky":false,"template":"","format":"standard","meta":{"footnotes":""},"categories":[21,11,20,10],"tags":[56,63,29],"class_list":["post-10938","post","type-post","status-publish","format-standard","has-post-thumbnail","hentry","category-communaute","category-homepage-french","category-top-nouvelles","category-toutes-les-actualites","tag-africa-press","tag-africa-press-cote-divoire","tag-cote-divoire"],"yoast_head":"<!-- This site is optimized with the Yoast SEO Premium plugin v26.1 (Yoast SEO v27.0) - https:\/\/yoast.com\/product\/yoast-seo-premium-wordpress\/ -->\n<title>La C\u00f4te d\u2019Ivoire doit-elle craindre une nouvelle vague de Covid-19 ? - C\u00f4te d&#039;Ivoire<\/title>\n<meta name=\"description\" content=\"Alors que l\u2019\u00e9pid\u00e9mie \u00e9tait sous contr\u00f4le dans le pays, le nombre de cas positifs ne cesse d\u2019augmenter ces derni\u00e8res sema ...\" \/>\n<meta name=\"robots\" content=\"index, follow, max-snippet:-1, max-image-preview:large, max-video-preview:-1\" \/>\n<link rel=\"canonical\" href=\"https:\/\/www.africa-press.net\/cotedivoire\/toutes-les-actualites\/la-cote-divoire-doit-elle-craindre-une-nouvelle-vague-de-covid-19\" \/>\n<meta property=\"og:locale\" content=\"fr_FR\" \/>\n<meta property=\"og:type\" content=\"article\" \/>\n<meta property=\"og:title\" content=\"La C\u00f4te d\u2019Ivoire doit-elle craindre une nouvelle vague de Covid-19 ?\" \/>\n<meta property=\"og:description\" content=\"Alors que l\u2019\u00e9pid\u00e9mie \u00e9tait sous contr\u00f4le dans le pays, le nombre de cas positifs ne cesse d\u2019augmenter ces derni\u00e8res sema ...\" \/>\n<meta property=\"og:url\" content=\"https:\/\/www.africa-press.net\/cotedivoire\/toutes-les-actualites\/la-cote-divoire-doit-elle-craindre-une-nouvelle-vague-de-covid-19\" \/>\n<meta property=\"og:site_name\" content=\"C\u00f4te d&#039;Ivoire\" \/>\n<meta property=\"article:published_time\" content=\"2021-08-07T09:10:48+00:00\" \/>\n<meta property=\"article:modified_time\" content=\"2021-08-08T18:24:16+00:00\" \/>\n<meta property=\"og:image\" content=\"https:\/\/static.africa-press.net\/cote\/sites\/43\/2021\/08\/img-610e4dd1d2b0b.jpg\" \/>\n\t<meta property=\"og:image:width\" content=\"720\" \/>\n\t<meta property=\"og:image:height\" content=\"360\" \/>\n\t<meta property=\"og:image:type\" content=\"image\/jpeg\" \/>\n<meta name=\"author\" content=\"cfeditorfr\" \/>\n<meta name=\"twitter:card\" content=\"summary_large_image\" \/>\n<meta name=\"twitter:label1\" content=\"\u00c9crit par\" \/>\n\t<meta name=\"twitter:data1\" content=\"cfeditorfr\" \/>\n\t<meta name=\"twitter:label2\" content=\"Dur\u00e9e de lecture estim\u00e9e\" \/>\n\t<meta name=\"twitter:data2\" content=\"2 minutes\" \/>\n<script type=\"application\/ld+json\" class=\"yoast-schema-graph\">{\"@context\":\"https:\/\/schema.org\",\"@graph\":[{\"@type\":\"Article\",\"@id\":\"https:\/\/www.africa-press.net\/cotedivoire\/toutes-les-actualites\/la-cote-divoire-doit-elle-craindre-une-nouvelle-vague-de-covid-19#article\",\"isPartOf\":{\"@id\":\"https:\/\/www.africa-press.net\/cotedivoire\/toutes-les-actualites\/la-cote-divoire-doit-elle-craindre-une-nouvelle-vague-de-covid-19\"},\"author\":{\"name\":\"cfeditorfr\",\"@id\":\"https:\/\/www.africa-press.net\/cotedivoire\/#\/schema\/person\/2b1cf3cd81a31e3cd26889ca66d677f1\"},\"headline\":\"La C\u00f4te d\u2019Ivoire doit-elle craindre une nouvelle vague de Covid-19 ?\",\"datePublished\":\"2021-08-07T09:10:48+00:00\",\"dateModified\":\"2021-08-08T18:24:16+00:00\",\"mainEntityOfPage\":{\"@id\":\"https:\/\/www.africa-press.net\/cotedivoire\/toutes-les-actualites\/la-cote-divoire-doit-elle-craindre-une-nouvelle-vague-de-covid-19\"},\"wordCount\":303,\"commentCount\":0,\"image\":{\"@id\":\"https:\/\/www.africa-press.net\/cotedivoire\/toutes-les-actualites\/la-cote-divoire-doit-elle-craindre-une-nouvelle-vague-de-covid-19#primaryimage\"},\"thumbnailUrl\":\"https:\/\/static.africa-press.net\/cote\/sites\/43\/2021\/08\/img-610e4dd1d2b0b.jpg\",\"keywords\":[\"Africa Press\",\"Africa Press-C\u00f4te d'Ivoire\",\"C\u00d4TE D'IVOIRE\"],\"articleSection\":[\"Communaut\u00e9\",\"homepage-french\",\"Top Nouvelles\",\"Toutes les actualit\u00e9s\"],\"inLanguage\":\"fr-FR\",\"potentialAction\":[{\"@type\":\"CommentAction\",\"name\":\"Comment\",\"target\":[\"https:\/\/www.africa-press.net\/cotedivoire\/toutes-les-actualites\/la-cote-divoire-doit-elle-craindre-une-nouvelle-vague-de-covid-19#respond\"]}]},{\"@type\":\"WebPage\",\"@id\":\"https:\/\/www.africa-press.net\/cotedivoire\/toutes-les-actualites\/la-cote-divoire-doit-elle-craindre-une-nouvelle-vague-de-covid-19\",\"url\":\"https:\/\/www.africa-press.net\/cotedivoire\/toutes-les-actualites\/la-cote-divoire-doit-elle-craindre-une-nouvelle-vague-de-covid-19\",\"name\":\"La C\u00f4te d\u2019Ivoire doit-elle craindre une nouvelle vague de Covid-19 ? - C\u00f4te d&#039;Ivoire\",\"isPartOf\":{\"@id\":\"https:\/\/www.africa-press.net\/cotedivoire\/#website\"},\"primaryImageOfPage\":{\"@id\":\"https:\/\/www.africa-press.net\/cotedivoire\/toutes-les-actualites\/la-cote-divoire-doit-elle-craindre-une-nouvelle-vague-de-covid-19#primaryimage\"},\"image\":{\"@id\":\"https:\/\/www.africa-press.net\/cotedivoire\/toutes-les-actualites\/la-cote-divoire-doit-elle-craindre-une-nouvelle-vague-de-covid-19#primaryimage\"},\"thumbnailUrl\":\"https:\/\/static.africa-press.net\/cote\/sites\/43\/2021\/08\/img-610e4dd1d2b0b.jpg\",\"datePublished\":\"2021-08-07T09:10:48+00:00\",\"dateModified\":\"2021-08-08T18:24:16+00:00\",\"author\":{\"@id\":\"https:\/\/www.africa-press.net\/cotedivoire\/#\/schema\/person\/2b1cf3cd81a31e3cd26889ca66d677f1\"},\"description\":\"Alors que l\u2019\u00e9pid\u00e9mie \u00e9tait sous contr\u00f4le dans le pays, le nombre de cas positifs ne cesse d\u2019augmenter ces derni\u00e8res sema ...\",\"breadcrumb\":{\"@id\":\"https:\/\/www.africa-press.net\/cotedivoire\/toutes-les-actualites\/la-cote-divoire-doit-elle-craindre-une-nouvelle-vague-de-covid-19#breadcrumb\"},\"inLanguage\":\"fr-FR\",\"potentialAction\":[{\"@type\":\"ReadAction\",\"target\":[\"https:\/\/www.africa-press.net\/cotedivoire\/toutes-les-actualites\/la-cote-divoire-doit-elle-craindre-une-nouvelle-vague-de-covid-19\"]}]},{\"@type\":\"ImageObject\",\"inLanguage\":\"fr-FR\",\"@id\":\"https:\/\/www.africa-press.net\/cotedivoire\/toutes-les-actualites\/la-cote-divoire-doit-elle-craindre-une-nouvelle-vague-de-covid-19#primaryimage\",\"url\":\"https:\/\/static.africa-press.net\/cote\/sites\/43\/2021\/08\/img-610e4dd1d2b0b.jpg\",\"contentUrl\":\"https:\/\/static.africa-press.net\/cote\/sites\/43\/2021\/08\/img-610e4dd1d2b0b.jpg\",\"width\":720,\"height\":360,\"caption\":\"La C\u00f4te d\u2019Ivoire doit-elle craindre une nouvelle vague de Covid-19 ?\"},{\"@type\":\"BreadcrumbList\",\"@id\":\"https:\/\/www.africa-press.net\/cotedivoire\/toutes-les-actualites\/la-cote-divoire-doit-elle-craindre-une-nouvelle-vague-de-covid-19#breadcrumb\",\"itemListElement\":[{\"@type\":\"ListItem\",\"position\":1,\"name\":\"Accueil\",\"item\":\"https:\/\/www.africa-press.net\/cotedivoire\/\"},{\"@type\":\"ListItem\",\"position\":2,\"name\":\"La C\u00f4te d\u2019Ivoire doit-elle craindre une nouvelle vague de Covid-19 ?\"}]},{\"@type\":\"WebSite\",\"@id\":\"https:\/\/www.africa-press.net\/cotedivoire\/#website\",\"url\":\"https:\/\/www.africa-press.net\/cotedivoire\/\",\"name\":\"C\u00f4te d&#039;Ivoire\",\"description\":\"Just another Africa News Agency Sites site\",\"potentialAction\":[{\"@type\":\"SearchAction\",\"target\":{\"@type\":\"EntryPoint\",\"urlTemplate\":\"https:\/\/www.africa-press.net\/cotedivoire\/?s={search_term_string}\"},\"query-input\":{\"@type\":\"PropertyValueSpecification\",\"valueRequired\":true,\"valueName\":\"search_term_string\"}}],\"inLanguage\":\"fr-FR\"},{\"@type\":\"Person\",\"@id\":\"https:\/\/www.africa-press.net\/cotedivoire\/#\/schema\/person\/2b1cf3cd81a31e3cd26889ca66d677f1\",\"name\":\"cfeditorfr\"}]}<\/script>\n<!-- \/ Yoast SEO Premium plugin. -->","yoast_head_json":{"title":"La C\u00f4te d\u2019Ivoire doit-elle craindre une nouvelle vague de Covid-19 ? - C\u00f4te d&#039;Ivoire","description":"Alors que l\u2019\u00e9pid\u00e9mie \u00e9tait sous contr\u00f4le dans le pays, le nombre de cas positifs ne cesse d\u2019augmenter ces derni\u00e8res sema ...","robots":{"index":"index","follow":"follow","max-snippet":"max-snippet:-1","max-image-preview":"max-image-preview:large","max-video-preview":"max-video-preview:-1"},"canonical":"https:\/\/www.africa-press.net\/cotedivoire\/toutes-les-actualites\/la-cote-divoire-doit-elle-craindre-une-nouvelle-vague-de-covid-19","og_locale":"fr_FR","og_type":"article","og_title":"La C\u00f4te d\u2019Ivoire doit-elle craindre une nouvelle vague de Covid-19 ?","og_description":"Alors que l\u2019\u00e9pid\u00e9mie \u00e9tait sous contr\u00f4le dans le pays, le nombre de cas positifs ne cesse d\u2019augmenter ces derni\u00e8res sema ...","og_url":"https:\/\/www.africa-press.net\/cotedivoire\/toutes-les-actualites\/la-cote-divoire-doit-elle-craindre-une-nouvelle-vague-de-covid-19","og_site_name":"C\u00f4te d&#039;Ivoire","article_published_time":"2021-08-07T09:10:48+00:00","article_modified_time":"2021-08-08T18:24:16+00:00","og_image":[{"width":720,"height":360,"url":"https:\/\/static.africa-press.net\/cote\/sites\/43\/2021\/08\/img-610e4dd1d2b0b.jpg","type":"image\/jpeg"}],"author":"cfeditorfr","twitter_card":"summary_large_image","twitter_misc":{"\u00c9crit par":"cfeditorfr","Dur\u00e9e de lecture estim\u00e9e":"2 minutes"},"schema":{"@context":"https:\/\/schema.org","@graph":[{"@type":"Article","@id":"https:\/\/www.africa-press.net\/cotedivoire\/toutes-les-actualites\/la-cote-divoire-doit-elle-craindre-une-nouvelle-vague-de-covid-19#article","isPartOf":{"@id":"https:\/\/www.africa-press.net\/cotedivoire\/toutes-les-actualites\/la-cote-divoire-doit-elle-craindre-une-nouvelle-vague-de-covid-19"},"author":{"name":"cfeditorfr","@id":"https:\/\/www.africa-press.net\/cotedivoire\/#\/schema\/person\/2b1cf3cd81a31e3cd26889ca66d677f1"},"headline":"La C\u00f4te d\u2019Ivoire doit-elle craindre une nouvelle vague de Covid-19 ?","datePublished":"2021-08-07T09:10:48+00:00","dateModified":"2021-08-08T18:24:16+00:00","mainEntityOfPage":{"@id":"https:\/\/www.africa-press.net\/cotedivoire\/toutes-les-actualites\/la-cote-divoire-doit-elle-craindre-une-nouvelle-vague-de-covid-19"},"wordCount":303,"commentCount":0,"image":{"@id":"https:\/\/www.africa-press.net\/cotedivoire\/toutes-les-actualites\/la-cote-divoire-doit-elle-craindre-une-nouvelle-vague-de-covid-19#primaryimage"},"thumbnailUrl":"https:\/\/static.africa-press.net\/cote\/sites\/43\/2021\/08\/img-610e4dd1d2b0b.jpg","keywords":["Africa Press","Africa Press-C\u00f4te d'Ivoire","C\u00d4TE D'IVOIRE"],"articleSection":["Communaut\u00e9","homepage-french","Top Nouvelles","Toutes les actualit\u00e9s"],"inLanguage":"fr-FR","potentialAction":[{"@type":"CommentAction","name":"Comment","target":["https:\/\/www.africa-press.net\/cotedivoire\/toutes-les-actualites\/la-cote-divoire-doit-elle-craindre-une-nouvelle-vague-de-covid-19#respond"]}]},{"@type":"WebPage","@id":"https:\/\/www.africa-press.net\/cotedivoire\/toutes-les-actualites\/la-cote-divoire-doit-elle-craindre-une-nouvelle-vague-de-covid-19","url":"https:\/\/www.africa-press.net\/cotedivoire\/toutes-les-actualites\/la-cote-divoire-doit-elle-craindre-une-nouvelle-vague-de-covid-19","name":"La C\u00f4te d\u2019Ivoire doit-elle craindre une nouvelle vague de Covid-19 ? - C\u00f4te d&#039;Ivoire","isPartOf":{"@id":"https:\/\/www.africa-press.net\/cotedivoire\/#website"},"primaryImageOfPage":{"@id":"https:\/\/www.africa-press.net\/cotedivoire\/toutes-les-actualites\/la-cote-divoire-doit-elle-craindre-une-nouvelle-vague-de-covid-19#primaryimage"},"image":{"@id":"https:\/\/www.africa-press.net\/cotedivoire\/toutes-les-actualites\/la-cote-divoire-doit-elle-craindre-une-nouvelle-vague-de-covid-19#primaryimage"},"thumbnailUrl":"https:\/\/static.africa-press.net\/cote\/sites\/43\/2021\/08\/img-610e4dd1d2b0b.jpg","datePublished":"2021-08-07T09:10:48+00:00","dateModified":"2021-08-08T18:24:16+00:00","author":{"@id":"https:\/\/www.africa-press.net\/cotedivoire\/#\/schema\/person\/2b1cf3cd81a31e3cd26889ca66d677f1"},"description":"Alors que l\u2019\u00e9pid\u00e9mie \u00e9tait sous contr\u00f4le dans le pays, le nombre de cas positifs ne cesse d\u2019augmenter ces derni\u00e8res sema ...","breadcrumb":{"@id":"https:\/\/www.africa-press.net\/cotedivoire\/toutes-les-actualites\/la-cote-divoire-doit-elle-craindre-une-nouvelle-vague-de-covid-19#breadcrumb"},"inLanguage":"fr-FR","potentialAction":[{"@type":"ReadAction","target":["https:\/\/www.africa-press.net\/cotedivoire\/toutes-les-actualites\/la-cote-divoire-doit-elle-craindre-une-nouvelle-vague-de-covid-19"]}]},{"@type":"ImageObject","inLanguage":"fr-FR","@id":"https:\/\/www.africa-press.net\/cotedivoire\/toutes-les-actualites\/la-cote-divoire-doit-elle-craindre-une-nouvelle-vague-de-covid-19#primaryimage","url":"https:\/\/static.africa-press.net\/cote\/sites\/43\/2021\/08\/img-610e4dd1d2b0b.jpg","contentUrl":"https:\/\/static.africa-press.net\/cote\/sites\/43\/2021\/08\/img-610e4dd1d2b0b.jpg","width":720,"height":360,"caption":"La C\u00f4te d\u2019Ivoire doit-elle craindre une nouvelle vague de Covid-19 ?"},{"@type":"BreadcrumbList","@id":"https:\/\/www.africa-press.net\/cotedivoire\/toutes-les-actualites\/la-cote-divoire-doit-elle-craindre-une-nouvelle-vague-de-covid-19#breadcrumb","itemListElement":[{"@type":"ListItem","position":1,"name":"Accueil","item":"https:\/\/www.africa-press.net\/cotedivoire\/"},{"@type":"ListItem","position":2,"name":"La C\u00f4te d\u2019Ivoire doit-elle craindre une nouvelle vague de Covid-19 ?"}]},{"@type":"WebSite","@id":"https:\/\/www.africa-press.net\/cotedivoire\/#website","url":"https:\/\/www.africa-press.net\/cotedivoire\/","name":"C\u00f4te d&#039;Ivoire","description":"Just another Africa News Agency Sites site","potentialAction":[{"@type":"SearchAction","target":{"@type":"EntryPoint","urlTemplate":"https:\/\/www.africa-press.net\/cotedivoire\/?s={search_term_string}"},"query-input":{"@type":"PropertyValueSpecification","valueRequired":true,"valueName":"search_term_string"}}],"inLanguage":"fr-FR"},{"@type":"Person","@id":"https:\/\/www.africa-press.net\/cotedivoire\/#\/schema\/person\/2b1cf3cd81a31e3cd26889ca66d677f1","name":"cfeditorfr"}]}},"_links":{"self":[{"href":"https:\/\/www.africa-press.net\/cotedivoire\/wp-json\/wp\/v2\/posts\/10938","targetHints":{"allow":["GET"]}}],"collection":[{"href":"https:\/\/www.africa-press.net\/cotedivoire\/wp-json\/wp\/v2\/posts"}],"about":[{"href":"https:\/\/www.africa-press.net\/cotedivoire\/wp-json\/wp\/v2\/types\/post"}],"author":[{"embeddable":true,"href":"https:\/\/www.africa-press.net\/cotedivoire\/wp-json\/wp\/v2\/users\/82"}],"replies":[{"embeddable":true,"href":"https:\/\/www.africa-press.net\/cotedivoire\/wp-json\/wp\/v2\/comments?post=10938"}],"version-history":[{"count":0,"href":"https:\/\/www.africa-press.net\/cotedivoire\/wp-json\/wp\/v2\/posts\/10938\/revisions"}],"wp:featuredmedia":[{"embeddable":true,"href":"https:\/\/www.africa-press.net\/cotedivoire\/wp-json\/wp\/v2\/media\/10937"}],"wp:attachment":[{"href":"https:\/\/www.africa-press.net\/cotedivoire\/wp-json\/wp\/v2\/media?parent=10938"}],"wp:term":[{"taxonomy":"category","embeddable":true,"href":"https:\/\/www.africa-press.net\/cotedivoire\/wp-json\/wp\/v2\/categories?post=10938"},{"taxonomy":"post_tag","embeddable":true,"href":"https:\/\/www.africa-press.net\/cotedivoire\/wp-json\/wp\/v2\/tags?post=10938"}],"curies":[{"name":"wp","href":"https:\/\/api.w.org\/{rel}","templated":true}]}}