{"id":109399,"date":"2025-11-27T15:50:53","date_gmt":"2025-11-27T15:50:53","guid":{"rendered":"https:\/\/www.africa-press.net\/cotedivoire\/politique\/amede-visite-le-chantier-du-boulevard-germain-coffi-gadeau"},"modified":"2025-11-27T16:05:20","modified_gmt":"2025-11-27T16:05:20","slug":"amede-visite-le-chantier-du-boulevard-germain-coffi-gadeau","status":"publish","type":"post","link":"https:\/\/www.africa-press.net\/cotedivoire\/politique\/amede-visite-le-chantier-du-boulevard-germain-coffi-gadeau","title":{"rendered":"Am\u00e9d\u00e9 Visite le Chantier du Boulevard Germain Coffi Gadeau"},"content":{"rendered":"<p><span style=\"color: #ff6600\"><strong>Africa-Press &#8211; C\u00f4te d&rsquo;Ivoire. <\/strong><\/span>Le ministre de l\u2019E\u0301quipement et de l\u2019Entretien routier, Dr Ame\u0301de\u0301 Koffi Kouakou, a effectue\u0301 ce mercredi 26 novembre, une visite de chantier concernant les travaux de prolongement du boulevard Germain Coffi Gadeau, anciennement boulevard Mitterrand.<\/p>\n<p>Ame\u0301de\u0301 Kouakou a parcouru le trace\u0301, allant du carrefour Fe\u0301h Kesse\u0301 jusqu\u2019a\u0300 la Cite\u0301 Cefal, dans le village de Sebia Yao (Bingerville), afin de s\u2019impre\u0301gner des points critiques de ce projet d\u2019importance capitale pour l\u2019ame\u0301lioration de la mobilite\u0301 dans le Grand Abidjan.<\/p>\n<p>Le ministre a tenu a\u0300 souligner l\u2019impact direct de cette nouvelle infrastructure sur la vie quotidienne des re\u0301sidents de Bingerville, une commune en forte expansion. Il a rappele\u0301 le \u00ab calvaire \u00bb que repre\u0301sente actuellement la circulation matinale et vespe\u0301rale pour se rendre au Plateau ou me\u0302me pour acce\u0301der a\u0300 l\u2019Ho\u0302pital Me\u0300re-Enfant, en raison de voies \u00ab comple\u0300tement congestionne\u0301es \u00bb. Au terme de l\u2019inspection, un Ame\u0301de\u0301 Kouakou \u2018\u2019tre\u0300s heureux\u2019\u2019 a livre\u0301 son constat. \u00ab Nous sommes venus ce matin a\u0300 Bingerville pour regarder la voie express qui contourne Bingerville.(&#8230;) Cette voie express qui part de Fe\u0301h Kesse\u0301 sur environ une dizaine de kilome\u0300tres pour sortir ici, au niveau du palais de justice et rencontrer la voie principale, qui est a\u0300 longue d&rsquo;environ 10 km. Cette voie express va permettre vraiment de donner un peu de bouffe\u0301e d\u2019oxyge\u0300ne aux populations de Bingerville \u00bb, a-t-il de\u0301clare\u0301.<\/p>\n<p>Le projet, qui pre\u0301voit notamment la construction d&rsquo;un e\u0301changeur au carrefour Fe\u0301h Kesse\u0301, inclut e\u0301galement le de\u0301veloppement d&rsquo;environ 23 km de voirie au sein me\u0302me de la commune, visant a\u0300 fluidifier globalement la circulation locale. Le membre du gouvernement s&rsquo;est re\u0301joui de l\u2019e\u0301tat d\u2019avancement des travaux, dont la dure\u0301e initiale e\u0301tait de 24 mois. Il a confirme\u0301 que l\u2019ache\u0300vement est pre\u0301vu pour fin fe\u0301vrier 2026. \u00ab Nous avons constate\u0301 que les travaux avancent tre\u0300s bien. Fin fe\u0301vrier 2026, les travaux seront entie\u0300rement termine\u0301s \u00bb, a-t-il indique\u0301, adressant ses fe\u0301licitations a\u0300 l\u2019ensemble des acteurs implique\u0301s. \u00ab Je voudrais fe\u0301liciter l\u2019Ageroute, fe\u0301liciter l\u2019entreprise, PFO, fe\u0301liciter le BNETD qui assure la mission de contro\u0302le, et tous les acteurs sur le projet \u00bb, dira-t-il. Concernant les ajustements, il a indique\u0301 avoir \u00ab e\u0301change\u0301 avec les techniciens pour que certaines petites choses soient ame\u0301liore\u0301es \u00bb, tout en assurant que, \u00ab globalement, je pense que le chantier avance tre\u0300s bien. Bonne qualite\u0301 d\u2019exe\u0301cution. Nos e\u0301quipes veillent vraiment sur l\u2019e\u0301volution du chantier en termes quantitatifs et qualitatifs \u00bb.<\/p>\n<p>Appel a\u0300 la prudence avant l&rsquo;ouverture officielle<\/p>\n<p>Le ministre Amede\u0301 a profite\u0301 de l\u2019occasion pour re\u0301ite\u0301rer un appel a\u0300 la prudence et au respect des mesures de se\u0301curite\u0301, soulignant que la voie demeure un chantier et n\u2019est pas encore officiellement ouverte a\u0300 la circulation. \u00ab C\u2019est encore un chantier. Quand on est en chantier, si jamais, il y a un accident, c\u0327a peut poser quelques proble\u0300mes. \u00bb, a-t-il pre\u0301venu. Il a ainsi enjoint les usagers a\u0300 la patience: \u00ab Attendez, prenez un peu votre mal en patience. Fe\u0301vrier 2026, tout sera termine\u0301. Le Premier ministre viendra donc visiter et officiellement, c\u0327a sera ouvert a\u0300 la circulation pour le bonheur de la population \u00bb. Le ministre de l\u2019Equipement a conclu en re\u0301affirmant que l\u2019objectif principal de cette voie express, qui s\u2019inscrit dans la continuite\u0301 du boulevard Coffi Gadeau, est de permettre aux populations de Bingerville de \u00ab pouvoir rentrer facilement chez elles et aussi aller facilement au travail \u00bb. Ce projet s&rsquo;inscrit par ailleurs dans une vision plus large d&rsquo;ame\u0301lioration des infrastructures routie\u0300res, qui inclut, a\u0300 terme, l\u2019autoroute Abidjan-Lagos<\/p>\n<p>Donatien Kautcha, Abidjan<\/p>\n\r\n                <style type=\"text\/css\">\r\n                    \r\n                    #td_uid_1_69f4207a46a99  .td-doubleSlider-2 .td-item1 {\r\n                        background: url(https:\/\/static.africa-press.net\/cote\/sites\/43\/2025\/11\/sm_1764246815.793599-80x60.jpg) 0 0 no-repeat;\r\n                    }\r\n                    #td_uid_1_69f4207a46a99  .td-doubleSlider-2 .td-item2 {\r\n                        background: url(https:\/\/static.africa-press.net\/cote\/sites\/43\/2025\/11\/sm_1764246823.49631-80x60.jpg) 0 0 no-repeat;\r\n                    }\r\n                <\/style>\r\n\r\n                <div id=\"td_uid_1_69f4207a46a99\" class=\"td-gallery td-slide-on-2-columns\">\r\n                    <div class=\"post_td_gallery\">\r\n                        <div class=\"td-gallery-slide-top\">\r\n                           <div class=\"td-gallery-title\"><\/div>\r\n\r\n                            <div class=\"td-gallery-controls-wrapper\">\r\n                                <div class=\"td-gallery-slide-count\"><span class=\"td-gallery-slide-item-focus\">1<\/span> de 2<\/div>\r\n                                <div class=\"td-gallery-slide-prev-next-but\">\r\n                                    <i class = \"td-icon-left doubleSliderPrevButton\"><\/i>\r\n                                    <i class = \"td-icon-right doubleSliderNextButton\"><\/i>\r\n                                <\/div>\r\n                            <\/div>\r\n                        <\/div>\r\n\r\n                        <div class = \"td-doubleSlider-1 \">\r\n                            <div class = \"td-slider\">\r\n                                \r\n                    <div class = \"td-slide-item td-item1\">\r\n                        <figure class=\"td-slide-galery-figure td-slide-popup-gallery\">\r\n                            <a class=\"slide-gallery-image-link\" href=\"https:\/\/static.africa-press.net\/cote\/sites\/43\/2025\/11\/sm_1764246815.793599.jpg\" title=\"sm_1764246815.793599\"  data-caption=\"\"  data-description=\"\">\r\n                                <img decoding=\"async\" src=\"https:\/\/static.africa-press.net\/cote\/sites\/43\/2025\/11\/sm_1764246815.793599.jpg\" srcset=\"https:\/\/static.africa-press.net\/cote\/sites\/43\/2025\/11\/sm_1764246815.793599.jpg 1000w, https:\/\/static.africa-press.net\/cote\/sites\/43\/2025\/11\/sm_1764246815.793599-300x147.jpg 300w, https:\/\/static.africa-press.net\/cote\/sites\/43\/2025\/11\/sm_1764246815.793599-768x377.jpg 768w, https:\/\/static.africa-press.net\/cote\/sites\/43\/2025\/11\/sm_1764246815.793599-324x160.jpg 324w, https:\/\/static.africa-press.net\/cote\/sites\/43\/2025\/11\/sm_1764246815.793599-533x261.jpg 533w\" sizes=\"(max-width: 1000px) 100vw, 1000px\" alt=\"\">\r\n                            <\/a>\r\n                            \r\n                        <\/figure>\r\n                    <\/div>\r\n                    <div class = \"td-slide-item td-item2\">\r\n                        <figure class=\"td-slide-galery-figure td-slide-popup-gallery\">\r\n                            <a class=\"slide-gallery-image-link\" href=\"https:\/\/static.africa-press.net\/cote\/sites\/43\/2025\/11\/sm_1764246823.49631.jpg\" title=\"sm_1764246823.49631\"  data-caption=\"\"  data-description=\"\">\r\n                                <img decoding=\"async\" src=\"https:\/\/static.africa-press.net\/cote\/sites\/43\/2025\/11\/sm_1764246823.49631.jpg\" srcset=\"https:\/\/static.africa-press.net\/cote\/sites\/43\/2025\/11\/sm_1764246823.49631.jpg 1000w, https:\/\/static.africa-press.net\/cote\/sites\/43\/2025\/11\/sm_1764246823.49631-300x146.jpg 300w, https:\/\/static.africa-press.net\/cote\/sites\/43\/2025\/11\/sm_1764246823.49631-768x373.jpg 768w\" sizes=\"(max-width: 1000px) 100vw, 1000px\" alt=\"\">\r\n                            <\/a>\r\n                            \r\n                        <\/figure>\r\n                    <\/div>\r\n                            <\/div>\r\n                        <\/div>\r\n\r\n                        <div class = \"td-doubleSlider-2\">\r\n                            <div class = \"td-slider\">\r\n                                \r\n                    <div class = \"td-button td-item1\">\r\n                        <div class = \"td-border\"><\/div>\r\n                    <\/div>\r\n                    <div class = \"td-button td-item2\">\r\n                        <div class = \"td-border\"><\/div>\r\n                    <\/div>\r\n                            <\/div>\r\n                        <\/div>\r\n\r\n                    <\/div>\r\n\r\n                <\/div>\r\n                \n<p><strong>Pour plus d&rsquo;informations et d&rsquo;analyses sur la <span style=\"color: #ff6600\">C\u00f4te d&rsquo;Ivoire<\/span>, suivez <span style=\"color: #ff6600\">Africa-Press<\/span><\/strong><\/p>\n","protected":false},"excerpt":{"rendered":"<p>Africa-Press &#8211; C\u00f4te d&rsquo;Ivoire. Le ministre de l\u2019E\u0301quipement et de l\u2019Entretien routier, Dr Ame\u0301de\u0301 Koffi Kouakou, a effectue\u0301 ce mercredi 26 novembre, une visite de chantier concernant les travaux de prolongement du boulevard Germain Coffi Gadeau, anciennement boulevard Mitterrand. Ame\u0301de\u0301 Kouakou a parcouru le trace\u0301, allant du carrefour Fe\u0301h Kesse\u0301 jusqu\u2019a\u0300 la Cite\u0301 Cefal, dans [&hellip;]<\/p>\n","protected":false},"author":82,"featured_media":109398,"comment_status":"open","ping_status":"closed","sticky":false,"template":"","format":"standard","meta":{"footnotes":""},"categories":[8,2,10],"tags":[1729,6000,1731,1719,13526,29,2856],"class_list":["post-109399","post","type-post","status-publish","format-standard","has-post-thumbnail","hentry","category-photo","category-politique","category-toutes-les-actualites","tag-ageroute","tag-amede-koffi-kouakou","tag-bingerville","tag-bnetd","tag-coffi-gadeau","tag-cote-divoire","tag-pfo"],"yoast_head":"<!-- This site is optimized with the Yoast SEO Premium plugin v26.1 (Yoast SEO v27.0) - https:\/\/yoast.com\/product\/yoast-seo-premium-wordpress\/ -->\n<title>Am\u00e9d\u00e9 Visite le Chantier du Boulevard Germain Coffi Gadeau - C\u00f4te d&#039;Ivoire<\/title>\n<meta name=\"description\" content=\"Le ministre de l\u2019E\u0301quipement et de l\u2019Entretien routier, Dr Ame\u0301de\u0301 Koffi Kouakou, a effectue\u0301 ce mercredi 26 novembre, u ...\" \/>\n<meta name=\"robots\" content=\"index, follow, max-snippet:-1, max-image-preview:large, max-video-preview:-1\" \/>\n<link rel=\"canonical\" href=\"https:\/\/www.africa-press.net\/cotedivoire\/politique\/amede-visite-le-chantier-du-boulevard-germain-coffi-gadeau\" \/>\n<meta property=\"og:locale\" content=\"fr_FR\" \/>\n<meta property=\"og:type\" content=\"article\" \/>\n<meta property=\"og:title\" content=\"Am\u00e9d\u00e9 Visite le Chantier du Boulevard Germain Coffi Gadeau\" \/>\n<meta property=\"og:description\" content=\"Le ministre de l\u2019E\u0301quipement et de l\u2019Entretien routier, Dr Ame\u0301de\u0301 Koffi Kouakou, a effectue\u0301 ce mercredi 26 novembre, u ...\" \/>\n<meta property=\"og:url\" content=\"https:\/\/www.africa-press.net\/cotedivoire\/politique\/amede-visite-le-chantier-du-boulevard-germain-coffi-gadeau\" \/>\n<meta property=\"og:site_name\" content=\"C\u00f4te d&#039;Ivoire\" \/>\n<meta property=\"article:published_time\" content=\"2025-11-27T15:50:53+00:00\" \/>\n<meta property=\"article:modified_time\" content=\"2025-11-27T16:05:20+00:00\" \/>\n<meta property=\"og:image\" content=\"https:\/\/static.africa-press.net\/cote\/sites\/43\/2025\/11\/sm_1764246834.318769.jpg\" \/>\n\t<meta property=\"og:image:width\" content=\"720\" \/>\n\t<meta property=\"og:image:height\" content=\"357\" \/>\n\t<meta property=\"og:image:type\" content=\"image\/jpeg\" \/>\n<meta name=\"author\" content=\"cfeditorfr\" \/>\n<meta name=\"twitter:card\" content=\"summary_large_image\" \/>\n<meta name=\"twitter:label1\" content=\"\u00c9crit par\" \/>\n\t<meta name=\"twitter:data1\" content=\"cfeditorfr\" \/>\n\t<meta name=\"twitter:label2\" content=\"Dur\u00e9e de lecture estim\u00e9e\" \/>\n\t<meta name=\"twitter:data2\" content=\"3 minutes\" \/>\n<script type=\"application\/ld+json\" class=\"yoast-schema-graph\">{\"@context\":\"https:\/\/schema.org\",\"@graph\":[{\"@type\":\"Article\",\"@id\":\"https:\/\/www.africa-press.net\/cotedivoire\/politique\/amede-visite-le-chantier-du-boulevard-germain-coffi-gadeau#article\",\"isPartOf\":{\"@id\":\"https:\/\/www.africa-press.net\/cotedivoire\/politique\/amede-visite-le-chantier-du-boulevard-germain-coffi-gadeau\"},\"author\":{\"name\":\"cfeditorfr\",\"@id\":\"https:\/\/www.africa-press.net\/cotedivoire\/#\/schema\/person\/2b1cf3cd81a31e3cd26889ca66d677f1\"},\"headline\":\"Am\u00e9d\u00e9 Visite le Chantier du Boulevard Germain Coffi Gadeau\",\"datePublished\":\"2025-11-27T15:50:53+00:00\",\"dateModified\":\"2025-11-27T16:05:20+00:00\",\"mainEntityOfPage\":{\"@id\":\"https:\/\/www.africa-press.net\/cotedivoire\/politique\/amede-visite-le-chantier-du-boulevard-germain-coffi-gadeau\"},\"wordCount\":682,\"commentCount\":0,\"image\":{\"@id\":\"https:\/\/www.africa-press.net\/cotedivoire\/politique\/amede-visite-le-chantier-du-boulevard-germain-coffi-gadeau#primaryimage\"},\"thumbnailUrl\":\"https:\/\/static.africa-press.net\/cote\/sites\/43\/2025\/11\/sm_1764246834.318769.jpg\",\"keywords\":[\"AGEROUTE\",\"Amed\u00e9 Koffi Kouakou\",\"Bingerville\",\"BNETD\",\"Coffi Gadeau\",\"C\u00d4TE D'IVOIRE\",\"PFO\"],\"articleSection\":[\"Photo\",\"Politique\",\"Toutes les actualit\u00e9s\"],\"inLanguage\":\"fr-FR\",\"potentialAction\":[{\"@type\":\"CommentAction\",\"name\":\"Comment\",\"target\":[\"https:\/\/www.africa-press.net\/cotedivoire\/politique\/amede-visite-le-chantier-du-boulevard-germain-coffi-gadeau#respond\"]}]},{\"@type\":\"WebPage\",\"@id\":\"https:\/\/www.africa-press.net\/cotedivoire\/politique\/amede-visite-le-chantier-du-boulevard-germain-coffi-gadeau\",\"url\":\"https:\/\/www.africa-press.net\/cotedivoire\/politique\/amede-visite-le-chantier-du-boulevard-germain-coffi-gadeau\",\"name\":\"Am\u00e9d\u00e9 Visite le Chantier du Boulevard Germain Coffi Gadeau - C\u00f4te d&#039;Ivoire\",\"isPartOf\":{\"@id\":\"https:\/\/www.africa-press.net\/cotedivoire\/#website\"},\"primaryImageOfPage\":{\"@id\":\"https:\/\/www.africa-press.net\/cotedivoire\/politique\/amede-visite-le-chantier-du-boulevard-germain-coffi-gadeau#primaryimage\"},\"image\":{\"@id\":\"https:\/\/www.africa-press.net\/cotedivoire\/politique\/amede-visite-le-chantier-du-boulevard-germain-coffi-gadeau#primaryimage\"},\"thumbnailUrl\":\"https:\/\/static.africa-press.net\/cote\/sites\/43\/2025\/11\/sm_1764246834.318769.jpg\",\"datePublished\":\"2025-11-27T15:50:53+00:00\",\"dateModified\":\"2025-11-27T16:05:20+00:00\",\"author\":{\"@id\":\"https:\/\/www.africa-press.net\/cotedivoire\/#\/schema\/person\/2b1cf3cd81a31e3cd26889ca66d677f1\"},\"description\":\"Le ministre de l\u2019E\u0301quipement et de l\u2019Entretien routier, Dr Ame\u0301de\u0301 Koffi Kouakou, a effectue\u0301 ce mercredi 26 novembre, u ...\",\"breadcrumb\":{\"@id\":\"https:\/\/www.africa-press.net\/cotedivoire\/politique\/amede-visite-le-chantier-du-boulevard-germain-coffi-gadeau#breadcrumb\"},\"inLanguage\":\"fr-FR\",\"potentialAction\":[{\"@type\":\"ReadAction\",\"target\":[\"https:\/\/www.africa-press.net\/cotedivoire\/politique\/amede-visite-le-chantier-du-boulevard-germain-coffi-gadeau\"]}]},{\"@type\":\"ImageObject\",\"inLanguage\":\"fr-FR\",\"@id\":\"https:\/\/www.africa-press.net\/cotedivoire\/politique\/amede-visite-le-chantier-du-boulevard-germain-coffi-gadeau#primaryimage\",\"url\":\"https:\/\/static.africa-press.net\/cote\/sites\/43\/2025\/11\/sm_1764246834.318769.jpg\",\"contentUrl\":\"https:\/\/static.africa-press.net\/cote\/sites\/43\/2025\/11\/sm_1764246834.318769.jpg\",\"width\":720,\"height\":357,\"caption\":\"Am\u00e9d\u00e9 Visite le Chantier du Boulevard Germain Coffi Gadeau\"},{\"@type\":\"BreadcrumbList\",\"@id\":\"https:\/\/www.africa-press.net\/cotedivoire\/politique\/amede-visite-le-chantier-du-boulevard-germain-coffi-gadeau#breadcrumb\",\"itemListElement\":[{\"@type\":\"ListItem\",\"position\":1,\"name\":\"Accueil\",\"item\":\"https:\/\/www.africa-press.net\/cotedivoire\/\"},{\"@type\":\"ListItem\",\"position\":2,\"name\":\"Am\u00e9d\u00e9 Visite le Chantier du Boulevard Germain Coffi Gadeau\"}]},{\"@type\":\"WebSite\",\"@id\":\"https:\/\/www.africa-press.net\/cotedivoire\/#website\",\"url\":\"https:\/\/www.africa-press.net\/cotedivoire\/\",\"name\":\"C\u00f4te d&#039;Ivoire\",\"description\":\"Just another Africa News Agency Sites site\",\"potentialAction\":[{\"@type\":\"SearchAction\",\"target\":{\"@type\":\"EntryPoint\",\"urlTemplate\":\"https:\/\/www.africa-press.net\/cotedivoire\/?s={search_term_string}\"},\"query-input\":{\"@type\":\"PropertyValueSpecification\",\"valueRequired\":true,\"valueName\":\"search_term_string\"}}],\"inLanguage\":\"fr-FR\"},{\"@type\":\"Person\",\"@id\":\"https:\/\/www.africa-press.net\/cotedivoire\/#\/schema\/person\/2b1cf3cd81a31e3cd26889ca66d677f1\",\"name\":\"cfeditorfr\"}]}<\/script>\n<!-- \/ Yoast SEO Premium plugin. -->","yoast_head_json":{"title":"Am\u00e9d\u00e9 Visite le Chantier du Boulevard Germain Coffi Gadeau - C\u00f4te d&#039;Ivoire","description":"Le ministre de l\u2019E\u0301quipement et de l\u2019Entretien routier, Dr Ame\u0301de\u0301 Koffi Kouakou, a effectue\u0301 ce mercredi 26 novembre, u ...","robots":{"index":"index","follow":"follow","max-snippet":"max-snippet:-1","max-image-preview":"max-image-preview:large","max-video-preview":"max-video-preview:-1"},"canonical":"https:\/\/www.africa-press.net\/cotedivoire\/politique\/amede-visite-le-chantier-du-boulevard-germain-coffi-gadeau","og_locale":"fr_FR","og_type":"article","og_title":"Am\u00e9d\u00e9 Visite le Chantier du Boulevard Germain Coffi Gadeau","og_description":"Le ministre de l\u2019E\u0301quipement et de l\u2019Entretien routier, Dr Ame\u0301de\u0301 Koffi Kouakou, a effectue\u0301 ce mercredi 26 novembre, u ...","og_url":"https:\/\/www.africa-press.net\/cotedivoire\/politique\/amede-visite-le-chantier-du-boulevard-germain-coffi-gadeau","og_site_name":"C\u00f4te d&#039;Ivoire","article_published_time":"2025-11-27T15:50:53+00:00","article_modified_time":"2025-11-27T16:05:20+00:00","og_image":[{"width":720,"height":357,"url":"https:\/\/static.africa-press.net\/cote\/sites\/43\/2025\/11\/sm_1764246834.318769.jpg","type":"image\/jpeg"}],"author":"cfeditorfr","twitter_card":"summary_large_image","twitter_misc":{"\u00c9crit par":"cfeditorfr","Dur\u00e9e de lecture estim\u00e9e":"3 minutes"},"schema":{"@context":"https:\/\/schema.org","@graph":[{"@type":"Article","@id":"https:\/\/www.africa-press.net\/cotedivoire\/politique\/amede-visite-le-chantier-du-boulevard-germain-coffi-gadeau#article","isPartOf":{"@id":"https:\/\/www.africa-press.net\/cotedivoire\/politique\/amede-visite-le-chantier-du-boulevard-germain-coffi-gadeau"},"author":{"name":"cfeditorfr","@id":"https:\/\/www.africa-press.net\/cotedivoire\/#\/schema\/person\/2b1cf3cd81a31e3cd26889ca66d677f1"},"headline":"Am\u00e9d\u00e9 Visite le Chantier du Boulevard Germain Coffi Gadeau","datePublished":"2025-11-27T15:50:53+00:00","dateModified":"2025-11-27T16:05:20+00:00","mainEntityOfPage":{"@id":"https:\/\/www.africa-press.net\/cotedivoire\/politique\/amede-visite-le-chantier-du-boulevard-germain-coffi-gadeau"},"wordCount":682,"commentCount":0,"image":{"@id":"https:\/\/www.africa-press.net\/cotedivoire\/politique\/amede-visite-le-chantier-du-boulevard-germain-coffi-gadeau#primaryimage"},"thumbnailUrl":"https:\/\/static.africa-press.net\/cote\/sites\/43\/2025\/11\/sm_1764246834.318769.jpg","keywords":["AGEROUTE","Amed\u00e9 Koffi Kouakou","Bingerville","BNETD","Coffi Gadeau","C\u00d4TE D'IVOIRE","PFO"],"articleSection":["Photo","Politique","Toutes les actualit\u00e9s"],"inLanguage":"fr-FR","potentialAction":[{"@type":"CommentAction","name":"Comment","target":["https:\/\/www.africa-press.net\/cotedivoire\/politique\/amede-visite-le-chantier-du-boulevard-germain-coffi-gadeau#respond"]}]},{"@type":"WebPage","@id":"https:\/\/www.africa-press.net\/cotedivoire\/politique\/amede-visite-le-chantier-du-boulevard-germain-coffi-gadeau","url":"https:\/\/www.africa-press.net\/cotedivoire\/politique\/amede-visite-le-chantier-du-boulevard-germain-coffi-gadeau","name":"Am\u00e9d\u00e9 Visite le Chantier du Boulevard Germain Coffi Gadeau - C\u00f4te d&#039;Ivoire","isPartOf":{"@id":"https:\/\/www.africa-press.net\/cotedivoire\/#website"},"primaryImageOfPage":{"@id":"https:\/\/www.africa-press.net\/cotedivoire\/politique\/amede-visite-le-chantier-du-boulevard-germain-coffi-gadeau#primaryimage"},"image":{"@id":"https:\/\/www.africa-press.net\/cotedivoire\/politique\/amede-visite-le-chantier-du-boulevard-germain-coffi-gadeau#primaryimage"},"thumbnailUrl":"https:\/\/static.africa-press.net\/cote\/sites\/43\/2025\/11\/sm_1764246834.318769.jpg","datePublished":"2025-11-27T15:50:53+00:00","dateModified":"2025-11-27T16:05:20+00:00","author":{"@id":"https:\/\/www.africa-press.net\/cotedivoire\/#\/schema\/person\/2b1cf3cd81a31e3cd26889ca66d677f1"},"description":"Le ministre de l\u2019E\u0301quipement et de l\u2019Entretien routier, Dr Ame\u0301de\u0301 Koffi Kouakou, a effectue\u0301 ce mercredi 26 novembre, u ...","breadcrumb":{"@id":"https:\/\/www.africa-press.net\/cotedivoire\/politique\/amede-visite-le-chantier-du-boulevard-germain-coffi-gadeau#breadcrumb"},"inLanguage":"fr-FR","potentialAction":[{"@type":"ReadAction","target":["https:\/\/www.africa-press.net\/cotedivoire\/politique\/amede-visite-le-chantier-du-boulevard-germain-coffi-gadeau"]}]},{"@type":"ImageObject","inLanguage":"fr-FR","@id":"https:\/\/www.africa-press.net\/cotedivoire\/politique\/amede-visite-le-chantier-du-boulevard-germain-coffi-gadeau#primaryimage","url":"https:\/\/static.africa-press.net\/cote\/sites\/43\/2025\/11\/sm_1764246834.318769.jpg","contentUrl":"https:\/\/static.africa-press.net\/cote\/sites\/43\/2025\/11\/sm_1764246834.318769.jpg","width":720,"height":357,"caption":"Am\u00e9d\u00e9 Visite le Chantier du Boulevard Germain Coffi Gadeau"},{"@type":"BreadcrumbList","@id":"https:\/\/www.africa-press.net\/cotedivoire\/politique\/amede-visite-le-chantier-du-boulevard-germain-coffi-gadeau#breadcrumb","itemListElement":[{"@type":"ListItem","position":1,"name":"Accueil","item":"https:\/\/www.africa-press.net\/cotedivoire\/"},{"@type":"ListItem","position":2,"name":"Am\u00e9d\u00e9 Visite le Chantier du Boulevard Germain Coffi Gadeau"}]},{"@type":"WebSite","@id":"https:\/\/www.africa-press.net\/cotedivoire\/#website","url":"https:\/\/www.africa-press.net\/cotedivoire\/","name":"C\u00f4te d&#039;Ivoire","description":"Just another Africa News Agency Sites site","potentialAction":[{"@type":"SearchAction","target":{"@type":"EntryPoint","urlTemplate":"https:\/\/www.africa-press.net\/cotedivoire\/?s={search_term_string}"},"query-input":{"@type":"PropertyValueSpecification","valueRequired":true,"valueName":"search_term_string"}}],"inLanguage":"fr-FR"},{"@type":"Person","@id":"https:\/\/www.africa-press.net\/cotedivoire\/#\/schema\/person\/2b1cf3cd81a31e3cd26889ca66d677f1","name":"cfeditorfr"}]}},"_links":{"self":[{"href":"https:\/\/www.africa-press.net\/cotedivoire\/wp-json\/wp\/v2\/posts\/109399","targetHints":{"allow":["GET"]}}],"collection":[{"href":"https:\/\/www.africa-press.net\/cotedivoire\/wp-json\/wp\/v2\/posts"}],"about":[{"href":"https:\/\/www.africa-press.net\/cotedivoire\/wp-json\/wp\/v2\/types\/post"}],"author":[{"embeddable":true,"href":"https:\/\/www.africa-press.net\/cotedivoire\/wp-json\/wp\/v2\/users\/82"}],"replies":[{"embeddable":true,"href":"https:\/\/www.africa-press.net\/cotedivoire\/wp-json\/wp\/v2\/comments?post=109399"}],"version-history":[{"count":0,"href":"https:\/\/www.africa-press.net\/cotedivoire\/wp-json\/wp\/v2\/posts\/109399\/revisions"}],"wp:featuredmedia":[{"embeddable":true,"href":"https:\/\/www.africa-press.net\/cotedivoire\/wp-json\/wp\/v2\/media\/109398"}],"wp:attachment":[{"href":"https:\/\/www.africa-press.net\/cotedivoire\/wp-json\/wp\/v2\/media?parent=109399"}],"wp:term":[{"taxonomy":"category","embeddable":true,"href":"https:\/\/www.africa-press.net\/cotedivoire\/wp-json\/wp\/v2\/categories?post=109399"},{"taxonomy":"post_tag","embeddable":true,"href":"https:\/\/www.africa-press.net\/cotedivoire\/wp-json\/wp\/v2\/tags?post=109399"}],"curies":[{"name":"wp","href":"https:\/\/api.w.org\/{rel}","templated":true}]}}