{"id":10941,"date":"2021-08-07T09:20:54","date_gmt":"2021-08-07T09:20:54","guid":{"rendered":"https:\/\/www.africa-press.net\/cotedivoire\/?p=10941"},"modified":"2021-08-08T18:24:17","modified_gmt":"2021-08-08T18:24:17","slug":"exclusif-cote-divoire-alassane-ouattara-fait-le-menage-dans-les-entreprises-publiques","status":"publish","type":"post","link":"https:\/\/www.africa-press.net\/cotedivoire\/economie\/exclusif-cote-divoire-alassane-ouattara-fait-le-menage-dans-les-entreprises-publiques","title":{"rendered":"Alassane Ouattara fait le m\u00e9nage dans les entreprises publiques"},"content":{"rendered":"<p><span style=\"color: #ff6600\"><strong><a href=\"https:\/\/www.africa-press.net\/\">Africa-Press<\/a> &#8211; <a href=\"https:\/\/www.africa-press.net\/cotedivoire\">C\u00f4te d&rsquo;Ivoire<\/a>. <\/strong><\/span>P\u00e9trole, port, mines\u2026 L\u2019ex\u00e9cutif ivoirien chamboule la direction de plusieurs soci\u00e9t\u00e9s nationales. Des audits ont \u00e9galement \u00e9t\u00e9 ordonn\u00e9s. Un vent de changement vient de frapper la Soci\u00e9t\u00e9 nationale des op\u00e9rations p\u00e9troli\u00e8res (Petroci). Sur instruction de la pr\u00e9sidence de la R\u00e9publique, le conseil d\u2019administration du groupe contr\u00f4l\u00e9 \u00e0 100% par l\u2019\u00c9tat a proc\u00e9d\u00e9 le 5 ao\u00fbt \u00e0 la nomination de Vamissa Bamba comme directeur g\u00e9n\u00e9ral de Petroci. Il succ\u00e8de \u00e0 Ibrahima Diaby, en poste depuis la mi-2015. La nomination du nouveau DG sera confirm\u00e9e au prochain Conseil des ministres, pr\u00e9vu avant les vacances du gouvernement \u00e0 partir de la mi-ao\u00fbt.<\/p>\n<p>Vamissa Bamba \u00e9tait directeur g\u00e9n\u00e9ral de CI-11, filiale en charge du bloc offshore \u00e9ponyme, sur lequel se trouvent les champs Lion et Panth\u00e8re, d\u00e9j\u00e0 en production. Il cumulait cette fonction avec celle de directeur du forage de Petroci, dont les revenus ont atteint 274 milliards de F CFA (418 millions d\u2019euros) en 2019. Parall\u00e8lement, Si\u00e9 Georges Kam, pr\u00e9c\u00e9demment directeur de l\u2019ing\u00e9nierie et de la logistique, a \u00e9t\u00e9 nomm\u00e9 directeur g\u00e9n\u00e9ral adjoint charg\u00e9 de la production, poste rest\u00e9 vacant depuis le d\u00e9c\u00e8s de Marcelle Gauly, d\u00e9but 2021.<\/p>\n<p>Le nouveau DG de la Petroci conna\u00eet bien l\u2019entreprise publique, o\u00f9 il a pass\u00e9 toute sa carri\u00e8re. Ce sp\u00e9cialiste de l\u2019ing\u00e9nierie p\u00e9troli\u00e8re est \u00e9galement un proche de Thomas Camara, nomm\u00e9 ministre du P\u00e9trole en mars dernier, apr\u00e8s neuf ans aux commandes de la Soci\u00e9t\u00e9 ivoirienne de raffinage (SIR).<\/p>\n<p><b>\u00a0<\/b><\/p>\n","protected":false},"excerpt":{"rendered":"<p>Africa-Press &#8211; C\u00f4te d&rsquo;Ivoire. P\u00e9trole, port, mines\u2026 L\u2019ex\u00e9cutif ivoirien chamboule la direction de plusieurs soci\u00e9t\u00e9s nationales. Des audits ont \u00e9galement \u00e9t\u00e9 ordonn\u00e9s. Un vent de changement vient de frapper la Soci\u00e9t\u00e9 nationale des op\u00e9rations p\u00e9troli\u00e8res (Petroci). Sur instruction de la pr\u00e9sidence de la R\u00e9publique, le conseil d\u2019administration du groupe contr\u00f4l\u00e9 \u00e0 100% par l\u2019\u00c9tat a [&hellip;]<\/p>\n","protected":false},"author":82,"featured_media":10940,"comment_status":"open","ping_status":"closed","sticky":false,"template":"","format":"standard","meta":{"footnotes":""},"categories":[3,11,20,10],"tags":[56,63,29],"class_list":["post-10941","post","type-post","status-publish","format-standard","has-post-thumbnail","hentry","category-economie","category-homepage-french","category-top-nouvelles","category-toutes-les-actualites","tag-africa-press","tag-africa-press-cote-divoire","tag-cote-divoire"],"yoast_head":"<!-- This site is optimized with the Yoast SEO Premium plugin v26.1 (Yoast SEO v27.0) - https:\/\/yoast.com\/product\/yoast-seo-premium-wordpress\/ -->\n<title>Alassane Ouattara fait le m\u00e9nage dans les entreprises publiques - C\u00f4te d&#039;Ivoire<\/title>\n<meta name=\"description\" content=\"P\u00e9trole, port, mines\u2026 L\u2019ex\u00e9cutif ivoirien chamboule la direction de plusieurs soci\u00e9t\u00e9s nationales. Des audits ont \u00e9galem ...\" \/>\n<meta name=\"robots\" content=\"index, follow, max-snippet:-1, max-image-preview:large, max-video-preview:-1\" \/>\n<link rel=\"canonical\" href=\"https:\/\/www.africa-press.net\/cotedivoire\/economie\/exclusif-cote-divoire-alassane-ouattara-fait-le-menage-dans-les-entreprises-publiques\" \/>\n<meta property=\"og:locale\" content=\"fr_FR\" \/>\n<meta property=\"og:type\" content=\"article\" \/>\n<meta property=\"og:title\" content=\"Alassane Ouattara fait le m\u00e9nage dans les entreprises publiques\" \/>\n<meta property=\"og:description\" content=\"P\u00e9trole, port, mines\u2026 L\u2019ex\u00e9cutif ivoirien chamboule la direction de plusieurs soci\u00e9t\u00e9s nationales. Des audits ont \u00e9galem ...\" \/>\n<meta property=\"og:url\" content=\"https:\/\/www.africa-press.net\/cotedivoire\/economie\/exclusif-cote-divoire-alassane-ouattara-fait-le-menage-dans-les-entreprises-publiques\" \/>\n<meta property=\"og:site_name\" content=\"C\u00f4te d&#039;Ivoire\" \/>\n<meta property=\"article:published_time\" content=\"2021-08-07T09:20:54+00:00\" \/>\n<meta property=\"article:modified_time\" content=\"2021-08-08T18:24:17+00:00\" \/>\n<meta property=\"og:image\" content=\"https:\/\/static.africa-press.net\/cote\/sites\/43\/2021\/08\/img-610e4e1318d85.jpg\" \/>\n\t<meta property=\"og:image:width\" content=\"720\" \/>\n\t<meta property=\"og:image:height\" content=\"360\" \/>\n\t<meta property=\"og:image:type\" content=\"image\/jpeg\" \/>\n<meta name=\"author\" content=\"cfeditorfr\" \/>\n<meta name=\"twitter:card\" content=\"summary_large_image\" \/>\n<meta name=\"twitter:label1\" content=\"\u00c9crit par\" \/>\n\t<meta name=\"twitter:data1\" content=\"cfeditorfr\" \/>\n\t<meta name=\"twitter:label2\" content=\"Dur\u00e9e de lecture estim\u00e9e\" \/>\n\t<meta name=\"twitter:data2\" content=\"2 minutes\" \/>\n<script type=\"application\/ld+json\" class=\"yoast-schema-graph\">{\"@context\":\"https:\/\/schema.org\",\"@graph\":[{\"@type\":\"Article\",\"@id\":\"https:\/\/www.africa-press.net\/cotedivoire\/economie\/exclusif-cote-divoire-alassane-ouattara-fait-le-menage-dans-les-entreprises-publiques#article\",\"isPartOf\":{\"@id\":\"https:\/\/www.africa-press.net\/cotedivoire\/economie\/exclusif-cote-divoire-alassane-ouattara-fait-le-menage-dans-les-entreprises-publiques\"},\"author\":{\"name\":\"cfeditorfr\",\"@id\":\"https:\/\/www.africa-press.net\/cotedivoire\/#\/schema\/person\/2b1cf3cd81a31e3cd26889ca66d677f1\"},\"headline\":\"Alassane Ouattara fait le m\u00e9nage dans les entreprises publiques\",\"datePublished\":\"2021-08-07T09:20:54+00:00\",\"dateModified\":\"2021-08-08T18:24:17+00:00\",\"mainEntityOfPage\":{\"@id\":\"https:\/\/www.africa-press.net\/cotedivoire\/economie\/exclusif-cote-divoire-alassane-ouattara-fait-le-menage-dans-les-entreprises-publiques\"},\"wordCount\":288,\"commentCount\":0,\"image\":{\"@id\":\"https:\/\/www.africa-press.net\/cotedivoire\/economie\/exclusif-cote-divoire-alassane-ouattara-fait-le-menage-dans-les-entreprises-publiques#primaryimage\"},\"thumbnailUrl\":\"https:\/\/static.africa-press.net\/cote\/sites\/43\/2021\/08\/img-610e4e1318d85.jpg\",\"keywords\":[\"Africa Press\",\"Africa Press-C\u00f4te d'Ivoire\",\"C\u00d4TE D'IVOIRE\"],\"articleSection\":[\"\u00c9conomie\",\"homepage-french\",\"Top Nouvelles\",\"Toutes les actualit\u00e9s\"],\"inLanguage\":\"fr-FR\",\"potentialAction\":[{\"@type\":\"CommentAction\",\"name\":\"Comment\",\"target\":[\"https:\/\/www.africa-press.net\/cotedivoire\/economie\/exclusif-cote-divoire-alassane-ouattara-fait-le-menage-dans-les-entreprises-publiques#respond\"]}]},{\"@type\":\"WebPage\",\"@id\":\"https:\/\/www.africa-press.net\/cotedivoire\/economie\/exclusif-cote-divoire-alassane-ouattara-fait-le-menage-dans-les-entreprises-publiques\",\"url\":\"https:\/\/www.africa-press.net\/cotedivoire\/economie\/exclusif-cote-divoire-alassane-ouattara-fait-le-menage-dans-les-entreprises-publiques\",\"name\":\"Alassane Ouattara fait le m\u00e9nage dans les entreprises publiques - C\u00f4te d&#039;Ivoire\",\"isPartOf\":{\"@id\":\"https:\/\/www.africa-press.net\/cotedivoire\/#website\"},\"primaryImageOfPage\":{\"@id\":\"https:\/\/www.africa-press.net\/cotedivoire\/economie\/exclusif-cote-divoire-alassane-ouattara-fait-le-menage-dans-les-entreprises-publiques#primaryimage\"},\"image\":{\"@id\":\"https:\/\/www.africa-press.net\/cotedivoire\/economie\/exclusif-cote-divoire-alassane-ouattara-fait-le-menage-dans-les-entreprises-publiques#primaryimage\"},\"thumbnailUrl\":\"https:\/\/static.africa-press.net\/cote\/sites\/43\/2021\/08\/img-610e4e1318d85.jpg\",\"datePublished\":\"2021-08-07T09:20:54+00:00\",\"dateModified\":\"2021-08-08T18:24:17+00:00\",\"author\":{\"@id\":\"https:\/\/www.africa-press.net\/cotedivoire\/#\/schema\/person\/2b1cf3cd81a31e3cd26889ca66d677f1\"},\"description\":\"P\u00e9trole, port, mines\u2026 L\u2019ex\u00e9cutif ivoirien chamboule la direction de plusieurs soci\u00e9t\u00e9s nationales. Des audits ont \u00e9galem ...\",\"breadcrumb\":{\"@id\":\"https:\/\/www.africa-press.net\/cotedivoire\/economie\/exclusif-cote-divoire-alassane-ouattara-fait-le-menage-dans-les-entreprises-publiques#breadcrumb\"},\"inLanguage\":\"fr-FR\",\"potentialAction\":[{\"@type\":\"ReadAction\",\"target\":[\"https:\/\/www.africa-press.net\/cotedivoire\/economie\/exclusif-cote-divoire-alassane-ouattara-fait-le-menage-dans-les-entreprises-publiques\"]}]},{\"@type\":\"ImageObject\",\"inLanguage\":\"fr-FR\",\"@id\":\"https:\/\/www.africa-press.net\/cotedivoire\/economie\/exclusif-cote-divoire-alassane-ouattara-fait-le-menage-dans-les-entreprises-publiques#primaryimage\",\"url\":\"https:\/\/static.africa-press.net\/cote\/sites\/43\/2021\/08\/img-610e4e1318d85.jpg\",\"contentUrl\":\"https:\/\/static.africa-press.net\/cote\/sites\/43\/2021\/08\/img-610e4e1318d85.jpg\",\"width\":720,\"height\":360,\"caption\":\"Exclusif \u2013 C\u00f4te d\u2019Ivoire\u00a0: Alassane Ouattara fait le m\u00e9nage dans les entreprises publiques\"},{\"@type\":\"BreadcrumbList\",\"@id\":\"https:\/\/www.africa-press.net\/cotedivoire\/economie\/exclusif-cote-divoire-alassane-ouattara-fait-le-menage-dans-les-entreprises-publiques#breadcrumb\",\"itemListElement\":[{\"@type\":\"ListItem\",\"position\":1,\"name\":\"Accueil\",\"item\":\"https:\/\/www.africa-press.net\/cotedivoire\/\"},{\"@type\":\"ListItem\",\"position\":2,\"name\":\"Alassane Ouattara fait le m\u00e9nage dans les entreprises publiques\"}]},{\"@type\":\"WebSite\",\"@id\":\"https:\/\/www.africa-press.net\/cotedivoire\/#website\",\"url\":\"https:\/\/www.africa-press.net\/cotedivoire\/\",\"name\":\"C\u00f4te d&#039;Ivoire\",\"description\":\"Just another Africa News Agency Sites site\",\"potentialAction\":[{\"@type\":\"SearchAction\",\"target\":{\"@type\":\"EntryPoint\",\"urlTemplate\":\"https:\/\/www.africa-press.net\/cotedivoire\/?s={search_term_string}\"},\"query-input\":{\"@type\":\"PropertyValueSpecification\",\"valueRequired\":true,\"valueName\":\"search_term_string\"}}],\"inLanguage\":\"fr-FR\"},{\"@type\":\"Person\",\"@id\":\"https:\/\/www.africa-press.net\/cotedivoire\/#\/schema\/person\/2b1cf3cd81a31e3cd26889ca66d677f1\",\"name\":\"cfeditorfr\"}]}<\/script>\n<!-- \/ Yoast SEO Premium plugin. -->","yoast_head_json":{"title":"Alassane Ouattara fait le m\u00e9nage dans les entreprises publiques - C\u00f4te d&#039;Ivoire","description":"P\u00e9trole, port, mines\u2026 L\u2019ex\u00e9cutif ivoirien chamboule la direction de plusieurs soci\u00e9t\u00e9s nationales. Des audits ont \u00e9galem ...","robots":{"index":"index","follow":"follow","max-snippet":"max-snippet:-1","max-image-preview":"max-image-preview:large","max-video-preview":"max-video-preview:-1"},"canonical":"https:\/\/www.africa-press.net\/cotedivoire\/economie\/exclusif-cote-divoire-alassane-ouattara-fait-le-menage-dans-les-entreprises-publiques","og_locale":"fr_FR","og_type":"article","og_title":"Alassane Ouattara fait le m\u00e9nage dans les entreprises publiques","og_description":"P\u00e9trole, port, mines\u2026 L\u2019ex\u00e9cutif ivoirien chamboule la direction de plusieurs soci\u00e9t\u00e9s nationales. Des audits ont \u00e9galem ...","og_url":"https:\/\/www.africa-press.net\/cotedivoire\/economie\/exclusif-cote-divoire-alassane-ouattara-fait-le-menage-dans-les-entreprises-publiques","og_site_name":"C\u00f4te d&#039;Ivoire","article_published_time":"2021-08-07T09:20:54+00:00","article_modified_time":"2021-08-08T18:24:17+00:00","og_image":[{"width":720,"height":360,"url":"https:\/\/static.africa-press.net\/cote\/sites\/43\/2021\/08\/img-610e4e1318d85.jpg","type":"image\/jpeg"}],"author":"cfeditorfr","twitter_card":"summary_large_image","twitter_misc":{"\u00c9crit par":"cfeditorfr","Dur\u00e9e de lecture estim\u00e9e":"2 minutes"},"schema":{"@context":"https:\/\/schema.org","@graph":[{"@type":"Article","@id":"https:\/\/www.africa-press.net\/cotedivoire\/economie\/exclusif-cote-divoire-alassane-ouattara-fait-le-menage-dans-les-entreprises-publiques#article","isPartOf":{"@id":"https:\/\/www.africa-press.net\/cotedivoire\/economie\/exclusif-cote-divoire-alassane-ouattara-fait-le-menage-dans-les-entreprises-publiques"},"author":{"name":"cfeditorfr","@id":"https:\/\/www.africa-press.net\/cotedivoire\/#\/schema\/person\/2b1cf3cd81a31e3cd26889ca66d677f1"},"headline":"Alassane Ouattara fait le m\u00e9nage dans les entreprises publiques","datePublished":"2021-08-07T09:20:54+00:00","dateModified":"2021-08-08T18:24:17+00:00","mainEntityOfPage":{"@id":"https:\/\/www.africa-press.net\/cotedivoire\/economie\/exclusif-cote-divoire-alassane-ouattara-fait-le-menage-dans-les-entreprises-publiques"},"wordCount":288,"commentCount":0,"image":{"@id":"https:\/\/www.africa-press.net\/cotedivoire\/economie\/exclusif-cote-divoire-alassane-ouattara-fait-le-menage-dans-les-entreprises-publiques#primaryimage"},"thumbnailUrl":"https:\/\/static.africa-press.net\/cote\/sites\/43\/2021\/08\/img-610e4e1318d85.jpg","keywords":["Africa Press","Africa Press-C\u00f4te d'Ivoire","C\u00d4TE D'IVOIRE"],"articleSection":["\u00c9conomie","homepage-french","Top Nouvelles","Toutes les actualit\u00e9s"],"inLanguage":"fr-FR","potentialAction":[{"@type":"CommentAction","name":"Comment","target":["https:\/\/www.africa-press.net\/cotedivoire\/economie\/exclusif-cote-divoire-alassane-ouattara-fait-le-menage-dans-les-entreprises-publiques#respond"]}]},{"@type":"WebPage","@id":"https:\/\/www.africa-press.net\/cotedivoire\/economie\/exclusif-cote-divoire-alassane-ouattara-fait-le-menage-dans-les-entreprises-publiques","url":"https:\/\/www.africa-press.net\/cotedivoire\/economie\/exclusif-cote-divoire-alassane-ouattara-fait-le-menage-dans-les-entreprises-publiques","name":"Alassane Ouattara fait le m\u00e9nage dans les entreprises publiques - C\u00f4te d&#039;Ivoire","isPartOf":{"@id":"https:\/\/www.africa-press.net\/cotedivoire\/#website"},"primaryImageOfPage":{"@id":"https:\/\/www.africa-press.net\/cotedivoire\/economie\/exclusif-cote-divoire-alassane-ouattara-fait-le-menage-dans-les-entreprises-publiques#primaryimage"},"image":{"@id":"https:\/\/www.africa-press.net\/cotedivoire\/economie\/exclusif-cote-divoire-alassane-ouattara-fait-le-menage-dans-les-entreprises-publiques#primaryimage"},"thumbnailUrl":"https:\/\/static.africa-press.net\/cote\/sites\/43\/2021\/08\/img-610e4e1318d85.jpg","datePublished":"2021-08-07T09:20:54+00:00","dateModified":"2021-08-08T18:24:17+00:00","author":{"@id":"https:\/\/www.africa-press.net\/cotedivoire\/#\/schema\/person\/2b1cf3cd81a31e3cd26889ca66d677f1"},"description":"P\u00e9trole, port, mines\u2026 L\u2019ex\u00e9cutif ivoirien chamboule la direction de plusieurs soci\u00e9t\u00e9s nationales. Des audits ont \u00e9galem ...","breadcrumb":{"@id":"https:\/\/www.africa-press.net\/cotedivoire\/economie\/exclusif-cote-divoire-alassane-ouattara-fait-le-menage-dans-les-entreprises-publiques#breadcrumb"},"inLanguage":"fr-FR","potentialAction":[{"@type":"ReadAction","target":["https:\/\/www.africa-press.net\/cotedivoire\/economie\/exclusif-cote-divoire-alassane-ouattara-fait-le-menage-dans-les-entreprises-publiques"]}]},{"@type":"ImageObject","inLanguage":"fr-FR","@id":"https:\/\/www.africa-press.net\/cotedivoire\/economie\/exclusif-cote-divoire-alassane-ouattara-fait-le-menage-dans-les-entreprises-publiques#primaryimage","url":"https:\/\/static.africa-press.net\/cote\/sites\/43\/2021\/08\/img-610e4e1318d85.jpg","contentUrl":"https:\/\/static.africa-press.net\/cote\/sites\/43\/2021\/08\/img-610e4e1318d85.jpg","width":720,"height":360,"caption":"Exclusif \u2013 C\u00f4te d\u2019Ivoire\u00a0: Alassane Ouattara fait le m\u00e9nage dans les entreprises publiques"},{"@type":"BreadcrumbList","@id":"https:\/\/www.africa-press.net\/cotedivoire\/economie\/exclusif-cote-divoire-alassane-ouattara-fait-le-menage-dans-les-entreprises-publiques#breadcrumb","itemListElement":[{"@type":"ListItem","position":1,"name":"Accueil","item":"https:\/\/www.africa-press.net\/cotedivoire\/"},{"@type":"ListItem","position":2,"name":"Alassane Ouattara fait le m\u00e9nage dans les entreprises publiques"}]},{"@type":"WebSite","@id":"https:\/\/www.africa-press.net\/cotedivoire\/#website","url":"https:\/\/www.africa-press.net\/cotedivoire\/","name":"C\u00f4te d&#039;Ivoire","description":"Just another Africa News Agency Sites site","potentialAction":[{"@type":"SearchAction","target":{"@type":"EntryPoint","urlTemplate":"https:\/\/www.africa-press.net\/cotedivoire\/?s={search_term_string}"},"query-input":{"@type":"PropertyValueSpecification","valueRequired":true,"valueName":"search_term_string"}}],"inLanguage":"fr-FR"},{"@type":"Person","@id":"https:\/\/www.africa-press.net\/cotedivoire\/#\/schema\/person\/2b1cf3cd81a31e3cd26889ca66d677f1","name":"cfeditorfr"}]}},"_links":{"self":[{"href":"https:\/\/www.africa-press.net\/cotedivoire\/wp-json\/wp\/v2\/posts\/10941","targetHints":{"allow":["GET"]}}],"collection":[{"href":"https:\/\/www.africa-press.net\/cotedivoire\/wp-json\/wp\/v2\/posts"}],"about":[{"href":"https:\/\/www.africa-press.net\/cotedivoire\/wp-json\/wp\/v2\/types\/post"}],"author":[{"embeddable":true,"href":"https:\/\/www.africa-press.net\/cotedivoire\/wp-json\/wp\/v2\/users\/82"}],"replies":[{"embeddable":true,"href":"https:\/\/www.africa-press.net\/cotedivoire\/wp-json\/wp\/v2\/comments?post=10941"}],"version-history":[{"count":0,"href":"https:\/\/www.africa-press.net\/cotedivoire\/wp-json\/wp\/v2\/posts\/10941\/revisions"}],"wp:featuredmedia":[{"embeddable":true,"href":"https:\/\/www.africa-press.net\/cotedivoire\/wp-json\/wp\/v2\/media\/10940"}],"wp:attachment":[{"href":"https:\/\/www.africa-press.net\/cotedivoire\/wp-json\/wp\/v2\/media?parent=10941"}],"wp:term":[{"taxonomy":"category","embeddable":true,"href":"https:\/\/www.africa-press.net\/cotedivoire\/wp-json\/wp\/v2\/categories?post=10941"},{"taxonomy":"post_tag","embeddable":true,"href":"https:\/\/www.africa-press.net\/cotedivoire\/wp-json\/wp\/v2\/tags?post=10941"}],"curies":[{"name":"wp","href":"https:\/\/api.w.org\/{rel}","templated":true}]}}