{"id":109430,"date":"2025-11-28T18:35:13","date_gmt":"2025-11-28T18:35:13","guid":{"rendered":"https:\/\/www.africa-press.net\/cotedivoire\/politique\/hommage-au-pr-hugues-kone-a-lufhb"},"modified":"2025-11-28T18:45:54","modified_gmt":"2025-11-28T18:45:54","slug":"hommage-au-pr-hugues-kone-a-lufhb","status":"publish","type":"post","link":"https:\/\/www.africa-press.net\/cotedivoire\/culture-et-art\/hommage-au-pr-hugues-kone-a-lufhb","title":{"rendered":"Hommage au Pr Hugues Kon\u00e9 \u00e0 l&rsquo;UFHB"},"content":{"rendered":"<p><span style=\"color: #ff6600\"><strong>Africa-Press &#8211; C\u00f4te d&rsquo;Ivoire. <\/strong><\/span>Du 26 au 28 novembre 2025, l\u2019Universite\u0301 Fe\u0301lix Houphoue\u0308t-Boigny va vibrer au rythme d\u2019un e\u0301ve\u0301nement scientifique majeur: un colloque international et interdisciplinaire de\u0301die\u0301 au Professeur Hugues Kone\u0301, figure emble\u0301matique des Sciences de l\u2019Information et de la Communication (SIC) en Co\u0302te d\u2019Ivoire.<\/p>\n<p>Organise\u0301 par le Laboratoire des Sciences de la Communication, des Arts et de la Culture (LSCAC) de l\u2019UFRICA, ce rendez-vous acade\u0301mique a re\u0301uni, ce mercredi 26 novembre a\u0300 l&rsquo;occasion de la ce\u0301re\u0301monie officielle de lancement de l&rsquo;e\u0301ve\u0301nement, enseignants-chercheurs, experts, professionnels et membres de sa famille biologique, venus de Co\u0302te d\u2019Ivoire et de plusieurs pays de la sous-re\u0301gion.<\/p>\n<p>Place\u0301e sous le the\u0300me: \u00ab Proble\u0301matique de la contextualisation des me\u0301thodes et outils en Sciences de l\u2019Information et de la Communication \u00bb, la rencontre se voulait a\u0300 la fois un hommage, un espace scientifique d\u2019e\u0301changes et un acte me\u0301moriel marquant pour toute la communaute\u0301 universitaire.<\/p>\n<p>Tre\u0300s e\u0301mu, le Professeur Hugues Kone\u0301 s\u2019est dit profonde\u0301ment touche\u0301 par cet hommage rendu de son vivant, un privile\u0300ge rarement accorde\u0301 dans le milieu universitaire.<\/p>\n<p>\u00ab Un tel hommage n\u2019a pas de prix. Il inscrit durablement l\u2019\u0153uvre d\u2019un enseignant dans la poste\u0301rite\u0301 \u00bb, a-t-il de\u0301clare\u0301 devant un amphithe\u0301a\u0302tre rempli.<\/p>\n<p>E\u0301voquant son parcours et son engagement, il a insiste\u0301 sur ce qui constitue, selon lui, le ve\u0301ritable salaire d\u2019un chercheur: \u00ab Le chercheur est paye\u0301 par les traces qu\u2019il laisse. Les ouvrages passent, les discours s\u2019effacent, mais l\u2019empreinte sur les esprits demeure. \u00bb<\/p>\n<p>Le Professeur a e\u0301galement adresse\u0301 un message fort aux jeunes chercheurs en leur demandant de cultiver l\u2019humilite\u0301 et la curiosite\u0301, poursuivre sans rela\u0302che la que\u0302te du savoir, repousser leurs limites et s\u2019engager pleinement dans un domaine, la communication, aujourd\u2019hui hautement compe\u0301titif au niveau mondial.<\/p>\n<p>Convaincu du potentiel ivoirien, il a affirme\u0301 que les chercheurs du pays ont leur place dans la compe\u0301tition scientifique internationale, a\u0300 condition d\u2019adopter discipline, rigueur et innovation.<\/p>\n<p>Dans son allocution d\u2019ouverture, le Pre\u0301sident de l\u2019Universite\u0301, le Professeur Ballo Zie\u0301, a longuement salue\u0301 la contribution du Pr Kone\u0301 a\u0300 la structuration des Sciences de l\u2019Information et de la Communication en Co\u0302te d\u2019Ivoire. \u00ab Le Professeur Kone\u0301 Hugues a su conjuguer excellence scientifique, rigueur me\u0301thodologique et sens aigu du devoir acade\u0301mique. Sa pense\u0301e a enrichi les fondements the\u0301oriques et e\u0301piste\u0301mologiques des SIC en inte\u0301grant les spe\u0301cificite\u0301s socioculturelles africaines dans la re\u0301flexion communicationnelle contemporaine. \u00bb<\/p>\n<p>Il a rappele\u0301 que le Professeur Kone\u0301 n\u2019est pas seulement un chercheur prolifique, mais surtout, un ba\u0302tisseur d\u2019e\u0301cole, un penseur influent dont les travaux ont e\u0301te\u0301 applique\u0301s aux domaines du de\u0301veloppement, de la sante\u0301, de l\u2019e\u0301ducation et des dynamiques sociales et un mai\u0302tre formateur qui a fac\u0327onne\u0301 des ge\u0301ne\u0301rations de chercheurs.<\/p>\n<p>Pour le Professeur Ballo Zie\u0301, ce colloque constitue un moment historique: \u00ab En ce\u0301le\u0301brant le Professeur Kone\u0301 Hugues, nous ce\u0301le\u0301brons l\u2019exemplarite\u0301, la fe\u0301condite\u0301 et la vision d\u2019un universitaire accompli. Son \u0153uvre est un socle pour les ge\u0301ne\u0301rations futures. \u00bb<\/p>\n<p>Il a conclu en re\u0301affirmant l\u2019engagement de l\u2019universite\u0301 a\u0300 prolonger et valoriser l\u2019he\u0301ritage scientifique laisse\u0301 par le professeur.<\/p>\n<p>Les allocutions des responsables institutionnels, notamment celles du Professeur Andre\u0301 Banhouman Kamate\u0301 (Directeur de l\u2019UFRICA) et de Basse\u0301mory Kone\u0301 (Pre\u0301sident du Comite\u0301 d\u2019organisation), ont mis en lumie\u0300re l\u2019importance scientifique et symbolique de l\u2019e\u0301ve\u0300nement.<\/p>\n<p>Tous ont souligne\u0301, la ne\u0301cessite\u0301 de contextualiser les me\u0301thodes et outils des SIC pour les adapter aux re\u0301alite\u0301s africaines, l\u2019importance de croiser recherches acade\u0301miques, pratiques professionnelles et exigences du de\u0301veloppement et le ro\u0302le central du Pr Kone\u0301 dans l\u2019implantation d\u2019une Communication pour le De\u0301veloppement solide, cre\u0301dible et reconnue.<\/p>\n<p>Selon Basse\u0301mory Kone\u0301: \u00ab Nous ne ce\u0301le\u0301brons pas seulement une carrie\u0300re, nous ce\u0301le\u0301brons un he\u0301ritage. Le Pr Kone\u0301 est un phare, un pilier, un artisan majeur de la communication au service du changement social. \u00bb<\/p>\n<p>Au-dela\u0300 de la ce\u0301le\u0301bration, ce colloque repre\u0301sente un engagement collectif:<\/p>\n<p>poursuivre l\u2019\u0153uvre du Pr Kone\u0301, approfondir la recherche contextualise\u0301e, et encourager l\u2019innovation dans un secteur ou\u0300 les enjeux sociaux et technologiques sont en pleine mutation.<\/p>\n<p>Le Pr Kamate\u0301 l\u2019a rappele\u0301: \u00ab La contextualisation n\u2019est pas un repli, mais une ouverture. Elle est une de\u0301marche d\u2019adaptation, d\u2019invention et d\u2019enracinement. \u00bb<\/p>\n<p>Parrain du colloque de\u0301die\u0301 a\u0300 la contextualisation des me\u0301thodes et outils en Sciences de l\u2019Information et de la Communication, Bakary Sanogo, repre\u0301sentant le ministre de la Communication, a salue\u0301 l\u2019importance strate\u0301gique du the\u0300me dans un contexte de profondes mutations technologiques et sociales.<\/p>\n<p>Il a d\u2019abord rendu hommage au Professeur Hugues Kone\u0301, pre\u0301sente\u0301 comme l\u2019une des grandes figures des sciences de la communication en Co\u0302te d\u2019Ivoire, dans la sous-re\u0301gion et au-dela\u0300:<\/p>\n<p>\u00ab Ses publications, ses enseignements et les responsabilite\u0301s qu\u2019il a occupe\u0301es te\u0301moignent de son apport remarquable. Je veux e\u0301galement saluer son humilite\u0301, cette qualite\u0301 essentielle des hommes et des femmes de science. \u00bb<\/p>\n<p>Rappelant que l\u2019universite\u0301 est \u00ab le creuset du savoir \u00bb, il a insiste\u0301 sur le ro\u0302le central de la communication dans la de\u0301mocratie, la transparence et la cohe\u0301sion sociale. Selon lui, la communication constitue un lien vital entre l\u2019E\u0301tat et les citoyens, notamment a\u0300 travers la communication pour le de\u0301veloppement.<\/p>\n<p>Face aux de\u0301fis contemporains, de\u0301sinformation, fracture nume\u0301rique, vitesse de circulation de l\u2019information Bakary Sanogo a encourage\u0301 les participants a\u0300 formuler des recommandations \u00ab concre\u0300tes, innovantes et structurantes \u00bb.<\/p>\n<p>Il a re\u0301affirme\u0301 le soutien du ministe\u0300re aux initiatives favorisant le dialogue, la formation, l\u2019ouverture et le partage des connaissances: \u00ab Vos compe\u0301tences et votre cre\u0301ativite\u0301 sont indispensables pour ba\u0302tir une communication plus responsable et inclusive.\u00bb<\/p>\n<p>Saluant la qualite\u0301 de l\u2019organisation et la mobilisation des partenaires, il a conclu en de\u0301clarant ouverts les travaux du colloque.<\/p>\n<p>Durant trois jours, panels, communications, te\u0301moignages et e\u0301changes mettront en exergue les grands axes de l\u2019\u0153uvre du professeur et ouvriront de nouvelles perspectives scientifiques.<\/p>\n<p>L\u2019hommage rendu au Professeur Hugues Kone\u0301 de\u0301passe le cadre d\u2019un simple e\u0301ve\u0301nement acade\u0301mique. Il marque la reconnaissance d\u2019un homme qui, par sa rigueur, sa vision et son engagement, a profonde\u0301ment transforme\u0301 le paysage ivoirien des Sciences de l\u2019Information et de la Communication.<\/p>\n<p>C\u2019est aussi une promesse: celle d\u2019une rele\u0300ve pre\u0302te a\u0300 de\u0301fendre les valeurs qu\u2019il incarne et a\u0300 prolonger une \u0153uvre de\u0301sormais inscrite dans l\u2019histoire intellectuelle du pays.<\/p>\n<p><strong>Pour plus d&rsquo;informations et d&rsquo;analyses sur la <span style=\"color: #ff6600\">C\u00f4te d&rsquo;Ivoire<\/span>, suivez <span style=\"color: #ff6600\">Africa-Press<\/span><\/strong><\/p>\n","protected":false},"excerpt":{"rendered":"<p>Africa-Press &#8211; C\u00f4te d&rsquo;Ivoire. Du 26 au 28 novembre 2025, l\u2019Universite\u0301 Fe\u0301lix Houphoue\u0308t-Boigny va vibrer au rythme d\u2019un e\u0301ve\u0301nement scientifique majeur: un colloque international et interdisciplinaire de\u0301die\u0301 au Professeur Hugues Kone\u0301, figure emble\u0301matique des Sciences de l\u2019Information et de la Communication (SIC) en Co\u0302te d\u2019Ivoire. Organise\u0301 par le Laboratoire des Sciences de la Communication, des [&hellip;]<\/p>\n","protected":false},"author":82,"featured_media":109429,"comment_status":"open","ping_status":"closed","sticky":false,"template":"","format":"standard","meta":{"footnotes":""},"categories":[5,10],"tags":[19627,1488,2987,29,676,19628,4921,7505,2859,6105],"class_list":["post-109430","post","type-post","status-publish","format-standard","has-post-thumbnail","hentry","category-culture-et-art","category-toutes-les-actualites","tag-anthume","tag-colloque","tag-communication","tag-cote-divoire","tag-hommage","tag-hugues-kone-ufrica","tag-information","tag-international","tag-sciences","tag-ufhb"],"yoast_head":"<!-- This site is optimized with the Yoast SEO Premium plugin v26.1 (Yoast SEO v27.0) - https:\/\/yoast.com\/product\/yoast-seo-premium-wordpress\/ -->\n<title>Hommage au Pr Hugues Kon\u00e9 \u00e0 l&#039;UFHB - C\u00f4te d&#039;Ivoire<\/title>\n<meta name=\"description\" content=\"Du 26 au 28 novembre 2025, l\u2019Universite\u0301 Fe\u0301lix Houphoue\u0308t-Boigny va vibrer au rythme d\u2019un e\u0301ve\u0301nement scientifique maje ...\" \/>\n<meta name=\"robots\" content=\"index, follow, max-snippet:-1, max-image-preview:large, max-video-preview:-1\" \/>\n<link rel=\"canonical\" href=\"https:\/\/www.africa-press.net\/cotedivoire\/culture-et-art\/hommage-au-pr-hugues-kone-a-lufhb\" \/>\n<meta property=\"og:locale\" content=\"fr_FR\" \/>\n<meta property=\"og:type\" content=\"article\" \/>\n<meta property=\"og:title\" content=\"Hommage au Pr Hugues Kon\u00e9 \u00e0 l&#039;UFHB\" \/>\n<meta property=\"og:description\" content=\"Du 26 au 28 novembre 2025, l\u2019Universite\u0301 Fe\u0301lix Houphoue\u0308t-Boigny va vibrer au rythme d\u2019un e\u0301ve\u0301nement scientifique maje ...\" \/>\n<meta property=\"og:url\" content=\"https:\/\/www.africa-press.net\/cotedivoire\/culture-et-art\/hommage-au-pr-hugues-kone-a-lufhb\" \/>\n<meta property=\"og:site_name\" content=\"C\u00f4te d&#039;Ivoire\" \/>\n<meta property=\"article:published_time\" content=\"2025-11-28T18:35:13+00:00\" \/>\n<meta property=\"article:modified_time\" content=\"2025-11-28T18:45:54+00:00\" \/>\n<meta property=\"og:image\" content=\"https:\/\/static.africa-press.net\/cote\/sites\/43\/2025\/11\/sm_1764342592.84737.jpg\" \/>\n\t<meta property=\"og:image:width\" content=\"720\" \/>\n\t<meta property=\"og:image:height\" content=\"375\" \/>\n\t<meta property=\"og:image:type\" content=\"image\/jpeg\" \/>\n<meta name=\"author\" content=\"cfeditorfr\" \/>\n<meta name=\"twitter:card\" content=\"summary_large_image\" \/>\n<meta name=\"twitter:label1\" content=\"\u00c9crit par\" \/>\n\t<meta name=\"twitter:data1\" content=\"cfeditorfr\" \/>\n\t<meta name=\"twitter:label2\" content=\"Dur\u00e9e de lecture estim\u00e9e\" \/>\n\t<meta name=\"twitter:data2\" content=\"6 minutes\" \/>\n<script type=\"application\/ld+json\" class=\"yoast-schema-graph\">{\"@context\":\"https:\/\/schema.org\",\"@graph\":[{\"@type\":\"Article\",\"@id\":\"https:\/\/www.africa-press.net\/cotedivoire\/culture-et-art\/hommage-au-pr-hugues-kone-a-lufhb#article\",\"isPartOf\":{\"@id\":\"https:\/\/www.africa-press.net\/cotedivoire\/culture-et-art\/hommage-au-pr-hugues-kone-a-lufhb\"},\"author\":{\"name\":\"cfeditorfr\",\"@id\":\"https:\/\/www.africa-press.net\/cotedivoire\/#\/schema\/person\/2b1cf3cd81a31e3cd26889ca66d677f1\"},\"headline\":\"Hommage au Pr Hugues Kon\u00e9 \u00e0 l&rsquo;UFHB\",\"datePublished\":\"2025-11-28T18:35:13+00:00\",\"dateModified\":\"2025-11-28T18:45:54+00:00\",\"mainEntityOfPage\":{\"@id\":\"https:\/\/www.africa-press.net\/cotedivoire\/culture-et-art\/hommage-au-pr-hugues-kone-a-lufhb\"},\"wordCount\":1195,\"commentCount\":0,\"image\":{\"@id\":\"https:\/\/www.africa-press.net\/cotedivoire\/culture-et-art\/hommage-au-pr-hugues-kone-a-lufhb#primaryimage\"},\"thumbnailUrl\":\"https:\/\/static.africa-press.net\/cote\/sites\/43\/2025\/11\/sm_1764342592.84737.jpg\",\"keywords\":[\"Anthume\",\"colloque\",\"COMMUNICATION\",\"C\u00d4TE D'IVOIRE\",\"hommage\",\"Hugues Kon\u00e9 UFRICA\",\"information\",\"International\",\"sciences\",\"UFHB\"],\"articleSection\":[\"Culture et Art\",\"Toutes les actualit\u00e9s\"],\"inLanguage\":\"fr-FR\",\"potentialAction\":[{\"@type\":\"CommentAction\",\"name\":\"Comment\",\"target\":[\"https:\/\/www.africa-press.net\/cotedivoire\/culture-et-art\/hommage-au-pr-hugues-kone-a-lufhb#respond\"]}]},{\"@type\":\"WebPage\",\"@id\":\"https:\/\/www.africa-press.net\/cotedivoire\/culture-et-art\/hommage-au-pr-hugues-kone-a-lufhb\",\"url\":\"https:\/\/www.africa-press.net\/cotedivoire\/culture-et-art\/hommage-au-pr-hugues-kone-a-lufhb\",\"name\":\"Hommage au Pr Hugues Kon\u00e9 \u00e0 l'UFHB - C\u00f4te d&#039;Ivoire\",\"isPartOf\":{\"@id\":\"https:\/\/www.africa-press.net\/cotedivoire\/#website\"},\"primaryImageOfPage\":{\"@id\":\"https:\/\/www.africa-press.net\/cotedivoire\/culture-et-art\/hommage-au-pr-hugues-kone-a-lufhb#primaryimage\"},\"image\":{\"@id\":\"https:\/\/www.africa-press.net\/cotedivoire\/culture-et-art\/hommage-au-pr-hugues-kone-a-lufhb#primaryimage\"},\"thumbnailUrl\":\"https:\/\/static.africa-press.net\/cote\/sites\/43\/2025\/11\/sm_1764342592.84737.jpg\",\"datePublished\":\"2025-11-28T18:35:13+00:00\",\"dateModified\":\"2025-11-28T18:45:54+00:00\",\"author\":{\"@id\":\"https:\/\/www.africa-press.net\/cotedivoire\/#\/schema\/person\/2b1cf3cd81a31e3cd26889ca66d677f1\"},\"description\":\"Du 26 au 28 novembre 2025, l\u2019Universite\u0301 Fe\u0301lix Houphoue\u0308t-Boigny va vibrer au rythme d\u2019un e\u0301ve\u0301nement scientifique maje ...\",\"breadcrumb\":{\"@id\":\"https:\/\/www.africa-press.net\/cotedivoire\/culture-et-art\/hommage-au-pr-hugues-kone-a-lufhb#breadcrumb\"},\"inLanguage\":\"fr-FR\",\"potentialAction\":[{\"@type\":\"ReadAction\",\"target\":[\"https:\/\/www.africa-press.net\/cotedivoire\/culture-et-art\/hommage-au-pr-hugues-kone-a-lufhb\"]}]},{\"@type\":\"ImageObject\",\"inLanguage\":\"fr-FR\",\"@id\":\"https:\/\/www.africa-press.net\/cotedivoire\/culture-et-art\/hommage-au-pr-hugues-kone-a-lufhb#primaryimage\",\"url\":\"https:\/\/static.africa-press.net\/cote\/sites\/43\/2025\/11\/sm_1764342592.84737.jpg\",\"contentUrl\":\"https:\/\/static.africa-press.net\/cote\/sites\/43\/2025\/11\/sm_1764342592.84737.jpg\",\"width\":720,\"height\":375,\"caption\":\"Hommage au Pr Hugues Kon\u00e9 \u00e0 l'UFHB\"},{\"@type\":\"BreadcrumbList\",\"@id\":\"https:\/\/www.africa-press.net\/cotedivoire\/culture-et-art\/hommage-au-pr-hugues-kone-a-lufhb#breadcrumb\",\"itemListElement\":[{\"@type\":\"ListItem\",\"position\":1,\"name\":\"Accueil\",\"item\":\"https:\/\/www.africa-press.net\/cotedivoire\/\"},{\"@type\":\"ListItem\",\"position\":2,\"name\":\"Hommage au Pr Hugues Kon\u00e9 \u00e0 l&#8217;UFHB\"}]},{\"@type\":\"WebSite\",\"@id\":\"https:\/\/www.africa-press.net\/cotedivoire\/#website\",\"url\":\"https:\/\/www.africa-press.net\/cotedivoire\/\",\"name\":\"C\u00f4te d&#039;Ivoire\",\"description\":\"Just another Africa News Agency Sites site\",\"potentialAction\":[{\"@type\":\"SearchAction\",\"target\":{\"@type\":\"EntryPoint\",\"urlTemplate\":\"https:\/\/www.africa-press.net\/cotedivoire\/?s={search_term_string}\"},\"query-input\":{\"@type\":\"PropertyValueSpecification\",\"valueRequired\":true,\"valueName\":\"search_term_string\"}}],\"inLanguage\":\"fr-FR\"},{\"@type\":\"Person\",\"@id\":\"https:\/\/www.africa-press.net\/cotedivoire\/#\/schema\/person\/2b1cf3cd81a31e3cd26889ca66d677f1\",\"name\":\"cfeditorfr\"}]}<\/script>\n<!-- \/ Yoast SEO Premium plugin. -->","yoast_head_json":{"title":"Hommage au Pr Hugues Kon\u00e9 \u00e0 l'UFHB - C\u00f4te d&#039;Ivoire","description":"Du 26 au 28 novembre 2025, l\u2019Universite\u0301 Fe\u0301lix Houphoue\u0308t-Boigny va vibrer au rythme d\u2019un e\u0301ve\u0301nement scientifique maje ...","robots":{"index":"index","follow":"follow","max-snippet":"max-snippet:-1","max-image-preview":"max-image-preview:large","max-video-preview":"max-video-preview:-1"},"canonical":"https:\/\/www.africa-press.net\/cotedivoire\/culture-et-art\/hommage-au-pr-hugues-kone-a-lufhb","og_locale":"fr_FR","og_type":"article","og_title":"Hommage au Pr Hugues Kon\u00e9 \u00e0 l'UFHB","og_description":"Du 26 au 28 novembre 2025, l\u2019Universite\u0301 Fe\u0301lix Houphoue\u0308t-Boigny va vibrer au rythme d\u2019un e\u0301ve\u0301nement scientifique maje ...","og_url":"https:\/\/www.africa-press.net\/cotedivoire\/culture-et-art\/hommage-au-pr-hugues-kone-a-lufhb","og_site_name":"C\u00f4te d&#039;Ivoire","article_published_time":"2025-11-28T18:35:13+00:00","article_modified_time":"2025-11-28T18:45:54+00:00","og_image":[{"width":720,"height":375,"url":"https:\/\/static.africa-press.net\/cote\/sites\/43\/2025\/11\/sm_1764342592.84737.jpg","type":"image\/jpeg"}],"author":"cfeditorfr","twitter_card":"summary_large_image","twitter_misc":{"\u00c9crit par":"cfeditorfr","Dur\u00e9e de lecture estim\u00e9e":"6 minutes"},"schema":{"@context":"https:\/\/schema.org","@graph":[{"@type":"Article","@id":"https:\/\/www.africa-press.net\/cotedivoire\/culture-et-art\/hommage-au-pr-hugues-kone-a-lufhb#article","isPartOf":{"@id":"https:\/\/www.africa-press.net\/cotedivoire\/culture-et-art\/hommage-au-pr-hugues-kone-a-lufhb"},"author":{"name":"cfeditorfr","@id":"https:\/\/www.africa-press.net\/cotedivoire\/#\/schema\/person\/2b1cf3cd81a31e3cd26889ca66d677f1"},"headline":"Hommage au Pr Hugues Kon\u00e9 \u00e0 l&rsquo;UFHB","datePublished":"2025-11-28T18:35:13+00:00","dateModified":"2025-11-28T18:45:54+00:00","mainEntityOfPage":{"@id":"https:\/\/www.africa-press.net\/cotedivoire\/culture-et-art\/hommage-au-pr-hugues-kone-a-lufhb"},"wordCount":1195,"commentCount":0,"image":{"@id":"https:\/\/www.africa-press.net\/cotedivoire\/culture-et-art\/hommage-au-pr-hugues-kone-a-lufhb#primaryimage"},"thumbnailUrl":"https:\/\/static.africa-press.net\/cote\/sites\/43\/2025\/11\/sm_1764342592.84737.jpg","keywords":["Anthume","colloque","COMMUNICATION","C\u00d4TE D'IVOIRE","hommage","Hugues Kon\u00e9 UFRICA","information","International","sciences","UFHB"],"articleSection":["Culture et Art","Toutes les actualit\u00e9s"],"inLanguage":"fr-FR","potentialAction":[{"@type":"CommentAction","name":"Comment","target":["https:\/\/www.africa-press.net\/cotedivoire\/culture-et-art\/hommage-au-pr-hugues-kone-a-lufhb#respond"]}]},{"@type":"WebPage","@id":"https:\/\/www.africa-press.net\/cotedivoire\/culture-et-art\/hommage-au-pr-hugues-kone-a-lufhb","url":"https:\/\/www.africa-press.net\/cotedivoire\/culture-et-art\/hommage-au-pr-hugues-kone-a-lufhb","name":"Hommage au Pr Hugues Kon\u00e9 \u00e0 l'UFHB - C\u00f4te d&#039;Ivoire","isPartOf":{"@id":"https:\/\/www.africa-press.net\/cotedivoire\/#website"},"primaryImageOfPage":{"@id":"https:\/\/www.africa-press.net\/cotedivoire\/culture-et-art\/hommage-au-pr-hugues-kone-a-lufhb#primaryimage"},"image":{"@id":"https:\/\/www.africa-press.net\/cotedivoire\/culture-et-art\/hommage-au-pr-hugues-kone-a-lufhb#primaryimage"},"thumbnailUrl":"https:\/\/static.africa-press.net\/cote\/sites\/43\/2025\/11\/sm_1764342592.84737.jpg","datePublished":"2025-11-28T18:35:13+00:00","dateModified":"2025-11-28T18:45:54+00:00","author":{"@id":"https:\/\/www.africa-press.net\/cotedivoire\/#\/schema\/person\/2b1cf3cd81a31e3cd26889ca66d677f1"},"description":"Du 26 au 28 novembre 2025, l\u2019Universite\u0301 Fe\u0301lix Houphoue\u0308t-Boigny va vibrer au rythme d\u2019un e\u0301ve\u0301nement scientifique maje ...","breadcrumb":{"@id":"https:\/\/www.africa-press.net\/cotedivoire\/culture-et-art\/hommage-au-pr-hugues-kone-a-lufhb#breadcrumb"},"inLanguage":"fr-FR","potentialAction":[{"@type":"ReadAction","target":["https:\/\/www.africa-press.net\/cotedivoire\/culture-et-art\/hommage-au-pr-hugues-kone-a-lufhb"]}]},{"@type":"ImageObject","inLanguage":"fr-FR","@id":"https:\/\/www.africa-press.net\/cotedivoire\/culture-et-art\/hommage-au-pr-hugues-kone-a-lufhb#primaryimage","url":"https:\/\/static.africa-press.net\/cote\/sites\/43\/2025\/11\/sm_1764342592.84737.jpg","contentUrl":"https:\/\/static.africa-press.net\/cote\/sites\/43\/2025\/11\/sm_1764342592.84737.jpg","width":720,"height":375,"caption":"Hommage au Pr Hugues Kon\u00e9 \u00e0 l'UFHB"},{"@type":"BreadcrumbList","@id":"https:\/\/www.africa-press.net\/cotedivoire\/culture-et-art\/hommage-au-pr-hugues-kone-a-lufhb#breadcrumb","itemListElement":[{"@type":"ListItem","position":1,"name":"Accueil","item":"https:\/\/www.africa-press.net\/cotedivoire\/"},{"@type":"ListItem","position":2,"name":"Hommage au Pr Hugues Kon\u00e9 \u00e0 l&#8217;UFHB"}]},{"@type":"WebSite","@id":"https:\/\/www.africa-press.net\/cotedivoire\/#website","url":"https:\/\/www.africa-press.net\/cotedivoire\/","name":"C\u00f4te d&#039;Ivoire","description":"Just another Africa News Agency Sites site","potentialAction":[{"@type":"SearchAction","target":{"@type":"EntryPoint","urlTemplate":"https:\/\/www.africa-press.net\/cotedivoire\/?s={search_term_string}"},"query-input":{"@type":"PropertyValueSpecification","valueRequired":true,"valueName":"search_term_string"}}],"inLanguage":"fr-FR"},{"@type":"Person","@id":"https:\/\/www.africa-press.net\/cotedivoire\/#\/schema\/person\/2b1cf3cd81a31e3cd26889ca66d677f1","name":"cfeditorfr"}]}},"_links":{"self":[{"href":"https:\/\/www.africa-press.net\/cotedivoire\/wp-json\/wp\/v2\/posts\/109430","targetHints":{"allow":["GET"]}}],"collection":[{"href":"https:\/\/www.africa-press.net\/cotedivoire\/wp-json\/wp\/v2\/posts"}],"about":[{"href":"https:\/\/www.africa-press.net\/cotedivoire\/wp-json\/wp\/v2\/types\/post"}],"author":[{"embeddable":true,"href":"https:\/\/www.africa-press.net\/cotedivoire\/wp-json\/wp\/v2\/users\/82"}],"replies":[{"embeddable":true,"href":"https:\/\/www.africa-press.net\/cotedivoire\/wp-json\/wp\/v2\/comments?post=109430"}],"version-history":[{"count":0,"href":"https:\/\/www.africa-press.net\/cotedivoire\/wp-json\/wp\/v2\/posts\/109430\/revisions"}],"wp:featuredmedia":[{"embeddable":true,"href":"https:\/\/www.africa-press.net\/cotedivoire\/wp-json\/wp\/v2\/media\/109429"}],"wp:attachment":[{"href":"https:\/\/www.africa-press.net\/cotedivoire\/wp-json\/wp\/v2\/media?parent=109430"}],"wp:term":[{"taxonomy":"category","embeddable":true,"href":"https:\/\/www.africa-press.net\/cotedivoire\/wp-json\/wp\/v2\/categories?post=109430"},{"taxonomy":"post_tag","embeddable":true,"href":"https:\/\/www.africa-press.net\/cotedivoire\/wp-json\/wp\/v2\/tags?post=109430"}],"curies":[{"name":"wp","href":"https:\/\/api.w.org\/{rel}","templated":true}]}}