{"id":10945,"date":"2021-08-07T09:31:02","date_gmt":"2021-08-07T09:31:02","guid":{"rendered":"https:\/\/www.africa-press.net\/cotedivoire\/?p=10945"},"modified":"2021-08-08T18:24:20","modified_gmt":"2021-08-08T18:24:20","slug":"espaces-publics-abidjan-sembellie","status":"publish","type":"post","link":"https:\/\/www.africa-press.net\/cotedivoire\/culture-et-art\/espaces-publics-abidjan-sembellie","title":{"rendered":"Espaces publics : Abidjan s\u2019embellie"},"content":{"rendered":"<p><span style=\"color: #ff6600\"><strong><a href=\"https:\/\/www.africa-press.net\/\">Africa-Press<\/a> &#8211; <a href=\"https:\/\/www.africa-press.net\/cotedivoire\">C\u00f4te d&rsquo;Ivoire<\/a>. <\/strong><\/span>Embellissement des grandes art\u00e8res : Plantes, fleurs, gazon\u2026 et Abidjan devient beau!<\/p>\n<p>Hier au Plateau, il est environ 8 h 45 min, la file de v\u00e9hicules est impressionnante sur le boulevard lagunaire. Les vrombissements des moteurs et les gaz d\u2019\u00e9chappement convainquent de l\u2019intensit\u00e9 de la circulation sur ce tron\u00e7on. Dans ce ballet d\u2019engins roulant \u00e0 vive allure, des palmiers, des fleurs, du gazon\u2026 attirent l\u2019attention des curieux.<\/p>\n<p>Il s\u2019agit d\u2019espaces r\u00e9nov\u00e9s sur les trottoirs et aux abords de la route. Ils pr\u00e9sentent une fi\u00e8re allure dans cette commune de r\u00e9f\u00e9rence. Oula Jacques, agent de s\u00e9curit\u00e9 \u00e0 l\u2019immeuble Dj\u00e9kanou, d\u00e9couvre avec \u00e9merveillement ces fleurs. \u00ab \u00c7a fait du bien. \u00c7a donne d\u00e9j\u00e0 une bonne image \u00e0 notre pays, surtout que le Plateau, c\u2019est le centre des affaires, o\u00f9 tout le monde vient vaquer \u00e0 ses occupations. C\u2019est surtout la nuit quand on voit la lumi\u00e8re install\u00e9e \u00e0 l\u2019int\u00e9rieur des fleurs, c\u2019est tr\u00e8s agr\u00e9able \u00e0 voir \u00bb, appr\u00e9cie-t-il l\u2019apparition de ces fleurs.<\/p>\n<p>Mais selon lui, ce qui est digne d\u2019int\u00e9r\u00eat, c\u2019est d\u2019\u00e9tendre le projet \u00e0 tout le pays. \u00ab F\u00e9licitations \u00e0 ceux qui ont eu l\u2019id\u00e9e de cet embellissement. Mais il faut \u00e9tendre le projet \u00e0 toutes les villes de C\u00f4te d\u2019Ivoire. Il y a Bouak\u00e9, Daloa, Divo\u2026 \u00bb, sugg\u00e8re-t-il. Si notre interlocuteur se r\u00e9jouit de l\u2019embellissement de la commune, il souhaite que ces espaces r\u00e9nov\u00e9s ne fassent pas l\u2019objet de vandalisme.<\/p>\n<p>\u00ab Tout le long du boulevard lagunaire, la lumi\u00e8re est juste sur un c\u00f4t\u00e9. Il serait int\u00e9ressant que la lumi\u00e8re soit allong\u00e9e dans toutes les fleurs et qu\u2019on y mette la s\u00e9curit\u00e9. Parce que souvent, il y a des voleurs qui viennent enlever les c\u00e2bles. Il faut donc songer \u00e0 installer des gens avec des ma\u00eetres-chiens pour la s\u00e9curit\u00e9 \u00bb, pr\u00e9conise-t-il. La commune de Cocody est \u00e9galement en mode espace vert.<\/p>\n<p>A la rue qui m\u00e8ne \u00e0 la Soci\u00e9t\u00e9 pour le d\u00e9veloppement minier de la C\u00f4te d\u2019Ivoire (Sodemi), dans les encablures du Lyc\u00e9e technique de Cocody, il suffit juste de jeter un regard sur le panneau du minist\u00e8re de l\u2019\u00c9quipement et de l\u2019entretien routier situ\u00e9 \u00e0 l\u2019intersection sur cette voie pour retrouver ce bel espace.<\/p>\n<p>Des jardini\u00e8res, du gazon, plusieurs vari\u00e9t\u00e9s de plantes et des fleurs de toutes les couleurs apportent une touche de beaut\u00e9 aux usagers de la route et aux populations ivoiriennes. Monica N\u2019Goran, commerciale-transitaire, une riveraine, ne pr\u00eatait pas grande attention \u00e0 cet embellissement jusqu\u2019au jour o\u00f9 elle a eu un rendez-vous dans les environs de la Rti. \u00ab Il m\u2019a fallu jeter un coup d\u2019\u0153il sur un panneau pour que je m\u2019en aper\u00e7oive que c\u2019est une initiative du minist\u00e8re de l\u2019\u00e9quipement et de l\u2019entretien routier \u00bb, raconte-t-elle.<\/p>\n<p>Elle est alors convaincue que la verdure permet \u00e0 tout citoyen de retrouver facilement cette fra\u00eecheur d\u2019esprit. \u00ab C\u2019est bon de voir que la ville prend se d\u00e9veloppe. Pour nous qui avons grandi \u00e0 Cocody, on voit vraiment un changement. Avant, par exemple, au niveau de la Sodemi, il n\u2019y avait pas de fleurs. Il y a donc une \u00e9volution. \u00c7a \u00e9panouit, \u00e7a rajeunit l\u2019esprit. Tout ce qui est beau est agr\u00e9able. On se rend compte que notre pays change au fur et \u00e0 mesure par rapport \u00e0 d\u2019autres pays qui sont encore en retard. On a la possibilit\u00e9 de faire tout \u00e7a. C\u2019est m\u00eame une opportunit\u00e9 d\u2019emploi pour certains \u00bb, soutient Mlle N\u2019Goran.<\/p>\n<p>&nbsp;<\/p>\n<p>Veiller \u00e0 l\u2019entretien de ces espaces<\/p>\n<p>Autrefois laiss\u00e9es pour compte, certaines grandes art\u00e8res de la capitale \u00e9conomique ivoirienne connaissent un embellissement aujourd\u2019hui. Gr\u00e2ce \u00e0 la verdure qui rena\u00eet peu \u00e0 peu, les communes touch\u00e9es par ce projet de reverdissement pr\u00e9sentent une fi\u00e8re allure. Incontestablement, elles sont cit\u00e9es aujourd\u2019hui comme de bons exemples, au regard de la m\u00e9tamorphose r\u00e9alis\u00e9e sur ces voies de grandes affluences.<\/p>\n<p>Une initiative du ministre de l\u2019\u00c9quipement et de l\u2019entretien routier, Dr Amed\u00e9 Kouakou, qui, pour maintenir le cap, a \u00e0 travers le Projet de transport urbain d\u2019Abidjan (Ptua), a fait r\u00e9cemment un don de mat\u00e9riel au service Parcs et jardins du district d\u2019Abidjan. Cela, dans le cadre du projet des aires de repos, parcs et am\u00e9nagements paysagers.<\/p>\n<p>Il s\u2019agit donc d\u2019utiliser ce mat\u00e9riel \u00e0 bon escient, mais aussi d\u2019\u00eatre tr\u00e8s regardant sur la question du suivi et de l\u2019entretien de ces espaces r\u00e9nov\u00e9s et redevenus beaux.<\/p>\n<p>&nbsp;<\/p>\n","protected":false},"excerpt":{"rendered":"<p>Africa-Press &#8211; C\u00f4te d&rsquo;Ivoire. Embellissement des grandes art\u00e8res : Plantes, fleurs, gazon\u2026 et Abidjan devient beau! Hier au Plateau, il est environ 8 h 45 min, la file de v\u00e9hicules est impressionnante sur le boulevard lagunaire. Les vrombissements des moteurs et les gaz d\u2019\u00e9chappement convainquent de l\u2019intensit\u00e9 de la circulation sur ce tron\u00e7on. Dans ce [&hellip;]<\/p>\n","protected":false},"author":82,"featured_media":10944,"comment_status":"open","ping_status":"closed","sticky":false,"template":"","format":"standard","meta":{"footnotes":""},"categories":[5,11,10],"tags":[56,63,29],"class_list":["post-10945","post","type-post","status-publish","format-standard","has-post-thumbnail","hentry","category-culture-et-art","category-homepage-french","category-toutes-les-actualites","tag-africa-press","tag-africa-press-cote-divoire","tag-cote-divoire"],"yoast_head":"<!-- This site is optimized with the Yoast SEO Premium plugin v26.1 (Yoast SEO v27.0) - https:\/\/yoast.com\/product\/yoast-seo-premium-wordpress\/ -->\n<title>Espaces publics : Abidjan s\u2019embellie - C\u00f4te d&#039;Ivoire<\/title>\n<meta name=\"description\" content=\"Embellissement des grandes art\u00e8res : Plantes, fleurs, gazon\u2026 et Abidjan devient beau! Hier au Plateau, il est environ 8 ...\" \/>\n<meta name=\"robots\" content=\"index, follow, max-snippet:-1, max-image-preview:large, max-video-preview:-1\" \/>\n<link rel=\"canonical\" href=\"https:\/\/www.africa-press.net\/cotedivoire\/culture-et-art\/espaces-publics-abidjan-sembellie\" \/>\n<meta property=\"og:locale\" content=\"fr_FR\" \/>\n<meta property=\"og:type\" content=\"article\" \/>\n<meta property=\"og:title\" content=\"Espaces publics : Abidjan s\u2019embellie\" \/>\n<meta property=\"og:description\" content=\"Embellissement des grandes art\u00e8res : Plantes, fleurs, gazon\u2026 et Abidjan devient beau! Hier au Plateau, il est environ 8 ...\" \/>\n<meta property=\"og:url\" content=\"https:\/\/www.africa-press.net\/cotedivoire\/culture-et-art\/espaces-publics-abidjan-sembellie\" \/>\n<meta property=\"og:site_name\" content=\"C\u00f4te d&#039;Ivoire\" \/>\n<meta property=\"article:published_time\" content=\"2021-08-07T09:31:02+00:00\" \/>\n<meta property=\"article:modified_time\" content=\"2021-08-08T18:24:20+00:00\" \/>\n<meta property=\"og:image\" content=\"https:\/\/static.africa-press.net\/cote\/sites\/43\/2021\/08\/img-610e4e918a6d9.jpg\" \/>\n\t<meta property=\"og:image:width\" content=\"720\" \/>\n\t<meta property=\"og:image:height\" content=\"936\" \/>\n\t<meta property=\"og:image:type\" content=\"image\/jpeg\" \/>\n<meta name=\"author\" content=\"cfeditorfr\" \/>\n<meta name=\"twitter:card\" content=\"summary_large_image\" \/>\n<meta name=\"twitter:label1\" content=\"\u00c9crit par\" \/>\n\t<meta name=\"twitter:data1\" content=\"cfeditorfr\" \/>\n\t<meta name=\"twitter:label2\" content=\"Dur\u00e9e de lecture estim\u00e9e\" \/>\n\t<meta name=\"twitter:data2\" content=\"4 minutes\" \/>\n<script type=\"application\/ld+json\" class=\"yoast-schema-graph\">{\"@context\":\"https:\/\/schema.org\",\"@graph\":[{\"@type\":\"Article\",\"@id\":\"https:\/\/www.africa-press.net\/cotedivoire\/culture-et-art\/espaces-publics-abidjan-sembellie#article\",\"isPartOf\":{\"@id\":\"https:\/\/www.africa-press.net\/cotedivoire\/culture-et-art\/espaces-publics-abidjan-sembellie\"},\"author\":{\"name\":\"cfeditorfr\",\"@id\":\"https:\/\/www.africa-press.net\/cotedivoire\/#\/schema\/person\/2b1cf3cd81a31e3cd26889ca66d677f1\"},\"headline\":\"Espaces publics : Abidjan s\u2019embellie\",\"datePublished\":\"2021-08-07T09:31:02+00:00\",\"dateModified\":\"2021-08-08T18:24:20+00:00\",\"mainEntityOfPage\":{\"@id\":\"https:\/\/www.africa-press.net\/cotedivoire\/culture-et-art\/espaces-publics-abidjan-sembellie\"},\"wordCount\":806,\"commentCount\":0,\"image\":{\"@id\":\"https:\/\/www.africa-press.net\/cotedivoire\/culture-et-art\/espaces-publics-abidjan-sembellie#primaryimage\"},\"thumbnailUrl\":\"https:\/\/static.africa-press.net\/cote\/sites\/43\/2021\/08\/img-610e4e918a6d9.jpg\",\"keywords\":[\"Africa Press\",\"Africa Press-C\u00f4te d'Ivoire\",\"C\u00d4TE D'IVOIRE\"],\"articleSection\":[\"Culture et Art\",\"homepage-french\",\"Toutes les actualit\u00e9s\"],\"inLanguage\":\"fr-FR\",\"potentialAction\":[{\"@type\":\"CommentAction\",\"name\":\"Comment\",\"target\":[\"https:\/\/www.africa-press.net\/cotedivoire\/culture-et-art\/espaces-publics-abidjan-sembellie#respond\"]}]},{\"@type\":\"WebPage\",\"@id\":\"https:\/\/www.africa-press.net\/cotedivoire\/culture-et-art\/espaces-publics-abidjan-sembellie\",\"url\":\"https:\/\/www.africa-press.net\/cotedivoire\/culture-et-art\/espaces-publics-abidjan-sembellie\",\"name\":\"Espaces publics : Abidjan s\u2019embellie - C\u00f4te d&#039;Ivoire\",\"isPartOf\":{\"@id\":\"https:\/\/www.africa-press.net\/cotedivoire\/#website\"},\"primaryImageOfPage\":{\"@id\":\"https:\/\/www.africa-press.net\/cotedivoire\/culture-et-art\/espaces-publics-abidjan-sembellie#primaryimage\"},\"image\":{\"@id\":\"https:\/\/www.africa-press.net\/cotedivoire\/culture-et-art\/espaces-publics-abidjan-sembellie#primaryimage\"},\"thumbnailUrl\":\"https:\/\/static.africa-press.net\/cote\/sites\/43\/2021\/08\/img-610e4e918a6d9.jpg\",\"datePublished\":\"2021-08-07T09:31:02+00:00\",\"dateModified\":\"2021-08-08T18:24:20+00:00\",\"author\":{\"@id\":\"https:\/\/www.africa-press.net\/cotedivoire\/#\/schema\/person\/2b1cf3cd81a31e3cd26889ca66d677f1\"},\"description\":\"Embellissement des grandes art\u00e8res : Plantes, fleurs, gazon\u2026 et Abidjan devient beau! Hier au Plateau, il est environ 8 ...\",\"breadcrumb\":{\"@id\":\"https:\/\/www.africa-press.net\/cotedivoire\/culture-et-art\/espaces-publics-abidjan-sembellie#breadcrumb\"},\"inLanguage\":\"fr-FR\",\"potentialAction\":[{\"@type\":\"ReadAction\",\"target\":[\"https:\/\/www.africa-press.net\/cotedivoire\/culture-et-art\/espaces-publics-abidjan-sembellie\"]}]},{\"@type\":\"ImageObject\",\"inLanguage\":\"fr-FR\",\"@id\":\"https:\/\/www.africa-press.net\/cotedivoire\/culture-et-art\/espaces-publics-abidjan-sembellie#primaryimage\",\"url\":\"https:\/\/static.africa-press.net\/cote\/sites\/43\/2021\/08\/img-610e4e918a6d9.jpg\",\"contentUrl\":\"https:\/\/static.africa-press.net\/cote\/sites\/43\/2021\/08\/img-610e4e918a6d9.jpg\",\"width\":720,\"height\":936,\"caption\":\"Espaces publics : Abidjan s\u2019embellie\"},{\"@type\":\"BreadcrumbList\",\"@id\":\"https:\/\/www.africa-press.net\/cotedivoire\/culture-et-art\/espaces-publics-abidjan-sembellie#breadcrumb\",\"itemListElement\":[{\"@type\":\"ListItem\",\"position\":1,\"name\":\"Accueil\",\"item\":\"https:\/\/www.africa-press.net\/cotedivoire\/\"},{\"@type\":\"ListItem\",\"position\":2,\"name\":\"Espaces publics : Abidjan s\u2019embellie\"}]},{\"@type\":\"WebSite\",\"@id\":\"https:\/\/www.africa-press.net\/cotedivoire\/#website\",\"url\":\"https:\/\/www.africa-press.net\/cotedivoire\/\",\"name\":\"C\u00f4te d&#039;Ivoire\",\"description\":\"Just another Africa News Agency Sites site\",\"potentialAction\":[{\"@type\":\"SearchAction\",\"target\":{\"@type\":\"EntryPoint\",\"urlTemplate\":\"https:\/\/www.africa-press.net\/cotedivoire\/?s={search_term_string}\"},\"query-input\":{\"@type\":\"PropertyValueSpecification\",\"valueRequired\":true,\"valueName\":\"search_term_string\"}}],\"inLanguage\":\"fr-FR\"},{\"@type\":\"Person\",\"@id\":\"https:\/\/www.africa-press.net\/cotedivoire\/#\/schema\/person\/2b1cf3cd81a31e3cd26889ca66d677f1\",\"name\":\"cfeditorfr\"}]}<\/script>\n<!-- \/ Yoast SEO Premium plugin. -->","yoast_head_json":{"title":"Espaces publics : Abidjan s\u2019embellie - C\u00f4te d&#039;Ivoire","description":"Embellissement des grandes art\u00e8res : Plantes, fleurs, gazon\u2026 et Abidjan devient beau! Hier au Plateau, il est environ 8 ...","robots":{"index":"index","follow":"follow","max-snippet":"max-snippet:-1","max-image-preview":"max-image-preview:large","max-video-preview":"max-video-preview:-1"},"canonical":"https:\/\/www.africa-press.net\/cotedivoire\/culture-et-art\/espaces-publics-abidjan-sembellie","og_locale":"fr_FR","og_type":"article","og_title":"Espaces publics : Abidjan s\u2019embellie","og_description":"Embellissement des grandes art\u00e8res : Plantes, fleurs, gazon\u2026 et Abidjan devient beau! Hier au Plateau, il est environ 8 ...","og_url":"https:\/\/www.africa-press.net\/cotedivoire\/culture-et-art\/espaces-publics-abidjan-sembellie","og_site_name":"C\u00f4te d&#039;Ivoire","article_published_time":"2021-08-07T09:31:02+00:00","article_modified_time":"2021-08-08T18:24:20+00:00","og_image":[{"width":720,"height":936,"url":"https:\/\/static.africa-press.net\/cote\/sites\/43\/2021\/08\/img-610e4e918a6d9.jpg","type":"image\/jpeg"}],"author":"cfeditorfr","twitter_card":"summary_large_image","twitter_misc":{"\u00c9crit par":"cfeditorfr","Dur\u00e9e de lecture estim\u00e9e":"4 minutes"},"schema":{"@context":"https:\/\/schema.org","@graph":[{"@type":"Article","@id":"https:\/\/www.africa-press.net\/cotedivoire\/culture-et-art\/espaces-publics-abidjan-sembellie#article","isPartOf":{"@id":"https:\/\/www.africa-press.net\/cotedivoire\/culture-et-art\/espaces-publics-abidjan-sembellie"},"author":{"name":"cfeditorfr","@id":"https:\/\/www.africa-press.net\/cotedivoire\/#\/schema\/person\/2b1cf3cd81a31e3cd26889ca66d677f1"},"headline":"Espaces publics : Abidjan s\u2019embellie","datePublished":"2021-08-07T09:31:02+00:00","dateModified":"2021-08-08T18:24:20+00:00","mainEntityOfPage":{"@id":"https:\/\/www.africa-press.net\/cotedivoire\/culture-et-art\/espaces-publics-abidjan-sembellie"},"wordCount":806,"commentCount":0,"image":{"@id":"https:\/\/www.africa-press.net\/cotedivoire\/culture-et-art\/espaces-publics-abidjan-sembellie#primaryimage"},"thumbnailUrl":"https:\/\/static.africa-press.net\/cote\/sites\/43\/2021\/08\/img-610e4e918a6d9.jpg","keywords":["Africa Press","Africa Press-C\u00f4te d'Ivoire","C\u00d4TE D'IVOIRE"],"articleSection":["Culture et Art","homepage-french","Toutes les actualit\u00e9s"],"inLanguage":"fr-FR","potentialAction":[{"@type":"CommentAction","name":"Comment","target":["https:\/\/www.africa-press.net\/cotedivoire\/culture-et-art\/espaces-publics-abidjan-sembellie#respond"]}]},{"@type":"WebPage","@id":"https:\/\/www.africa-press.net\/cotedivoire\/culture-et-art\/espaces-publics-abidjan-sembellie","url":"https:\/\/www.africa-press.net\/cotedivoire\/culture-et-art\/espaces-publics-abidjan-sembellie","name":"Espaces publics : Abidjan s\u2019embellie - C\u00f4te d&#039;Ivoire","isPartOf":{"@id":"https:\/\/www.africa-press.net\/cotedivoire\/#website"},"primaryImageOfPage":{"@id":"https:\/\/www.africa-press.net\/cotedivoire\/culture-et-art\/espaces-publics-abidjan-sembellie#primaryimage"},"image":{"@id":"https:\/\/www.africa-press.net\/cotedivoire\/culture-et-art\/espaces-publics-abidjan-sembellie#primaryimage"},"thumbnailUrl":"https:\/\/static.africa-press.net\/cote\/sites\/43\/2021\/08\/img-610e4e918a6d9.jpg","datePublished":"2021-08-07T09:31:02+00:00","dateModified":"2021-08-08T18:24:20+00:00","author":{"@id":"https:\/\/www.africa-press.net\/cotedivoire\/#\/schema\/person\/2b1cf3cd81a31e3cd26889ca66d677f1"},"description":"Embellissement des grandes art\u00e8res : Plantes, fleurs, gazon\u2026 et Abidjan devient beau! Hier au Plateau, il est environ 8 ...","breadcrumb":{"@id":"https:\/\/www.africa-press.net\/cotedivoire\/culture-et-art\/espaces-publics-abidjan-sembellie#breadcrumb"},"inLanguage":"fr-FR","potentialAction":[{"@type":"ReadAction","target":["https:\/\/www.africa-press.net\/cotedivoire\/culture-et-art\/espaces-publics-abidjan-sembellie"]}]},{"@type":"ImageObject","inLanguage":"fr-FR","@id":"https:\/\/www.africa-press.net\/cotedivoire\/culture-et-art\/espaces-publics-abidjan-sembellie#primaryimage","url":"https:\/\/static.africa-press.net\/cote\/sites\/43\/2021\/08\/img-610e4e918a6d9.jpg","contentUrl":"https:\/\/static.africa-press.net\/cote\/sites\/43\/2021\/08\/img-610e4e918a6d9.jpg","width":720,"height":936,"caption":"Espaces publics : Abidjan s\u2019embellie"},{"@type":"BreadcrumbList","@id":"https:\/\/www.africa-press.net\/cotedivoire\/culture-et-art\/espaces-publics-abidjan-sembellie#breadcrumb","itemListElement":[{"@type":"ListItem","position":1,"name":"Accueil","item":"https:\/\/www.africa-press.net\/cotedivoire\/"},{"@type":"ListItem","position":2,"name":"Espaces publics : Abidjan s\u2019embellie"}]},{"@type":"WebSite","@id":"https:\/\/www.africa-press.net\/cotedivoire\/#website","url":"https:\/\/www.africa-press.net\/cotedivoire\/","name":"C\u00f4te d&#039;Ivoire","description":"Just another Africa News Agency Sites site","potentialAction":[{"@type":"SearchAction","target":{"@type":"EntryPoint","urlTemplate":"https:\/\/www.africa-press.net\/cotedivoire\/?s={search_term_string}"},"query-input":{"@type":"PropertyValueSpecification","valueRequired":true,"valueName":"search_term_string"}}],"inLanguage":"fr-FR"},{"@type":"Person","@id":"https:\/\/www.africa-press.net\/cotedivoire\/#\/schema\/person\/2b1cf3cd81a31e3cd26889ca66d677f1","name":"cfeditorfr"}]}},"_links":{"self":[{"href":"https:\/\/www.africa-press.net\/cotedivoire\/wp-json\/wp\/v2\/posts\/10945","targetHints":{"allow":["GET"]}}],"collection":[{"href":"https:\/\/www.africa-press.net\/cotedivoire\/wp-json\/wp\/v2\/posts"}],"about":[{"href":"https:\/\/www.africa-press.net\/cotedivoire\/wp-json\/wp\/v2\/types\/post"}],"author":[{"embeddable":true,"href":"https:\/\/www.africa-press.net\/cotedivoire\/wp-json\/wp\/v2\/users\/82"}],"replies":[{"embeddable":true,"href":"https:\/\/www.africa-press.net\/cotedivoire\/wp-json\/wp\/v2\/comments?post=10945"}],"version-history":[{"count":0,"href":"https:\/\/www.africa-press.net\/cotedivoire\/wp-json\/wp\/v2\/posts\/10945\/revisions"}],"wp:featuredmedia":[{"embeddable":true,"href":"https:\/\/www.africa-press.net\/cotedivoire\/wp-json\/wp\/v2\/media\/10944"}],"wp:attachment":[{"href":"https:\/\/www.africa-press.net\/cotedivoire\/wp-json\/wp\/v2\/media?parent=10945"}],"wp:term":[{"taxonomy":"category","embeddable":true,"href":"https:\/\/www.africa-press.net\/cotedivoire\/wp-json\/wp\/v2\/categories?post=10945"},{"taxonomy":"post_tag","embeddable":true,"href":"https:\/\/www.africa-press.net\/cotedivoire\/wp-json\/wp\/v2\/tags?post=10945"}],"curies":[{"name":"wp","href":"https:\/\/api.w.org\/{rel}","templated":true}]}}