{"id":109460,"date":"2025-11-29T14:30:07","date_gmt":"2025-11-29T14:30:07","guid":{"rendered":"https:\/\/www.africa-press.net\/cotedivoire\/politique\/yopougon-celebre-la-victoire-douattara-avec-concert"},"modified":"2025-11-29T15:08:38","modified_gmt":"2025-11-29T15:08:38","slug":"yopougon-celebre-la-victoire-douattara-avec-concert","status":"publish","type":"post","link":"https:\/\/www.africa-press.net\/cotedivoire\/politique\/yopougon-celebre-la-victoire-douattara-avec-concert","title":{"rendered":"Yopougon C\u00e9l\u00e8bre la Victoire d&rsquo;Ouattara avec Concert"},"content":{"rendered":"<p><span style=\"color: #ff6600\"><strong>Africa-Press &#8211; C\u00f4te d&rsquo;Ivoire. <\/strong><\/span>La commune de Yopougon pre\u0301pare une grande fe\u0302te populaire pour saluer la re\u0301e\u0301lection du pre\u0301sident Alassane Ouattara. Sous l\u2019impulsion du maire Adama Bictogo, la Coordination re\u0301gionale du RHDP organise un concert ge\u0301ant baptise\u0301 \u00ab Yopougon remercie ADO \u00bb, qui se tiendra le samedi 29 novembre 2025 sur la ce\u0301le\u0300bre Place Ficgayo.<\/p>\n<p>Cet e\u0301ve\u0301nement festif a pour objectif d\u2019exprimer la gratitude des populations envers le chef de l\u2019E\u0301tat, re\u0301e\u0301lu au premier tour lors de la pre\u0301sidentielle d\u2019octobre 2025. Le RHDP local souhaite e\u0301galement remercier les habitants de Yopougon pour leur mobilisation exceptionnelle durant le scrutin. Avec 86,56 % des suffrages exprime\u0301s en faveur du pre\u0301sident Ouattara, la commune a confirme\u0301 son appartenance au parti au pouvoir.<\/p>\n<p>Pour offrir un spectacle me\u0301morable, plusieurs grandes figures de la musique ivoirienne monteront sur sce\u0300ne. Parmi les artistes annonce\u0301s figurent Kedjevara, Kerozen, Roseline Layo, Yilim, Mawa Traore\u0301 et Frazao. Le concert est entie\u0300rement gratuit et ouvert a\u0300 tous, et les organisateurs s\u2019attendent a\u0300 accueillir des dizaines de milliers de personnes pour cette ce\u0301le\u0301bration populaire.<\/p>\n<p>Yopougon s\u2019appre\u0302te ainsi a\u0300 vibrer au rythme de la musique et de la reconnaissance, dans une ambiance festive destine\u0301e a\u0300 honorer le pre\u0301sident Alassane Ouattara et a\u0300 renforcer l\u2019unite\u0301 autour de sa vision pour la Co\u0302te d\u2019Ivoire.<\/p>\n<p><strong>Pour plus d&rsquo;informations et d&rsquo;analyses sur la <span style=\"color: #ff6600\">C\u00f4te d&rsquo;Ivoire<\/span>, suivez <span style=\"color: #ff6600\">Africa-Press<\/span><\/strong><\/p>\n","protected":false},"excerpt":{"rendered":"<p>Africa-Press &#8211; C\u00f4te d&rsquo;Ivoire. La commune de Yopougon pre\u0301pare une grande fe\u0302te populaire pour saluer la re\u0301e\u0301lection du pre\u0301sident Alassane Ouattara. Sous l\u2019impulsion du maire Adama Bictogo, la Coordination re\u0301gionale du RHDP organise un concert ge\u0301ant baptise\u0301 \u00ab Yopougon remercie ADO \u00bb, qui se tiendra le samedi 29 novembre 2025 sur la ce\u0301le\u0300bre Place Ficgayo. [&hellip;]<\/p>\n","protected":false},"author":82,"featured_media":109459,"comment_status":"open","ping_status":"closed","sticky":false,"template":"","format":"standard","meta":{"footnotes":""},"categories":[2,10],"tags":[8151,6938,29,19066,8917,19635,60,371,540],"class_list":["post-109460","post","type-post","status-publish","format-standard","has-post-thumbnail","hentry","category-politique","category-toutes-les-actualites","tag-ado","tag-concert","tag-cote-divoire","tag-election-2025","tag-ficgayo","tag-gratuit","tag-politique","tag-rhdp","tag-yopougon"],"yoast_head":"<!-- This site is optimized with the Yoast SEO Premium plugin v26.1 (Yoast SEO v27.0) - https:\/\/yoast.com\/product\/yoast-seo-premium-wordpress\/ -->\n<title>Yopougon C\u00e9l\u00e8bre la Victoire d&#039;Ouattara avec Concert - C\u00f4te d&#039;Ivoire<\/title>\n<meta name=\"description\" content=\"La commune de Yopougon pre\u0301pare une grande fe\u0302te populaire pour saluer la re\u0301e\u0301lection du pre\u0301sident Alassane Ouattara. ...\" \/>\n<meta name=\"robots\" content=\"index, follow, max-snippet:-1, max-image-preview:large, max-video-preview:-1\" \/>\n<link rel=\"canonical\" href=\"https:\/\/www.africa-press.net\/cotedivoire\/politique\/yopougon-celebre-la-victoire-douattara-avec-concert\" \/>\n<meta property=\"og:locale\" content=\"fr_FR\" \/>\n<meta property=\"og:type\" content=\"article\" \/>\n<meta property=\"og:title\" content=\"Yopougon C\u00e9l\u00e8bre la Victoire d&#039;Ouattara avec Concert\" \/>\n<meta property=\"og:description\" content=\"La commune de Yopougon pre\u0301pare une grande fe\u0302te populaire pour saluer la re\u0301e\u0301lection du pre\u0301sident Alassane Ouattara. ...\" \/>\n<meta property=\"og:url\" content=\"https:\/\/www.africa-press.net\/cotedivoire\/politique\/yopougon-celebre-la-victoire-douattara-avec-concert\" \/>\n<meta property=\"og:site_name\" content=\"C\u00f4te d&#039;Ivoire\" \/>\n<meta property=\"article:published_time\" content=\"2025-11-29T14:30:07+00:00\" \/>\n<meta property=\"article:modified_time\" content=\"2025-11-29T15:08:38+00:00\" \/>\n<meta property=\"og:image\" content=\"https:\/\/static.africa-press.net\/cote\/sites\/43\/2025\/11\/sm_1764416294.260499.jpg\" \/>\n\t<meta property=\"og:image:width\" content=\"720\" \/>\n\t<meta property=\"og:image:height\" content=\"354\" \/>\n\t<meta property=\"og:image:type\" content=\"image\/jpeg\" \/>\n<meta name=\"author\" content=\"cfeditorfr\" \/>\n<meta name=\"twitter:card\" content=\"summary_large_image\" \/>\n<meta name=\"twitter:label1\" content=\"\u00c9crit par\" \/>\n\t<meta name=\"twitter:data1\" content=\"cfeditorfr\" \/>\n\t<meta name=\"twitter:label2\" content=\"Dur\u00e9e de lecture estim\u00e9e\" \/>\n\t<meta name=\"twitter:data2\" content=\"1 minute\" \/>\n<script type=\"application\/ld+json\" class=\"yoast-schema-graph\">{\"@context\":\"https:\/\/schema.org\",\"@graph\":[{\"@type\":\"Article\",\"@id\":\"https:\/\/www.africa-press.net\/cotedivoire\/politique\/yopougon-celebre-la-victoire-douattara-avec-concert#article\",\"isPartOf\":{\"@id\":\"https:\/\/www.africa-press.net\/cotedivoire\/politique\/yopougon-celebre-la-victoire-douattara-avec-concert\"},\"author\":{\"name\":\"cfeditorfr\",\"@id\":\"https:\/\/www.africa-press.net\/cotedivoire\/#\/schema\/person\/2b1cf3cd81a31e3cd26889ca66d677f1\"},\"headline\":\"Yopougon C\u00e9l\u00e8bre la Victoire d&rsquo;Ouattara avec Concert\",\"datePublished\":\"2025-11-29T14:30:07+00:00\",\"dateModified\":\"2025-11-29T15:08:38+00:00\",\"mainEntityOfPage\":{\"@id\":\"https:\/\/www.africa-press.net\/cotedivoire\/politique\/yopougon-celebre-la-victoire-douattara-avec-concert\"},\"wordCount\":266,\"commentCount\":0,\"image\":{\"@id\":\"https:\/\/www.africa-press.net\/cotedivoire\/politique\/yopougon-celebre-la-victoire-douattara-avec-concert#primaryimage\"},\"thumbnailUrl\":\"https:\/\/static.africa-press.net\/cote\/sites\/43\/2025\/11\/sm_1764416294.260499.jpg\",\"keywords\":[\"ADO\",\"concert\",\"C\u00d4TE D'IVOIRE\",\"\u00c9lection 2025\",\"Ficgayo\",\"gratuit\",\"Politique\",\"RHDP\",\"Yopougon\"],\"articleSection\":[\"Politique\",\"Toutes les actualit\u00e9s\"],\"inLanguage\":\"fr-FR\",\"potentialAction\":[{\"@type\":\"CommentAction\",\"name\":\"Comment\",\"target\":[\"https:\/\/www.africa-press.net\/cotedivoire\/politique\/yopougon-celebre-la-victoire-douattara-avec-concert#respond\"]}]},{\"@type\":\"WebPage\",\"@id\":\"https:\/\/www.africa-press.net\/cotedivoire\/politique\/yopougon-celebre-la-victoire-douattara-avec-concert\",\"url\":\"https:\/\/www.africa-press.net\/cotedivoire\/politique\/yopougon-celebre-la-victoire-douattara-avec-concert\",\"name\":\"Yopougon C\u00e9l\u00e8bre la Victoire d'Ouattara avec Concert - C\u00f4te d&#039;Ivoire\",\"isPartOf\":{\"@id\":\"https:\/\/www.africa-press.net\/cotedivoire\/#website\"},\"primaryImageOfPage\":{\"@id\":\"https:\/\/www.africa-press.net\/cotedivoire\/politique\/yopougon-celebre-la-victoire-douattara-avec-concert#primaryimage\"},\"image\":{\"@id\":\"https:\/\/www.africa-press.net\/cotedivoire\/politique\/yopougon-celebre-la-victoire-douattara-avec-concert#primaryimage\"},\"thumbnailUrl\":\"https:\/\/static.africa-press.net\/cote\/sites\/43\/2025\/11\/sm_1764416294.260499.jpg\",\"datePublished\":\"2025-11-29T14:30:07+00:00\",\"dateModified\":\"2025-11-29T15:08:38+00:00\",\"author\":{\"@id\":\"https:\/\/www.africa-press.net\/cotedivoire\/#\/schema\/person\/2b1cf3cd81a31e3cd26889ca66d677f1\"},\"description\":\"La commune de Yopougon pre\u0301pare une grande fe\u0302te populaire pour saluer la re\u0301e\u0301lection du pre\u0301sident Alassane Ouattara. ...\",\"breadcrumb\":{\"@id\":\"https:\/\/www.africa-press.net\/cotedivoire\/politique\/yopougon-celebre-la-victoire-douattara-avec-concert#breadcrumb\"},\"inLanguage\":\"fr-FR\",\"potentialAction\":[{\"@type\":\"ReadAction\",\"target\":[\"https:\/\/www.africa-press.net\/cotedivoire\/politique\/yopougon-celebre-la-victoire-douattara-avec-concert\"]}]},{\"@type\":\"ImageObject\",\"inLanguage\":\"fr-FR\",\"@id\":\"https:\/\/www.africa-press.net\/cotedivoire\/politique\/yopougon-celebre-la-victoire-douattara-avec-concert#primaryimage\",\"url\":\"https:\/\/static.africa-press.net\/cote\/sites\/43\/2025\/11\/sm_1764416294.260499.jpg\",\"contentUrl\":\"https:\/\/static.africa-press.net\/cote\/sites\/43\/2025\/11\/sm_1764416294.260499.jpg\",\"width\":720,\"height\":354,\"caption\":\"Yopougon C\u00e9l\u00e8bre la Victoire d'Ouattara avec Concert\"},{\"@type\":\"BreadcrumbList\",\"@id\":\"https:\/\/www.africa-press.net\/cotedivoire\/politique\/yopougon-celebre-la-victoire-douattara-avec-concert#breadcrumb\",\"itemListElement\":[{\"@type\":\"ListItem\",\"position\":1,\"name\":\"Accueil\",\"item\":\"https:\/\/www.africa-press.net\/cotedivoire\/\"},{\"@type\":\"ListItem\",\"position\":2,\"name\":\"Yopougon C\u00e9l\u00e8bre la Victoire d&#8217;Ouattara avec Concert\"}]},{\"@type\":\"WebSite\",\"@id\":\"https:\/\/www.africa-press.net\/cotedivoire\/#website\",\"url\":\"https:\/\/www.africa-press.net\/cotedivoire\/\",\"name\":\"C\u00f4te d&#039;Ivoire\",\"description\":\"Just another Africa News Agency Sites site\",\"potentialAction\":[{\"@type\":\"SearchAction\",\"target\":{\"@type\":\"EntryPoint\",\"urlTemplate\":\"https:\/\/www.africa-press.net\/cotedivoire\/?s={search_term_string}\"},\"query-input\":{\"@type\":\"PropertyValueSpecification\",\"valueRequired\":true,\"valueName\":\"search_term_string\"}}],\"inLanguage\":\"fr-FR\"},{\"@type\":\"Person\",\"@id\":\"https:\/\/www.africa-press.net\/cotedivoire\/#\/schema\/person\/2b1cf3cd81a31e3cd26889ca66d677f1\",\"name\":\"cfeditorfr\"}]}<\/script>\n<!-- \/ Yoast SEO Premium plugin. -->","yoast_head_json":{"title":"Yopougon C\u00e9l\u00e8bre la Victoire d'Ouattara avec Concert - C\u00f4te d&#039;Ivoire","description":"La commune de Yopougon pre\u0301pare une grande fe\u0302te populaire pour saluer la re\u0301e\u0301lection du pre\u0301sident Alassane Ouattara. ...","robots":{"index":"index","follow":"follow","max-snippet":"max-snippet:-1","max-image-preview":"max-image-preview:large","max-video-preview":"max-video-preview:-1"},"canonical":"https:\/\/www.africa-press.net\/cotedivoire\/politique\/yopougon-celebre-la-victoire-douattara-avec-concert","og_locale":"fr_FR","og_type":"article","og_title":"Yopougon C\u00e9l\u00e8bre la Victoire d'Ouattara avec Concert","og_description":"La commune de Yopougon pre\u0301pare une grande fe\u0302te populaire pour saluer la re\u0301e\u0301lection du pre\u0301sident Alassane Ouattara. ...","og_url":"https:\/\/www.africa-press.net\/cotedivoire\/politique\/yopougon-celebre-la-victoire-douattara-avec-concert","og_site_name":"C\u00f4te d&#039;Ivoire","article_published_time":"2025-11-29T14:30:07+00:00","article_modified_time":"2025-11-29T15:08:38+00:00","og_image":[{"width":720,"height":354,"url":"https:\/\/static.africa-press.net\/cote\/sites\/43\/2025\/11\/sm_1764416294.260499.jpg","type":"image\/jpeg"}],"author":"cfeditorfr","twitter_card":"summary_large_image","twitter_misc":{"\u00c9crit par":"cfeditorfr","Dur\u00e9e de lecture estim\u00e9e":"1 minute"},"schema":{"@context":"https:\/\/schema.org","@graph":[{"@type":"Article","@id":"https:\/\/www.africa-press.net\/cotedivoire\/politique\/yopougon-celebre-la-victoire-douattara-avec-concert#article","isPartOf":{"@id":"https:\/\/www.africa-press.net\/cotedivoire\/politique\/yopougon-celebre-la-victoire-douattara-avec-concert"},"author":{"name":"cfeditorfr","@id":"https:\/\/www.africa-press.net\/cotedivoire\/#\/schema\/person\/2b1cf3cd81a31e3cd26889ca66d677f1"},"headline":"Yopougon C\u00e9l\u00e8bre la Victoire d&rsquo;Ouattara avec Concert","datePublished":"2025-11-29T14:30:07+00:00","dateModified":"2025-11-29T15:08:38+00:00","mainEntityOfPage":{"@id":"https:\/\/www.africa-press.net\/cotedivoire\/politique\/yopougon-celebre-la-victoire-douattara-avec-concert"},"wordCount":266,"commentCount":0,"image":{"@id":"https:\/\/www.africa-press.net\/cotedivoire\/politique\/yopougon-celebre-la-victoire-douattara-avec-concert#primaryimage"},"thumbnailUrl":"https:\/\/static.africa-press.net\/cote\/sites\/43\/2025\/11\/sm_1764416294.260499.jpg","keywords":["ADO","concert","C\u00d4TE D'IVOIRE","\u00c9lection 2025","Ficgayo","gratuit","Politique","RHDP","Yopougon"],"articleSection":["Politique","Toutes les actualit\u00e9s"],"inLanguage":"fr-FR","potentialAction":[{"@type":"CommentAction","name":"Comment","target":["https:\/\/www.africa-press.net\/cotedivoire\/politique\/yopougon-celebre-la-victoire-douattara-avec-concert#respond"]}]},{"@type":"WebPage","@id":"https:\/\/www.africa-press.net\/cotedivoire\/politique\/yopougon-celebre-la-victoire-douattara-avec-concert","url":"https:\/\/www.africa-press.net\/cotedivoire\/politique\/yopougon-celebre-la-victoire-douattara-avec-concert","name":"Yopougon C\u00e9l\u00e8bre la Victoire d'Ouattara avec Concert - C\u00f4te d&#039;Ivoire","isPartOf":{"@id":"https:\/\/www.africa-press.net\/cotedivoire\/#website"},"primaryImageOfPage":{"@id":"https:\/\/www.africa-press.net\/cotedivoire\/politique\/yopougon-celebre-la-victoire-douattara-avec-concert#primaryimage"},"image":{"@id":"https:\/\/www.africa-press.net\/cotedivoire\/politique\/yopougon-celebre-la-victoire-douattara-avec-concert#primaryimage"},"thumbnailUrl":"https:\/\/static.africa-press.net\/cote\/sites\/43\/2025\/11\/sm_1764416294.260499.jpg","datePublished":"2025-11-29T14:30:07+00:00","dateModified":"2025-11-29T15:08:38+00:00","author":{"@id":"https:\/\/www.africa-press.net\/cotedivoire\/#\/schema\/person\/2b1cf3cd81a31e3cd26889ca66d677f1"},"description":"La commune de Yopougon pre\u0301pare une grande fe\u0302te populaire pour saluer la re\u0301e\u0301lection du pre\u0301sident Alassane Ouattara. ...","breadcrumb":{"@id":"https:\/\/www.africa-press.net\/cotedivoire\/politique\/yopougon-celebre-la-victoire-douattara-avec-concert#breadcrumb"},"inLanguage":"fr-FR","potentialAction":[{"@type":"ReadAction","target":["https:\/\/www.africa-press.net\/cotedivoire\/politique\/yopougon-celebre-la-victoire-douattara-avec-concert"]}]},{"@type":"ImageObject","inLanguage":"fr-FR","@id":"https:\/\/www.africa-press.net\/cotedivoire\/politique\/yopougon-celebre-la-victoire-douattara-avec-concert#primaryimage","url":"https:\/\/static.africa-press.net\/cote\/sites\/43\/2025\/11\/sm_1764416294.260499.jpg","contentUrl":"https:\/\/static.africa-press.net\/cote\/sites\/43\/2025\/11\/sm_1764416294.260499.jpg","width":720,"height":354,"caption":"Yopougon C\u00e9l\u00e8bre la Victoire d'Ouattara avec Concert"},{"@type":"BreadcrumbList","@id":"https:\/\/www.africa-press.net\/cotedivoire\/politique\/yopougon-celebre-la-victoire-douattara-avec-concert#breadcrumb","itemListElement":[{"@type":"ListItem","position":1,"name":"Accueil","item":"https:\/\/www.africa-press.net\/cotedivoire\/"},{"@type":"ListItem","position":2,"name":"Yopougon C\u00e9l\u00e8bre la Victoire d&#8217;Ouattara avec Concert"}]},{"@type":"WebSite","@id":"https:\/\/www.africa-press.net\/cotedivoire\/#website","url":"https:\/\/www.africa-press.net\/cotedivoire\/","name":"C\u00f4te d&#039;Ivoire","description":"Just another Africa News Agency Sites site","potentialAction":[{"@type":"SearchAction","target":{"@type":"EntryPoint","urlTemplate":"https:\/\/www.africa-press.net\/cotedivoire\/?s={search_term_string}"},"query-input":{"@type":"PropertyValueSpecification","valueRequired":true,"valueName":"search_term_string"}}],"inLanguage":"fr-FR"},{"@type":"Person","@id":"https:\/\/www.africa-press.net\/cotedivoire\/#\/schema\/person\/2b1cf3cd81a31e3cd26889ca66d677f1","name":"cfeditorfr"}]}},"_links":{"self":[{"href":"https:\/\/www.africa-press.net\/cotedivoire\/wp-json\/wp\/v2\/posts\/109460","targetHints":{"allow":["GET"]}}],"collection":[{"href":"https:\/\/www.africa-press.net\/cotedivoire\/wp-json\/wp\/v2\/posts"}],"about":[{"href":"https:\/\/www.africa-press.net\/cotedivoire\/wp-json\/wp\/v2\/types\/post"}],"author":[{"embeddable":true,"href":"https:\/\/www.africa-press.net\/cotedivoire\/wp-json\/wp\/v2\/users\/82"}],"replies":[{"embeddable":true,"href":"https:\/\/www.africa-press.net\/cotedivoire\/wp-json\/wp\/v2\/comments?post=109460"}],"version-history":[{"count":0,"href":"https:\/\/www.africa-press.net\/cotedivoire\/wp-json\/wp\/v2\/posts\/109460\/revisions"}],"wp:featuredmedia":[{"embeddable":true,"href":"https:\/\/www.africa-press.net\/cotedivoire\/wp-json\/wp\/v2\/media\/109459"}],"wp:attachment":[{"href":"https:\/\/www.africa-press.net\/cotedivoire\/wp-json\/wp\/v2\/media?parent=109460"}],"wp:term":[{"taxonomy":"category","embeddable":true,"href":"https:\/\/www.africa-press.net\/cotedivoire\/wp-json\/wp\/v2\/categories?post=109460"},{"taxonomy":"post_tag","embeddable":true,"href":"https:\/\/www.africa-press.net\/cotedivoire\/wp-json\/wp\/v2\/tags?post=109460"}],"curies":[{"name":"wp","href":"https:\/\/api.w.org\/{rel}","templated":true}]}}