{"id":10948,"date":"2021-08-07T09:39:33","date_gmt":"2021-08-07T09:39:33","guid":{"rendered":"https:\/\/www.africa-press.net\/cotedivoire\/?p=10948"},"modified":"2021-08-08T18:24:22","modified_gmt":"2021-08-08T18:24:22","slug":"fpi-cote-divoire-konate-navigue-lache-affi-je-ne-peux-pas-et-je-ne-veux-pas-affronter-le-president-gbagbo","status":"publish","type":"post","link":"https:\/\/www.africa-press.net\/cotedivoire\/politique\/fpi-cote-divoire-konate-navigue-lache-affi-je-ne-peux-pas-et-je-ne-veux-pas-affronter-le-president-gbagbo","title":{"rendered":"FPI\/C\u00f4te-d\u2019Ivoire: Konat\u00e9 Navigu\u00e9 l\u00e2che Affi \u00ab\u00a0je ne peux pas et je ne veux pas affronter le Pr\u00e9sident Gbagbo\u00a0\u00bb"},"content":{"rendered":"<p><span style=\"color: #ff6600\"><strong><a href=\"https:\/\/www.africa-press.net\/\">Africa-Press<\/a> &#8211; <a href=\"https:\/\/www.africa-press.net\/cotedivoire\">C\u00f4te d&rsquo;Ivoire<\/a>. <\/strong><\/span>D\u00e9claration de Konat\u00e9 Navigu\u00e9, vice-president du Front Populaire Ivoirien, version Affi N\u2019Guessan<\/p>\n<p>\u00bb\u2026Je viens de prendre une d\u00e9cision grave dans ma carri\u00e8re politique. Je me suis battu corps et \u00e2me, contre vents et marr\u00e9es pour qu\u2019on \u00e9vite la rupture entre le pr\u00e9sident Affi et le pr\u00e9sident LG. En vain, puisque nous constatons tous la rupture. Ce moment l\u00e0, je ne le voulais pas du tout. En politique, la rupture signifie l\u2019affrontement.<\/p>\n<p>J\u2019ai donc pris la d\u00e9cision d\u2019abandonner mes charges au niveau de la direction du parti. J\u2019en ai inform\u00e9 le pr\u00e9sident du parti qui en a pris acte. Je lui ai expliqu\u00e9 que pour ce que le pr\u00e9sident LG a fait pour moi politiquement et socialement, je ne peux pas et je ne veux pas l\u2019affronter.<\/p>\n<p>Ce n\u2019est pas un manque de courage, mais une conception de la vie, un principe. Je ne commettrai jamais le parricide quelles que soient les circonstances , le temps et le lieu. Mon ascension politique et ma situation sociale, je les dois au pr\u00e9sident LG. Donc jamais je ne vais l\u2019affronter. De m\u00eame, je ne vais jamais vilipender le pr\u00e9sident AFFI dans ma trajectoire politique pour ce qu\u2019il a incarn\u00e9 pour moi durant des d\u00e9cennies. Je le connais depuis 1995 et c\u2019est un homme correct.<\/p>\n<p>D\u2019ailleurs je continuerai de le solliciter. Mais les circonstances de la vie m\u2019obligent \u00e0 prendre une d\u00e9cision et je l\u2019ai prise difficilement\u2026 \u00bb<\/p>\n<p>&nbsp;<\/p>\n","protected":false},"excerpt":{"rendered":"<p>Africa-Press &#8211; C\u00f4te d&rsquo;Ivoire. D\u00e9claration de Konat\u00e9 Navigu\u00e9, vice-president du Front Populaire Ivoirien, version Affi N\u2019Guessan \u00bb\u2026Je viens de prendre une d\u00e9cision grave dans ma carri\u00e8re politique. Je me suis battu corps et \u00e2me, contre vents et marr\u00e9es pour qu\u2019on \u00e9vite la rupture entre le pr\u00e9sident Affi et le pr\u00e9sident LG. En vain, puisque nous [&hellip;]<\/p>\n","protected":false},"author":82,"featured_media":10947,"comment_status":"open","ping_status":"closed","sticky":false,"template":"","format":"standard","meta":{"footnotes":""},"categories":[11,2,20,10],"tags":[56,63,29],"class_list":["post-10948","post","type-post","status-publish","format-standard","has-post-thumbnail","hentry","category-homepage-french","category-politique","category-top-nouvelles","category-toutes-les-actualites","tag-africa-press","tag-africa-press-cote-divoire","tag-cote-divoire"],"yoast_head":"<!-- This site is optimized with the Yoast SEO Premium plugin v26.1 (Yoast SEO v27.0) - https:\/\/yoast.com\/product\/yoast-seo-premium-wordpress\/ -->\n<title>FPI\/C\u00f4te-d\u2019Ivoire: Konat\u00e9 Navigu\u00e9 l\u00e2che Affi \u00ab\u00a0je ne peux pas et je ne veux pas affronter le Pr\u00e9sident Gbagbo\u00a0\u00bb - C\u00f4te d&#039;Ivoire<\/title>\n<meta name=\"description\" content=\"D\u00e9claration de Konat\u00e9 Navigu\u00e9, vice-president du Front Populaire Ivoirien, version Affi N\u2019Guessan \u00bb\u2026Je viens de prendre ...\" \/>\n<meta name=\"robots\" content=\"index, follow, max-snippet:-1, max-image-preview:large, max-video-preview:-1\" \/>\n<link rel=\"canonical\" href=\"https:\/\/www.africa-press.net\/cotedivoire\/politique\/fpi-cote-divoire-konate-navigue-lache-affi-je-ne-peux-pas-et-je-ne-veux-pas-affronter-le-president-gbagbo\" \/>\n<meta property=\"og:locale\" content=\"fr_FR\" \/>\n<meta property=\"og:type\" content=\"article\" \/>\n<meta property=\"og:title\" content=\"FPI\/C\u00f4te-d\u2019Ivoire: Konat\u00e9 Navigu\u00e9 l\u00e2che Affi \u00ab\u00a0je ne peux pas et je ne veux pas affronter le Pr\u00e9sident Gbagbo\u00a0\u00bb\" \/>\n<meta property=\"og:description\" content=\"D\u00e9claration de Konat\u00e9 Navigu\u00e9, vice-president du Front Populaire Ivoirien, version Affi N\u2019Guessan \u00bb\u2026Je viens de prendre ...\" \/>\n<meta property=\"og:url\" content=\"https:\/\/www.africa-press.net\/cotedivoire\/politique\/fpi-cote-divoire-konate-navigue-lache-affi-je-ne-peux-pas-et-je-ne-veux-pas-affronter-le-president-gbagbo\" \/>\n<meta property=\"og:site_name\" content=\"C\u00f4te d&#039;Ivoire\" \/>\n<meta property=\"article:published_time\" content=\"2021-08-07T09:39:33+00:00\" \/>\n<meta property=\"article:modified_time\" content=\"2021-08-08T18:24:22+00:00\" \/>\n<meta property=\"og:image\" content=\"https:\/\/static.africa-press.net\/cote\/sites\/43\/2021\/08\/img-610e4eb1c4c65.jpg\" \/>\n\t<meta property=\"og:image:width\" content=\"720\" \/>\n\t<meta property=\"og:image:height\" content=\"373\" \/>\n\t<meta property=\"og:image:type\" content=\"image\/jpeg\" \/>\n<meta name=\"author\" content=\"cfeditorfr\" \/>\n<meta name=\"twitter:card\" content=\"summary_large_image\" \/>\n<meta name=\"twitter:label1\" content=\"\u00c9crit par\" \/>\n\t<meta name=\"twitter:data1\" content=\"cfeditorfr\" \/>\n\t<meta name=\"twitter:label2\" content=\"Dur\u00e9e de lecture estim\u00e9e\" \/>\n\t<meta name=\"twitter:data2\" content=\"2 minutes\" \/>\n<script type=\"application\/ld+json\" class=\"yoast-schema-graph\">{\"@context\":\"https:\/\/schema.org\",\"@graph\":[{\"@type\":\"Article\",\"@id\":\"https:\/\/www.africa-press.net\/cotedivoire\/politique\/fpi-cote-divoire-konate-navigue-lache-affi-je-ne-peux-pas-et-je-ne-veux-pas-affronter-le-president-gbagbo#article\",\"isPartOf\":{\"@id\":\"https:\/\/www.africa-press.net\/cotedivoire\/politique\/fpi-cote-divoire-konate-navigue-lache-affi-je-ne-peux-pas-et-je-ne-veux-pas-affronter-le-president-gbagbo\"},\"author\":{\"name\":\"cfeditorfr\",\"@id\":\"https:\/\/www.africa-press.net\/cotedivoire\/#\/schema\/person\/2b1cf3cd81a31e3cd26889ca66d677f1\"},\"headline\":\"FPI\/C\u00f4te-d\u2019Ivoire: Konat\u00e9 Navigu\u00e9 l\u00e2che Affi \u00ab\u00a0je ne peux pas et je ne veux pas affronter le Pr\u00e9sident Gbagbo\u00a0\u00bb\",\"datePublished\":\"2021-08-07T09:39:33+00:00\",\"dateModified\":\"2021-08-08T18:24:22+00:00\",\"mainEntityOfPage\":{\"@id\":\"https:\/\/www.africa-press.net\/cotedivoire\/politique\/fpi-cote-divoire-konate-navigue-lache-affi-je-ne-peux-pas-et-je-ne-veux-pas-affronter-le-president-gbagbo\"},\"wordCount\":288,\"commentCount\":0,\"image\":{\"@id\":\"https:\/\/www.africa-press.net\/cotedivoire\/politique\/fpi-cote-divoire-konate-navigue-lache-affi-je-ne-peux-pas-et-je-ne-veux-pas-affronter-le-president-gbagbo#primaryimage\"},\"thumbnailUrl\":\"https:\/\/static.africa-press.net\/cote\/sites\/43\/2021\/08\/img-610e4eb1c4c65.jpg\",\"keywords\":[\"Africa Press\",\"Africa Press-C\u00f4te d'Ivoire\",\"C\u00d4TE D'IVOIRE\"],\"articleSection\":[\"homepage-french\",\"Politique\",\"Top Nouvelles\",\"Toutes les actualit\u00e9s\"],\"inLanguage\":\"fr-FR\",\"potentialAction\":[{\"@type\":\"CommentAction\",\"name\":\"Comment\",\"target\":[\"https:\/\/www.africa-press.net\/cotedivoire\/politique\/fpi-cote-divoire-konate-navigue-lache-affi-je-ne-peux-pas-et-je-ne-veux-pas-affronter-le-president-gbagbo#respond\"]}]},{\"@type\":\"WebPage\",\"@id\":\"https:\/\/www.africa-press.net\/cotedivoire\/politique\/fpi-cote-divoire-konate-navigue-lache-affi-je-ne-peux-pas-et-je-ne-veux-pas-affronter-le-president-gbagbo\",\"url\":\"https:\/\/www.africa-press.net\/cotedivoire\/politique\/fpi-cote-divoire-konate-navigue-lache-affi-je-ne-peux-pas-et-je-ne-veux-pas-affronter-le-president-gbagbo\",\"name\":\"FPI\/C\u00f4te-d\u2019Ivoire: Konat\u00e9 Navigu\u00e9 l\u00e2che Affi \u00ab\u00a0je ne peux pas et je ne veux pas affronter le Pr\u00e9sident Gbagbo\u00a0\u00bb - C\u00f4te d&#039;Ivoire\",\"isPartOf\":{\"@id\":\"https:\/\/www.africa-press.net\/cotedivoire\/#website\"},\"primaryImageOfPage\":{\"@id\":\"https:\/\/www.africa-press.net\/cotedivoire\/politique\/fpi-cote-divoire-konate-navigue-lache-affi-je-ne-peux-pas-et-je-ne-veux-pas-affronter-le-president-gbagbo#primaryimage\"},\"image\":{\"@id\":\"https:\/\/www.africa-press.net\/cotedivoire\/politique\/fpi-cote-divoire-konate-navigue-lache-affi-je-ne-peux-pas-et-je-ne-veux-pas-affronter-le-president-gbagbo#primaryimage\"},\"thumbnailUrl\":\"https:\/\/static.africa-press.net\/cote\/sites\/43\/2021\/08\/img-610e4eb1c4c65.jpg\",\"datePublished\":\"2021-08-07T09:39:33+00:00\",\"dateModified\":\"2021-08-08T18:24:22+00:00\",\"author\":{\"@id\":\"https:\/\/www.africa-press.net\/cotedivoire\/#\/schema\/person\/2b1cf3cd81a31e3cd26889ca66d677f1\"},\"description\":\"D\u00e9claration de Konat\u00e9 Navigu\u00e9, vice-president du Front Populaire Ivoirien, version Affi N\u2019Guessan \u00bb\u2026Je viens de prendre ...\",\"breadcrumb\":{\"@id\":\"https:\/\/www.africa-press.net\/cotedivoire\/politique\/fpi-cote-divoire-konate-navigue-lache-affi-je-ne-peux-pas-et-je-ne-veux-pas-affronter-le-president-gbagbo#breadcrumb\"},\"inLanguage\":\"fr-FR\",\"potentialAction\":[{\"@type\":\"ReadAction\",\"target\":[\"https:\/\/www.africa-press.net\/cotedivoire\/politique\/fpi-cote-divoire-konate-navigue-lache-affi-je-ne-peux-pas-et-je-ne-veux-pas-affronter-le-president-gbagbo\"]}]},{\"@type\":\"ImageObject\",\"inLanguage\":\"fr-FR\",\"@id\":\"https:\/\/www.africa-press.net\/cotedivoire\/politique\/fpi-cote-divoire-konate-navigue-lache-affi-je-ne-peux-pas-et-je-ne-veux-pas-affronter-le-president-gbagbo#primaryimage\",\"url\":\"https:\/\/static.africa-press.net\/cote\/sites\/43\/2021\/08\/img-610e4eb1c4c65.jpg\",\"contentUrl\":\"https:\/\/static.africa-press.net\/cote\/sites\/43\/2021\/08\/img-610e4eb1c4c65.jpg\",\"width\":720,\"height\":373,\"caption\":\"FPI\/C\u00f4te-d\u2019Ivoire: Konat\u00e9 Navigu\u00e9 l\u00e2che Affi \u00ab\u00a0je ne peux pas et je ne veux pas affronter le Pr\u00e9sident Gbagbo\u00a0\u00bb\"},{\"@type\":\"BreadcrumbList\",\"@id\":\"https:\/\/www.africa-press.net\/cotedivoire\/politique\/fpi-cote-divoire-konate-navigue-lache-affi-je-ne-peux-pas-et-je-ne-veux-pas-affronter-le-president-gbagbo#breadcrumb\",\"itemListElement\":[{\"@type\":\"ListItem\",\"position\":1,\"name\":\"Accueil\",\"item\":\"https:\/\/www.africa-press.net\/cotedivoire\/\"},{\"@type\":\"ListItem\",\"position\":2,\"name\":\"FPI\/C\u00f4te-d\u2019Ivoire: Konat\u00e9 Navigu\u00e9 l\u00e2che Affi \u00ab\u00a0je ne peux pas et je ne veux pas affronter le Pr\u00e9sident Gbagbo\u00a0\u00bb\"}]},{\"@type\":\"WebSite\",\"@id\":\"https:\/\/www.africa-press.net\/cotedivoire\/#website\",\"url\":\"https:\/\/www.africa-press.net\/cotedivoire\/\",\"name\":\"C\u00f4te d&#039;Ivoire\",\"description\":\"Just another Africa News Agency Sites site\",\"potentialAction\":[{\"@type\":\"SearchAction\",\"target\":{\"@type\":\"EntryPoint\",\"urlTemplate\":\"https:\/\/www.africa-press.net\/cotedivoire\/?s={search_term_string}\"},\"query-input\":{\"@type\":\"PropertyValueSpecification\",\"valueRequired\":true,\"valueName\":\"search_term_string\"}}],\"inLanguage\":\"fr-FR\"},{\"@type\":\"Person\",\"@id\":\"https:\/\/www.africa-press.net\/cotedivoire\/#\/schema\/person\/2b1cf3cd81a31e3cd26889ca66d677f1\",\"name\":\"cfeditorfr\"}]}<\/script>\n<!-- \/ Yoast SEO Premium plugin. -->","yoast_head_json":{"title":"FPI\/C\u00f4te-d\u2019Ivoire: Konat\u00e9 Navigu\u00e9 l\u00e2che Affi \u00ab\u00a0je ne peux pas et je ne veux pas affronter le Pr\u00e9sident Gbagbo\u00a0\u00bb - C\u00f4te d&#039;Ivoire","description":"D\u00e9claration de Konat\u00e9 Navigu\u00e9, vice-president du Front Populaire Ivoirien, version Affi N\u2019Guessan \u00bb\u2026Je viens de prendre ...","robots":{"index":"index","follow":"follow","max-snippet":"max-snippet:-1","max-image-preview":"max-image-preview:large","max-video-preview":"max-video-preview:-1"},"canonical":"https:\/\/www.africa-press.net\/cotedivoire\/politique\/fpi-cote-divoire-konate-navigue-lache-affi-je-ne-peux-pas-et-je-ne-veux-pas-affronter-le-president-gbagbo","og_locale":"fr_FR","og_type":"article","og_title":"FPI\/C\u00f4te-d\u2019Ivoire: Konat\u00e9 Navigu\u00e9 l\u00e2che Affi \u00ab\u00a0je ne peux pas et je ne veux pas affronter le Pr\u00e9sident Gbagbo\u00a0\u00bb","og_description":"D\u00e9claration de Konat\u00e9 Navigu\u00e9, vice-president du Front Populaire Ivoirien, version Affi N\u2019Guessan \u00bb\u2026Je viens de prendre ...","og_url":"https:\/\/www.africa-press.net\/cotedivoire\/politique\/fpi-cote-divoire-konate-navigue-lache-affi-je-ne-peux-pas-et-je-ne-veux-pas-affronter-le-president-gbagbo","og_site_name":"C\u00f4te d&#039;Ivoire","article_published_time":"2021-08-07T09:39:33+00:00","article_modified_time":"2021-08-08T18:24:22+00:00","og_image":[{"width":720,"height":373,"url":"https:\/\/static.africa-press.net\/cote\/sites\/43\/2021\/08\/img-610e4eb1c4c65.jpg","type":"image\/jpeg"}],"author":"cfeditorfr","twitter_card":"summary_large_image","twitter_misc":{"\u00c9crit par":"cfeditorfr","Dur\u00e9e de lecture estim\u00e9e":"2 minutes"},"schema":{"@context":"https:\/\/schema.org","@graph":[{"@type":"Article","@id":"https:\/\/www.africa-press.net\/cotedivoire\/politique\/fpi-cote-divoire-konate-navigue-lache-affi-je-ne-peux-pas-et-je-ne-veux-pas-affronter-le-president-gbagbo#article","isPartOf":{"@id":"https:\/\/www.africa-press.net\/cotedivoire\/politique\/fpi-cote-divoire-konate-navigue-lache-affi-je-ne-peux-pas-et-je-ne-veux-pas-affronter-le-president-gbagbo"},"author":{"name":"cfeditorfr","@id":"https:\/\/www.africa-press.net\/cotedivoire\/#\/schema\/person\/2b1cf3cd81a31e3cd26889ca66d677f1"},"headline":"FPI\/C\u00f4te-d\u2019Ivoire: Konat\u00e9 Navigu\u00e9 l\u00e2che Affi \u00ab\u00a0je ne peux pas et je ne veux pas affronter le Pr\u00e9sident Gbagbo\u00a0\u00bb","datePublished":"2021-08-07T09:39:33+00:00","dateModified":"2021-08-08T18:24:22+00:00","mainEntityOfPage":{"@id":"https:\/\/www.africa-press.net\/cotedivoire\/politique\/fpi-cote-divoire-konate-navigue-lache-affi-je-ne-peux-pas-et-je-ne-veux-pas-affronter-le-president-gbagbo"},"wordCount":288,"commentCount":0,"image":{"@id":"https:\/\/www.africa-press.net\/cotedivoire\/politique\/fpi-cote-divoire-konate-navigue-lache-affi-je-ne-peux-pas-et-je-ne-veux-pas-affronter-le-president-gbagbo#primaryimage"},"thumbnailUrl":"https:\/\/static.africa-press.net\/cote\/sites\/43\/2021\/08\/img-610e4eb1c4c65.jpg","keywords":["Africa Press","Africa Press-C\u00f4te d'Ivoire","C\u00d4TE D'IVOIRE"],"articleSection":["homepage-french","Politique","Top Nouvelles","Toutes les actualit\u00e9s"],"inLanguage":"fr-FR","potentialAction":[{"@type":"CommentAction","name":"Comment","target":["https:\/\/www.africa-press.net\/cotedivoire\/politique\/fpi-cote-divoire-konate-navigue-lache-affi-je-ne-peux-pas-et-je-ne-veux-pas-affronter-le-president-gbagbo#respond"]}]},{"@type":"WebPage","@id":"https:\/\/www.africa-press.net\/cotedivoire\/politique\/fpi-cote-divoire-konate-navigue-lache-affi-je-ne-peux-pas-et-je-ne-veux-pas-affronter-le-president-gbagbo","url":"https:\/\/www.africa-press.net\/cotedivoire\/politique\/fpi-cote-divoire-konate-navigue-lache-affi-je-ne-peux-pas-et-je-ne-veux-pas-affronter-le-president-gbagbo","name":"FPI\/C\u00f4te-d\u2019Ivoire: Konat\u00e9 Navigu\u00e9 l\u00e2che Affi \u00ab\u00a0je ne peux pas et je ne veux pas affronter le Pr\u00e9sident Gbagbo\u00a0\u00bb - C\u00f4te d&#039;Ivoire","isPartOf":{"@id":"https:\/\/www.africa-press.net\/cotedivoire\/#website"},"primaryImageOfPage":{"@id":"https:\/\/www.africa-press.net\/cotedivoire\/politique\/fpi-cote-divoire-konate-navigue-lache-affi-je-ne-peux-pas-et-je-ne-veux-pas-affronter-le-president-gbagbo#primaryimage"},"image":{"@id":"https:\/\/www.africa-press.net\/cotedivoire\/politique\/fpi-cote-divoire-konate-navigue-lache-affi-je-ne-peux-pas-et-je-ne-veux-pas-affronter-le-president-gbagbo#primaryimage"},"thumbnailUrl":"https:\/\/static.africa-press.net\/cote\/sites\/43\/2021\/08\/img-610e4eb1c4c65.jpg","datePublished":"2021-08-07T09:39:33+00:00","dateModified":"2021-08-08T18:24:22+00:00","author":{"@id":"https:\/\/www.africa-press.net\/cotedivoire\/#\/schema\/person\/2b1cf3cd81a31e3cd26889ca66d677f1"},"description":"D\u00e9claration de Konat\u00e9 Navigu\u00e9, vice-president du Front Populaire Ivoirien, version Affi N\u2019Guessan \u00bb\u2026Je viens de prendre ...","breadcrumb":{"@id":"https:\/\/www.africa-press.net\/cotedivoire\/politique\/fpi-cote-divoire-konate-navigue-lache-affi-je-ne-peux-pas-et-je-ne-veux-pas-affronter-le-president-gbagbo#breadcrumb"},"inLanguage":"fr-FR","potentialAction":[{"@type":"ReadAction","target":["https:\/\/www.africa-press.net\/cotedivoire\/politique\/fpi-cote-divoire-konate-navigue-lache-affi-je-ne-peux-pas-et-je-ne-veux-pas-affronter-le-president-gbagbo"]}]},{"@type":"ImageObject","inLanguage":"fr-FR","@id":"https:\/\/www.africa-press.net\/cotedivoire\/politique\/fpi-cote-divoire-konate-navigue-lache-affi-je-ne-peux-pas-et-je-ne-veux-pas-affronter-le-president-gbagbo#primaryimage","url":"https:\/\/static.africa-press.net\/cote\/sites\/43\/2021\/08\/img-610e4eb1c4c65.jpg","contentUrl":"https:\/\/static.africa-press.net\/cote\/sites\/43\/2021\/08\/img-610e4eb1c4c65.jpg","width":720,"height":373,"caption":"FPI\/C\u00f4te-d\u2019Ivoire: Konat\u00e9 Navigu\u00e9 l\u00e2che Affi \u00ab\u00a0je ne peux pas et je ne veux pas affronter le Pr\u00e9sident Gbagbo\u00a0\u00bb"},{"@type":"BreadcrumbList","@id":"https:\/\/www.africa-press.net\/cotedivoire\/politique\/fpi-cote-divoire-konate-navigue-lache-affi-je-ne-peux-pas-et-je-ne-veux-pas-affronter-le-president-gbagbo#breadcrumb","itemListElement":[{"@type":"ListItem","position":1,"name":"Accueil","item":"https:\/\/www.africa-press.net\/cotedivoire\/"},{"@type":"ListItem","position":2,"name":"FPI\/C\u00f4te-d\u2019Ivoire: Konat\u00e9 Navigu\u00e9 l\u00e2che Affi \u00ab\u00a0je ne peux pas et je ne veux pas affronter le Pr\u00e9sident Gbagbo\u00a0\u00bb"}]},{"@type":"WebSite","@id":"https:\/\/www.africa-press.net\/cotedivoire\/#website","url":"https:\/\/www.africa-press.net\/cotedivoire\/","name":"C\u00f4te d&#039;Ivoire","description":"Just another Africa News Agency Sites site","potentialAction":[{"@type":"SearchAction","target":{"@type":"EntryPoint","urlTemplate":"https:\/\/www.africa-press.net\/cotedivoire\/?s={search_term_string}"},"query-input":{"@type":"PropertyValueSpecification","valueRequired":true,"valueName":"search_term_string"}}],"inLanguage":"fr-FR"},{"@type":"Person","@id":"https:\/\/www.africa-press.net\/cotedivoire\/#\/schema\/person\/2b1cf3cd81a31e3cd26889ca66d677f1","name":"cfeditorfr"}]}},"_links":{"self":[{"href":"https:\/\/www.africa-press.net\/cotedivoire\/wp-json\/wp\/v2\/posts\/10948","targetHints":{"allow":["GET"]}}],"collection":[{"href":"https:\/\/www.africa-press.net\/cotedivoire\/wp-json\/wp\/v2\/posts"}],"about":[{"href":"https:\/\/www.africa-press.net\/cotedivoire\/wp-json\/wp\/v2\/types\/post"}],"author":[{"embeddable":true,"href":"https:\/\/www.africa-press.net\/cotedivoire\/wp-json\/wp\/v2\/users\/82"}],"replies":[{"embeddable":true,"href":"https:\/\/www.africa-press.net\/cotedivoire\/wp-json\/wp\/v2\/comments?post=10948"}],"version-history":[{"count":0,"href":"https:\/\/www.africa-press.net\/cotedivoire\/wp-json\/wp\/v2\/posts\/10948\/revisions"}],"wp:featuredmedia":[{"embeddable":true,"href":"https:\/\/www.africa-press.net\/cotedivoire\/wp-json\/wp\/v2\/media\/10947"}],"wp:attachment":[{"href":"https:\/\/www.africa-press.net\/cotedivoire\/wp-json\/wp\/v2\/media?parent=10948"}],"wp:term":[{"taxonomy":"category","embeddable":true,"href":"https:\/\/www.africa-press.net\/cotedivoire\/wp-json\/wp\/v2\/categories?post=10948"},{"taxonomy":"post_tag","embeddable":true,"href":"https:\/\/www.africa-press.net\/cotedivoire\/wp-json\/wp\/v2\/tags?post=10948"}],"curies":[{"name":"wp","href":"https:\/\/api.w.org\/{rel}","templated":true}]}}