{"id":10951,"date":"2021-08-07T09:44:03","date_gmt":"2021-08-07T09:44:03","guid":{"rendered":"https:\/\/www.africa-press.net\/cotedivoire\/?p=10951"},"modified":"2021-08-08T18:24:24","modified_gmt":"2021-08-08T18:24:24","slug":"le-chef-de-letat-sadressera-a-la-nation-ce-vendredi-6-aout-veille-de-la-fete-dindependance","status":"publish","type":"post","link":"https:\/\/www.africa-press.net\/cotedivoire\/politique\/le-chef-de-letat-sadressera-a-la-nation-ce-vendredi-6-aout-veille-de-la-fete-dindependance","title":{"rendered":"Le chef de l\u2019\u00c9tat s\u2019adressera \u00e0 la Nation ce vendredi 6 ao\u00fbt, veille de la f\u00eate \u00ab\u00a0d\u2019ind\u00e9pendance\u00a0\u00bb"},"content":{"rendered":"<p><span style=\"color: #ff6600\"><strong><a href=\"https:\/\/www.africa-press.net\/\">Africa-Press<\/a> &#8211; <a href=\"https:\/\/www.africa-press.net\/cotedivoire\">C\u00f4te d&rsquo;Ivoire<\/a>. <\/strong><\/span>Comme il est de coutume, chaque ann\u00e9e, \u00e0 la veille de la c\u00e9l\u00e9bration de l\u2019ind\u00e9pendance, le Pr\u00e9sident de la R\u00e9publique, Alassane Ouattara, s\u2019adressera, ce soir, \u00e0 ses compatriotes. Message tr\u00e8s attendu parce que c\u2019est la premi\u00e8re c\u00e9l\u00e9bration du nouveau quinquennat du Chef de l\u2019\u00c9tat. Message tr\u00e8s attendu parce qu\u2019il arrive apr\u00e8s de nombreux \u00e9v\u00e9nements, principalement la rencontre entre le Chef de l\u2019\u00c9tat et l\u2019ancien Pr\u00e9sident Laurent Gbagbo qui, de l\u2019avis des observateurs du marigot politique ivoirien, est un grand pas dans le processus de r\u00e9conciliation en cours depuis 2011. Le Chef de l\u2019\u00c9tat fera le point sur l\u2019\u00e9volution de la nation. Il parlera certainement de macro et micro-\u00e9conomie. Des actions sociales du gouvernement et, surtout, de r\u00e9conciliation. Sur les questions \u00e9conomiques, Alassane Ouattara dressera le bilan de la premi\u00e8re ann\u00e9e de son quinquennat. Un bilan, somme toute positif, il faut le reconna\u00eetre, malgr\u00e9 la pand\u00e9mie de coronavirus qui a frein\u00e9 la croissance dans le monde entier. Le confinement a eu pour effet imm\u00e9diat de ralentir les \u00e9changes mondiaux et donc de gripper fortement l\u2019\u00e9conomie des pays. Dans cette p\u00e9riode, le pays a d\u00e9montr\u00e9 toute sa r\u00e9silience. \u2018\u2019Gr\u00e2ce \u00e0 la forte croissance \u00e9conomique des ann\u00e9es pr\u00e9c\u00e9dentes, la C\u00f4te d\u2019Ivoire est entr\u00e9e dans la crise en position de force, mais la r\u00e9cession mondiale et l\u2019\u00e9volution incertaine de la pand\u00e9mie sur le plan local ralentiront le progr\u00e8s en 2020. La croissance ivoirienne devrait ralentir, passant d\u2019environ 7 % \u00e0 pr\u00e8s de 1.8 % en 2020, cons\u00e9quence directe de la pand\u00e9mie de coronavirus sur l\u2019\u00e9conomie du pays. Apr\u00e8s l\u2019apparition des premiers cas positifs de Covid-19 sur le territoire national, le gouvernement ivoirien a mis assez rapidement en \u0153uvre des mesures de confinement et a renforc\u00e9 ses capacit\u00e9s de gestion de la crise\u2019\u2019, peut-on lire dans un rapport de la Banque mondiale. Cette institution annonce aussi que l\u2019\u00e9conomie ivoirienne devrait se redresser cette ann\u00e9e, gr\u00e2ce \u00e0 une demande int\u00e9rieure solide et des exportations stables. A cela, il faut ajouter que trois agences de notation, des plus cr\u00e9dibles (Standard &amp; Poor\u2019s, Moody\u2019s et Fitch Rating) ont confirm\u00e9 la bonne sant\u00e9 \u00e9conomique de la C\u00f4te d\u2019Ivoire. Le Chef de l\u2019\u00c9tat pourrait d\u00e9tailler la bonne performance de l\u2019\u00e9conomie.<\/p>\n<p>Il pourrait aussi \u00e9voquer la question de la vie ch\u00e8re. Lors du Conseil des ministres du 21 juillet, le gouvernement avait pris huit mesures importantes pour stopper la flamb\u00e9e des prix sur les march\u00e9s : \u2018\u2019la tenue de rencontres sectorielles avec les diff\u00e9rents acteurs \u00e9conomiques, fili\u00e8re par fili\u00e8re, en vue de trouver des solutions afin de contenir la hausse des prix sur le panier de la m\u00e9nag\u00e8re ; l\u2019encadrement des prix du riz, de l\u2019huile de palme raffin\u00e9e, de la viande de b\u0153uf et de la farine ; le renforcement de la surveillance du march\u00e9, notamment le contr\u00f4le de l\u2019affichage des prix et des prix r\u00e9glement\u00e9s ; l\u2019intensification de la communication sur les prix et les actions men\u00e9es dans le cadre de la lutte contre la vie ch\u00e8re ; la r\u00e9vision de la norme NI sur le pain en vue de la prise en compte des intrants locaux, notamment le manioc, le ma\u00efs et l\u2019igname ; la facilitation du retour des bouviers qui convoient le b\u00e9tail du Mali et du Burkina Faso vers la C\u00f4te d\u2019Ivoire ; l\u2019installation de comit\u00e9s locaux de lutte contre la vie ch\u00e8re ; le renforcement de la lutte contre le racket sous toutes ses formes\u2019\u2019. Sur ce sujet, le Pr\u00e9sident Ouattara rassurera ses concitoyens quant \u00e0 l\u2019engagement de l\u2019\u00c9tat \u00e0 trouver des solutions \u00e0 tous leurs probl\u00e8mes. Sur les actions sociales, il pourrait parler de la lutte contre la pauvret\u00e9, avec les filets sociaux qui permettent \u00e0 des Ivoiriens d\u2019entreprendre des activit\u00e9s g\u00e9n\u00e9ratrices de revenus. Dans la lutte contre la pauvret\u00e9, de nombreux efforts ont \u00e9t\u00e9 consentis par le gouvernement. Selon la Banque mondiale, \u2018\u2019la C\u00f4te d\u2019Ivoire a fait un l\u00e9ger bond dans le classement de l\u2019indice du capital humain (0,38). La pauvret\u00e9 y est en net recul, passant de 46,3% en 2015 \u00e0 39,4% en 2020\u2019\u2019. Le Chef de l\u2019\u00c9tat \u00e9voquera la lutte contre la maladie \u00e0 coronavirus qui semble revenir en force. La C\u00f4te d\u2019Ivoire a entam\u00e9 sa campagne de vaccination. Plus d\u2019un million de personnes se sont d\u00e9j\u00e0 fait vacciner. Il appellera ses compatriotes \u00e0 respecter les mesures barri\u00e8res. La question de la r\u00e9conciliation sera certainement abord\u00e9e dans son message \u00e0 la nation.<\/p>\n<p>Depuis sa rencontre avec Laurent Gbagbo, on parle de plus en plus de grands pas faits dans le processus de r\u00e9conciliation. Il faut dire que depuis 2011, le Pr\u00e9sident Ouattara a lanc\u00e9 le processus de r\u00e9conciliation. De nombreux instruments ont \u00e9t\u00e9 mis en place pour faciliter le retour de tous ceux qui avaient trouv\u00e9 refuge dans les pays voisins, au lendemain de la crise post-\u00e9lectorale. Ces instruments ont aussi permis \u00e0 de nombreux proches de Laurent Gbagbo, malgr\u00e9 leur implication dans la crise post-\u00e9lectorale, de retrouver leur place dans l\u2019administration et dans les autres fonctions. Le Pr\u00e9sident pourrait faire le point sur le processus de r\u00e9conciliation. Comme il est \u00e9galemnt de coutume, il pourrait annoncer la lib\u00e9ration de certains prisonniers. Lesquels ? Nous le saurons ce soir .<\/p>\n<p>&nbsp;<\/p>\n","protected":false},"excerpt":{"rendered":"<p>Africa-Press &#8211; C\u00f4te d&rsquo;Ivoire. Comme il est de coutume, chaque ann\u00e9e, \u00e0 la veille de la c\u00e9l\u00e9bration de l\u2019ind\u00e9pendance, le Pr\u00e9sident de la R\u00e9publique, Alassane Ouattara, s\u2019adressera, ce soir, \u00e0 ses compatriotes. Message tr\u00e8s attendu parce que c\u2019est la premi\u00e8re c\u00e9l\u00e9bration du nouveau quinquennat du Chef de l\u2019\u00c9tat. Message tr\u00e8s attendu parce qu\u2019il arrive apr\u00e8s [&hellip;]<\/p>\n","protected":false},"author":82,"featured_media":10950,"comment_status":"open","ping_status":"closed","sticky":false,"template":"","format":"standard","meta":{"footnotes":""},"categories":[11,2,10],"tags":[56,63,29],"class_list":["post-10951","post","type-post","status-publish","format-standard","has-post-thumbnail","hentry","category-homepage-french","category-politique","category-toutes-les-actualites","tag-africa-press","tag-africa-press-cote-divoire","tag-cote-divoire"],"yoast_head":"<!-- This site is optimized with the Yoast SEO Premium plugin v26.1 (Yoast SEO v27.0) - https:\/\/yoast.com\/product\/yoast-seo-premium-wordpress\/ -->\n<title>Le chef de l\u2019\u00c9tat s\u2019adressera \u00e0 la Nation ce vendredi 6 ao\u00fbt, veille de la f\u00eate \u00ab\u00a0d\u2019ind\u00e9pendance\u00a0\u00bb - C\u00f4te d&#039;Ivoire<\/title>\n<meta name=\"description\" content=\"Comme il est de coutume, chaque ann\u00e9e, \u00e0 la veille de la c\u00e9l\u00e9bration de l\u2019ind\u00e9pendance, le Pr\u00e9sident de la R\u00e9publique, A ...\" \/>\n<meta name=\"robots\" content=\"index, follow, max-snippet:-1, max-image-preview:large, max-video-preview:-1\" \/>\n<link rel=\"canonical\" href=\"https:\/\/www.africa-press.net\/cotedivoire\/politique\/le-chef-de-letat-sadressera-a-la-nation-ce-vendredi-6-aout-veille-de-la-fete-dindependance\" \/>\n<meta property=\"og:locale\" content=\"fr_FR\" \/>\n<meta property=\"og:type\" content=\"article\" \/>\n<meta property=\"og:title\" content=\"Le chef de l\u2019\u00c9tat s\u2019adressera \u00e0 la Nation ce vendredi 6 ao\u00fbt, veille de la f\u00eate \u00ab\u00a0d\u2019ind\u00e9pendance\u00a0\u00bb\" \/>\n<meta property=\"og:description\" content=\"Comme il est de coutume, chaque ann\u00e9e, \u00e0 la veille de la c\u00e9l\u00e9bration de l\u2019ind\u00e9pendance, le Pr\u00e9sident de la R\u00e9publique, A ...\" \/>\n<meta property=\"og:url\" content=\"https:\/\/www.africa-press.net\/cotedivoire\/politique\/le-chef-de-letat-sadressera-a-la-nation-ce-vendredi-6-aout-veille-de-la-fete-dindependance\" \/>\n<meta property=\"og:site_name\" content=\"C\u00f4te d&#039;Ivoire\" \/>\n<meta property=\"article:published_time\" content=\"2021-08-07T09:44:03+00:00\" \/>\n<meta property=\"article:modified_time\" content=\"2021-08-08T18:24:24+00:00\" \/>\n<meta property=\"og:image\" content=\"https:\/\/static.africa-press.net\/cote\/sites\/43\/2021\/08\/img-610e4ecfc859f.jpg\" \/>\n\t<meta property=\"og:image:width\" content=\"720\" \/>\n\t<meta property=\"og:image:height\" content=\"480\" \/>\n\t<meta property=\"og:image:type\" content=\"image\/jpeg\" \/>\n<meta name=\"author\" content=\"cfeditorfr\" \/>\n<meta name=\"twitter:card\" content=\"summary_large_image\" \/>\n<meta name=\"twitter:label1\" content=\"\u00c9crit par\" \/>\n\t<meta name=\"twitter:data1\" content=\"cfeditorfr\" \/>\n\t<meta name=\"twitter:label2\" content=\"Dur\u00e9e de lecture estim\u00e9e\" \/>\n\t<meta name=\"twitter:data2\" content=\"5 minutes\" \/>\n<script type=\"application\/ld+json\" class=\"yoast-schema-graph\">{\"@context\":\"https:\/\/schema.org\",\"@graph\":[{\"@type\":\"Article\",\"@id\":\"https:\/\/www.africa-press.net\/cotedivoire\/politique\/le-chef-de-letat-sadressera-a-la-nation-ce-vendredi-6-aout-veille-de-la-fete-dindependance#article\",\"isPartOf\":{\"@id\":\"https:\/\/www.africa-press.net\/cotedivoire\/politique\/le-chef-de-letat-sadressera-a-la-nation-ce-vendredi-6-aout-veille-de-la-fete-dindependance\"},\"author\":{\"name\":\"cfeditorfr\",\"@id\":\"https:\/\/www.africa-press.net\/cotedivoire\/#\/schema\/person\/2b1cf3cd81a31e3cd26889ca66d677f1\"},\"headline\":\"Le chef de l\u2019\u00c9tat s\u2019adressera \u00e0 la Nation ce vendredi 6 ao\u00fbt, veille de la f\u00eate \u00ab\u00a0d\u2019ind\u00e9pendance\u00a0\u00bb\",\"datePublished\":\"2021-08-07T09:44:03+00:00\",\"dateModified\":\"2021-08-08T18:24:24+00:00\",\"mainEntityOfPage\":{\"@id\":\"https:\/\/www.africa-press.net\/cotedivoire\/politique\/le-chef-de-letat-sadressera-a-la-nation-ce-vendredi-6-aout-veille-de-la-fete-dindependance\"},\"wordCount\":963,\"commentCount\":0,\"image\":{\"@id\":\"https:\/\/www.africa-press.net\/cotedivoire\/politique\/le-chef-de-letat-sadressera-a-la-nation-ce-vendredi-6-aout-veille-de-la-fete-dindependance#primaryimage\"},\"thumbnailUrl\":\"https:\/\/static.africa-press.net\/cote\/sites\/43\/2021\/08\/img-610e4ecfc859f.jpg\",\"keywords\":[\"Africa Press\",\"Africa Press-C\u00f4te d'Ivoire\",\"C\u00d4TE D'IVOIRE\"],\"articleSection\":[\"homepage-french\",\"Politique\",\"Toutes les actualit\u00e9s\"],\"inLanguage\":\"fr-FR\",\"potentialAction\":[{\"@type\":\"CommentAction\",\"name\":\"Comment\",\"target\":[\"https:\/\/www.africa-press.net\/cotedivoire\/politique\/le-chef-de-letat-sadressera-a-la-nation-ce-vendredi-6-aout-veille-de-la-fete-dindependance#respond\"]}]},{\"@type\":\"WebPage\",\"@id\":\"https:\/\/www.africa-press.net\/cotedivoire\/politique\/le-chef-de-letat-sadressera-a-la-nation-ce-vendredi-6-aout-veille-de-la-fete-dindependance\",\"url\":\"https:\/\/www.africa-press.net\/cotedivoire\/politique\/le-chef-de-letat-sadressera-a-la-nation-ce-vendredi-6-aout-veille-de-la-fete-dindependance\",\"name\":\"Le chef de l\u2019\u00c9tat s\u2019adressera \u00e0 la Nation ce vendredi 6 ao\u00fbt, veille de la f\u00eate \u00ab\u00a0d\u2019ind\u00e9pendance\u00a0\u00bb - C\u00f4te d&#039;Ivoire\",\"isPartOf\":{\"@id\":\"https:\/\/www.africa-press.net\/cotedivoire\/#website\"},\"primaryImageOfPage\":{\"@id\":\"https:\/\/www.africa-press.net\/cotedivoire\/politique\/le-chef-de-letat-sadressera-a-la-nation-ce-vendredi-6-aout-veille-de-la-fete-dindependance#primaryimage\"},\"image\":{\"@id\":\"https:\/\/www.africa-press.net\/cotedivoire\/politique\/le-chef-de-letat-sadressera-a-la-nation-ce-vendredi-6-aout-veille-de-la-fete-dindependance#primaryimage\"},\"thumbnailUrl\":\"https:\/\/static.africa-press.net\/cote\/sites\/43\/2021\/08\/img-610e4ecfc859f.jpg\",\"datePublished\":\"2021-08-07T09:44:03+00:00\",\"dateModified\":\"2021-08-08T18:24:24+00:00\",\"author\":{\"@id\":\"https:\/\/www.africa-press.net\/cotedivoire\/#\/schema\/person\/2b1cf3cd81a31e3cd26889ca66d677f1\"},\"description\":\"Comme il est de coutume, chaque ann\u00e9e, \u00e0 la veille de la c\u00e9l\u00e9bration de l\u2019ind\u00e9pendance, le Pr\u00e9sident de la R\u00e9publique, A ...\",\"breadcrumb\":{\"@id\":\"https:\/\/www.africa-press.net\/cotedivoire\/politique\/le-chef-de-letat-sadressera-a-la-nation-ce-vendredi-6-aout-veille-de-la-fete-dindependance#breadcrumb\"},\"inLanguage\":\"fr-FR\",\"potentialAction\":[{\"@type\":\"ReadAction\",\"target\":[\"https:\/\/www.africa-press.net\/cotedivoire\/politique\/le-chef-de-letat-sadressera-a-la-nation-ce-vendredi-6-aout-veille-de-la-fete-dindependance\"]}]},{\"@type\":\"ImageObject\",\"inLanguage\":\"fr-FR\",\"@id\":\"https:\/\/www.africa-press.net\/cotedivoire\/politique\/le-chef-de-letat-sadressera-a-la-nation-ce-vendredi-6-aout-veille-de-la-fete-dindependance#primaryimage\",\"url\":\"https:\/\/static.africa-press.net\/cote\/sites\/43\/2021\/08\/img-610e4ecfc859f.jpg\",\"contentUrl\":\"https:\/\/static.africa-press.net\/cote\/sites\/43\/2021\/08\/img-610e4ecfc859f.jpg\",\"width\":720,\"height\":480,\"caption\":\"Le chef de l\u2019\u00c9tat s\u2019adressera \u00e0 la Nation ce vendredi 6 ao\u00fbt, veille de la f\u00eate \u00ab\u00a0d\u2019ind\u00e9pendance\u00a0\u00bb\"},{\"@type\":\"BreadcrumbList\",\"@id\":\"https:\/\/www.africa-press.net\/cotedivoire\/politique\/le-chef-de-letat-sadressera-a-la-nation-ce-vendredi-6-aout-veille-de-la-fete-dindependance#breadcrumb\",\"itemListElement\":[{\"@type\":\"ListItem\",\"position\":1,\"name\":\"Accueil\",\"item\":\"https:\/\/www.africa-press.net\/cotedivoire\/\"},{\"@type\":\"ListItem\",\"position\":2,\"name\":\"Le chef de l\u2019\u00c9tat s\u2019adressera \u00e0 la Nation ce vendredi 6 ao\u00fbt, veille de la f\u00eate \u00ab\u00a0d\u2019ind\u00e9pendance\u00a0\u00bb\"}]},{\"@type\":\"WebSite\",\"@id\":\"https:\/\/www.africa-press.net\/cotedivoire\/#website\",\"url\":\"https:\/\/www.africa-press.net\/cotedivoire\/\",\"name\":\"C\u00f4te d&#039;Ivoire\",\"description\":\"Just another Africa News Agency Sites site\",\"potentialAction\":[{\"@type\":\"SearchAction\",\"target\":{\"@type\":\"EntryPoint\",\"urlTemplate\":\"https:\/\/www.africa-press.net\/cotedivoire\/?s={search_term_string}\"},\"query-input\":{\"@type\":\"PropertyValueSpecification\",\"valueRequired\":true,\"valueName\":\"search_term_string\"}}],\"inLanguage\":\"fr-FR\"},{\"@type\":\"Person\",\"@id\":\"https:\/\/www.africa-press.net\/cotedivoire\/#\/schema\/person\/2b1cf3cd81a31e3cd26889ca66d677f1\",\"name\":\"cfeditorfr\"}]}<\/script>\n<!-- \/ Yoast SEO Premium plugin. -->","yoast_head_json":{"title":"Le chef de l\u2019\u00c9tat s\u2019adressera \u00e0 la Nation ce vendredi 6 ao\u00fbt, veille de la f\u00eate \u00ab\u00a0d\u2019ind\u00e9pendance\u00a0\u00bb - C\u00f4te d&#039;Ivoire","description":"Comme il est de coutume, chaque ann\u00e9e, \u00e0 la veille de la c\u00e9l\u00e9bration de l\u2019ind\u00e9pendance, le Pr\u00e9sident de la R\u00e9publique, A ...","robots":{"index":"index","follow":"follow","max-snippet":"max-snippet:-1","max-image-preview":"max-image-preview:large","max-video-preview":"max-video-preview:-1"},"canonical":"https:\/\/www.africa-press.net\/cotedivoire\/politique\/le-chef-de-letat-sadressera-a-la-nation-ce-vendredi-6-aout-veille-de-la-fete-dindependance","og_locale":"fr_FR","og_type":"article","og_title":"Le chef de l\u2019\u00c9tat s\u2019adressera \u00e0 la Nation ce vendredi 6 ao\u00fbt, veille de la f\u00eate \u00ab\u00a0d\u2019ind\u00e9pendance\u00a0\u00bb","og_description":"Comme il est de coutume, chaque ann\u00e9e, \u00e0 la veille de la c\u00e9l\u00e9bration de l\u2019ind\u00e9pendance, le Pr\u00e9sident de la R\u00e9publique, A ...","og_url":"https:\/\/www.africa-press.net\/cotedivoire\/politique\/le-chef-de-letat-sadressera-a-la-nation-ce-vendredi-6-aout-veille-de-la-fete-dindependance","og_site_name":"C\u00f4te d&#039;Ivoire","article_published_time":"2021-08-07T09:44:03+00:00","article_modified_time":"2021-08-08T18:24:24+00:00","og_image":[{"width":720,"height":480,"url":"https:\/\/static.africa-press.net\/cote\/sites\/43\/2021\/08\/img-610e4ecfc859f.jpg","type":"image\/jpeg"}],"author":"cfeditorfr","twitter_card":"summary_large_image","twitter_misc":{"\u00c9crit par":"cfeditorfr","Dur\u00e9e de lecture estim\u00e9e":"5 minutes"},"schema":{"@context":"https:\/\/schema.org","@graph":[{"@type":"Article","@id":"https:\/\/www.africa-press.net\/cotedivoire\/politique\/le-chef-de-letat-sadressera-a-la-nation-ce-vendredi-6-aout-veille-de-la-fete-dindependance#article","isPartOf":{"@id":"https:\/\/www.africa-press.net\/cotedivoire\/politique\/le-chef-de-letat-sadressera-a-la-nation-ce-vendredi-6-aout-veille-de-la-fete-dindependance"},"author":{"name":"cfeditorfr","@id":"https:\/\/www.africa-press.net\/cotedivoire\/#\/schema\/person\/2b1cf3cd81a31e3cd26889ca66d677f1"},"headline":"Le chef de l\u2019\u00c9tat s\u2019adressera \u00e0 la Nation ce vendredi 6 ao\u00fbt, veille de la f\u00eate \u00ab\u00a0d\u2019ind\u00e9pendance\u00a0\u00bb","datePublished":"2021-08-07T09:44:03+00:00","dateModified":"2021-08-08T18:24:24+00:00","mainEntityOfPage":{"@id":"https:\/\/www.africa-press.net\/cotedivoire\/politique\/le-chef-de-letat-sadressera-a-la-nation-ce-vendredi-6-aout-veille-de-la-fete-dindependance"},"wordCount":963,"commentCount":0,"image":{"@id":"https:\/\/www.africa-press.net\/cotedivoire\/politique\/le-chef-de-letat-sadressera-a-la-nation-ce-vendredi-6-aout-veille-de-la-fete-dindependance#primaryimage"},"thumbnailUrl":"https:\/\/static.africa-press.net\/cote\/sites\/43\/2021\/08\/img-610e4ecfc859f.jpg","keywords":["Africa Press","Africa Press-C\u00f4te d'Ivoire","C\u00d4TE D'IVOIRE"],"articleSection":["homepage-french","Politique","Toutes les actualit\u00e9s"],"inLanguage":"fr-FR","potentialAction":[{"@type":"CommentAction","name":"Comment","target":["https:\/\/www.africa-press.net\/cotedivoire\/politique\/le-chef-de-letat-sadressera-a-la-nation-ce-vendredi-6-aout-veille-de-la-fete-dindependance#respond"]}]},{"@type":"WebPage","@id":"https:\/\/www.africa-press.net\/cotedivoire\/politique\/le-chef-de-letat-sadressera-a-la-nation-ce-vendredi-6-aout-veille-de-la-fete-dindependance","url":"https:\/\/www.africa-press.net\/cotedivoire\/politique\/le-chef-de-letat-sadressera-a-la-nation-ce-vendredi-6-aout-veille-de-la-fete-dindependance","name":"Le chef de l\u2019\u00c9tat s\u2019adressera \u00e0 la Nation ce vendredi 6 ao\u00fbt, veille de la f\u00eate \u00ab\u00a0d\u2019ind\u00e9pendance\u00a0\u00bb - C\u00f4te d&#039;Ivoire","isPartOf":{"@id":"https:\/\/www.africa-press.net\/cotedivoire\/#website"},"primaryImageOfPage":{"@id":"https:\/\/www.africa-press.net\/cotedivoire\/politique\/le-chef-de-letat-sadressera-a-la-nation-ce-vendredi-6-aout-veille-de-la-fete-dindependance#primaryimage"},"image":{"@id":"https:\/\/www.africa-press.net\/cotedivoire\/politique\/le-chef-de-letat-sadressera-a-la-nation-ce-vendredi-6-aout-veille-de-la-fete-dindependance#primaryimage"},"thumbnailUrl":"https:\/\/static.africa-press.net\/cote\/sites\/43\/2021\/08\/img-610e4ecfc859f.jpg","datePublished":"2021-08-07T09:44:03+00:00","dateModified":"2021-08-08T18:24:24+00:00","author":{"@id":"https:\/\/www.africa-press.net\/cotedivoire\/#\/schema\/person\/2b1cf3cd81a31e3cd26889ca66d677f1"},"description":"Comme il est de coutume, chaque ann\u00e9e, \u00e0 la veille de la c\u00e9l\u00e9bration de l\u2019ind\u00e9pendance, le Pr\u00e9sident de la R\u00e9publique, A ...","breadcrumb":{"@id":"https:\/\/www.africa-press.net\/cotedivoire\/politique\/le-chef-de-letat-sadressera-a-la-nation-ce-vendredi-6-aout-veille-de-la-fete-dindependance#breadcrumb"},"inLanguage":"fr-FR","potentialAction":[{"@type":"ReadAction","target":["https:\/\/www.africa-press.net\/cotedivoire\/politique\/le-chef-de-letat-sadressera-a-la-nation-ce-vendredi-6-aout-veille-de-la-fete-dindependance"]}]},{"@type":"ImageObject","inLanguage":"fr-FR","@id":"https:\/\/www.africa-press.net\/cotedivoire\/politique\/le-chef-de-letat-sadressera-a-la-nation-ce-vendredi-6-aout-veille-de-la-fete-dindependance#primaryimage","url":"https:\/\/static.africa-press.net\/cote\/sites\/43\/2021\/08\/img-610e4ecfc859f.jpg","contentUrl":"https:\/\/static.africa-press.net\/cote\/sites\/43\/2021\/08\/img-610e4ecfc859f.jpg","width":720,"height":480,"caption":"Le chef de l\u2019\u00c9tat s\u2019adressera \u00e0 la Nation ce vendredi 6 ao\u00fbt, veille de la f\u00eate \u00ab\u00a0d\u2019ind\u00e9pendance\u00a0\u00bb"},{"@type":"BreadcrumbList","@id":"https:\/\/www.africa-press.net\/cotedivoire\/politique\/le-chef-de-letat-sadressera-a-la-nation-ce-vendredi-6-aout-veille-de-la-fete-dindependance#breadcrumb","itemListElement":[{"@type":"ListItem","position":1,"name":"Accueil","item":"https:\/\/www.africa-press.net\/cotedivoire\/"},{"@type":"ListItem","position":2,"name":"Le chef de l\u2019\u00c9tat s\u2019adressera \u00e0 la Nation ce vendredi 6 ao\u00fbt, veille de la f\u00eate \u00ab\u00a0d\u2019ind\u00e9pendance\u00a0\u00bb"}]},{"@type":"WebSite","@id":"https:\/\/www.africa-press.net\/cotedivoire\/#website","url":"https:\/\/www.africa-press.net\/cotedivoire\/","name":"C\u00f4te d&#039;Ivoire","description":"Just another Africa News Agency Sites site","potentialAction":[{"@type":"SearchAction","target":{"@type":"EntryPoint","urlTemplate":"https:\/\/www.africa-press.net\/cotedivoire\/?s={search_term_string}"},"query-input":{"@type":"PropertyValueSpecification","valueRequired":true,"valueName":"search_term_string"}}],"inLanguage":"fr-FR"},{"@type":"Person","@id":"https:\/\/www.africa-press.net\/cotedivoire\/#\/schema\/person\/2b1cf3cd81a31e3cd26889ca66d677f1","name":"cfeditorfr"}]}},"_links":{"self":[{"href":"https:\/\/www.africa-press.net\/cotedivoire\/wp-json\/wp\/v2\/posts\/10951","targetHints":{"allow":["GET"]}}],"collection":[{"href":"https:\/\/www.africa-press.net\/cotedivoire\/wp-json\/wp\/v2\/posts"}],"about":[{"href":"https:\/\/www.africa-press.net\/cotedivoire\/wp-json\/wp\/v2\/types\/post"}],"author":[{"embeddable":true,"href":"https:\/\/www.africa-press.net\/cotedivoire\/wp-json\/wp\/v2\/users\/82"}],"replies":[{"embeddable":true,"href":"https:\/\/www.africa-press.net\/cotedivoire\/wp-json\/wp\/v2\/comments?post=10951"}],"version-history":[{"count":0,"href":"https:\/\/www.africa-press.net\/cotedivoire\/wp-json\/wp\/v2\/posts\/10951\/revisions"}],"wp:featuredmedia":[{"embeddable":true,"href":"https:\/\/www.africa-press.net\/cotedivoire\/wp-json\/wp\/v2\/media\/10950"}],"wp:attachment":[{"href":"https:\/\/www.africa-press.net\/cotedivoire\/wp-json\/wp\/v2\/media?parent=10951"}],"wp:term":[{"taxonomy":"category","embeddable":true,"href":"https:\/\/www.africa-press.net\/cotedivoire\/wp-json\/wp\/v2\/categories?post=10951"},{"taxonomy":"post_tag","embeddable":true,"href":"https:\/\/www.africa-press.net\/cotedivoire\/wp-json\/wp\/v2\/tags?post=10951"}],"curies":[{"name":"wp","href":"https:\/\/api.w.org\/{rel}","templated":true}]}}