{"id":109529,"date":"2025-11-30T15:44:02","date_gmt":"2025-11-30T15:44:02","guid":{"rendered":"https:\/\/www.africa-press.net\/cotedivoire\/politique\/unjci-annonce-12%e1%b5%89-congres-ordinaire-pour-2026"},"modified":"2025-11-30T16:15:56","modified_gmt":"2025-11-30T16:15:56","slug":"unjci-annonce-12%e1%b5%89-congres-ordinaire-pour-2026","status":"publish","type":"post","link":"https:\/\/www.africa-press.net\/cotedivoire\/culture-et-art\/unjci-annonce-12%e1%b5%89-congres-ordinaire-pour-2026","title":{"rendered":"UNJCI Annonce 12\u1d49 Congr\u00e8s Ordinaire Pour 2026"},"content":{"rendered":"<p><span style=\"color: #ff6600\"><strong>Africa-Press &#8211; C\u00f4te d&rsquo;Ivoire. <\/strong><\/span>Le 12e Congre\u0300s ordinaire de l\u2019Union Nationale des Journalistes de Co\u0302te d\u2019Ivoire (UNJCI) se tiendra le samedi 14 fe\u0301vrier 2026 a\u0300 la Maison de la Presse d&rsquo;Abidjan (MPA). L\u2019annonce a e\u0301te\u0301 faite a\u0300 l\u2019issue d\u2019une re\u0301union conjointe du Conseil Exe\u0301cutif et du Conseil d\u2019Administration, tenue le mercredi 26 novembre 2025, de 11h30 a\u0300 12h22, au sie\u0300ge de l\u2019institution.<\/p>\n<p>Re\u0301uni dans un climat de travail constructif, le Conseil d\u2019Administration (CA) de l\u2019UNJCI a officiellement communique\u0301 la date de cette importante rencontre statutaire, qui marque un moment cle\u0301 de la vie de l\u2019organisation.<\/p>\n<p>Selon le communique\u0301 signe\u0301 le 27 novembre 2025 par le pre\u0301sident du Conseil d&rsquo;Administration, Bertin N\u2019Guessan, les organes dirigeants de l\u2019UNJCI sont actuellement mobilise\u0301s pour finaliser les modalite\u0301s pratiques du congre\u0300s.<\/p>\n<p>Alors que les de\u0301tails concernant l\u2019heure d\u2019ouverture et le de\u0301roule\u0301 complet de la journe\u0301e seront communique\u0301s ulte\u0301rieurement, le CA invite de\u0301ja\u0300 l\u2019ensemble des cons\u0153urs et confre\u0300res membres de l\u2019Union a\u0300 \u0153uvrer pour la re\u0301ussite d\u2019un congre\u0300s \u00ab apaise\u0301, convivial et festif \u00bb.<\/p>\n<p>Cette exhortation traduit la volonte\u0301 des instances dirigeantes de faire de ce 12e Congre\u0300s une rencontre rassembleuse, place\u0301e sous le signe de la cohe\u0301sion professionnelle et de la consolidation des acquis de l\u2019organisation.<\/p>\n<p>Cet e\u0301ve\u0301nement constituera un moment fort pour les journalistes ivoiriens, en ce qu\u2019il permettra d\u2019e\u0301valuer les actions mene\u0301es, d\u2019examiner les perspectives futures et de re\u0301affirmer les engagements de l\u2019Union face aux de\u0301fis du paysage me\u0301diatique national.<\/p>\n<p>Le rendez-vous est donc pris pour le 14 fe\u0301vrier 2026, date a\u0300 laquelle membres, acteurs du secteur et partenaires sont attendus a\u0300 la Maison de la Presse d\u2019Abidjan pour e\u0301crire une nouvelle page de l\u2019histoire de l\u2019UNJCI.<\/p>\n<p><strong>Pour plus d&rsquo;informations et d&rsquo;analyses sur la <span style=\"color: #ff6600\">C\u00f4te d&rsquo;Ivoire<\/span>, suivez <span style=\"color: #ff6600\">Africa-Press<\/span><\/strong><\/p>\n","protected":false},"excerpt":{"rendered":"<p>Africa-Press &#8211; C\u00f4te d&rsquo;Ivoire. Le 12e Congre\u0300s ordinaire de l\u2019Union Nationale des Journalistes de Co\u0302te d\u2019Ivoire (UNJCI) se tiendra le samedi 14 fe\u0301vrier 2026 a\u0300 la Maison de la Presse d&rsquo;Abidjan (MPA). L\u2019annonce a e\u0301te\u0301 faite a\u0300 l\u2019issue d\u2019une re\u0301union conjointe du Conseil Exe\u0301cutif et du Conseil d\u2019Administration, tenue le mercredi 26 novembre 2025, de [&hellip;]<\/p>\n","protected":false},"author":82,"featured_media":109528,"comment_status":"open","ping_status":"closed","sticky":false,"template":"","format":"standard","meta":{"footnotes":""},"categories":[5,10],"tags":[30,1125,2987,663,29,4436,4958,92,4064,5152,6403],"class_list":["post-109529","post","type-post","status-publish","format-standard","has-post-thumbnail","hentry","category-culture-et-art","category-toutes-les-actualites","tag-abidjan","tag-association","tag-communication","tag-congres","tag-cote-divoire","tag-journalistes","tag-maison","tag-medias","tag-professionnelle","tag-reunion","tag-unjci"],"yoast_head":"<!-- This site is optimized with the Yoast SEO Premium plugin v26.1 (Yoast SEO v27.0) - https:\/\/yoast.com\/product\/yoast-seo-premium-wordpress\/ -->\n<title>UNJCI Annonce 12\u1d49 Congr\u00e8s Ordinaire Pour 2026 - C\u00f4te d&#039;Ivoire<\/title>\n<meta name=\"description\" content=\"Le 12e Congre\u0300s ordinaire de l\u2019Union Nationale des Journalistes de Co\u0302te d\u2019Ivoire (UNJCI) se tiendra le samedi 14 fe\u0301vri ...\" \/>\n<meta name=\"robots\" content=\"index, follow, max-snippet:-1, max-image-preview:large, max-video-preview:-1\" \/>\n<link rel=\"canonical\" href=\"https:\/\/www.africa-press.net\/cotedivoire\/culture-et-art\/unjci-annonce-12\u1d49-congres-ordinaire-pour-2026\" \/>\n<meta property=\"og:locale\" content=\"fr_FR\" \/>\n<meta property=\"og:type\" content=\"article\" \/>\n<meta property=\"og:title\" content=\"UNJCI Annonce 12\u1d49 Congr\u00e8s Ordinaire Pour 2026\" \/>\n<meta property=\"og:description\" content=\"Le 12e Congre\u0300s ordinaire de l\u2019Union Nationale des Journalistes de Co\u0302te d\u2019Ivoire (UNJCI) se tiendra le samedi 14 fe\u0301vri ...\" \/>\n<meta property=\"og:url\" content=\"https:\/\/www.africa-press.net\/cotedivoire\/culture-et-art\/unjci-annonce-12\u1d49-congres-ordinaire-pour-2026\" \/>\n<meta property=\"og:site_name\" content=\"C\u00f4te d&#039;Ivoire\" \/>\n<meta property=\"article:published_time\" content=\"2025-11-30T15:44:02+00:00\" \/>\n<meta property=\"article:modified_time\" content=\"2025-11-30T16:15:56+00:00\" \/>\n<meta property=\"og:image\" content=\"https:\/\/static.africa-press.net\/cote\/sites\/43\/2025\/11\/sm_1764506727.772452.jpg\" \/>\n\t<meta property=\"og:image:width\" content=\"720\" \/>\n\t<meta property=\"og:image:height\" content=\"480\" \/>\n\t<meta property=\"og:image:type\" content=\"image\/jpeg\" \/>\n<meta name=\"author\" content=\"cfeditorfr\" \/>\n<meta name=\"twitter:card\" content=\"summary_large_image\" \/>\n<meta name=\"twitter:label1\" content=\"\u00c9crit par\" \/>\n\t<meta name=\"twitter:data1\" content=\"cfeditorfr\" \/>\n\t<meta name=\"twitter:label2\" content=\"Dur\u00e9e de lecture estim\u00e9e\" \/>\n\t<meta name=\"twitter:data2\" content=\"2 minutes\" \/>\n<script type=\"application\/ld+json\" class=\"yoast-schema-graph\">{\"@context\":\"https:\/\/schema.org\",\"@graph\":[{\"@type\":\"Article\",\"@id\":\"https:\/\/www.africa-press.net\/cotedivoire\/culture-et-art\/unjci-annonce-12%e1%b5%89-congres-ordinaire-pour-2026#article\",\"isPartOf\":{\"@id\":\"https:\/\/www.africa-press.net\/cotedivoire\/culture-et-art\/unjci-annonce-12%e1%b5%89-congres-ordinaire-pour-2026\"},\"author\":{\"name\":\"cfeditorfr\",\"@id\":\"https:\/\/www.africa-press.net\/cotedivoire\/#\/schema\/person\/2b1cf3cd81a31e3cd26889ca66d677f1\"},\"headline\":\"UNJCI Annonce 12\u1d49 Congr\u00e8s Ordinaire Pour 2026\",\"datePublished\":\"2025-11-30T15:44:02+00:00\",\"dateModified\":\"2025-11-30T16:15:56+00:00\",\"mainEntityOfPage\":{\"@id\":\"https:\/\/www.africa-press.net\/cotedivoire\/culture-et-art\/unjci-annonce-12%e1%b5%89-congres-ordinaire-pour-2026\"},\"wordCount\":348,\"commentCount\":0,\"image\":{\"@id\":\"https:\/\/www.africa-press.net\/cotedivoire\/culture-et-art\/unjci-annonce-12%e1%b5%89-congres-ordinaire-pour-2026#primaryimage\"},\"thumbnailUrl\":\"https:\/\/static.africa-press.net\/cote\/sites\/43\/2025\/11\/sm_1764506727.772452.jpg\",\"keywords\":[\"Abidjan\",\"association\",\"COMMUNICATION\",\"congr\u00e8s\",\"C\u00d4TE D'IVOIRE\",\"journalistes\",\"maison\",\"M\u00e9dias\",\"professionnelle\",\"r\u00e9union\",\"UNJCI\"],\"articleSection\":[\"Culture et Art\",\"Toutes les actualit\u00e9s\"],\"inLanguage\":\"fr-FR\",\"potentialAction\":[{\"@type\":\"CommentAction\",\"name\":\"Comment\",\"target\":[\"https:\/\/www.africa-press.net\/cotedivoire\/culture-et-art\/unjci-annonce-12%e1%b5%89-congres-ordinaire-pour-2026#respond\"]}]},{\"@type\":\"WebPage\",\"@id\":\"https:\/\/www.africa-press.net\/cotedivoire\/culture-et-art\/unjci-annonce-12%e1%b5%89-congres-ordinaire-pour-2026\",\"url\":\"https:\/\/www.africa-press.net\/cotedivoire\/culture-et-art\/unjci-annonce-12%e1%b5%89-congres-ordinaire-pour-2026\",\"name\":\"UNJCI Annonce 12\u1d49 Congr\u00e8s Ordinaire Pour 2026 - C\u00f4te d&#039;Ivoire\",\"isPartOf\":{\"@id\":\"https:\/\/www.africa-press.net\/cotedivoire\/#website\"},\"primaryImageOfPage\":{\"@id\":\"https:\/\/www.africa-press.net\/cotedivoire\/culture-et-art\/unjci-annonce-12%e1%b5%89-congres-ordinaire-pour-2026#primaryimage\"},\"image\":{\"@id\":\"https:\/\/www.africa-press.net\/cotedivoire\/culture-et-art\/unjci-annonce-12%e1%b5%89-congres-ordinaire-pour-2026#primaryimage\"},\"thumbnailUrl\":\"https:\/\/static.africa-press.net\/cote\/sites\/43\/2025\/11\/sm_1764506727.772452.jpg\",\"datePublished\":\"2025-11-30T15:44:02+00:00\",\"dateModified\":\"2025-11-30T16:15:56+00:00\",\"author\":{\"@id\":\"https:\/\/www.africa-press.net\/cotedivoire\/#\/schema\/person\/2b1cf3cd81a31e3cd26889ca66d677f1\"},\"description\":\"Le 12e Congre\u0300s ordinaire de l\u2019Union Nationale des Journalistes de Co\u0302te d\u2019Ivoire (UNJCI) se tiendra le samedi 14 fe\u0301vri ...\",\"breadcrumb\":{\"@id\":\"https:\/\/www.africa-press.net\/cotedivoire\/culture-et-art\/unjci-annonce-12%e1%b5%89-congres-ordinaire-pour-2026#breadcrumb\"},\"inLanguage\":\"fr-FR\",\"potentialAction\":[{\"@type\":\"ReadAction\",\"target\":[\"https:\/\/www.africa-press.net\/cotedivoire\/culture-et-art\/unjci-annonce-12%e1%b5%89-congres-ordinaire-pour-2026\"]}]},{\"@type\":\"ImageObject\",\"inLanguage\":\"fr-FR\",\"@id\":\"https:\/\/www.africa-press.net\/cotedivoire\/culture-et-art\/unjci-annonce-12%e1%b5%89-congres-ordinaire-pour-2026#primaryimage\",\"url\":\"https:\/\/static.africa-press.net\/cote\/sites\/43\/2025\/11\/sm_1764506727.772452.jpg\",\"contentUrl\":\"https:\/\/static.africa-press.net\/cote\/sites\/43\/2025\/11\/sm_1764506727.772452.jpg\",\"width\":720,\"height\":480,\"caption\":\"UNJCI Annonce 12\u1d49 Congr\u00e8s Ordinaire Pour 2026\"},{\"@type\":\"BreadcrumbList\",\"@id\":\"https:\/\/www.africa-press.net\/cotedivoire\/culture-et-art\/unjci-annonce-12%e1%b5%89-congres-ordinaire-pour-2026#breadcrumb\",\"itemListElement\":[{\"@type\":\"ListItem\",\"position\":1,\"name\":\"Accueil\",\"item\":\"https:\/\/www.africa-press.net\/cotedivoire\/\"},{\"@type\":\"ListItem\",\"position\":2,\"name\":\"UNJCI Annonce 12\u1d49 Congr\u00e8s Ordinaire Pour 2026\"}]},{\"@type\":\"WebSite\",\"@id\":\"https:\/\/www.africa-press.net\/cotedivoire\/#website\",\"url\":\"https:\/\/www.africa-press.net\/cotedivoire\/\",\"name\":\"C\u00f4te d&#039;Ivoire\",\"description\":\"Just another Africa News Agency Sites site\",\"potentialAction\":[{\"@type\":\"SearchAction\",\"target\":{\"@type\":\"EntryPoint\",\"urlTemplate\":\"https:\/\/www.africa-press.net\/cotedivoire\/?s={search_term_string}\"},\"query-input\":{\"@type\":\"PropertyValueSpecification\",\"valueRequired\":true,\"valueName\":\"search_term_string\"}}],\"inLanguage\":\"fr-FR\"},{\"@type\":\"Person\",\"@id\":\"https:\/\/www.africa-press.net\/cotedivoire\/#\/schema\/person\/2b1cf3cd81a31e3cd26889ca66d677f1\",\"name\":\"cfeditorfr\"}]}<\/script>\n<!-- \/ Yoast SEO Premium plugin. -->","yoast_head_json":{"title":"UNJCI Annonce 12\u1d49 Congr\u00e8s Ordinaire Pour 2026 - C\u00f4te d&#039;Ivoire","description":"Le 12e Congre\u0300s ordinaire de l\u2019Union Nationale des Journalistes de Co\u0302te d\u2019Ivoire (UNJCI) se tiendra le samedi 14 fe\u0301vri ...","robots":{"index":"index","follow":"follow","max-snippet":"max-snippet:-1","max-image-preview":"max-image-preview:large","max-video-preview":"max-video-preview:-1"},"canonical":"https:\/\/www.africa-press.net\/cotedivoire\/culture-et-art\/unjci-annonce-12\u1d49-congres-ordinaire-pour-2026","og_locale":"fr_FR","og_type":"article","og_title":"UNJCI Annonce 12\u1d49 Congr\u00e8s Ordinaire Pour 2026","og_description":"Le 12e Congre\u0300s ordinaire de l\u2019Union Nationale des Journalistes de Co\u0302te d\u2019Ivoire (UNJCI) se tiendra le samedi 14 fe\u0301vri ...","og_url":"https:\/\/www.africa-press.net\/cotedivoire\/culture-et-art\/unjci-annonce-12\u1d49-congres-ordinaire-pour-2026","og_site_name":"C\u00f4te d&#039;Ivoire","article_published_time":"2025-11-30T15:44:02+00:00","article_modified_time":"2025-11-30T16:15:56+00:00","og_image":[{"width":720,"height":480,"url":"https:\/\/static.africa-press.net\/cote\/sites\/43\/2025\/11\/sm_1764506727.772452.jpg","type":"image\/jpeg"}],"author":"cfeditorfr","twitter_card":"summary_large_image","twitter_misc":{"\u00c9crit par":"cfeditorfr","Dur\u00e9e de lecture estim\u00e9e":"2 minutes"},"schema":{"@context":"https:\/\/schema.org","@graph":[{"@type":"Article","@id":"https:\/\/www.africa-press.net\/cotedivoire\/culture-et-art\/unjci-annonce-12%e1%b5%89-congres-ordinaire-pour-2026#article","isPartOf":{"@id":"https:\/\/www.africa-press.net\/cotedivoire\/culture-et-art\/unjci-annonce-12%e1%b5%89-congres-ordinaire-pour-2026"},"author":{"name":"cfeditorfr","@id":"https:\/\/www.africa-press.net\/cotedivoire\/#\/schema\/person\/2b1cf3cd81a31e3cd26889ca66d677f1"},"headline":"UNJCI Annonce 12\u1d49 Congr\u00e8s Ordinaire Pour 2026","datePublished":"2025-11-30T15:44:02+00:00","dateModified":"2025-11-30T16:15:56+00:00","mainEntityOfPage":{"@id":"https:\/\/www.africa-press.net\/cotedivoire\/culture-et-art\/unjci-annonce-12%e1%b5%89-congres-ordinaire-pour-2026"},"wordCount":348,"commentCount":0,"image":{"@id":"https:\/\/www.africa-press.net\/cotedivoire\/culture-et-art\/unjci-annonce-12%e1%b5%89-congres-ordinaire-pour-2026#primaryimage"},"thumbnailUrl":"https:\/\/static.africa-press.net\/cote\/sites\/43\/2025\/11\/sm_1764506727.772452.jpg","keywords":["Abidjan","association","COMMUNICATION","congr\u00e8s","C\u00d4TE D'IVOIRE","journalistes","maison","M\u00e9dias","professionnelle","r\u00e9union","UNJCI"],"articleSection":["Culture et Art","Toutes les actualit\u00e9s"],"inLanguage":"fr-FR","potentialAction":[{"@type":"CommentAction","name":"Comment","target":["https:\/\/www.africa-press.net\/cotedivoire\/culture-et-art\/unjci-annonce-12%e1%b5%89-congres-ordinaire-pour-2026#respond"]}]},{"@type":"WebPage","@id":"https:\/\/www.africa-press.net\/cotedivoire\/culture-et-art\/unjci-annonce-12%e1%b5%89-congres-ordinaire-pour-2026","url":"https:\/\/www.africa-press.net\/cotedivoire\/culture-et-art\/unjci-annonce-12%e1%b5%89-congres-ordinaire-pour-2026","name":"UNJCI Annonce 12\u1d49 Congr\u00e8s Ordinaire Pour 2026 - C\u00f4te d&#039;Ivoire","isPartOf":{"@id":"https:\/\/www.africa-press.net\/cotedivoire\/#website"},"primaryImageOfPage":{"@id":"https:\/\/www.africa-press.net\/cotedivoire\/culture-et-art\/unjci-annonce-12%e1%b5%89-congres-ordinaire-pour-2026#primaryimage"},"image":{"@id":"https:\/\/www.africa-press.net\/cotedivoire\/culture-et-art\/unjci-annonce-12%e1%b5%89-congres-ordinaire-pour-2026#primaryimage"},"thumbnailUrl":"https:\/\/static.africa-press.net\/cote\/sites\/43\/2025\/11\/sm_1764506727.772452.jpg","datePublished":"2025-11-30T15:44:02+00:00","dateModified":"2025-11-30T16:15:56+00:00","author":{"@id":"https:\/\/www.africa-press.net\/cotedivoire\/#\/schema\/person\/2b1cf3cd81a31e3cd26889ca66d677f1"},"description":"Le 12e Congre\u0300s ordinaire de l\u2019Union Nationale des Journalistes de Co\u0302te d\u2019Ivoire (UNJCI) se tiendra le samedi 14 fe\u0301vri ...","breadcrumb":{"@id":"https:\/\/www.africa-press.net\/cotedivoire\/culture-et-art\/unjci-annonce-12%e1%b5%89-congres-ordinaire-pour-2026#breadcrumb"},"inLanguage":"fr-FR","potentialAction":[{"@type":"ReadAction","target":["https:\/\/www.africa-press.net\/cotedivoire\/culture-et-art\/unjci-annonce-12%e1%b5%89-congres-ordinaire-pour-2026"]}]},{"@type":"ImageObject","inLanguage":"fr-FR","@id":"https:\/\/www.africa-press.net\/cotedivoire\/culture-et-art\/unjci-annonce-12%e1%b5%89-congres-ordinaire-pour-2026#primaryimage","url":"https:\/\/static.africa-press.net\/cote\/sites\/43\/2025\/11\/sm_1764506727.772452.jpg","contentUrl":"https:\/\/static.africa-press.net\/cote\/sites\/43\/2025\/11\/sm_1764506727.772452.jpg","width":720,"height":480,"caption":"UNJCI Annonce 12\u1d49 Congr\u00e8s Ordinaire Pour 2026"},{"@type":"BreadcrumbList","@id":"https:\/\/www.africa-press.net\/cotedivoire\/culture-et-art\/unjci-annonce-12%e1%b5%89-congres-ordinaire-pour-2026#breadcrumb","itemListElement":[{"@type":"ListItem","position":1,"name":"Accueil","item":"https:\/\/www.africa-press.net\/cotedivoire\/"},{"@type":"ListItem","position":2,"name":"UNJCI Annonce 12\u1d49 Congr\u00e8s Ordinaire Pour 2026"}]},{"@type":"WebSite","@id":"https:\/\/www.africa-press.net\/cotedivoire\/#website","url":"https:\/\/www.africa-press.net\/cotedivoire\/","name":"C\u00f4te d&#039;Ivoire","description":"Just another Africa News Agency Sites site","potentialAction":[{"@type":"SearchAction","target":{"@type":"EntryPoint","urlTemplate":"https:\/\/www.africa-press.net\/cotedivoire\/?s={search_term_string}"},"query-input":{"@type":"PropertyValueSpecification","valueRequired":true,"valueName":"search_term_string"}}],"inLanguage":"fr-FR"},{"@type":"Person","@id":"https:\/\/www.africa-press.net\/cotedivoire\/#\/schema\/person\/2b1cf3cd81a31e3cd26889ca66d677f1","name":"cfeditorfr"}]}},"_links":{"self":[{"href":"https:\/\/www.africa-press.net\/cotedivoire\/wp-json\/wp\/v2\/posts\/109529","targetHints":{"allow":["GET"]}}],"collection":[{"href":"https:\/\/www.africa-press.net\/cotedivoire\/wp-json\/wp\/v2\/posts"}],"about":[{"href":"https:\/\/www.africa-press.net\/cotedivoire\/wp-json\/wp\/v2\/types\/post"}],"author":[{"embeddable":true,"href":"https:\/\/www.africa-press.net\/cotedivoire\/wp-json\/wp\/v2\/users\/82"}],"replies":[{"embeddable":true,"href":"https:\/\/www.africa-press.net\/cotedivoire\/wp-json\/wp\/v2\/comments?post=109529"}],"version-history":[{"count":0,"href":"https:\/\/www.africa-press.net\/cotedivoire\/wp-json\/wp\/v2\/posts\/109529\/revisions"}],"wp:featuredmedia":[{"embeddable":true,"href":"https:\/\/www.africa-press.net\/cotedivoire\/wp-json\/wp\/v2\/media\/109528"}],"wp:attachment":[{"href":"https:\/\/www.africa-press.net\/cotedivoire\/wp-json\/wp\/v2\/media?parent=109529"}],"wp:term":[{"taxonomy":"category","embeddable":true,"href":"https:\/\/www.africa-press.net\/cotedivoire\/wp-json\/wp\/v2\/categories?post=109529"},{"taxonomy":"post_tag","embeddable":true,"href":"https:\/\/www.africa-press.net\/cotedivoire\/wp-json\/wp\/v2\/tags?post=109529"}],"curies":[{"name":"wp","href":"https:\/\/api.w.org\/{rel}","templated":true}]}}