{"id":109532,"date":"2025-11-30T15:44:01","date_gmt":"2025-11-30T15:44:01","guid":{"rendered":"https:\/\/www.africa-press.net\/cotedivoire\/politique\/yopougon-sensibilisation-a-la-paix-avant-elections"},"modified":"2025-11-30T16:16:13","modified_gmt":"2025-11-30T16:16:13","slug":"yopougon-sensibilisation-a-la-paix-avant-elections","status":"publish","type":"post","link":"https:\/\/www.africa-press.net\/cotedivoire\/politique\/yopougon-sensibilisation-a-la-paix-avant-elections","title":{"rendered":"Yopougon Sensibilisation \u00e0 la Paix Avant \u00c9lections"},"content":{"rendered":"<p><span style=\"color: #ff6600\"><strong>Africa-Press &#8211; C\u00f4te d&rsquo;Ivoire. <\/strong><\/span>Dans le cadre de son programme \u00ab Promouvoir la paix et la participation politique aux e\u0301lections \u00bb, le National Democratic Institute (NDI) en Co\u0302te d\u2019Ivoire a organise\u0301, ce jeudi 27 novembre, au centre d\u2019e\u0301coute de la commune de Yopougon, une importante se\u0301ance de sensibilisation place\u0301e sous le the\u0300me \u00ab Sensibilisation a\u0300 la non-violence et au renforcement de la cohe\u0301sion sociale en pe\u0301riode e\u0301lectorale \u00bb.<\/p>\n<p>L\u2019activite\u0301 a re\u0301uni des jeunes, des leaders communautaires, des guides religieux ainsi que des repre\u0301sentants des autorite\u0301s locales et gouvernementales, autour d\u2019un appel commun a\u0300 la paix et au dialogue.<\/p>\n<p>Dirige\u0301e par M. Franc\u0327ois Traore\u0301, Directeur re\u0301sident du NDI en Co\u0302te d\u2019Ivoire, la rencontre a e\u0301te\u0301 marque\u0301e par la projection d\u2019un film institutionnel mettant en lumie\u0300re les conse\u0301quences des violences post-e\u0301lectorales et l\u2019importance du vivre-ensemble.<\/p>\n<p>M. Traore\u0301 a rappele\u0301 la ne\u0301cessite\u0301 de pre\u0301server un climat apaise\u0301 a\u0300 l\u2019approche des e\u0301lections le\u0301gislatives pre\u0301vues le 27 de\u0301cembre prochain.<\/p>\n<p>\u00ab Les e\u0301lections ne sont pas la guerre. Elles permettent a\u0300 chaque citoyen de choisir librement son repre\u0301sentant. Le respect des re\u0301sultats est essentiel pour la de\u0301mocratie \u00bb, a-t-il insiste\u0301, invitant les jeunes a\u0300 refuser toute forme d\u2019instrumentalisation.<\/p>\n<p>La ce\u0301re\u0301monie a e\u0301galement e\u0301te\u0301 enrichie par l\u2019intervention de Tuo Yacouba, repre\u0301sentant la ministre de la Cohe\u0301sion nationale, de la Solidarite\u0301 et de la Lutte contre la Pauvrete\u0301.<\/p>\n<p>Il a salue\u0301 l\u2019initiative du NDI et appele\u0301 toutes les parties prenantes a\u0300 renforcer le dialogue, pre\u0301venir la violence et promouvoir l\u2019unite\u0301 nationale. Il a souligne\u0301 le ro\u0302le fondamental des familles, particulie\u0300rement celui des me\u0300res dans la transmission des valeurs de paix et de cohe\u0301sion.<\/p>\n<p>Selon lui, la jeunesse doit se montrer responsable, e\u0301viter les comportements destructeurs et faire preuve de vigilance face aux fausses informations, souvent sources de conflits.<\/p>\n<p>La rencontre fut un moment d\u2019e\u0301change particulie\u0300rement enrichissant, marque\u0301 par une forte participation du public.<\/p>\n<p>Les participants ont re\u0301agi massivement durant la phase de discussion, partageant leurs pre\u0301occupations et leur volonte\u0301 de s\u2019engager pour des e\u0301lections apaise\u0301es.<\/p>\n<p>Ces e\u0301changes interactifs ont permis de renforcer la compre\u0301hension collective des enjeux lie\u0301s a\u0300 la non-violence et au vivre-ensemble, faisant de cette se\u0301ance un ve\u0301ritable espace de dialogue citoyen.<\/p>\n<p>M. Koi\u0308ta Abdul Kader, conseiller municipal et repre\u0301sentant le maire de Yopougon, a quant a\u0300 lui insiste\u0301 sur l\u2019implication des femmes, des jeunes et des leaders religieux dans la consolidation de la cohe\u0301sion sociale.<\/p>\n<p>\u00ab La parole est le de\u0301but de tout changement \u00bb, a-t-il de\u0301clare\u0301, rappelant que la tole\u0301rance, la participation citoyenne et le respect mutuel constituent les fondements d\u2019une socie\u0301te\u0301 pacifique et durable.<\/p>\n<p>La projection du film retrac\u0327ant le parcours de victimes des violences post-e\u0301lectorales de 2020 en que\u0302te de re\u0301conciliation a profonde\u0301ment touche\u0301 les jeunes pre\u0301sents. Mamadou, pre\u0301sident des jeunes du quartier Oasis, a lance\u0301 un appel a\u0300 ses pairs:<\/p>\n<p>\u00ab Nous devons comprendre que la politique n\u2019est pas la guerre. La paix appartient a\u0300 tout le monde. \u00bb<\/p>\n<p>Apre\u0300s la projection, les e\u0301changes se sont poursuivis autour des expe\u0301riences personnelles, des attentes et des engagements possibles en faveur de la paix.<\/p>\n<p>Plusieurs jeunes ont exprime\u0301 leur de\u0301termination a\u0300 contribuer activement a\u0300 des e\u0301lections apaise\u0301es.<\/p>\n<p>Les guides religieux et les acteurs de la socie\u0301te\u0301 civile ont e\u0301galement rappele\u0301 que les familles jouent un ro\u0302le essentiel dans la transmission des valeurs de tole\u0301rance et de cohe\u0301sion.<\/p>\n<p>\u00ab Il n\u2019y a pas de blessure plus forte que ce que la paix peut gue\u0301rir. L\u2019union de toutes les communaute\u0301s est la cle\u0301 pour avancer \u00bb, ont-ils affirme\u0301.<\/p>\n<p>A\u0300 travers cette initiative, le NDI re\u0301affirme son engagement a\u0300 accompagner les communaute\u0301s locales dans la pre\u0301vention des conflits e\u0301lectoraux, la promotion du vivre-ensemble et l\u2019instauration d\u2019un processus e\u0301lectoral serein, inclusif et non violent en Co\u0302te d\u2019Ivoire.<\/p>\n<p><strong>Pour plus d&rsquo;informations et d&rsquo;analyses sur la <span style=\"color: #ff6600\">C\u00f4te d&rsquo;Ivoire<\/span>, suivez <span style=\"color: #ff6600\">Africa-Press<\/span><\/strong><\/p>\n","protected":false},"excerpt":{"rendered":"<p>Africa-Press &#8211; C\u00f4te d&rsquo;Ivoire. Dans le cadre de son programme \u00ab Promouvoir la paix et la participation politique aux e\u0301lections \u00bb, le National Democratic Institute (NDI) en Co\u0302te d\u2019Ivoire a organise\u0301, ce jeudi 27 novembre, au centre d\u2019e\u0301coute de la commune de Yopougon, une importante se\u0301ance de sensibilisation place\u0301e sous le the\u0300me \u00ab Sensibilisation a\u0300 [&hellip;]<\/p>\n","protected":false},"author":82,"featured_media":109531,"comment_status":"open","ping_status":"closed","sticky":false,"template":"","format":"standard","meta":{"footnotes":""},"categories":[2,10],"tags":[29,17436,19363,1981,600,60,540],"class_list":["post-109532","post","type-post","status-publish","format-standard","has-post-thumbnail","hentry","category-politique","category-toutes-les-actualites","tag-cote-divoire","tag-francois","tag-legislative","tag-ndi","tag-paix","tag-politique","tag-yopougon"],"yoast_head":"<!-- This site is optimized with the Yoast SEO Premium plugin v26.1 (Yoast SEO v27.0) - https:\/\/yoast.com\/product\/yoast-seo-premium-wordpress\/ -->\n<title>Yopougon Sensibilisation \u00e0 la Paix Avant \u00c9lections - C\u00f4te d&#039;Ivoire<\/title>\n<meta name=\"description\" content=\"Dans le cadre de son programme \u00ab Promouvoir la paix et la participation politique aux e\u0301lections \u00bb, le National Democrat ...\" \/>\n<meta name=\"robots\" content=\"index, follow, max-snippet:-1, max-image-preview:large, max-video-preview:-1\" \/>\n<link rel=\"canonical\" href=\"https:\/\/www.africa-press.net\/cotedivoire\/politique\/yopougon-sensibilisation-a-la-paix-avant-elections\" \/>\n<meta property=\"og:locale\" content=\"fr_FR\" \/>\n<meta property=\"og:type\" content=\"article\" \/>\n<meta property=\"og:title\" content=\"Yopougon Sensibilisation \u00e0 la Paix Avant \u00c9lections\" \/>\n<meta property=\"og:description\" content=\"Dans le cadre de son programme \u00ab Promouvoir la paix et la participation politique aux e\u0301lections \u00bb, le National Democrat ...\" \/>\n<meta property=\"og:url\" content=\"https:\/\/www.africa-press.net\/cotedivoire\/politique\/yopougon-sensibilisation-a-la-paix-avant-elections\" \/>\n<meta property=\"og:site_name\" content=\"C\u00f4te d&#039;Ivoire\" \/>\n<meta property=\"article:published_time\" content=\"2025-11-30T15:44:01+00:00\" \/>\n<meta property=\"article:modified_time\" content=\"2025-11-30T16:16:13+00:00\" \/>\n<meta property=\"og:image\" content=\"https:\/\/static.africa-press.net\/cote\/sites\/43\/2025\/11\/sm_1764506744.434357.jpg\" \/>\n\t<meta property=\"og:image:width\" content=\"720\" \/>\n\t<meta property=\"og:image:height\" content=\"324\" \/>\n\t<meta property=\"og:image:type\" content=\"image\/jpeg\" \/>\n<meta name=\"author\" content=\"cfeditorfr\" \/>\n<meta name=\"twitter:card\" content=\"summary_large_image\" \/>\n<meta name=\"twitter:label1\" content=\"\u00c9crit par\" \/>\n\t<meta name=\"twitter:data1\" content=\"cfeditorfr\" \/>\n\t<meta name=\"twitter:label2\" content=\"Dur\u00e9e de lecture estim\u00e9e\" \/>\n\t<meta name=\"twitter:data2\" content=\"4 minutes\" \/>\n<script type=\"application\/ld+json\" class=\"yoast-schema-graph\">{\"@context\":\"https:\/\/schema.org\",\"@graph\":[{\"@type\":\"Article\",\"@id\":\"https:\/\/www.africa-press.net\/cotedivoire\/politique\/yopougon-sensibilisation-a-la-paix-avant-elections#article\",\"isPartOf\":{\"@id\":\"https:\/\/www.africa-press.net\/cotedivoire\/politique\/yopougon-sensibilisation-a-la-paix-avant-elections\"},\"author\":{\"name\":\"cfeditorfr\",\"@id\":\"https:\/\/www.africa-press.net\/cotedivoire\/#\/schema\/person\/2b1cf3cd81a31e3cd26889ca66d677f1\"},\"headline\":\"Yopougon Sensibilisation \u00e0 la Paix Avant \u00c9lections\",\"datePublished\":\"2025-11-30T15:44:01+00:00\",\"dateModified\":\"2025-11-30T16:16:13+00:00\",\"mainEntityOfPage\":{\"@id\":\"https:\/\/www.africa-press.net\/cotedivoire\/politique\/yopougon-sensibilisation-a-la-paix-avant-elections\"},\"wordCount\":727,\"commentCount\":0,\"image\":{\"@id\":\"https:\/\/www.africa-press.net\/cotedivoire\/politique\/yopougon-sensibilisation-a-la-paix-avant-elections#primaryimage\"},\"thumbnailUrl\":\"https:\/\/static.africa-press.net\/cote\/sites\/43\/2025\/11\/sm_1764506744.434357.jpg\",\"keywords\":[\"C\u00d4TE D'IVOIRE\",\"Fran\u00e7ois\",\"l\u00e9gislative\",\"NDI\",\"paix\",\"Politique\",\"Yopougon\"],\"articleSection\":[\"Politique\",\"Toutes les actualit\u00e9s\"],\"inLanguage\":\"fr-FR\",\"potentialAction\":[{\"@type\":\"CommentAction\",\"name\":\"Comment\",\"target\":[\"https:\/\/www.africa-press.net\/cotedivoire\/politique\/yopougon-sensibilisation-a-la-paix-avant-elections#respond\"]}]},{\"@type\":\"WebPage\",\"@id\":\"https:\/\/www.africa-press.net\/cotedivoire\/politique\/yopougon-sensibilisation-a-la-paix-avant-elections\",\"url\":\"https:\/\/www.africa-press.net\/cotedivoire\/politique\/yopougon-sensibilisation-a-la-paix-avant-elections\",\"name\":\"Yopougon Sensibilisation \u00e0 la Paix Avant \u00c9lections - C\u00f4te d&#039;Ivoire\",\"isPartOf\":{\"@id\":\"https:\/\/www.africa-press.net\/cotedivoire\/#website\"},\"primaryImageOfPage\":{\"@id\":\"https:\/\/www.africa-press.net\/cotedivoire\/politique\/yopougon-sensibilisation-a-la-paix-avant-elections#primaryimage\"},\"image\":{\"@id\":\"https:\/\/www.africa-press.net\/cotedivoire\/politique\/yopougon-sensibilisation-a-la-paix-avant-elections#primaryimage\"},\"thumbnailUrl\":\"https:\/\/static.africa-press.net\/cote\/sites\/43\/2025\/11\/sm_1764506744.434357.jpg\",\"datePublished\":\"2025-11-30T15:44:01+00:00\",\"dateModified\":\"2025-11-30T16:16:13+00:00\",\"author\":{\"@id\":\"https:\/\/www.africa-press.net\/cotedivoire\/#\/schema\/person\/2b1cf3cd81a31e3cd26889ca66d677f1\"},\"description\":\"Dans le cadre de son programme \u00ab Promouvoir la paix et la participation politique aux e\u0301lections \u00bb, le National Democrat ...\",\"breadcrumb\":{\"@id\":\"https:\/\/www.africa-press.net\/cotedivoire\/politique\/yopougon-sensibilisation-a-la-paix-avant-elections#breadcrumb\"},\"inLanguage\":\"fr-FR\",\"potentialAction\":[{\"@type\":\"ReadAction\",\"target\":[\"https:\/\/www.africa-press.net\/cotedivoire\/politique\/yopougon-sensibilisation-a-la-paix-avant-elections\"]}]},{\"@type\":\"ImageObject\",\"inLanguage\":\"fr-FR\",\"@id\":\"https:\/\/www.africa-press.net\/cotedivoire\/politique\/yopougon-sensibilisation-a-la-paix-avant-elections#primaryimage\",\"url\":\"https:\/\/static.africa-press.net\/cote\/sites\/43\/2025\/11\/sm_1764506744.434357.jpg\",\"contentUrl\":\"https:\/\/static.africa-press.net\/cote\/sites\/43\/2025\/11\/sm_1764506744.434357.jpg\",\"width\":720,\"height\":324,\"caption\":\"Yopougon Sensibilisation \u00e0 la Paix Avant \u00c9lections\"},{\"@type\":\"BreadcrumbList\",\"@id\":\"https:\/\/www.africa-press.net\/cotedivoire\/politique\/yopougon-sensibilisation-a-la-paix-avant-elections#breadcrumb\",\"itemListElement\":[{\"@type\":\"ListItem\",\"position\":1,\"name\":\"Accueil\",\"item\":\"https:\/\/www.africa-press.net\/cotedivoire\/\"},{\"@type\":\"ListItem\",\"position\":2,\"name\":\"Yopougon Sensibilisation \u00e0 la Paix Avant \u00c9lections\"}]},{\"@type\":\"WebSite\",\"@id\":\"https:\/\/www.africa-press.net\/cotedivoire\/#website\",\"url\":\"https:\/\/www.africa-press.net\/cotedivoire\/\",\"name\":\"C\u00f4te d&#039;Ivoire\",\"description\":\"Just another Africa News Agency Sites site\",\"potentialAction\":[{\"@type\":\"SearchAction\",\"target\":{\"@type\":\"EntryPoint\",\"urlTemplate\":\"https:\/\/www.africa-press.net\/cotedivoire\/?s={search_term_string}\"},\"query-input\":{\"@type\":\"PropertyValueSpecification\",\"valueRequired\":true,\"valueName\":\"search_term_string\"}}],\"inLanguage\":\"fr-FR\"},{\"@type\":\"Person\",\"@id\":\"https:\/\/www.africa-press.net\/cotedivoire\/#\/schema\/person\/2b1cf3cd81a31e3cd26889ca66d677f1\",\"name\":\"cfeditorfr\"}]}<\/script>\n<!-- \/ Yoast SEO Premium plugin. -->","yoast_head_json":{"title":"Yopougon Sensibilisation \u00e0 la Paix Avant \u00c9lections - C\u00f4te d&#039;Ivoire","description":"Dans le cadre de son programme \u00ab Promouvoir la paix et la participation politique aux e\u0301lections \u00bb, le National Democrat ...","robots":{"index":"index","follow":"follow","max-snippet":"max-snippet:-1","max-image-preview":"max-image-preview:large","max-video-preview":"max-video-preview:-1"},"canonical":"https:\/\/www.africa-press.net\/cotedivoire\/politique\/yopougon-sensibilisation-a-la-paix-avant-elections","og_locale":"fr_FR","og_type":"article","og_title":"Yopougon Sensibilisation \u00e0 la Paix Avant \u00c9lections","og_description":"Dans le cadre de son programme \u00ab Promouvoir la paix et la participation politique aux e\u0301lections \u00bb, le National Democrat ...","og_url":"https:\/\/www.africa-press.net\/cotedivoire\/politique\/yopougon-sensibilisation-a-la-paix-avant-elections","og_site_name":"C\u00f4te d&#039;Ivoire","article_published_time":"2025-11-30T15:44:01+00:00","article_modified_time":"2025-11-30T16:16:13+00:00","og_image":[{"width":720,"height":324,"url":"https:\/\/static.africa-press.net\/cote\/sites\/43\/2025\/11\/sm_1764506744.434357.jpg","type":"image\/jpeg"}],"author":"cfeditorfr","twitter_card":"summary_large_image","twitter_misc":{"\u00c9crit par":"cfeditorfr","Dur\u00e9e de lecture estim\u00e9e":"4 minutes"},"schema":{"@context":"https:\/\/schema.org","@graph":[{"@type":"Article","@id":"https:\/\/www.africa-press.net\/cotedivoire\/politique\/yopougon-sensibilisation-a-la-paix-avant-elections#article","isPartOf":{"@id":"https:\/\/www.africa-press.net\/cotedivoire\/politique\/yopougon-sensibilisation-a-la-paix-avant-elections"},"author":{"name":"cfeditorfr","@id":"https:\/\/www.africa-press.net\/cotedivoire\/#\/schema\/person\/2b1cf3cd81a31e3cd26889ca66d677f1"},"headline":"Yopougon Sensibilisation \u00e0 la Paix Avant \u00c9lections","datePublished":"2025-11-30T15:44:01+00:00","dateModified":"2025-11-30T16:16:13+00:00","mainEntityOfPage":{"@id":"https:\/\/www.africa-press.net\/cotedivoire\/politique\/yopougon-sensibilisation-a-la-paix-avant-elections"},"wordCount":727,"commentCount":0,"image":{"@id":"https:\/\/www.africa-press.net\/cotedivoire\/politique\/yopougon-sensibilisation-a-la-paix-avant-elections#primaryimage"},"thumbnailUrl":"https:\/\/static.africa-press.net\/cote\/sites\/43\/2025\/11\/sm_1764506744.434357.jpg","keywords":["C\u00d4TE D'IVOIRE","Fran\u00e7ois","l\u00e9gislative","NDI","paix","Politique","Yopougon"],"articleSection":["Politique","Toutes les actualit\u00e9s"],"inLanguage":"fr-FR","potentialAction":[{"@type":"CommentAction","name":"Comment","target":["https:\/\/www.africa-press.net\/cotedivoire\/politique\/yopougon-sensibilisation-a-la-paix-avant-elections#respond"]}]},{"@type":"WebPage","@id":"https:\/\/www.africa-press.net\/cotedivoire\/politique\/yopougon-sensibilisation-a-la-paix-avant-elections","url":"https:\/\/www.africa-press.net\/cotedivoire\/politique\/yopougon-sensibilisation-a-la-paix-avant-elections","name":"Yopougon Sensibilisation \u00e0 la Paix Avant \u00c9lections - C\u00f4te d&#039;Ivoire","isPartOf":{"@id":"https:\/\/www.africa-press.net\/cotedivoire\/#website"},"primaryImageOfPage":{"@id":"https:\/\/www.africa-press.net\/cotedivoire\/politique\/yopougon-sensibilisation-a-la-paix-avant-elections#primaryimage"},"image":{"@id":"https:\/\/www.africa-press.net\/cotedivoire\/politique\/yopougon-sensibilisation-a-la-paix-avant-elections#primaryimage"},"thumbnailUrl":"https:\/\/static.africa-press.net\/cote\/sites\/43\/2025\/11\/sm_1764506744.434357.jpg","datePublished":"2025-11-30T15:44:01+00:00","dateModified":"2025-11-30T16:16:13+00:00","author":{"@id":"https:\/\/www.africa-press.net\/cotedivoire\/#\/schema\/person\/2b1cf3cd81a31e3cd26889ca66d677f1"},"description":"Dans le cadre de son programme \u00ab Promouvoir la paix et la participation politique aux e\u0301lections \u00bb, le National Democrat ...","breadcrumb":{"@id":"https:\/\/www.africa-press.net\/cotedivoire\/politique\/yopougon-sensibilisation-a-la-paix-avant-elections#breadcrumb"},"inLanguage":"fr-FR","potentialAction":[{"@type":"ReadAction","target":["https:\/\/www.africa-press.net\/cotedivoire\/politique\/yopougon-sensibilisation-a-la-paix-avant-elections"]}]},{"@type":"ImageObject","inLanguage":"fr-FR","@id":"https:\/\/www.africa-press.net\/cotedivoire\/politique\/yopougon-sensibilisation-a-la-paix-avant-elections#primaryimage","url":"https:\/\/static.africa-press.net\/cote\/sites\/43\/2025\/11\/sm_1764506744.434357.jpg","contentUrl":"https:\/\/static.africa-press.net\/cote\/sites\/43\/2025\/11\/sm_1764506744.434357.jpg","width":720,"height":324,"caption":"Yopougon Sensibilisation \u00e0 la Paix Avant \u00c9lections"},{"@type":"BreadcrumbList","@id":"https:\/\/www.africa-press.net\/cotedivoire\/politique\/yopougon-sensibilisation-a-la-paix-avant-elections#breadcrumb","itemListElement":[{"@type":"ListItem","position":1,"name":"Accueil","item":"https:\/\/www.africa-press.net\/cotedivoire\/"},{"@type":"ListItem","position":2,"name":"Yopougon Sensibilisation \u00e0 la Paix Avant \u00c9lections"}]},{"@type":"WebSite","@id":"https:\/\/www.africa-press.net\/cotedivoire\/#website","url":"https:\/\/www.africa-press.net\/cotedivoire\/","name":"C\u00f4te d&#039;Ivoire","description":"Just another Africa News Agency Sites site","potentialAction":[{"@type":"SearchAction","target":{"@type":"EntryPoint","urlTemplate":"https:\/\/www.africa-press.net\/cotedivoire\/?s={search_term_string}"},"query-input":{"@type":"PropertyValueSpecification","valueRequired":true,"valueName":"search_term_string"}}],"inLanguage":"fr-FR"},{"@type":"Person","@id":"https:\/\/www.africa-press.net\/cotedivoire\/#\/schema\/person\/2b1cf3cd81a31e3cd26889ca66d677f1","name":"cfeditorfr"}]}},"_links":{"self":[{"href":"https:\/\/www.africa-press.net\/cotedivoire\/wp-json\/wp\/v2\/posts\/109532","targetHints":{"allow":["GET"]}}],"collection":[{"href":"https:\/\/www.africa-press.net\/cotedivoire\/wp-json\/wp\/v2\/posts"}],"about":[{"href":"https:\/\/www.africa-press.net\/cotedivoire\/wp-json\/wp\/v2\/types\/post"}],"author":[{"embeddable":true,"href":"https:\/\/www.africa-press.net\/cotedivoire\/wp-json\/wp\/v2\/users\/82"}],"replies":[{"embeddable":true,"href":"https:\/\/www.africa-press.net\/cotedivoire\/wp-json\/wp\/v2\/comments?post=109532"}],"version-history":[{"count":0,"href":"https:\/\/www.africa-press.net\/cotedivoire\/wp-json\/wp\/v2\/posts\/109532\/revisions"}],"wp:featuredmedia":[{"embeddable":true,"href":"https:\/\/www.africa-press.net\/cotedivoire\/wp-json\/wp\/v2\/media\/109531"}],"wp:attachment":[{"href":"https:\/\/www.africa-press.net\/cotedivoire\/wp-json\/wp\/v2\/media?parent=109532"}],"wp:term":[{"taxonomy":"category","embeddable":true,"href":"https:\/\/www.africa-press.net\/cotedivoire\/wp-json\/wp\/v2\/categories?post=109532"},{"taxonomy":"post_tag","embeddable":true,"href":"https:\/\/www.africa-press.net\/cotedivoire\/wp-json\/wp\/v2\/tags?post=109532"}],"curies":[{"name":"wp","href":"https:\/\/api.w.org\/{rel}","templated":true}]}}