{"id":109535,"date":"2025-11-30T15:44:34","date_gmt":"2025-11-30T15:44:34","guid":{"rendered":"https:\/\/www.africa-press.net\/cotedivoire\/politique\/offensive-nationale-a-abobo-pour-reduire-grossesses-non-desirees"},"modified":"2025-11-30T16:16:32","modified_gmt":"2025-11-30T16:16:32","slug":"offensive-nationale-a-abobo-pour-reduire-grossesses-non-desirees","status":"publish","type":"post","link":"https:\/\/www.africa-press.net\/cotedivoire\/toutes-les-actualites\/offensive-nationale-a-abobo-pour-reduire-grossesses-non-desirees","title":{"rendered":"Offensive nationale \u00e0 Abobo pour r\u00e9duire grossesses non d\u00e9sir\u00e9es"},"content":{"rendered":"<p><span style=\"color: #ff6600\"><strong>Africa-Press &#8211; C\u00f4te d&rsquo;Ivoire. <\/strong><\/span>La Co\u0302te d\u2019Ivoire a franchi une e\u0301tape majeure ce jeudi 27 novembre 2025 avec le lancement officiel de la premie\u0300re e\u0301dition de la Semaine Nationale de la Planification Familiale (SNPF), couple\u0301e a\u0300 la Journe\u0301e mondiale de la contraception (JMC). La ce\u0301re\u0301monie s\u2019est tenue sur l\u2019esplanade de la Mairie d\u2019Abobo, en pre\u0301sence du Ministre de la Sante\u0301, de l\u2019Hygie\u0300ne Publique et de la Couverture Maladie Universelle, Pierre Dimba, de la Repre\u0301sentante re\u0301sidente de l\u2019UNFPA, Mme Ce\u0301cile Compaore\u0301 Zoungrana, du repre\u0301sentant de Bayer AG, Dr Ali N\u2019Diaye, de plusieurs autorite\u0301s administratives, coutumie\u0300res, religieuses et de nombreux partenaires techniques et financiers.<\/p>\n<p>Avec un taux d\u2019accroissement de\u0301mographique de 2,9 % par an et des besoins non satisfaits en planification familiale estime\u0301s a\u0300 22,3 %, la Co\u0302te d\u2019Ivoire fait face a\u0300 un de\u0301fi majeur. Selon le Ministe\u0300re de la Sante\u0301, cette croissance exerce une forte pression sur les services sociaux de base et compromet la capacite\u0301 du pays a\u0300 garantir le bien-e\u0302tre de sa population.<\/p>\n<p>La SNPF, pre\u0301vue du 27 novembre au 02 de\u0301cembre 2025, vise a\u0300 acce\u0301le\u0301rer l\u2019acce\u0300s gratuit aux services et produits de sante\u0301 sexuelle et reproductive dans dix re\u0301gions sanitaires du pays, couvrant notamment Abidjan, Daloa, Odienne\u0301, Yamoussoukro, San-Pe\u0301dro et Korhogo. Cette initiative be\u0301ne\u0301ficie du soutien financier et technique de l\u2019UNFPA, Bayer, Pathfinder, AIMAS et d\u2019autres partenaires engage\u0301s.<\/p>\n<p>Selon les dernie\u0300res donne\u0301es (RHCS 2023), 88,3 % des points de prestation connaissent des ruptures de stocks de produits contraceptifs. Cette situation fragilise les progre\u0300s enregistre\u0301s ces dernie\u0300res anne\u0301es, malgre\u0301 une ame\u0301lioration notable de la pre\u0301valence contraceptive, passe\u0301e de 13 % en 2012 a\u0300 18 % en 2021.<\/p>\n<p>A\u0300 travers la SNPF, le gouvernement ambitionne de renforcer l\u2019offre de services afin d&rsquo;atteindre l&rsquo;objectif d&rsquo;une pre\u0301valence contraceptive de 30 % d&rsquo;ici 2030.<\/p>\n<p>Dans son discours, le Ministre Pierre Dimba a insiste\u0301 sur l\u2019importance strate\u0301gique de la planification familiale: \u00ab La planification familiale, c\u2019est la sante\u0301, l\u2019e\u0301ducation et la prospe\u0301rite\u0301 re\u0301unies. Garantir l\u2019acce\u0300s a\u0300 la contraception est l\u2019un des investissements les plus rentables pour l\u2019avenir de la Co\u0302te d\u2019Ivoire. \u00bb<\/p>\n<p>Il a e\u0301galement rappele\u0301 les effets concrets des progre\u0300s re\u0301alise\u0301s, 640 000 grossesses non planifie\u0301es e\u0301vite\u0301es, 200 000 avortements a\u0300 risque e\u0301vite\u0301s et 1 600 vies sauve\u0301es.<\/p>\n<p>Pour cette semaine nationale, les objectifs poursuivis sont ambitieux. Il s&rsquo;agit de sensibiliser 40 000 femmes, permettre a\u0300 20 000 d\u2019acce\u0301der a\u0300 une me\u0301thode contraceptive, enregistrer 10 550 nouvelles utilisatrices et prendre en charge 50 femmes porteuses de fistules obste\u0301tricales.<\/p>\n<p>Le Ministre a appele\u0301 les hommes, les jeunes, les leaders communautaires et religieux a\u0300 devenir des relais de sensibilisation afin de briser les tabous encore persistants autour de la contraception.<\/p>\n<p>Prenant la parole, la Repre\u0301sentante re\u0301sidente de l\u2019UNFPA, Mme Ce\u0301cile Compaore\u0301 Zoungrana, a salue\u0301 cette initiative et rappele\u0301 l\u2019engagement de l\u2019agence onusienne a\u0300 accompagner le pays: \u00ab Nous devons permettre aux femmes de choisir quand et combien d\u2019enfants elles souhaitent avoir. La planification familiale est un droit humain fondamental. \u00bb<\/p>\n<p>Elle a rappele\u0301 les actions cle\u0301s de l\u2019UNFPA, notamment, le soutien a\u0300 l\u2019approvisionnement en contraceptifs modernes, la re\u0301duction des ruptures de stocks, l\u2019e\u0301ducation comple\u0300te a\u0300 la sexualite\u0301, la lutte contre les grossesses pre\u0301coces et l\u2019autonomisation des femmes et des jeunes filles.<\/p>\n<p>Cette Semaine nationale devient, selon elle, un point de de\u0301part structurant pour renforcer la durabilite\u0301 des services et l\u2019engagement communautaire.<\/p>\n<p>Le Dr Ali N\u2019Diaye, repre\u0301sentant de Bayer AG, a rappele\u0301 le ro\u0302le essentiel du secteur prive\u0301: \u00ab L\u2019acce\u0300s a\u0300 la contraception n\u2019est pas un privile\u0300ge, c\u2019est un droit fondamental. Ensemble, nous pouvons aller plus loin que ce que chacun pourrait accomplir seul. \u00bb<\/p>\n<p>Bayer s\u2019est engage\u0301 a\u0300 contribuer a\u0300 l\u2019acce\u0300s de 100 millions de femmes aux me\u0301thodes contraceptives modernes d\u2019ici 2030, a\u0300 travers des partenariats public-prive\u0301, un appui technique aux syste\u0300mes de sante\u0301 et des initiatives comme The Challenge Initiative pour renforcer les interventions dans les zones urbaines de\u0301favorise\u0301es.<\/p>\n<p>La SNPF propose un ensemble inte\u0301gre\u0301 de services gratuits, incluant, la planification familiale, la sante\u0301 sexuelle et reproductive, la prise en charge de la fistule obste\u0301tricale, des services juridiques pour les survivantes de violences base\u0301es sur le genre et des cliniques mobiles pour atteindre les zones e\u0301loigne\u0301es.<\/p>\n<p>Cette approche vise a\u0300 re\u0301duire la mortalite\u0301 maternelle, renforcer l\u2019autonomisation fe\u0301minine et stimuler la capture du dividende de\u0301mographique.<\/p>\n<p>En instituant cette Semaine nationale, la Co\u0302te d\u2019Ivoire consolide les acquis des semaines re\u0301gionales organise\u0301es ces dernie\u0300res anne\u0301es. Elle affirme e\u0301galement sa volonte\u0301 de faire de la planification familiale un pilier central du de\u0301veloppement socio-e\u0301conomique et de la lutte contre les ine\u0301galite\u0301s.<\/p>\n<p>L\u2019ensemble des parties prenantes \u2014 gouvernement, partenaires techniques et financiers, secteur prive\u0301, socie\u0301te\u0301 civile, leaders communautaires \u2014 ont exprime\u0301 leur volonte\u0301 de maintenir cette dynamique au-dela\u0300 de cette premie\u0300re e\u0301dition.<\/p>\n<p><strong>Pour plus d&rsquo;informations et d&rsquo;analyses sur la <span style=\"color: #ff6600\">C\u00f4te d&rsquo;Ivoire<\/span>, suivez <span style=\"color: #ff6600\">Africa-Press<\/span><\/strong><\/p>\n","protected":false},"excerpt":{"rendered":"<p>Africa-Press &#8211; C\u00f4te d&rsquo;Ivoire. La Co\u0302te d\u2019Ivoire a franchi une e\u0301tape majeure ce jeudi 27 novembre 2025 avec le lancement officiel de la premie\u0300re e\u0301dition de la Semaine Nationale de la Planification Familiale (SNPF), couple\u0301e a\u0300 la Journe\u0301e mondiale de la contraception (JMC). La ce\u0301re\u0301monie s\u2019est tenue sur l\u2019esplanade de la Mairie d\u2019Abobo, en pre\u0301sence [&hellip;]<\/p>\n","protected":false},"author":82,"featured_media":109533,"comment_status":"open","ping_status":"closed","sticky":false,"template":"","format":"standard","meta":{"footnotes":""},"categories":[21,10],"tags":[13087,19650,11434,29,1583,8079,19651,19649,12043,3316,19647,142,19648,2333],"class_list":["post-109535","post","type-post","status-publish","format-standard","has-post-thumbnail","hentry","category-communaute","category-toutes-les-actualites","tag-autonomisation","tag-bayer","tag-contraception","tag-cote-divoire","tag-developpement","tag-durable","tag-familiale","tag-jmc2025","tag-planification","tag-publique","tag-reproductive","tag-sante","tag-snpf2025","tag-unfpa"],"yoast_head":"<!-- This site is optimized with the Yoast SEO Premium plugin v26.1 (Yoast SEO v27.0) - https:\/\/yoast.com\/product\/yoast-seo-premium-wordpress\/ -->\n<title>Offensive nationale \u00e0 Abobo pour r\u00e9duire grossesses non d\u00e9sir\u00e9es - C\u00f4te d&#039;Ivoire<\/title>\n<meta name=\"description\" content=\"La Co\u0302te d\u2019Ivoire a franchi une e\u0301tape majeure ce jeudi 27 novembre 2025 avec le lancement officiel de la premie\u0300re e\u0301di ...\" \/>\n<meta name=\"robots\" content=\"index, follow, max-snippet:-1, max-image-preview:large, max-video-preview:-1\" \/>\n<link rel=\"canonical\" href=\"https:\/\/www.africa-press.net\/cotedivoire\/toutes-les-actualites\/offensive-nationale-a-abobo-pour-reduire-grossesses-non-desirees\" \/>\n<meta property=\"og:locale\" content=\"fr_FR\" \/>\n<meta property=\"og:type\" content=\"article\" \/>\n<meta property=\"og:title\" content=\"Offensive nationale \u00e0 Abobo pour r\u00e9duire grossesses non d\u00e9sir\u00e9es\" \/>\n<meta property=\"og:description\" content=\"La Co\u0302te d\u2019Ivoire a franchi une e\u0301tape majeure ce jeudi 27 novembre 2025 avec le lancement officiel de la premie\u0300re e\u0301di ...\" \/>\n<meta property=\"og:url\" content=\"https:\/\/www.africa-press.net\/cotedivoire\/toutes-les-actualites\/offensive-nationale-a-abobo-pour-reduire-grossesses-non-desirees\" \/>\n<meta property=\"og:site_name\" content=\"C\u00f4te d&#039;Ivoire\" \/>\n<meta property=\"article:published_time\" content=\"2025-11-30T15:44:34+00:00\" \/>\n<meta property=\"article:modified_time\" content=\"2025-11-30T16:16:32+00:00\" \/>\n<meta property=\"og:image\" content=\"https:\/\/static.africa-press.net\/cote\/sites\/43\/2025\/11\/sm_1764506757.960065.jpg\" \/>\n\t<meta property=\"og:image:width\" content=\"720\" \/>\n\t<meta property=\"og:image:height\" content=\"481\" \/>\n\t<meta property=\"og:image:type\" content=\"image\/jpeg\" \/>\n<meta name=\"author\" content=\"cfeditorfr\" \/>\n<meta name=\"twitter:card\" content=\"summary_large_image\" \/>\n<meta name=\"twitter:label1\" content=\"\u00c9crit par\" \/>\n\t<meta name=\"twitter:data1\" content=\"cfeditorfr\" \/>\n\t<meta name=\"twitter:label2\" content=\"Dur\u00e9e de lecture estim\u00e9e\" \/>\n\t<meta name=\"twitter:data2\" content=\"5 minutes\" \/>\n<script type=\"application\/ld+json\" class=\"yoast-schema-graph\">{\"@context\":\"https:\/\/schema.org\",\"@graph\":[{\"@type\":\"Article\",\"@id\":\"https:\/\/www.africa-press.net\/cotedivoire\/toutes-les-actualites\/offensive-nationale-a-abobo-pour-reduire-grossesses-non-desirees#article\",\"isPartOf\":{\"@id\":\"https:\/\/www.africa-press.net\/cotedivoire\/toutes-les-actualites\/offensive-nationale-a-abobo-pour-reduire-grossesses-non-desirees\"},\"author\":{\"name\":\"cfeditorfr\",\"@id\":\"https:\/\/www.africa-press.net\/cotedivoire\/#\/schema\/person\/2b1cf3cd81a31e3cd26889ca66d677f1\"},\"headline\":\"Offensive nationale \u00e0 Abobo pour r\u00e9duire grossesses non d\u00e9sir\u00e9es\",\"datePublished\":\"2025-11-30T15:44:34+00:00\",\"dateModified\":\"2025-11-30T16:16:32+00:00\",\"mainEntityOfPage\":{\"@id\":\"https:\/\/www.africa-press.net\/cotedivoire\/toutes-les-actualites\/offensive-nationale-a-abobo-pour-reduire-grossesses-non-desirees\"},\"wordCount\":901,\"commentCount\":0,\"image\":{\"@id\":\"https:\/\/www.africa-press.net\/cotedivoire\/toutes-les-actualites\/offensive-nationale-a-abobo-pour-reduire-grossesses-non-desirees#primaryimage\"},\"thumbnailUrl\":\"https:\/\/static.africa-press.net\/cote\/sites\/43\/2025\/11\/sm_1764506757.960065.jpg\",\"keywords\":[\"autonomisation\",\"Bayer\",\"contraception\",\"C\u00d4TE D'IVOIRE\",\"d\u00e9veloppement\",\"durable\",\"Familiale\",\"JMC2025\",\"planification\",\"Publique\",\"reproductive\",\"sant\u00e9\",\"SNPF2025\",\"UNFPA\"],\"articleSection\":[\"Communaut\u00e9\",\"Toutes les actualit\u00e9s\"],\"inLanguage\":\"fr-FR\",\"potentialAction\":[{\"@type\":\"CommentAction\",\"name\":\"Comment\",\"target\":[\"https:\/\/www.africa-press.net\/cotedivoire\/toutes-les-actualites\/offensive-nationale-a-abobo-pour-reduire-grossesses-non-desirees#respond\"]}]},{\"@type\":\"WebPage\",\"@id\":\"https:\/\/www.africa-press.net\/cotedivoire\/toutes-les-actualites\/offensive-nationale-a-abobo-pour-reduire-grossesses-non-desirees\",\"url\":\"https:\/\/www.africa-press.net\/cotedivoire\/toutes-les-actualites\/offensive-nationale-a-abobo-pour-reduire-grossesses-non-desirees\",\"name\":\"Offensive nationale \u00e0 Abobo pour r\u00e9duire grossesses non d\u00e9sir\u00e9es - C\u00f4te d&#039;Ivoire\",\"isPartOf\":{\"@id\":\"https:\/\/www.africa-press.net\/cotedivoire\/#website\"},\"primaryImageOfPage\":{\"@id\":\"https:\/\/www.africa-press.net\/cotedivoire\/toutes-les-actualites\/offensive-nationale-a-abobo-pour-reduire-grossesses-non-desirees#primaryimage\"},\"image\":{\"@id\":\"https:\/\/www.africa-press.net\/cotedivoire\/toutes-les-actualites\/offensive-nationale-a-abobo-pour-reduire-grossesses-non-desirees#primaryimage\"},\"thumbnailUrl\":\"https:\/\/static.africa-press.net\/cote\/sites\/43\/2025\/11\/sm_1764506757.960065.jpg\",\"datePublished\":\"2025-11-30T15:44:34+00:00\",\"dateModified\":\"2025-11-30T16:16:32+00:00\",\"author\":{\"@id\":\"https:\/\/www.africa-press.net\/cotedivoire\/#\/schema\/person\/2b1cf3cd81a31e3cd26889ca66d677f1\"},\"description\":\"La Co\u0302te d\u2019Ivoire a franchi une e\u0301tape majeure ce jeudi 27 novembre 2025 avec le lancement officiel de la premie\u0300re e\u0301di ...\",\"breadcrumb\":{\"@id\":\"https:\/\/www.africa-press.net\/cotedivoire\/toutes-les-actualites\/offensive-nationale-a-abobo-pour-reduire-grossesses-non-desirees#breadcrumb\"},\"inLanguage\":\"fr-FR\",\"potentialAction\":[{\"@type\":\"ReadAction\",\"target\":[\"https:\/\/www.africa-press.net\/cotedivoire\/toutes-les-actualites\/offensive-nationale-a-abobo-pour-reduire-grossesses-non-desirees\"]}]},{\"@type\":\"ImageObject\",\"inLanguage\":\"fr-FR\",\"@id\":\"https:\/\/www.africa-press.net\/cotedivoire\/toutes-les-actualites\/offensive-nationale-a-abobo-pour-reduire-grossesses-non-desirees#primaryimage\",\"url\":\"https:\/\/static.africa-press.net\/cote\/sites\/43\/2025\/11\/sm_1764506757.960065.jpg\",\"contentUrl\":\"https:\/\/static.africa-press.net\/cote\/sites\/43\/2025\/11\/sm_1764506757.960065.jpg\",\"width\":720,\"height\":481,\"caption\":\"Offensive nationale \u00e0 Abobo pour r\u00e9duire grossesses non d\u00e9sir\u00e9es\"},{\"@type\":\"BreadcrumbList\",\"@id\":\"https:\/\/www.africa-press.net\/cotedivoire\/toutes-les-actualites\/offensive-nationale-a-abobo-pour-reduire-grossesses-non-desirees#breadcrumb\",\"itemListElement\":[{\"@type\":\"ListItem\",\"position\":1,\"name\":\"Accueil\",\"item\":\"https:\/\/www.africa-press.net\/cotedivoire\/\"},{\"@type\":\"ListItem\",\"position\":2,\"name\":\"Offensive nationale \u00e0 Abobo pour r\u00e9duire grossesses non d\u00e9sir\u00e9es\"}]},{\"@type\":\"WebSite\",\"@id\":\"https:\/\/www.africa-press.net\/cotedivoire\/#website\",\"url\":\"https:\/\/www.africa-press.net\/cotedivoire\/\",\"name\":\"C\u00f4te d&#039;Ivoire\",\"description\":\"Just another Africa News Agency Sites site\",\"potentialAction\":[{\"@type\":\"SearchAction\",\"target\":{\"@type\":\"EntryPoint\",\"urlTemplate\":\"https:\/\/www.africa-press.net\/cotedivoire\/?s={search_term_string}\"},\"query-input\":{\"@type\":\"PropertyValueSpecification\",\"valueRequired\":true,\"valueName\":\"search_term_string\"}}],\"inLanguage\":\"fr-FR\"},{\"@type\":\"Person\",\"@id\":\"https:\/\/www.africa-press.net\/cotedivoire\/#\/schema\/person\/2b1cf3cd81a31e3cd26889ca66d677f1\",\"name\":\"cfeditorfr\"}]}<\/script>\n<!-- \/ Yoast SEO Premium plugin. -->","yoast_head_json":{"title":"Offensive nationale \u00e0 Abobo pour r\u00e9duire grossesses non d\u00e9sir\u00e9es - C\u00f4te d&#039;Ivoire","description":"La Co\u0302te d\u2019Ivoire a franchi une e\u0301tape majeure ce jeudi 27 novembre 2025 avec le lancement officiel de la premie\u0300re e\u0301di ...","robots":{"index":"index","follow":"follow","max-snippet":"max-snippet:-1","max-image-preview":"max-image-preview:large","max-video-preview":"max-video-preview:-1"},"canonical":"https:\/\/www.africa-press.net\/cotedivoire\/toutes-les-actualites\/offensive-nationale-a-abobo-pour-reduire-grossesses-non-desirees","og_locale":"fr_FR","og_type":"article","og_title":"Offensive nationale \u00e0 Abobo pour r\u00e9duire grossesses non d\u00e9sir\u00e9es","og_description":"La Co\u0302te d\u2019Ivoire a franchi une e\u0301tape majeure ce jeudi 27 novembre 2025 avec le lancement officiel de la premie\u0300re e\u0301di ...","og_url":"https:\/\/www.africa-press.net\/cotedivoire\/toutes-les-actualites\/offensive-nationale-a-abobo-pour-reduire-grossesses-non-desirees","og_site_name":"C\u00f4te d&#039;Ivoire","article_published_time":"2025-11-30T15:44:34+00:00","article_modified_time":"2025-11-30T16:16:32+00:00","og_image":[{"width":720,"height":481,"url":"https:\/\/static.africa-press.net\/cote\/sites\/43\/2025\/11\/sm_1764506757.960065.jpg","type":"image\/jpeg"}],"author":"cfeditorfr","twitter_card":"summary_large_image","twitter_misc":{"\u00c9crit par":"cfeditorfr","Dur\u00e9e de lecture estim\u00e9e":"5 minutes"},"schema":{"@context":"https:\/\/schema.org","@graph":[{"@type":"Article","@id":"https:\/\/www.africa-press.net\/cotedivoire\/toutes-les-actualites\/offensive-nationale-a-abobo-pour-reduire-grossesses-non-desirees#article","isPartOf":{"@id":"https:\/\/www.africa-press.net\/cotedivoire\/toutes-les-actualites\/offensive-nationale-a-abobo-pour-reduire-grossesses-non-desirees"},"author":{"name":"cfeditorfr","@id":"https:\/\/www.africa-press.net\/cotedivoire\/#\/schema\/person\/2b1cf3cd81a31e3cd26889ca66d677f1"},"headline":"Offensive nationale \u00e0 Abobo pour r\u00e9duire grossesses non d\u00e9sir\u00e9es","datePublished":"2025-11-30T15:44:34+00:00","dateModified":"2025-11-30T16:16:32+00:00","mainEntityOfPage":{"@id":"https:\/\/www.africa-press.net\/cotedivoire\/toutes-les-actualites\/offensive-nationale-a-abobo-pour-reduire-grossesses-non-desirees"},"wordCount":901,"commentCount":0,"image":{"@id":"https:\/\/www.africa-press.net\/cotedivoire\/toutes-les-actualites\/offensive-nationale-a-abobo-pour-reduire-grossesses-non-desirees#primaryimage"},"thumbnailUrl":"https:\/\/static.africa-press.net\/cote\/sites\/43\/2025\/11\/sm_1764506757.960065.jpg","keywords":["autonomisation","Bayer","contraception","C\u00d4TE D'IVOIRE","d\u00e9veloppement","durable","Familiale","JMC2025","planification","Publique","reproductive","sant\u00e9","SNPF2025","UNFPA"],"articleSection":["Communaut\u00e9","Toutes les actualit\u00e9s"],"inLanguage":"fr-FR","potentialAction":[{"@type":"CommentAction","name":"Comment","target":["https:\/\/www.africa-press.net\/cotedivoire\/toutes-les-actualites\/offensive-nationale-a-abobo-pour-reduire-grossesses-non-desirees#respond"]}]},{"@type":"WebPage","@id":"https:\/\/www.africa-press.net\/cotedivoire\/toutes-les-actualites\/offensive-nationale-a-abobo-pour-reduire-grossesses-non-desirees","url":"https:\/\/www.africa-press.net\/cotedivoire\/toutes-les-actualites\/offensive-nationale-a-abobo-pour-reduire-grossesses-non-desirees","name":"Offensive nationale \u00e0 Abobo pour r\u00e9duire grossesses non d\u00e9sir\u00e9es - C\u00f4te d&#039;Ivoire","isPartOf":{"@id":"https:\/\/www.africa-press.net\/cotedivoire\/#website"},"primaryImageOfPage":{"@id":"https:\/\/www.africa-press.net\/cotedivoire\/toutes-les-actualites\/offensive-nationale-a-abobo-pour-reduire-grossesses-non-desirees#primaryimage"},"image":{"@id":"https:\/\/www.africa-press.net\/cotedivoire\/toutes-les-actualites\/offensive-nationale-a-abobo-pour-reduire-grossesses-non-desirees#primaryimage"},"thumbnailUrl":"https:\/\/static.africa-press.net\/cote\/sites\/43\/2025\/11\/sm_1764506757.960065.jpg","datePublished":"2025-11-30T15:44:34+00:00","dateModified":"2025-11-30T16:16:32+00:00","author":{"@id":"https:\/\/www.africa-press.net\/cotedivoire\/#\/schema\/person\/2b1cf3cd81a31e3cd26889ca66d677f1"},"description":"La Co\u0302te d\u2019Ivoire a franchi une e\u0301tape majeure ce jeudi 27 novembre 2025 avec le lancement officiel de la premie\u0300re e\u0301di ...","breadcrumb":{"@id":"https:\/\/www.africa-press.net\/cotedivoire\/toutes-les-actualites\/offensive-nationale-a-abobo-pour-reduire-grossesses-non-desirees#breadcrumb"},"inLanguage":"fr-FR","potentialAction":[{"@type":"ReadAction","target":["https:\/\/www.africa-press.net\/cotedivoire\/toutes-les-actualites\/offensive-nationale-a-abobo-pour-reduire-grossesses-non-desirees"]}]},{"@type":"ImageObject","inLanguage":"fr-FR","@id":"https:\/\/www.africa-press.net\/cotedivoire\/toutes-les-actualites\/offensive-nationale-a-abobo-pour-reduire-grossesses-non-desirees#primaryimage","url":"https:\/\/static.africa-press.net\/cote\/sites\/43\/2025\/11\/sm_1764506757.960065.jpg","contentUrl":"https:\/\/static.africa-press.net\/cote\/sites\/43\/2025\/11\/sm_1764506757.960065.jpg","width":720,"height":481,"caption":"Offensive nationale \u00e0 Abobo pour r\u00e9duire grossesses non d\u00e9sir\u00e9es"},{"@type":"BreadcrumbList","@id":"https:\/\/www.africa-press.net\/cotedivoire\/toutes-les-actualites\/offensive-nationale-a-abobo-pour-reduire-grossesses-non-desirees#breadcrumb","itemListElement":[{"@type":"ListItem","position":1,"name":"Accueil","item":"https:\/\/www.africa-press.net\/cotedivoire\/"},{"@type":"ListItem","position":2,"name":"Offensive nationale \u00e0 Abobo pour r\u00e9duire grossesses non d\u00e9sir\u00e9es"}]},{"@type":"WebSite","@id":"https:\/\/www.africa-press.net\/cotedivoire\/#website","url":"https:\/\/www.africa-press.net\/cotedivoire\/","name":"C\u00f4te d&#039;Ivoire","description":"Just another Africa News Agency Sites site","potentialAction":[{"@type":"SearchAction","target":{"@type":"EntryPoint","urlTemplate":"https:\/\/www.africa-press.net\/cotedivoire\/?s={search_term_string}"},"query-input":{"@type":"PropertyValueSpecification","valueRequired":true,"valueName":"search_term_string"}}],"inLanguage":"fr-FR"},{"@type":"Person","@id":"https:\/\/www.africa-press.net\/cotedivoire\/#\/schema\/person\/2b1cf3cd81a31e3cd26889ca66d677f1","name":"cfeditorfr"}]}},"_links":{"self":[{"href":"https:\/\/www.africa-press.net\/cotedivoire\/wp-json\/wp\/v2\/posts\/109535","targetHints":{"allow":["GET"]}}],"collection":[{"href":"https:\/\/www.africa-press.net\/cotedivoire\/wp-json\/wp\/v2\/posts"}],"about":[{"href":"https:\/\/www.africa-press.net\/cotedivoire\/wp-json\/wp\/v2\/types\/post"}],"author":[{"embeddable":true,"href":"https:\/\/www.africa-press.net\/cotedivoire\/wp-json\/wp\/v2\/users\/82"}],"replies":[{"embeddable":true,"href":"https:\/\/www.africa-press.net\/cotedivoire\/wp-json\/wp\/v2\/comments?post=109535"}],"version-history":[{"count":0,"href":"https:\/\/www.africa-press.net\/cotedivoire\/wp-json\/wp\/v2\/posts\/109535\/revisions"}],"wp:featuredmedia":[{"embeddable":true,"href":"https:\/\/www.africa-press.net\/cotedivoire\/wp-json\/wp\/v2\/media\/109533"}],"wp:attachment":[{"href":"https:\/\/www.africa-press.net\/cotedivoire\/wp-json\/wp\/v2\/media?parent=109535"}],"wp:term":[{"taxonomy":"category","embeddable":true,"href":"https:\/\/www.africa-press.net\/cotedivoire\/wp-json\/wp\/v2\/categories?post=109535"},{"taxonomy":"post_tag","embeddable":true,"href":"https:\/\/www.africa-press.net\/cotedivoire\/wp-json\/wp\/v2\/tags?post=109535"}],"curies":[{"name":"wp","href":"https:\/\/api.w.org\/{rel}","templated":true}]}}