{"id":109541,"date":"2025-11-30T15:44:00","date_gmt":"2025-11-30T15:44:00","guid":{"rendered":"https:\/\/www.africa-press.net\/cotedivoire\/politique\/unite-nationale-autour-des-elephants-avant-la-can"},"modified":"2025-11-30T16:17:12","modified_gmt":"2025-11-30T16:17:12","slug":"unite-nationale-autour-des-elephants-avant-la-can","status":"publish","type":"post","link":"https:\/\/www.africa-press.net\/cotedivoire\/sports\/unite-nationale-autour-des-elephants-avant-la-can","title":{"rendered":"Unit\u00e9 nationale autour des \u00c9l\u00e9phants avant la CAN"},"content":{"rendered":"<p><span style=\"color: #ff6600\"><strong>Africa-Press &#8211; C\u00f4te d&rsquo;Ivoire. <\/strong><\/span>A\u0300 l\u2019occasion de la ce\u0301re\u0301monie d\u2019hommage organise\u0301e par le Syndicat du Personnel Administratif et Technique du Ministe\u0300re des Affaires E\u0301trange\u0300res (SYPATMAE), le Ministre de\u0301le\u0301gue\u0301 aupre\u0300s du Premier ministre, charge\u0301 des Sports et du Cadre de vie, Metch Silas Adje\u0301, a lance\u0301 un appel solennel a\u0300 l\u2019unite\u0301 nationale, en pre\u0301lude a\u0300 la prochaine Coupe d\u2019Afrique des Nations (CAN) qui de\u0301butera dans moins de 24 jours au Maroc.<\/p>\n<p>En marge de cet e\u0301ve\u0301nement empreint d\u2019e\u0301motion, consacre\u0301 a\u0300 la reconnaissance des agents retraite\u0301s et des meilleurs travailleurs du ministe\u0300re, le ministre a saisi la tribune pour exhorter les populations a\u0300 soutenir les champions d\u2019Afrique en titre, les E\u0301le\u0301phants de Co\u0302te d\u2019Ivoire.<\/p>\n<p>Devant un public compose\u0301 de diplomates, de responsables administratifs, de syndicalistes et d\u2019invite\u0301s de marque, Metch Silas Adje\u0301 a d\u2019abord salue\u0301 la qualite\u0301 de la ce\u0301re\u0301monie d\u2019hommage, soulignant l\u2019importance de valoriser les ba\u0302tisseurs de l\u2019Administration publique.<\/p>\n<p>Puis, e\u0301largissant son propos, il a e\u0301voque\u0301 un autre moment majeur a\u0300 venir, la de\u0301fense du titre continental par les E\u0301le\u0301phants, sacre\u0301s lors de la CAN 2023.<\/p>\n<p>\u00ab Je ne saurais dissoudre mon intervention sans rappeler que, dans moins de vingt-quatre (24) jours exactement, de\u0301bute au Maroc la grande messe du football africain. Je voudrais inviter l\u2019ensemble des Ivoiriens, tous les habitants de la Co\u0302te d\u2019Ivoire, tous les amoureux de notre pays, a\u0300 s\u2019unir d\u2019intentions pour accompagner nos vaillants pachydermes qui iront de\u0301fendre cra\u0302nement leur titre et ramener le trophe\u0301e sur les bords paisibles de la Lagune Ebrie\u0301. \u00bb<\/p>\n<p>Le ministre a rappele\u0301 que le sport, et particulie\u0300rement le football, demeure un puissant moteur d\u2019unite\u0301 nationale en Co\u0302te d\u2019Ivoire. La prochaine participation des E\u0301le\u0301phants repre\u0301sente donc une occasion de raviver la cohe\u0301sion sociale et le patriotisme a\u0300 travers tout le pays.<\/p>\n<p>Il a conclu son intervention par un appel vibrant a\u0300 la fraternite\u0301 et au rassemblement: \u00ab Vive la flamme pe\u0301tillante de la convivialite\u0301 au Ministe\u0300re en charge des Affaires E\u0301trange\u0300res, Vive le rayonnement de notre Administration publique, Pour que prospe\u0300re la Co\u0302te d\u2019Ivoire une, unie, indivisible, conque\u0301rante et triomphante.\u00a0\u00bb<\/p>\n<p>Alors que le coup d\u2019envoi de la CAN approche, l\u2019exhortation du ministre Metch Silas Adje\u0301 vient renforcer une dynamique nationale de\u0301ja\u0300 marque\u0301e par un fort engouement.<\/p>\n<p>Les E\u0301le\u0301phants, aure\u0301ole\u0301s de leur victoire lors de la dernie\u0300re e\u0301dition, sont particulie\u0300rement attendus et porteront l\u2019espoir de tout un peuple de\u0301sireux de revivre un moment historique.<\/p>\n<p>En transformant une ce\u0301re\u0301monie de reconnaissance en un appel patriotique, le Ministre Metch Silas Adje\u0301 a rappele\u0301 le ro\u0302le fe\u0301de\u0301rateur du sport et l\u2019importance d\u2019une mobilisation nationale totale autour des E\u0301le\u0301phants.<\/p>\n<p>A\u0300 quelques semaines de la CAN, le message est clair, l\u2019unite\u0301, l\u2019espoir et la de\u0301termination doivent guider la Co\u0302te d\u2019Ivoire vers un nouveau triomphe continental.<\/p>\n<p><strong>Pour plus d&rsquo;informations et d&rsquo;analyses sur la <span style=\"color: #ff6600\">C\u00f4te d&rsquo;Ivoire<\/span>, suivez <span style=\"color: #ff6600\">Africa-Press<\/span><\/strong><\/p>\n","protected":false},"excerpt":{"rendered":"<p>Africa-Press &#8211; C\u00f4te d&rsquo;Ivoire. A\u0300 l\u2019occasion de la ce\u0301re\u0301monie d\u2019hommage organise\u0301e par le Syndicat du Personnel Administratif et Technique du Ministe\u0300re des Affaires E\u0301trange\u0300res (SYPATMAE), le Ministre de\u0301le\u0301gue\u0301 aupre\u0300s du Premier ministre, charge\u0301 des Sports et du Cadre de vie, Metch Silas Adje\u0301, a lance\u0301 un appel solennel a\u0300 l\u2019unite\u0301 nationale, en pre\u0301lude a\u0300 la [&hellip;]<\/p>\n","protected":false},"author":82,"featured_media":109540,"comment_status":"open","ping_status":"closed","sticky":false,"template":"","format":"standard","meta":{"footnotes":""},"categories":[6,10],"tags":[3072,19502,29,526,65,586,19652,19654,2893,3316,64,19653,18695],"class_list":["post-109541","post","type-post","status-publish","format-standard","has-post-thumbnail","hentry","category-sports","category-toutes-les-actualites","tag-administration","tag-can2025","tag-cote-divoire","tag-elephants","tag-football","tag-ivoirien","tag-maroc2025","tag-metch-silas-adje","tag-patriotisme","tag-publique","tag-sport","tag-sypatmae","tag-unite-nationale"],"yoast_head":"<!-- This site is optimized with the Yoast SEO Premium plugin v26.1 (Yoast SEO v27.0) - https:\/\/yoast.com\/product\/yoast-seo-premium-wordpress\/ -->\n<title>Unit\u00e9 nationale autour des \u00c9l\u00e9phants avant la CAN - C\u00f4te d&#039;Ivoire<\/title>\n<meta name=\"description\" content=\"A\u0300 l\u2019occasion de la ce\u0301re\u0301monie d\u2019hommage organise\u0301e par le Syndicat du Personnel Administratif et Technique du Ministe\u0300 ...\" \/>\n<meta name=\"robots\" content=\"index, follow, max-snippet:-1, max-image-preview:large, max-video-preview:-1\" \/>\n<link rel=\"canonical\" href=\"https:\/\/www.africa-press.net\/cotedivoire\/sports\/unite-nationale-autour-des-elephants-avant-la-can\" \/>\n<meta property=\"og:locale\" content=\"fr_FR\" \/>\n<meta property=\"og:type\" content=\"article\" \/>\n<meta property=\"og:title\" content=\"Unit\u00e9 nationale autour des \u00c9l\u00e9phants avant la CAN\" \/>\n<meta property=\"og:description\" content=\"A\u0300 l\u2019occasion de la ce\u0301re\u0301monie d\u2019hommage organise\u0301e par le Syndicat du Personnel Administratif et Technique du Ministe\u0300 ...\" \/>\n<meta property=\"og:url\" content=\"https:\/\/www.africa-press.net\/cotedivoire\/sports\/unite-nationale-autour-des-elephants-avant-la-can\" \/>\n<meta property=\"og:site_name\" content=\"C\u00f4te d&#039;Ivoire\" \/>\n<meta property=\"article:published_time\" content=\"2025-11-30T15:44:00+00:00\" \/>\n<meta property=\"article:modified_time\" content=\"2025-11-30T16:17:12+00:00\" \/>\n<meta property=\"og:image\" content=\"https:\/\/static.africa-press.net\/cote\/sites\/43\/2025\/11\/sm_1764506799.026655.jpg\" \/>\n\t<meta property=\"og:image:width\" content=\"843\" \/>\n\t<meta property=\"og:image:height\" content=\"620\" \/>\n\t<meta property=\"og:image:type\" content=\"image\/jpeg\" \/>\n<meta name=\"author\" content=\"cfeditorfr\" \/>\n<meta name=\"twitter:card\" content=\"summary_large_image\" \/>\n<meta name=\"twitter:label1\" content=\"\u00c9crit par\" \/>\n\t<meta name=\"twitter:data1\" content=\"cfeditorfr\" \/>\n\t<meta name=\"twitter:label2\" content=\"Dur\u00e9e de lecture estim\u00e9e\" \/>\n\t<meta name=\"twitter:data2\" content=\"3 minutes\" \/>\n<script type=\"application\/ld+json\" class=\"yoast-schema-graph\">{\"@context\":\"https:\/\/schema.org\",\"@graph\":[{\"@type\":\"Article\",\"@id\":\"https:\/\/www.africa-press.net\/cotedivoire\/sports\/unite-nationale-autour-des-elephants-avant-la-can#article\",\"isPartOf\":{\"@id\":\"https:\/\/www.africa-press.net\/cotedivoire\/sports\/unite-nationale-autour-des-elephants-avant-la-can\"},\"author\":{\"name\":\"cfeditorfr\",\"@id\":\"https:\/\/www.africa-press.net\/cotedivoire\/#\/schema\/person\/2b1cf3cd81a31e3cd26889ca66d677f1\"},\"headline\":\"Unit\u00e9 nationale autour des \u00c9l\u00e9phants avant la CAN\",\"datePublished\":\"2025-11-30T15:44:00+00:00\",\"dateModified\":\"2025-11-30T16:17:12+00:00\",\"mainEntityOfPage\":{\"@id\":\"https:\/\/www.africa-press.net\/cotedivoire\/sports\/unite-nationale-autour-des-elephants-avant-la-can\"},\"wordCount\":560,\"commentCount\":0,\"image\":{\"@id\":\"https:\/\/www.africa-press.net\/cotedivoire\/sports\/unite-nationale-autour-des-elephants-avant-la-can#primaryimage\"},\"thumbnailUrl\":\"https:\/\/static.africa-press.net\/cote\/sites\/43\/2025\/11\/sm_1764506799.026655.jpg\",\"keywords\":[\"administration\",\"CAN2025\",\"C\u00d4TE D'IVOIRE\",\"\u00e9l\u00e9phants\",\"Football\",\"ivoirien\",\"Maroc2025\",\"Metch Silas Adj\u00e9\",\"patriotisme\",\"Publique\",\"sport\",\"SYPATMAE\",\"unit\u00e9 nationale\"],\"articleSection\":[\"Sports\",\"Toutes les actualit\u00e9s\"],\"inLanguage\":\"fr-FR\",\"potentialAction\":[{\"@type\":\"CommentAction\",\"name\":\"Comment\",\"target\":[\"https:\/\/www.africa-press.net\/cotedivoire\/sports\/unite-nationale-autour-des-elephants-avant-la-can#respond\"]}]},{\"@type\":\"WebPage\",\"@id\":\"https:\/\/www.africa-press.net\/cotedivoire\/sports\/unite-nationale-autour-des-elephants-avant-la-can\",\"url\":\"https:\/\/www.africa-press.net\/cotedivoire\/sports\/unite-nationale-autour-des-elephants-avant-la-can\",\"name\":\"Unit\u00e9 nationale autour des \u00c9l\u00e9phants avant la CAN - C\u00f4te d&#039;Ivoire\",\"isPartOf\":{\"@id\":\"https:\/\/www.africa-press.net\/cotedivoire\/#website\"},\"primaryImageOfPage\":{\"@id\":\"https:\/\/www.africa-press.net\/cotedivoire\/sports\/unite-nationale-autour-des-elephants-avant-la-can#primaryimage\"},\"image\":{\"@id\":\"https:\/\/www.africa-press.net\/cotedivoire\/sports\/unite-nationale-autour-des-elephants-avant-la-can#primaryimage\"},\"thumbnailUrl\":\"https:\/\/static.africa-press.net\/cote\/sites\/43\/2025\/11\/sm_1764506799.026655.jpg\",\"datePublished\":\"2025-11-30T15:44:00+00:00\",\"dateModified\":\"2025-11-30T16:17:12+00:00\",\"author\":{\"@id\":\"https:\/\/www.africa-press.net\/cotedivoire\/#\/schema\/person\/2b1cf3cd81a31e3cd26889ca66d677f1\"},\"description\":\"A\u0300 l\u2019occasion de la ce\u0301re\u0301monie d\u2019hommage organise\u0301e par le Syndicat du Personnel Administratif et Technique du Ministe\u0300 ...\",\"breadcrumb\":{\"@id\":\"https:\/\/www.africa-press.net\/cotedivoire\/sports\/unite-nationale-autour-des-elephants-avant-la-can#breadcrumb\"},\"inLanguage\":\"fr-FR\",\"potentialAction\":[{\"@type\":\"ReadAction\",\"target\":[\"https:\/\/www.africa-press.net\/cotedivoire\/sports\/unite-nationale-autour-des-elephants-avant-la-can\"]}]},{\"@type\":\"ImageObject\",\"inLanguage\":\"fr-FR\",\"@id\":\"https:\/\/www.africa-press.net\/cotedivoire\/sports\/unite-nationale-autour-des-elephants-avant-la-can#primaryimage\",\"url\":\"https:\/\/static.africa-press.net\/cote\/sites\/43\/2025\/11\/sm_1764506799.026655.jpg\",\"contentUrl\":\"https:\/\/static.africa-press.net\/cote\/sites\/43\/2025\/11\/sm_1764506799.026655.jpg\",\"width\":843,\"height\":620,\"caption\":\"Unit\u00e9 nationale autour des \u00c9l\u00e9phants avant la CAN\"},{\"@type\":\"BreadcrumbList\",\"@id\":\"https:\/\/www.africa-press.net\/cotedivoire\/sports\/unite-nationale-autour-des-elephants-avant-la-can#breadcrumb\",\"itemListElement\":[{\"@type\":\"ListItem\",\"position\":1,\"name\":\"Accueil\",\"item\":\"https:\/\/www.africa-press.net\/cotedivoire\/\"},{\"@type\":\"ListItem\",\"position\":2,\"name\":\"Unit\u00e9 nationale autour des \u00c9l\u00e9phants avant la CAN\"}]},{\"@type\":\"WebSite\",\"@id\":\"https:\/\/www.africa-press.net\/cotedivoire\/#website\",\"url\":\"https:\/\/www.africa-press.net\/cotedivoire\/\",\"name\":\"C\u00f4te d&#039;Ivoire\",\"description\":\"Just another Africa News Agency Sites site\",\"potentialAction\":[{\"@type\":\"SearchAction\",\"target\":{\"@type\":\"EntryPoint\",\"urlTemplate\":\"https:\/\/www.africa-press.net\/cotedivoire\/?s={search_term_string}\"},\"query-input\":{\"@type\":\"PropertyValueSpecification\",\"valueRequired\":true,\"valueName\":\"search_term_string\"}}],\"inLanguage\":\"fr-FR\"},{\"@type\":\"Person\",\"@id\":\"https:\/\/www.africa-press.net\/cotedivoire\/#\/schema\/person\/2b1cf3cd81a31e3cd26889ca66d677f1\",\"name\":\"cfeditorfr\"}]}<\/script>\n<!-- \/ Yoast SEO Premium plugin. -->","yoast_head_json":{"title":"Unit\u00e9 nationale autour des \u00c9l\u00e9phants avant la CAN - C\u00f4te d&#039;Ivoire","description":"A\u0300 l\u2019occasion de la ce\u0301re\u0301monie d\u2019hommage organise\u0301e par le Syndicat du Personnel Administratif et Technique du Ministe\u0300 ...","robots":{"index":"index","follow":"follow","max-snippet":"max-snippet:-1","max-image-preview":"max-image-preview:large","max-video-preview":"max-video-preview:-1"},"canonical":"https:\/\/www.africa-press.net\/cotedivoire\/sports\/unite-nationale-autour-des-elephants-avant-la-can","og_locale":"fr_FR","og_type":"article","og_title":"Unit\u00e9 nationale autour des \u00c9l\u00e9phants avant la CAN","og_description":"A\u0300 l\u2019occasion de la ce\u0301re\u0301monie d\u2019hommage organise\u0301e par le Syndicat du Personnel Administratif et Technique du Ministe\u0300 ...","og_url":"https:\/\/www.africa-press.net\/cotedivoire\/sports\/unite-nationale-autour-des-elephants-avant-la-can","og_site_name":"C\u00f4te d&#039;Ivoire","article_published_time":"2025-11-30T15:44:00+00:00","article_modified_time":"2025-11-30T16:17:12+00:00","og_image":[{"width":843,"height":620,"url":"https:\/\/static.africa-press.net\/cote\/sites\/43\/2025\/11\/sm_1764506799.026655.jpg","type":"image\/jpeg"}],"author":"cfeditorfr","twitter_card":"summary_large_image","twitter_misc":{"\u00c9crit par":"cfeditorfr","Dur\u00e9e de lecture estim\u00e9e":"3 minutes"},"schema":{"@context":"https:\/\/schema.org","@graph":[{"@type":"Article","@id":"https:\/\/www.africa-press.net\/cotedivoire\/sports\/unite-nationale-autour-des-elephants-avant-la-can#article","isPartOf":{"@id":"https:\/\/www.africa-press.net\/cotedivoire\/sports\/unite-nationale-autour-des-elephants-avant-la-can"},"author":{"name":"cfeditorfr","@id":"https:\/\/www.africa-press.net\/cotedivoire\/#\/schema\/person\/2b1cf3cd81a31e3cd26889ca66d677f1"},"headline":"Unit\u00e9 nationale autour des \u00c9l\u00e9phants avant la CAN","datePublished":"2025-11-30T15:44:00+00:00","dateModified":"2025-11-30T16:17:12+00:00","mainEntityOfPage":{"@id":"https:\/\/www.africa-press.net\/cotedivoire\/sports\/unite-nationale-autour-des-elephants-avant-la-can"},"wordCount":560,"commentCount":0,"image":{"@id":"https:\/\/www.africa-press.net\/cotedivoire\/sports\/unite-nationale-autour-des-elephants-avant-la-can#primaryimage"},"thumbnailUrl":"https:\/\/static.africa-press.net\/cote\/sites\/43\/2025\/11\/sm_1764506799.026655.jpg","keywords":["administration","CAN2025","C\u00d4TE D'IVOIRE","\u00e9l\u00e9phants","Football","ivoirien","Maroc2025","Metch Silas Adj\u00e9","patriotisme","Publique","sport","SYPATMAE","unit\u00e9 nationale"],"articleSection":["Sports","Toutes les actualit\u00e9s"],"inLanguage":"fr-FR","potentialAction":[{"@type":"CommentAction","name":"Comment","target":["https:\/\/www.africa-press.net\/cotedivoire\/sports\/unite-nationale-autour-des-elephants-avant-la-can#respond"]}]},{"@type":"WebPage","@id":"https:\/\/www.africa-press.net\/cotedivoire\/sports\/unite-nationale-autour-des-elephants-avant-la-can","url":"https:\/\/www.africa-press.net\/cotedivoire\/sports\/unite-nationale-autour-des-elephants-avant-la-can","name":"Unit\u00e9 nationale autour des \u00c9l\u00e9phants avant la CAN - C\u00f4te d&#039;Ivoire","isPartOf":{"@id":"https:\/\/www.africa-press.net\/cotedivoire\/#website"},"primaryImageOfPage":{"@id":"https:\/\/www.africa-press.net\/cotedivoire\/sports\/unite-nationale-autour-des-elephants-avant-la-can#primaryimage"},"image":{"@id":"https:\/\/www.africa-press.net\/cotedivoire\/sports\/unite-nationale-autour-des-elephants-avant-la-can#primaryimage"},"thumbnailUrl":"https:\/\/static.africa-press.net\/cote\/sites\/43\/2025\/11\/sm_1764506799.026655.jpg","datePublished":"2025-11-30T15:44:00+00:00","dateModified":"2025-11-30T16:17:12+00:00","author":{"@id":"https:\/\/www.africa-press.net\/cotedivoire\/#\/schema\/person\/2b1cf3cd81a31e3cd26889ca66d677f1"},"description":"A\u0300 l\u2019occasion de la ce\u0301re\u0301monie d\u2019hommage organise\u0301e par le Syndicat du Personnel Administratif et Technique du Ministe\u0300 ...","breadcrumb":{"@id":"https:\/\/www.africa-press.net\/cotedivoire\/sports\/unite-nationale-autour-des-elephants-avant-la-can#breadcrumb"},"inLanguage":"fr-FR","potentialAction":[{"@type":"ReadAction","target":["https:\/\/www.africa-press.net\/cotedivoire\/sports\/unite-nationale-autour-des-elephants-avant-la-can"]}]},{"@type":"ImageObject","inLanguage":"fr-FR","@id":"https:\/\/www.africa-press.net\/cotedivoire\/sports\/unite-nationale-autour-des-elephants-avant-la-can#primaryimage","url":"https:\/\/static.africa-press.net\/cote\/sites\/43\/2025\/11\/sm_1764506799.026655.jpg","contentUrl":"https:\/\/static.africa-press.net\/cote\/sites\/43\/2025\/11\/sm_1764506799.026655.jpg","width":843,"height":620,"caption":"Unit\u00e9 nationale autour des \u00c9l\u00e9phants avant la CAN"},{"@type":"BreadcrumbList","@id":"https:\/\/www.africa-press.net\/cotedivoire\/sports\/unite-nationale-autour-des-elephants-avant-la-can#breadcrumb","itemListElement":[{"@type":"ListItem","position":1,"name":"Accueil","item":"https:\/\/www.africa-press.net\/cotedivoire\/"},{"@type":"ListItem","position":2,"name":"Unit\u00e9 nationale autour des \u00c9l\u00e9phants avant la CAN"}]},{"@type":"WebSite","@id":"https:\/\/www.africa-press.net\/cotedivoire\/#website","url":"https:\/\/www.africa-press.net\/cotedivoire\/","name":"C\u00f4te d&#039;Ivoire","description":"Just another Africa News Agency Sites site","potentialAction":[{"@type":"SearchAction","target":{"@type":"EntryPoint","urlTemplate":"https:\/\/www.africa-press.net\/cotedivoire\/?s={search_term_string}"},"query-input":{"@type":"PropertyValueSpecification","valueRequired":true,"valueName":"search_term_string"}}],"inLanguage":"fr-FR"},{"@type":"Person","@id":"https:\/\/www.africa-press.net\/cotedivoire\/#\/schema\/person\/2b1cf3cd81a31e3cd26889ca66d677f1","name":"cfeditorfr"}]}},"_links":{"self":[{"href":"https:\/\/www.africa-press.net\/cotedivoire\/wp-json\/wp\/v2\/posts\/109541","targetHints":{"allow":["GET"]}}],"collection":[{"href":"https:\/\/www.africa-press.net\/cotedivoire\/wp-json\/wp\/v2\/posts"}],"about":[{"href":"https:\/\/www.africa-press.net\/cotedivoire\/wp-json\/wp\/v2\/types\/post"}],"author":[{"embeddable":true,"href":"https:\/\/www.africa-press.net\/cotedivoire\/wp-json\/wp\/v2\/users\/82"}],"replies":[{"embeddable":true,"href":"https:\/\/www.africa-press.net\/cotedivoire\/wp-json\/wp\/v2\/comments?post=109541"}],"version-history":[{"count":0,"href":"https:\/\/www.africa-press.net\/cotedivoire\/wp-json\/wp\/v2\/posts\/109541\/revisions"}],"wp:featuredmedia":[{"embeddable":true,"href":"https:\/\/www.africa-press.net\/cotedivoire\/wp-json\/wp\/v2\/media\/109540"}],"wp:attachment":[{"href":"https:\/\/www.africa-press.net\/cotedivoire\/wp-json\/wp\/v2\/media?parent=109541"}],"wp:term":[{"taxonomy":"category","embeddable":true,"href":"https:\/\/www.africa-press.net\/cotedivoire\/wp-json\/wp\/v2\/categories?post=109541"},{"taxonomy":"post_tag","embeddable":true,"href":"https:\/\/www.africa-press.net\/cotedivoire\/wp-json\/wp\/v2\/tags?post=109541"}],"curies":[{"name":"wp","href":"https:\/\/api.w.org\/{rel}","templated":true}]}}