{"id":10957,"date":"2021-08-07T09:59:08","date_gmt":"2021-08-07T09:59:08","guid":{"rendered":"https:\/\/www.africa-press.net\/cotedivoire\/?p=10957"},"modified":"2021-08-08T18:29:41","modified_gmt":"2021-08-08T18:29:41","slug":"16-detenus-dopinion-liberes-en-cote-divoire-communique-du-fpi","status":"publish","type":"post","link":"https:\/\/www.africa-press.net\/cotedivoire\/politique\/16-detenus-dopinion-liberes-en-cote-divoire-communique-du-fpi","title":{"rendered":"\u00ab\u00a016 d\u00e9tenus d\u2019opinion\u00a0\u00bb lib\u00e9r\u00e9s en Cote-d\u2019Ivoire (communiqu\u00e9 du FPI)"},"content":{"rendered":"<p><span style=\"color: #ff6600\"><strong><a href=\"https:\/\/www.africa-press.net\/\">Africa-Press<\/a> &#8211; <a href=\"https:\/\/www.africa-press.net\/cotedivoire\">C\u00f4te d&rsquo;Ivoire<\/a>. <\/strong><\/span>Le Mardi 27 Juillet 2021, S.E.M. Laurent Gbagbo, ancien Pr\u00e9sident de la R\u00e9publique de C\u00f4te d\u2019Ivoire, s\u2019est entretenu avec le Pr\u00e9sident de la R\u00e9publique de C\u00f4te d\u2019Ivoire, S.E.M Alassane Ouattara, au Palais Pr\u00e9sidentiel d\u2019Abidjan-Plateau.<\/p>\n<p>A cette rencontre et au cours des \u00e9changes , le Pr\u00e9sident Laurent Gbagbo a port\u00e9 une seule dol\u00e9ance au Pr\u00e9sident Alassane Ouattara :<\/p>\n<p>1- N\u2019dri Kouadio Pierre Narcisse, Directeur de Cabinet du Pr\u00e9sident du PDCI-RDA, S.E.M Henri Konan B\u00e9di\u00e9.<\/p>\n<p>2- Agu\u00e9d\u00e9 Paulin, F\u00e9d\u00e9ral FPI, adjoint, de la Commune de Cocody.<\/p>\n<p>3- Agnero Semou S\u00e9verin<\/p>\n<p>4- Djedjemel Jocelyn Lucas<\/p>\n<p>5- Essoh Akpa L\u00e9on<\/p>\n<p>6- Sie Essoh Sylvain<\/p>\n<p>7- Egue Essoh Rapha\u00ebl<\/p>\n<p>8- Amari Meledje Mathieu<\/p>\n<p>9- Essis Essoh Charles<\/p>\n<p>10- Agnero Lath Charles<\/p>\n<p>11- Sess Lath Alexis<\/p>\n<p>12- Sob Esmel Thimoth\u00e9e<\/p>\n<p>13- Abi Porquet<\/p>\n<p>14- Meless Gnangne Ambroise<\/p>\n<p>15- Kacou Mel Olivier Patrice<\/p>\n<p>16- Piehi Wilfried<\/p>\n<p>Camarades ! Bon retour chez vous !<\/p>\n<p>Merci au Pr\u00e9sident Laurent Gbagbo qui a pris fait et cause pour tous les d\u00e9tenus d\u2019opinion.<\/p>\n<p>Sercom FPI<\/p>\n","protected":false},"excerpt":{"rendered":"<p>Africa-Press &#8211; C\u00f4te d&rsquo;Ivoire. Le Mardi 27 Juillet 2021, S.E.M. Laurent Gbagbo, ancien Pr\u00e9sident de la R\u00e9publique de C\u00f4te d\u2019Ivoire, s\u2019est entretenu avec le Pr\u00e9sident de la R\u00e9publique de C\u00f4te d\u2019Ivoire, S.E.M Alassane Ouattara, au Palais Pr\u00e9sidentiel d\u2019Abidjan-Plateau. A cette rencontre et au cours des \u00e9changes , le Pr\u00e9sident Laurent Gbagbo a port\u00e9 une seule [&hellip;]<\/p>\n","protected":false},"author":82,"featured_media":10956,"comment_status":"open","ping_status":"closed","sticky":false,"template":"","format":"standard","meta":{"footnotes":""},"categories":[11,2,10],"tags":[56,63,29],"class_list":["post-10957","post","type-post","status-publish","format-standard","has-post-thumbnail","hentry","category-homepage-french","category-politique","category-toutes-les-actualites","tag-africa-press","tag-africa-press-cote-divoire","tag-cote-divoire"],"yoast_head":"<!-- This site is optimized with the Yoast SEO Premium plugin v26.1 (Yoast SEO v27.0) - https:\/\/yoast.com\/product\/yoast-seo-premium-wordpress\/ -->\n<title>\u00ab\u00a016 d\u00e9tenus d\u2019opinion\u00a0\u00bb lib\u00e9r\u00e9s en Cote-d\u2019Ivoire (communiqu\u00e9 du FPI) - C\u00f4te d&#039;Ivoire<\/title>\n<meta name=\"description\" content=\"Le Mardi 27 Juillet 2021, S.E.M. Laurent Gbagbo, ancien Pr\u00e9sident de la R\u00e9publique de C\u00f4te d\u2019Ivoire, s\u2019est entretenu ave ...\" \/>\n<meta name=\"robots\" content=\"index, follow, max-snippet:-1, max-image-preview:large, max-video-preview:-1\" \/>\n<link rel=\"canonical\" href=\"https:\/\/www.africa-press.net\/cotedivoire\/politique\/16-detenus-dopinion-liberes-en-cote-divoire-communique-du-fpi\" \/>\n<meta property=\"og:locale\" content=\"fr_FR\" \/>\n<meta property=\"og:type\" content=\"article\" \/>\n<meta property=\"og:title\" content=\"\u00ab\u00a016 d\u00e9tenus d\u2019opinion\u00a0\u00bb lib\u00e9r\u00e9s en Cote-d\u2019Ivoire (communiqu\u00e9 du FPI)\" \/>\n<meta property=\"og:description\" content=\"Le Mardi 27 Juillet 2021, S.E.M. Laurent Gbagbo, ancien Pr\u00e9sident de la R\u00e9publique de C\u00f4te d\u2019Ivoire, s\u2019est entretenu ave ...\" \/>\n<meta property=\"og:url\" content=\"https:\/\/www.africa-press.net\/cotedivoire\/politique\/16-detenus-dopinion-liberes-en-cote-divoire-communique-du-fpi\" \/>\n<meta property=\"og:site_name\" content=\"C\u00f4te d&#039;Ivoire\" \/>\n<meta property=\"article:published_time\" content=\"2021-08-07T09:59:08+00:00\" \/>\n<meta property=\"article:modified_time\" content=\"2021-08-08T18:29:41+00:00\" \/>\n<meta property=\"og:image\" content=\"https:\/\/static.africa-press.net\/cote\/sites\/43\/2021\/08\/img-610e4f0f202d7.jpg\" \/>\n\t<meta property=\"og:image:width\" content=\"927\" \/>\n\t<meta property=\"og:image:height\" content=\"546\" \/>\n\t<meta property=\"og:image:type\" content=\"image\/jpeg\" \/>\n<meta name=\"author\" content=\"cfeditorfr\" \/>\n<meta name=\"twitter:card\" content=\"summary_large_image\" \/>\n<meta name=\"twitter:label1\" content=\"\u00c9crit par\" \/>\n\t<meta name=\"twitter:data1\" content=\"cfeditorfr\" \/>\n\t<meta name=\"twitter:label2\" content=\"Dur\u00e9e de lecture estim\u00e9e\" \/>\n\t<meta name=\"twitter:data2\" content=\"1 minute\" \/>\n<script type=\"application\/ld+json\" class=\"yoast-schema-graph\">{\"@context\":\"https:\/\/schema.org\",\"@graph\":[{\"@type\":\"Article\",\"@id\":\"https:\/\/www.africa-press.net\/cotedivoire\/politique\/16-detenus-dopinion-liberes-en-cote-divoire-communique-du-fpi#article\",\"isPartOf\":{\"@id\":\"https:\/\/www.africa-press.net\/cotedivoire\/politique\/16-detenus-dopinion-liberes-en-cote-divoire-communique-du-fpi\"},\"author\":{\"name\":\"cfeditorfr\",\"@id\":\"https:\/\/www.africa-press.net\/cotedivoire\/#\/schema\/person\/2b1cf3cd81a31e3cd26889ca66d677f1\"},\"headline\":\"\u00ab\u00a016 d\u00e9tenus d\u2019opinion\u00a0\u00bb lib\u00e9r\u00e9s en Cote-d\u2019Ivoire (communiqu\u00e9 du FPI)\",\"datePublished\":\"2021-08-07T09:59:08+00:00\",\"dateModified\":\"2021-08-08T18:29:41+00:00\",\"mainEntityOfPage\":{\"@id\":\"https:\/\/www.africa-press.net\/cotedivoire\/politique\/16-detenus-dopinion-liberes-en-cote-divoire-communique-du-fpi\"},\"wordCount\":210,\"commentCount\":0,\"image\":{\"@id\":\"https:\/\/www.africa-press.net\/cotedivoire\/politique\/16-detenus-dopinion-liberes-en-cote-divoire-communique-du-fpi#primaryimage\"},\"thumbnailUrl\":\"https:\/\/static.africa-press.net\/cote\/sites\/43\/2021\/08\/img-610e4f0f202d7.jpg\",\"keywords\":[\"Africa Press\",\"Africa Press-C\u00f4te d'Ivoire\",\"C\u00d4TE D'IVOIRE\"],\"articleSection\":[\"homepage-french\",\"Politique\",\"Toutes les actualit\u00e9s\"],\"inLanguage\":\"fr-FR\",\"potentialAction\":[{\"@type\":\"CommentAction\",\"name\":\"Comment\",\"target\":[\"https:\/\/www.africa-press.net\/cotedivoire\/politique\/16-detenus-dopinion-liberes-en-cote-divoire-communique-du-fpi#respond\"]}]},{\"@type\":\"WebPage\",\"@id\":\"https:\/\/www.africa-press.net\/cotedivoire\/politique\/16-detenus-dopinion-liberes-en-cote-divoire-communique-du-fpi\",\"url\":\"https:\/\/www.africa-press.net\/cotedivoire\/politique\/16-detenus-dopinion-liberes-en-cote-divoire-communique-du-fpi\",\"name\":\"\u00ab\u00a016 d\u00e9tenus d\u2019opinion\u00a0\u00bb lib\u00e9r\u00e9s en Cote-d\u2019Ivoire (communiqu\u00e9 du FPI) - C\u00f4te d&#039;Ivoire\",\"isPartOf\":{\"@id\":\"https:\/\/www.africa-press.net\/cotedivoire\/#website\"},\"primaryImageOfPage\":{\"@id\":\"https:\/\/www.africa-press.net\/cotedivoire\/politique\/16-detenus-dopinion-liberes-en-cote-divoire-communique-du-fpi#primaryimage\"},\"image\":{\"@id\":\"https:\/\/www.africa-press.net\/cotedivoire\/politique\/16-detenus-dopinion-liberes-en-cote-divoire-communique-du-fpi#primaryimage\"},\"thumbnailUrl\":\"https:\/\/static.africa-press.net\/cote\/sites\/43\/2021\/08\/img-610e4f0f202d7.jpg\",\"datePublished\":\"2021-08-07T09:59:08+00:00\",\"dateModified\":\"2021-08-08T18:29:41+00:00\",\"author\":{\"@id\":\"https:\/\/www.africa-press.net\/cotedivoire\/#\/schema\/person\/2b1cf3cd81a31e3cd26889ca66d677f1\"},\"description\":\"Le Mardi 27 Juillet 2021, S.E.M. Laurent Gbagbo, ancien Pr\u00e9sident de la R\u00e9publique de C\u00f4te d\u2019Ivoire, s\u2019est entretenu ave ...\",\"breadcrumb\":{\"@id\":\"https:\/\/www.africa-press.net\/cotedivoire\/politique\/16-detenus-dopinion-liberes-en-cote-divoire-communique-du-fpi#breadcrumb\"},\"inLanguage\":\"fr-FR\",\"potentialAction\":[{\"@type\":\"ReadAction\",\"target\":[\"https:\/\/www.africa-press.net\/cotedivoire\/politique\/16-detenus-dopinion-liberes-en-cote-divoire-communique-du-fpi\"]}]},{\"@type\":\"ImageObject\",\"inLanguage\":\"fr-FR\",\"@id\":\"https:\/\/www.africa-press.net\/cotedivoire\/politique\/16-detenus-dopinion-liberes-en-cote-divoire-communique-du-fpi#primaryimage\",\"url\":\"https:\/\/static.africa-press.net\/cote\/sites\/43\/2021\/08\/img-610e4f0f202d7.jpg\",\"contentUrl\":\"https:\/\/static.africa-press.net\/cote\/sites\/43\/2021\/08\/img-610e4f0f202d7.jpg\",\"width\":927,\"height\":546,\"caption\":\"\u00ab\u00a016 d\u00e9tenus d\u2019opinion\u00a0\u00bb lib\u00e9r\u00e9s en Cote-d\u2019Ivoire (communiqu\u00e9 du FPI)\"},{\"@type\":\"BreadcrumbList\",\"@id\":\"https:\/\/www.africa-press.net\/cotedivoire\/politique\/16-detenus-dopinion-liberes-en-cote-divoire-communique-du-fpi#breadcrumb\",\"itemListElement\":[{\"@type\":\"ListItem\",\"position\":1,\"name\":\"Accueil\",\"item\":\"https:\/\/www.africa-press.net\/cotedivoire\/\"},{\"@type\":\"ListItem\",\"position\":2,\"name\":\"\u00ab\u00a016 d\u00e9tenus d\u2019opinion\u00a0\u00bb lib\u00e9r\u00e9s en Cote-d\u2019Ivoire (communiqu\u00e9 du FPI)\"}]},{\"@type\":\"WebSite\",\"@id\":\"https:\/\/www.africa-press.net\/cotedivoire\/#website\",\"url\":\"https:\/\/www.africa-press.net\/cotedivoire\/\",\"name\":\"C\u00f4te d&#039;Ivoire\",\"description\":\"Just another Africa News Agency Sites site\",\"potentialAction\":[{\"@type\":\"SearchAction\",\"target\":{\"@type\":\"EntryPoint\",\"urlTemplate\":\"https:\/\/www.africa-press.net\/cotedivoire\/?s={search_term_string}\"},\"query-input\":{\"@type\":\"PropertyValueSpecification\",\"valueRequired\":true,\"valueName\":\"search_term_string\"}}],\"inLanguage\":\"fr-FR\"},{\"@type\":\"Person\",\"@id\":\"https:\/\/www.africa-press.net\/cotedivoire\/#\/schema\/person\/2b1cf3cd81a31e3cd26889ca66d677f1\",\"name\":\"cfeditorfr\"}]}<\/script>\n<!-- \/ Yoast SEO Premium plugin. -->","yoast_head_json":{"title":"\u00ab\u00a016 d\u00e9tenus d\u2019opinion\u00a0\u00bb lib\u00e9r\u00e9s en Cote-d\u2019Ivoire (communiqu\u00e9 du FPI) - C\u00f4te d&#039;Ivoire","description":"Le Mardi 27 Juillet 2021, S.E.M. Laurent Gbagbo, ancien Pr\u00e9sident de la R\u00e9publique de C\u00f4te d\u2019Ivoire, s\u2019est entretenu ave ...","robots":{"index":"index","follow":"follow","max-snippet":"max-snippet:-1","max-image-preview":"max-image-preview:large","max-video-preview":"max-video-preview:-1"},"canonical":"https:\/\/www.africa-press.net\/cotedivoire\/politique\/16-detenus-dopinion-liberes-en-cote-divoire-communique-du-fpi","og_locale":"fr_FR","og_type":"article","og_title":"\u00ab\u00a016 d\u00e9tenus d\u2019opinion\u00a0\u00bb lib\u00e9r\u00e9s en Cote-d\u2019Ivoire (communiqu\u00e9 du FPI)","og_description":"Le Mardi 27 Juillet 2021, S.E.M. Laurent Gbagbo, ancien Pr\u00e9sident de la R\u00e9publique de C\u00f4te d\u2019Ivoire, s\u2019est entretenu ave ...","og_url":"https:\/\/www.africa-press.net\/cotedivoire\/politique\/16-detenus-dopinion-liberes-en-cote-divoire-communique-du-fpi","og_site_name":"C\u00f4te d&#039;Ivoire","article_published_time":"2021-08-07T09:59:08+00:00","article_modified_time":"2021-08-08T18:29:41+00:00","og_image":[{"width":927,"height":546,"url":"https:\/\/static.africa-press.net\/cote\/sites\/43\/2021\/08\/img-610e4f0f202d7.jpg","type":"image\/jpeg"}],"author":"cfeditorfr","twitter_card":"summary_large_image","twitter_misc":{"\u00c9crit par":"cfeditorfr","Dur\u00e9e de lecture estim\u00e9e":"1 minute"},"schema":{"@context":"https:\/\/schema.org","@graph":[{"@type":"Article","@id":"https:\/\/www.africa-press.net\/cotedivoire\/politique\/16-detenus-dopinion-liberes-en-cote-divoire-communique-du-fpi#article","isPartOf":{"@id":"https:\/\/www.africa-press.net\/cotedivoire\/politique\/16-detenus-dopinion-liberes-en-cote-divoire-communique-du-fpi"},"author":{"name":"cfeditorfr","@id":"https:\/\/www.africa-press.net\/cotedivoire\/#\/schema\/person\/2b1cf3cd81a31e3cd26889ca66d677f1"},"headline":"\u00ab\u00a016 d\u00e9tenus d\u2019opinion\u00a0\u00bb lib\u00e9r\u00e9s en Cote-d\u2019Ivoire (communiqu\u00e9 du FPI)","datePublished":"2021-08-07T09:59:08+00:00","dateModified":"2021-08-08T18:29:41+00:00","mainEntityOfPage":{"@id":"https:\/\/www.africa-press.net\/cotedivoire\/politique\/16-detenus-dopinion-liberes-en-cote-divoire-communique-du-fpi"},"wordCount":210,"commentCount":0,"image":{"@id":"https:\/\/www.africa-press.net\/cotedivoire\/politique\/16-detenus-dopinion-liberes-en-cote-divoire-communique-du-fpi#primaryimage"},"thumbnailUrl":"https:\/\/static.africa-press.net\/cote\/sites\/43\/2021\/08\/img-610e4f0f202d7.jpg","keywords":["Africa Press","Africa Press-C\u00f4te d'Ivoire","C\u00d4TE D'IVOIRE"],"articleSection":["homepage-french","Politique","Toutes les actualit\u00e9s"],"inLanguage":"fr-FR","potentialAction":[{"@type":"CommentAction","name":"Comment","target":["https:\/\/www.africa-press.net\/cotedivoire\/politique\/16-detenus-dopinion-liberes-en-cote-divoire-communique-du-fpi#respond"]}]},{"@type":"WebPage","@id":"https:\/\/www.africa-press.net\/cotedivoire\/politique\/16-detenus-dopinion-liberes-en-cote-divoire-communique-du-fpi","url":"https:\/\/www.africa-press.net\/cotedivoire\/politique\/16-detenus-dopinion-liberes-en-cote-divoire-communique-du-fpi","name":"\u00ab\u00a016 d\u00e9tenus d\u2019opinion\u00a0\u00bb lib\u00e9r\u00e9s en Cote-d\u2019Ivoire (communiqu\u00e9 du FPI) - C\u00f4te d&#039;Ivoire","isPartOf":{"@id":"https:\/\/www.africa-press.net\/cotedivoire\/#website"},"primaryImageOfPage":{"@id":"https:\/\/www.africa-press.net\/cotedivoire\/politique\/16-detenus-dopinion-liberes-en-cote-divoire-communique-du-fpi#primaryimage"},"image":{"@id":"https:\/\/www.africa-press.net\/cotedivoire\/politique\/16-detenus-dopinion-liberes-en-cote-divoire-communique-du-fpi#primaryimage"},"thumbnailUrl":"https:\/\/static.africa-press.net\/cote\/sites\/43\/2021\/08\/img-610e4f0f202d7.jpg","datePublished":"2021-08-07T09:59:08+00:00","dateModified":"2021-08-08T18:29:41+00:00","author":{"@id":"https:\/\/www.africa-press.net\/cotedivoire\/#\/schema\/person\/2b1cf3cd81a31e3cd26889ca66d677f1"},"description":"Le Mardi 27 Juillet 2021, S.E.M. Laurent Gbagbo, ancien Pr\u00e9sident de la R\u00e9publique de C\u00f4te d\u2019Ivoire, s\u2019est entretenu ave ...","breadcrumb":{"@id":"https:\/\/www.africa-press.net\/cotedivoire\/politique\/16-detenus-dopinion-liberes-en-cote-divoire-communique-du-fpi#breadcrumb"},"inLanguage":"fr-FR","potentialAction":[{"@type":"ReadAction","target":["https:\/\/www.africa-press.net\/cotedivoire\/politique\/16-detenus-dopinion-liberes-en-cote-divoire-communique-du-fpi"]}]},{"@type":"ImageObject","inLanguage":"fr-FR","@id":"https:\/\/www.africa-press.net\/cotedivoire\/politique\/16-detenus-dopinion-liberes-en-cote-divoire-communique-du-fpi#primaryimage","url":"https:\/\/static.africa-press.net\/cote\/sites\/43\/2021\/08\/img-610e4f0f202d7.jpg","contentUrl":"https:\/\/static.africa-press.net\/cote\/sites\/43\/2021\/08\/img-610e4f0f202d7.jpg","width":927,"height":546,"caption":"\u00ab\u00a016 d\u00e9tenus d\u2019opinion\u00a0\u00bb lib\u00e9r\u00e9s en Cote-d\u2019Ivoire (communiqu\u00e9 du FPI)"},{"@type":"BreadcrumbList","@id":"https:\/\/www.africa-press.net\/cotedivoire\/politique\/16-detenus-dopinion-liberes-en-cote-divoire-communique-du-fpi#breadcrumb","itemListElement":[{"@type":"ListItem","position":1,"name":"Accueil","item":"https:\/\/www.africa-press.net\/cotedivoire\/"},{"@type":"ListItem","position":2,"name":"\u00ab\u00a016 d\u00e9tenus d\u2019opinion\u00a0\u00bb lib\u00e9r\u00e9s en Cote-d\u2019Ivoire (communiqu\u00e9 du FPI)"}]},{"@type":"WebSite","@id":"https:\/\/www.africa-press.net\/cotedivoire\/#website","url":"https:\/\/www.africa-press.net\/cotedivoire\/","name":"C\u00f4te d&#039;Ivoire","description":"Just another Africa News Agency Sites site","potentialAction":[{"@type":"SearchAction","target":{"@type":"EntryPoint","urlTemplate":"https:\/\/www.africa-press.net\/cotedivoire\/?s={search_term_string}"},"query-input":{"@type":"PropertyValueSpecification","valueRequired":true,"valueName":"search_term_string"}}],"inLanguage":"fr-FR"},{"@type":"Person","@id":"https:\/\/www.africa-press.net\/cotedivoire\/#\/schema\/person\/2b1cf3cd81a31e3cd26889ca66d677f1","name":"cfeditorfr"}]}},"_links":{"self":[{"href":"https:\/\/www.africa-press.net\/cotedivoire\/wp-json\/wp\/v2\/posts\/10957","targetHints":{"allow":["GET"]}}],"collection":[{"href":"https:\/\/www.africa-press.net\/cotedivoire\/wp-json\/wp\/v2\/posts"}],"about":[{"href":"https:\/\/www.africa-press.net\/cotedivoire\/wp-json\/wp\/v2\/types\/post"}],"author":[{"embeddable":true,"href":"https:\/\/www.africa-press.net\/cotedivoire\/wp-json\/wp\/v2\/users\/82"}],"replies":[{"embeddable":true,"href":"https:\/\/www.africa-press.net\/cotedivoire\/wp-json\/wp\/v2\/comments?post=10957"}],"version-history":[{"count":0,"href":"https:\/\/www.africa-press.net\/cotedivoire\/wp-json\/wp\/v2\/posts\/10957\/revisions"}],"wp:featuredmedia":[{"embeddable":true,"href":"https:\/\/www.africa-press.net\/cotedivoire\/wp-json\/wp\/v2\/media\/10956"}],"wp:attachment":[{"href":"https:\/\/www.africa-press.net\/cotedivoire\/wp-json\/wp\/v2\/media?parent=10957"}],"wp:term":[{"taxonomy":"category","embeddable":true,"href":"https:\/\/www.africa-press.net\/cotedivoire\/wp-json\/wp\/v2\/categories?post=10957"},{"taxonomy":"post_tag","embeddable":true,"href":"https:\/\/www.africa-press.net\/cotedivoire\/wp-json\/wp\/v2\/tags?post=10957"}],"curies":[{"name":"wp","href":"https:\/\/api.w.org\/{rel}","templated":true}]}}