{"id":109583,"date":"2025-11-30T18:12:06","date_gmt":"2025-11-30T18:12:06","guid":{"rendered":"https:\/\/www.africa-press.net\/cotedivoire\/politique\/bictogo-mobilise-yopougon-pour-les-legislatives"},"modified":"2025-11-30T19:21:13","modified_gmt":"2025-11-30T19:21:13","slug":"bictogo-mobilise-yopougon-pour-les-legislatives","status":"publish","type":"post","link":"https:\/\/www.africa-press.net\/cotedivoire\/politique\/bictogo-mobilise-yopougon-pour-les-legislatives","title":{"rendered":"Bictogo Mobilise Yopougon Pour Les L\u00e9gislatives"},"content":{"rendered":"<p><span style=\"color: #ff6600\"><strong>Africa-Press &#8211; C\u00f4te d&rsquo;Ivoire. <\/strong><\/span>\u00ab En votre nom, je voudrais ici saluer la belle mobilisation de cet apre\u0300s-midi et de ce soir. Une mobilisation exceptionnelle, empreinte de joie, de fraternite\u0301, d\u2019enthousiasme et de dynamisme. Vous l\u2019avez largement de\u0301montre\u0301 le 25 octobre, lorsque le pre\u0301sident Alassane Ouattara a e\u0301te\u0301 re\u0301e\u0301lu a\u0300 89,70 %. Pour la premie\u0300re fois depuis 25 ans, nous avons pu aller aux e\u0301lections dans la se\u0301re\u0301nite\u0301, sans violence. A\u0300 Yopougon, nous avons cultive\u0301 la fraternite\u0301 qui fait la Co\u0302te d\u2019Ivoire \u00bb, a de\u0301clare\u0301 le maire Adama Bictogo devant une foule conquise, ce samedi 29 novembre 2025, a\u0300 l\u2019Espace FICGAYO, a\u0300 l&rsquo;occasion de la ce\u0301le\u0301bration de Alassane Ouattara re\u0301e\u0301lu au tour lors de la pre\u0301sidentielle d&rsquo;octobre 2025.<\/p>\n<p>Le pre\u0301sident de l\u2019Assemble\u0301e nationale a poursuivi en remerciant les habitants pour leur mobilisation lors de la pre\u0301sidentielle: \u00ab Celui a\u0300 qui nous disons merci ce soir, c\u2019est encore lui, et encore lui: le Pre\u0301sident de la Re\u0301publique, Alassane Ouattara. Il me charge e\u0301galement de vous dire merci pour la confiance renouvele\u0301e le 25 octobre. \u00bb<\/p>\n<p>Il a ensuite appele\u0301 les populations a\u0300 se pre\u0301parer pour le prochain rendez-vous e\u0301lectoral: \u00ab Nous sommes encore en mission. La deuxie\u0300me victoire que vous devez offrir au pre\u0301sident Ouattara, c\u2019est le 27 de\u0301cembre, lors des le\u0301gislatives. \u00bb<\/p>\n<p>Porte\u0301e par des percussions vibrantes et des jeux de lumie\u0300re multicolores, Yopougon a ve\u0301cu une soire\u0301e festive d\u2019une rare intensite\u0301. A\u0300 l\u2019initiative du maire Adama Bictogo, la mythique esplanade de FICGAYO s\u2019est mue\u0301e en gigantesque sce\u0300ne populaire pour ce\u0301le\u0301brer la re\u0301e\u0301lection du pre\u0301sident Alassane Ouattara.<\/p>\n<p>Des centaines de personnes, issues de tous les quartiers de la commune, ont envahi l\u2019esplanade dans une ambiance chaleureuse marque\u0301e par les chants, les danses et les applaudissements nourris.<\/p>\n<p>Pour rendre hommage au chef de l\u2019E\u0301tat, une impressionnante se\u0301lection d\u2019artistes ivoiriens a de\u0301file\u0301 sur sce\u0300ne.<\/p>\n<p>Parmi eux: Kedjevara, Debordo Leekunfa, Yilim, Abou Galliet, Maty Dollar, Fadal Dey, les Garagistes, Ismae\u0308l Isaac, Mawa Traore\u0301, Holly Legrand, ainsi que plusieurs autres figures musicales tre\u0300s appre\u0301cie\u0301es du public.<\/p>\n<p>Chaque prestation a e\u0301te\u0301 accueillie avec ferveur, transformant le concert en ve\u0301ritable communion artistique et populaire.<\/p>\n<p>Moment marquant de la soire\u0301e, le maire Adama Bictogo, accompagne\u0301 de plusieurs cadres du RHDP dont l\u2019ambassadeur Issiffou Coulibaly, a rejoint les artistes sur sce\u0300ne. Il a esquisse\u0301 quelques pas de danse, de\u0301clenchant une standing ovation de la foule.<\/p>\n<p>Un geste symbolique: la proximite\u0301 revendique\u0301e entre les autorite\u0301s locales, les artistes et les habitants de Yopougon.<\/p>\n<p>S\u2019adressant aux populations, Adama Bictogo a exhorte\u0301: \u00ab A\u0300 partir d\u2019aujourd\u2019hui, comme un seul homme, vous devez vous mettre en ordre de bataille pour la victoire du 27 de\u0301cembre. \u00bb<\/p>\n<p>Il a cite\u0301 plusieurs cadres et responsables locaux mobilise\u0301s pour cette e\u0301che\u0301ance, avant de conclure: \u00ab Merci pour ce que vous avez fait pour Alassane Ouattara. Merci pour votre mobilisation. Ensemble, nous allons gagner. \u00bb<\/p>\n<p>Ce giga concert de remerciement restera comme l\u2019un des moments emble\u0301matiques de cette fin d\u2019anne\u0301e 2025. Au-dela\u0300 de la fe\u0302te, il a te\u0301moigne\u0301 de la cohe\u0301sion, de la ferveur et du dynamisme d\u2019une commune qui entend jouer un ro\u0302le majeur dans les enjeux politiques a\u0300 venir.<\/p>\n<p><strong>Pour plus d&rsquo;informations et d&rsquo;analyses sur la <span style=\"color: #ff6600\">C\u00f4te d&rsquo;Ivoire<\/span>, suivez <span style=\"color: #ff6600\">Africa-Press<\/span><\/strong><\/p>\n","protected":false},"excerpt":{"rendered":"<p>Africa-Press &#8211; C\u00f4te d&rsquo;Ivoire. \u00ab En votre nom, je voudrais ici saluer la belle mobilisation de cet apre\u0300s-midi et de ce soir. Une mobilisation exceptionnelle, empreinte de joie, de fraternite\u0301, d\u2019enthousiasme et de dynamisme. Vous l\u2019avez largement de\u0301montre\u0301 le 25 octobre, lorsque le pre\u0301sident Alassane Ouattara a e\u0301te\u0301 re\u0301e\u0301lu a\u0300 89,70 %. Pour la premie\u0300re [&hellip;]<\/p>\n","protected":false},"author":82,"featured_media":109582,"comment_status":"open","ping_status":"closed","sticky":false,"template":"","format":"standard","meta":{"footnotes":""},"categories":[2,10],"tags":[1265,6938,29,19358,8917,727,60,371,540],"class_list":["post-109583","post","type-post","status-publish","format-standard","has-post-thumbnail","hentry","category-politique","category-toutes-les-actualites","tag-adama-bictogo","tag-concert","tag-cote-divoire","tag-elections2025","tag-ficgayo","tag-ouattara","tag-politique","tag-rhdp","tag-yopougon"],"yoast_head":"<!-- This site is optimized with the Yoast SEO Premium plugin v26.1 (Yoast SEO v27.0) - https:\/\/yoast.com\/product\/yoast-seo-premium-wordpress\/ -->\n<title>Bictogo Mobilise Yopougon Pour Les L\u00e9gislatives - C\u00f4te d&#039;Ivoire<\/title>\n<meta name=\"description\" content=\"\u00ab En votre nom, je voudrais ici saluer la belle mobilisation de cet apre\u0300s-midi et de ce soir. Une mobilisation exceptio ...\" \/>\n<meta name=\"robots\" content=\"index, follow, max-snippet:-1, max-image-preview:large, max-video-preview:-1\" \/>\n<link rel=\"canonical\" href=\"https:\/\/www.africa-press.net\/cotedivoire\/politique\/bictogo-mobilise-yopougon-pour-les-legislatives\" \/>\n<meta property=\"og:locale\" content=\"fr_FR\" \/>\n<meta property=\"og:type\" content=\"article\" \/>\n<meta property=\"og:title\" content=\"Bictogo Mobilise Yopougon Pour Les L\u00e9gislatives\" \/>\n<meta property=\"og:description\" content=\"\u00ab En votre nom, je voudrais ici saluer la belle mobilisation de cet apre\u0300s-midi et de ce soir. Une mobilisation exceptio ...\" \/>\n<meta property=\"og:url\" content=\"https:\/\/www.africa-press.net\/cotedivoire\/politique\/bictogo-mobilise-yopougon-pour-les-legislatives\" \/>\n<meta property=\"og:site_name\" content=\"C\u00f4te d&#039;Ivoire\" \/>\n<meta property=\"article:published_time\" content=\"2025-11-30T18:12:06+00:00\" \/>\n<meta property=\"article:modified_time\" content=\"2025-11-30T19:21:13+00:00\" \/>\n<meta property=\"og:image\" content=\"https:\/\/static.africa-press.net\/cote\/sites\/43\/2025\/11\/sm_1764517841.019316.jpg\" \/>\n\t<meta property=\"og:image:width\" content=\"720\" \/>\n\t<meta property=\"og:image:height\" content=\"480\" \/>\n\t<meta property=\"og:image:type\" content=\"image\/jpeg\" \/>\n<meta name=\"author\" content=\"cfeditorfr\" \/>\n<meta name=\"twitter:card\" content=\"summary_large_image\" \/>\n<meta name=\"twitter:label1\" content=\"\u00c9crit par\" \/>\n\t<meta name=\"twitter:data1\" content=\"cfeditorfr\" \/>\n\t<meta name=\"twitter:label2\" content=\"Dur\u00e9e de lecture estim\u00e9e\" \/>\n\t<meta name=\"twitter:data2\" content=\"3 minutes\" \/>\n<script type=\"application\/ld+json\" class=\"yoast-schema-graph\">{\"@context\":\"https:\/\/schema.org\",\"@graph\":[{\"@type\":\"Article\",\"@id\":\"https:\/\/www.africa-press.net\/cotedivoire\/politique\/bictogo-mobilise-yopougon-pour-les-legislatives#article\",\"isPartOf\":{\"@id\":\"https:\/\/www.africa-press.net\/cotedivoire\/politique\/bictogo-mobilise-yopougon-pour-les-legislatives\"},\"author\":{\"name\":\"cfeditorfr\",\"@id\":\"https:\/\/www.africa-press.net\/cotedivoire\/#\/schema\/person\/2b1cf3cd81a31e3cd26889ca66d677f1\"},\"headline\":\"Bictogo Mobilise Yopougon Pour Les L\u00e9gislatives\",\"datePublished\":\"2025-11-30T18:12:06+00:00\",\"dateModified\":\"2025-11-30T19:21:13+00:00\",\"mainEntityOfPage\":{\"@id\":\"https:\/\/www.africa-press.net\/cotedivoire\/politique\/bictogo-mobilise-yopougon-pour-les-legislatives\"},\"wordCount\":607,\"commentCount\":0,\"image\":{\"@id\":\"https:\/\/www.africa-press.net\/cotedivoire\/politique\/bictogo-mobilise-yopougon-pour-les-legislatives#primaryimage\"},\"thumbnailUrl\":\"https:\/\/static.africa-press.net\/cote\/sites\/43\/2025\/11\/sm_1764517841.019316.jpg\",\"keywords\":[\"Adama Bictogo\",\"concert\",\"C\u00d4TE D'IVOIRE\",\"\u00e9lections2025\",\"Ficgayo\",\"Ouattara\",\"Politique\",\"RHDP\",\"Yopougon\"],\"articleSection\":[\"Politique\",\"Toutes les actualit\u00e9s\"],\"inLanguage\":\"fr-FR\",\"potentialAction\":[{\"@type\":\"CommentAction\",\"name\":\"Comment\",\"target\":[\"https:\/\/www.africa-press.net\/cotedivoire\/politique\/bictogo-mobilise-yopougon-pour-les-legislatives#respond\"]}]},{\"@type\":\"WebPage\",\"@id\":\"https:\/\/www.africa-press.net\/cotedivoire\/politique\/bictogo-mobilise-yopougon-pour-les-legislatives\",\"url\":\"https:\/\/www.africa-press.net\/cotedivoire\/politique\/bictogo-mobilise-yopougon-pour-les-legislatives\",\"name\":\"Bictogo Mobilise Yopougon Pour Les L\u00e9gislatives - C\u00f4te d&#039;Ivoire\",\"isPartOf\":{\"@id\":\"https:\/\/www.africa-press.net\/cotedivoire\/#website\"},\"primaryImageOfPage\":{\"@id\":\"https:\/\/www.africa-press.net\/cotedivoire\/politique\/bictogo-mobilise-yopougon-pour-les-legislatives#primaryimage\"},\"image\":{\"@id\":\"https:\/\/www.africa-press.net\/cotedivoire\/politique\/bictogo-mobilise-yopougon-pour-les-legislatives#primaryimage\"},\"thumbnailUrl\":\"https:\/\/static.africa-press.net\/cote\/sites\/43\/2025\/11\/sm_1764517841.019316.jpg\",\"datePublished\":\"2025-11-30T18:12:06+00:00\",\"dateModified\":\"2025-11-30T19:21:13+00:00\",\"author\":{\"@id\":\"https:\/\/www.africa-press.net\/cotedivoire\/#\/schema\/person\/2b1cf3cd81a31e3cd26889ca66d677f1\"},\"description\":\"\u00ab En votre nom, je voudrais ici saluer la belle mobilisation de cet apre\u0300s-midi et de ce soir. Une mobilisation exceptio ...\",\"breadcrumb\":{\"@id\":\"https:\/\/www.africa-press.net\/cotedivoire\/politique\/bictogo-mobilise-yopougon-pour-les-legislatives#breadcrumb\"},\"inLanguage\":\"fr-FR\",\"potentialAction\":[{\"@type\":\"ReadAction\",\"target\":[\"https:\/\/www.africa-press.net\/cotedivoire\/politique\/bictogo-mobilise-yopougon-pour-les-legislatives\"]}]},{\"@type\":\"ImageObject\",\"inLanguage\":\"fr-FR\",\"@id\":\"https:\/\/www.africa-press.net\/cotedivoire\/politique\/bictogo-mobilise-yopougon-pour-les-legislatives#primaryimage\",\"url\":\"https:\/\/static.africa-press.net\/cote\/sites\/43\/2025\/11\/sm_1764517841.019316.jpg\",\"contentUrl\":\"https:\/\/static.africa-press.net\/cote\/sites\/43\/2025\/11\/sm_1764517841.019316.jpg\",\"width\":720,\"height\":480,\"caption\":\"Bictogo Mobilise Yopougon Pour Les L\u00e9gislatives\"},{\"@type\":\"BreadcrumbList\",\"@id\":\"https:\/\/www.africa-press.net\/cotedivoire\/politique\/bictogo-mobilise-yopougon-pour-les-legislatives#breadcrumb\",\"itemListElement\":[{\"@type\":\"ListItem\",\"position\":1,\"name\":\"Accueil\",\"item\":\"https:\/\/www.africa-press.net\/cotedivoire\/\"},{\"@type\":\"ListItem\",\"position\":2,\"name\":\"Bictogo Mobilise Yopougon Pour Les L\u00e9gislatives\"}]},{\"@type\":\"WebSite\",\"@id\":\"https:\/\/www.africa-press.net\/cotedivoire\/#website\",\"url\":\"https:\/\/www.africa-press.net\/cotedivoire\/\",\"name\":\"C\u00f4te d&#039;Ivoire\",\"description\":\"Just another Africa News Agency Sites site\",\"potentialAction\":[{\"@type\":\"SearchAction\",\"target\":{\"@type\":\"EntryPoint\",\"urlTemplate\":\"https:\/\/www.africa-press.net\/cotedivoire\/?s={search_term_string}\"},\"query-input\":{\"@type\":\"PropertyValueSpecification\",\"valueRequired\":true,\"valueName\":\"search_term_string\"}}],\"inLanguage\":\"fr-FR\"},{\"@type\":\"Person\",\"@id\":\"https:\/\/www.africa-press.net\/cotedivoire\/#\/schema\/person\/2b1cf3cd81a31e3cd26889ca66d677f1\",\"name\":\"cfeditorfr\"}]}<\/script>\n<!-- \/ Yoast SEO Premium plugin. -->","yoast_head_json":{"title":"Bictogo Mobilise Yopougon Pour Les L\u00e9gislatives - C\u00f4te d&#039;Ivoire","description":"\u00ab En votre nom, je voudrais ici saluer la belle mobilisation de cet apre\u0300s-midi et de ce soir. Une mobilisation exceptio ...","robots":{"index":"index","follow":"follow","max-snippet":"max-snippet:-1","max-image-preview":"max-image-preview:large","max-video-preview":"max-video-preview:-1"},"canonical":"https:\/\/www.africa-press.net\/cotedivoire\/politique\/bictogo-mobilise-yopougon-pour-les-legislatives","og_locale":"fr_FR","og_type":"article","og_title":"Bictogo Mobilise Yopougon Pour Les L\u00e9gislatives","og_description":"\u00ab En votre nom, je voudrais ici saluer la belle mobilisation de cet apre\u0300s-midi et de ce soir. Une mobilisation exceptio ...","og_url":"https:\/\/www.africa-press.net\/cotedivoire\/politique\/bictogo-mobilise-yopougon-pour-les-legislatives","og_site_name":"C\u00f4te d&#039;Ivoire","article_published_time":"2025-11-30T18:12:06+00:00","article_modified_time":"2025-11-30T19:21:13+00:00","og_image":[{"width":720,"height":480,"url":"https:\/\/static.africa-press.net\/cote\/sites\/43\/2025\/11\/sm_1764517841.019316.jpg","type":"image\/jpeg"}],"author":"cfeditorfr","twitter_card":"summary_large_image","twitter_misc":{"\u00c9crit par":"cfeditorfr","Dur\u00e9e de lecture estim\u00e9e":"3 minutes"},"schema":{"@context":"https:\/\/schema.org","@graph":[{"@type":"Article","@id":"https:\/\/www.africa-press.net\/cotedivoire\/politique\/bictogo-mobilise-yopougon-pour-les-legislatives#article","isPartOf":{"@id":"https:\/\/www.africa-press.net\/cotedivoire\/politique\/bictogo-mobilise-yopougon-pour-les-legislatives"},"author":{"name":"cfeditorfr","@id":"https:\/\/www.africa-press.net\/cotedivoire\/#\/schema\/person\/2b1cf3cd81a31e3cd26889ca66d677f1"},"headline":"Bictogo Mobilise Yopougon Pour Les L\u00e9gislatives","datePublished":"2025-11-30T18:12:06+00:00","dateModified":"2025-11-30T19:21:13+00:00","mainEntityOfPage":{"@id":"https:\/\/www.africa-press.net\/cotedivoire\/politique\/bictogo-mobilise-yopougon-pour-les-legislatives"},"wordCount":607,"commentCount":0,"image":{"@id":"https:\/\/www.africa-press.net\/cotedivoire\/politique\/bictogo-mobilise-yopougon-pour-les-legislatives#primaryimage"},"thumbnailUrl":"https:\/\/static.africa-press.net\/cote\/sites\/43\/2025\/11\/sm_1764517841.019316.jpg","keywords":["Adama Bictogo","concert","C\u00d4TE D'IVOIRE","\u00e9lections2025","Ficgayo","Ouattara","Politique","RHDP","Yopougon"],"articleSection":["Politique","Toutes les actualit\u00e9s"],"inLanguage":"fr-FR","potentialAction":[{"@type":"CommentAction","name":"Comment","target":["https:\/\/www.africa-press.net\/cotedivoire\/politique\/bictogo-mobilise-yopougon-pour-les-legislatives#respond"]}]},{"@type":"WebPage","@id":"https:\/\/www.africa-press.net\/cotedivoire\/politique\/bictogo-mobilise-yopougon-pour-les-legislatives","url":"https:\/\/www.africa-press.net\/cotedivoire\/politique\/bictogo-mobilise-yopougon-pour-les-legislatives","name":"Bictogo Mobilise Yopougon Pour Les L\u00e9gislatives - C\u00f4te d&#039;Ivoire","isPartOf":{"@id":"https:\/\/www.africa-press.net\/cotedivoire\/#website"},"primaryImageOfPage":{"@id":"https:\/\/www.africa-press.net\/cotedivoire\/politique\/bictogo-mobilise-yopougon-pour-les-legislatives#primaryimage"},"image":{"@id":"https:\/\/www.africa-press.net\/cotedivoire\/politique\/bictogo-mobilise-yopougon-pour-les-legislatives#primaryimage"},"thumbnailUrl":"https:\/\/static.africa-press.net\/cote\/sites\/43\/2025\/11\/sm_1764517841.019316.jpg","datePublished":"2025-11-30T18:12:06+00:00","dateModified":"2025-11-30T19:21:13+00:00","author":{"@id":"https:\/\/www.africa-press.net\/cotedivoire\/#\/schema\/person\/2b1cf3cd81a31e3cd26889ca66d677f1"},"description":"\u00ab En votre nom, je voudrais ici saluer la belle mobilisation de cet apre\u0300s-midi et de ce soir. Une mobilisation exceptio ...","breadcrumb":{"@id":"https:\/\/www.africa-press.net\/cotedivoire\/politique\/bictogo-mobilise-yopougon-pour-les-legislatives#breadcrumb"},"inLanguage":"fr-FR","potentialAction":[{"@type":"ReadAction","target":["https:\/\/www.africa-press.net\/cotedivoire\/politique\/bictogo-mobilise-yopougon-pour-les-legislatives"]}]},{"@type":"ImageObject","inLanguage":"fr-FR","@id":"https:\/\/www.africa-press.net\/cotedivoire\/politique\/bictogo-mobilise-yopougon-pour-les-legislatives#primaryimage","url":"https:\/\/static.africa-press.net\/cote\/sites\/43\/2025\/11\/sm_1764517841.019316.jpg","contentUrl":"https:\/\/static.africa-press.net\/cote\/sites\/43\/2025\/11\/sm_1764517841.019316.jpg","width":720,"height":480,"caption":"Bictogo Mobilise Yopougon Pour Les L\u00e9gislatives"},{"@type":"BreadcrumbList","@id":"https:\/\/www.africa-press.net\/cotedivoire\/politique\/bictogo-mobilise-yopougon-pour-les-legislatives#breadcrumb","itemListElement":[{"@type":"ListItem","position":1,"name":"Accueil","item":"https:\/\/www.africa-press.net\/cotedivoire\/"},{"@type":"ListItem","position":2,"name":"Bictogo Mobilise Yopougon Pour Les L\u00e9gislatives"}]},{"@type":"WebSite","@id":"https:\/\/www.africa-press.net\/cotedivoire\/#website","url":"https:\/\/www.africa-press.net\/cotedivoire\/","name":"C\u00f4te d&#039;Ivoire","description":"Just another Africa News Agency Sites site","potentialAction":[{"@type":"SearchAction","target":{"@type":"EntryPoint","urlTemplate":"https:\/\/www.africa-press.net\/cotedivoire\/?s={search_term_string}"},"query-input":{"@type":"PropertyValueSpecification","valueRequired":true,"valueName":"search_term_string"}}],"inLanguage":"fr-FR"},{"@type":"Person","@id":"https:\/\/www.africa-press.net\/cotedivoire\/#\/schema\/person\/2b1cf3cd81a31e3cd26889ca66d677f1","name":"cfeditorfr"}]}},"_links":{"self":[{"href":"https:\/\/www.africa-press.net\/cotedivoire\/wp-json\/wp\/v2\/posts\/109583","targetHints":{"allow":["GET"]}}],"collection":[{"href":"https:\/\/www.africa-press.net\/cotedivoire\/wp-json\/wp\/v2\/posts"}],"about":[{"href":"https:\/\/www.africa-press.net\/cotedivoire\/wp-json\/wp\/v2\/types\/post"}],"author":[{"embeddable":true,"href":"https:\/\/www.africa-press.net\/cotedivoire\/wp-json\/wp\/v2\/users\/82"}],"replies":[{"embeddable":true,"href":"https:\/\/www.africa-press.net\/cotedivoire\/wp-json\/wp\/v2\/comments?post=109583"}],"version-history":[{"count":0,"href":"https:\/\/www.africa-press.net\/cotedivoire\/wp-json\/wp\/v2\/posts\/109583\/revisions"}],"wp:featuredmedia":[{"embeddable":true,"href":"https:\/\/www.africa-press.net\/cotedivoire\/wp-json\/wp\/v2\/media\/109582"}],"wp:attachment":[{"href":"https:\/\/www.africa-press.net\/cotedivoire\/wp-json\/wp\/v2\/media?parent=109583"}],"wp:term":[{"taxonomy":"category","embeddable":true,"href":"https:\/\/www.africa-press.net\/cotedivoire\/wp-json\/wp\/v2\/categories?post=109583"},{"taxonomy":"post_tag","embeddable":true,"href":"https:\/\/www.africa-press.net\/cotedivoire\/wp-json\/wp\/v2\/tags?post=109583"}],"curies":[{"name":"wp","href":"https:\/\/api.w.org\/{rel}","templated":true}]}}