{"id":109619,"date":"2025-12-01T15:40:52","date_gmt":"2025-12-01T15:40:52","guid":{"rendered":"https:\/\/www.africa-press.net\/cotedivoire\/politique\/soutien-au-ministre-tene-birahima-ouattara-a-abobo"},"modified":"2025-12-01T16:08:39","modified_gmt":"2025-12-01T16:08:39","slug":"soutien-au-ministre-tene-birahima-ouattara-a-abobo","status":"publish","type":"post","link":"https:\/\/www.africa-press.net\/cotedivoire\/politique\/soutien-au-ministre-tene-birahima-ouattara-a-abobo","title":{"rendered":"Soutien au ministre T\u00e9n\u00e9 Birahima Ouattara \u00e0 Abobo"},"content":{"rendered":"<p><span style=\"color: #ff6600\"><strong>Africa-Press &#8211; C\u00f4te d&rsquo;Ivoire. <\/strong><\/span>Une importante ce\u0301re\u0301monie de soutien au ministre d\u2019E\u0301tat, ministre de la De\u0301fense, Te\u0301ne\u0301 Birahima Ouattara, candidat du RHDP aux e\u0301lections le\u0301gislatives du 27 de\u0301cembre, s\u2019est tenue dimanche au Centre culturel d\u2019Abobo. L\u2019e\u0301ve\u0301nement a re\u0301uni une forte de\u0301le\u0301gation de cadres, e\u0301lus, chefs traditionnels, guides religieux, notables, ainsi qu\u2019une mobilisation massive de femmes et de jeunes venus te\u0301moigner de leur engagement en faveur du candidat et de la majorite\u0301 pre\u0301sidentielle.<\/p>\n<p>Au nom du vice-pre\u0301sident Tie\u0301moko Meyliete Kone\u0301 et du Grand Chancelier Ali Coulibaly, le ministre Ibrahim Kalil Konate\u0301, ministre de la Transition nume\u0301rique et de la Digitalisation et coordonnateur re\u0301gional associe\u0301 du RHDP, a salue\u0301 la mobilisation \u00ab exceptionnelle \u00bb des populations du Hambol.<\/p>\n<p>\u00ab Nous sommes ici pour dire une seule chose: voici le candidat du RHDP pour les e\u0301lections le\u0301gislatives \u00bb, a-t-il de\u0301clare\u0301, rappelant les liens historiques et fraternels unissant la re\u0301gion du Hambol a\u0300 la ville de Kong.<\/p>\n<p>Le ministre Konate\u0301 a e\u0301galement rendu hommage a\u0300 l&rsquo;humilite\u0301 et au sens du devoir de Te\u0301ne\u0301 Birahima Ouattara. \u00ab Quand des enfants comme nous viennent le saluer, il veut se lever. Cela m\u2019enseigne a\u0300 cultiver l\u2019humilite\u0301 \u00bb, a-t-il confie\u0301, avant d\u2019adresser ses remerciements a\u0300 la pre\u0301sidente du Se\u0301nat et maire d\u2019Abobo, Kandia Camara, pour avoir accepte\u0301 de conduire la campagne du candidat.<\/p>\n<p>Prenant la parole, Kandia Camara a de\u0301voile\u0301 la liste comple\u0300te des candidats RHDP pour la circonscription d\u2019Abobo.<\/p>\n<p>Candidats titulaires, Te\u0301ne\u0301 Birahima Ouattara, Ye\u0301o Kolotcholoman, Ouattara Brahima, Traore\u0301 Maimouna Toure\u0301, Yao Beugre\u0301 Gnamien et Sidibe\u0301 Daouda<\/p>\n<p>Candidats supple\u0301ants, Kone\u0301 Ahmed, Banie\u0301re\u0301 Gilbert, Soumahoro Lancina, Koboradio Marie Charlotte, Kone\u0301 Assetou et Louane\u0301 Kasimi<\/p>\n<p>La pre\u0301sidente du Se\u0301nat a insiste\u0301 sur l\u2019importance strate\u0301gique de ces le\u0301gislatives pour offrir au pre\u0301sident Alassane Ouattara une majorite\u0301 confortable a\u0300 l\u2019Assemble\u0301e nationale, condition ne\u0301cessaire a\u0300 la poursuite des projets de de\u0301veloppement engage\u0301s.<\/p>\n<p>Dans son intervention, Te\u0301ne\u0301 Birahima Ouattara a exprime\u0301 sa reconnaissance envers les populations du Hambol pour leur soutien constant, notamment lors de l\u2019e\u0301lection pre\u0301sidentielle du 25 octobre.<\/p>\n<p>Il a appele\u0301 a\u0300 une mobilisation encore plus forte pour les le\u0301gislatives: \u00ab Vous avez donne\u0301 la moitie\u0301 du pouvoir au pre\u0301sident de la Re\u0301publique. Il reste maintenant, a\u0300 travers l\u2019Assemble\u0301e nationale, a\u0300 lui donner la ple\u0301nitude de ce pouvoir. \u00bb<\/p>\n<p>La ce\u0301re\u0301monie s\u2019est conclue sur un appel unanime a\u0300 l\u2019unite\u0301, a\u0300 la solidarite\u0301 et a\u0300 la participation massive des e\u0301lecteurs le 27 de\u0301cembre. Les leaders pre\u0301sents ont exprime\u0301 leur confiance en une victoire e\u0301clatante des candidats du RHDP a\u0300 Abobo, dans un climat de fraternite\u0301 et d\u2019engagement citoyen.<\/p>\n<p><strong>Pour plus d&rsquo;informations et d&rsquo;analyses sur la <span style=\"color: #ff6600\">C\u00f4te d&rsquo;Ivoire<\/span>, suivez <span style=\"color: #ff6600\">Africa-Press<\/span><\/strong><\/p>\n","protected":false},"excerpt":{"rendered":"<p>Africa-Press &#8211; C\u00f4te d&rsquo;Ivoire. Une importante ce\u0301re\u0301monie de soutien au ministre d\u2019E\u0301tat, ministre de la De\u0301fense, Te\u0301ne\u0301 Birahima Ouattara, candidat du RHDP aux e\u0301lections le\u0301gislatives du 27 de\u0301cembre, s\u2019est tenue dimanche au Centre culturel d\u2019Abobo. L\u2019e\u0301ve\u0301nement a re\u0301uni une forte de\u0301le\u0301gation de cadres, e\u0301lus, chefs traditionnels, guides religieux, notables, ainsi qu\u2019une mobilisation massive de femmes [&hellip;]<\/p>\n","protected":false},"author":82,"featured_media":109617,"comment_status":"open","ping_status":"closed","sticky":false,"template":"","format":"standard","meta":{"footnotes":""},"categories":[2,10],"tags":[787,38,29,19667,3284,19413,7054,19503,371,2123],"class_list":["post-109619","post","type-post","status-publish","format-standard","has-post-thumbnail","hentry","category-politique","category-toutes-les-actualites","tag-abobo","tag-alassane-ouattara","tag-cote-divoire","tag-electionsci","tag-hambol","tag-legislatives2025","tag-mobilisation","tag-politiqueci","tag-rhdp","tag-tene-birahima-ouattara"],"yoast_head":"<!-- This site is optimized with the Yoast SEO Premium plugin v26.1 (Yoast SEO v27.0) - https:\/\/yoast.com\/product\/yoast-seo-premium-wordpress\/ -->\n<title>Soutien au ministre T\u00e9n\u00e9 Birahima Ouattara \u00e0 Abobo - C\u00f4te d&#039;Ivoire<\/title>\n<meta name=\"description\" content=\"Une importante ce\u0301re\u0301monie de soutien au ministre d\u2019E\u0301tat, ministre de la De\u0301fense, Te\u0301ne\u0301 Birahima Ouattara, candidat d ...\" \/>\n<meta name=\"robots\" content=\"index, follow, max-snippet:-1, max-image-preview:large, max-video-preview:-1\" \/>\n<link rel=\"canonical\" href=\"https:\/\/www.africa-press.net\/cotedivoire\/politique\/soutien-au-ministre-tene-birahima-ouattara-a-abobo\" \/>\n<meta property=\"og:locale\" content=\"fr_FR\" \/>\n<meta property=\"og:type\" content=\"article\" \/>\n<meta property=\"og:title\" content=\"Soutien au ministre T\u00e9n\u00e9 Birahima Ouattara \u00e0 Abobo\" \/>\n<meta property=\"og:description\" content=\"Une importante ce\u0301re\u0301monie de soutien au ministre d\u2019E\u0301tat, ministre de la De\u0301fense, Te\u0301ne\u0301 Birahima Ouattara, candidat d ...\" \/>\n<meta property=\"og:url\" content=\"https:\/\/www.africa-press.net\/cotedivoire\/politique\/soutien-au-ministre-tene-birahima-ouattara-a-abobo\" \/>\n<meta property=\"og:site_name\" content=\"C\u00f4te d&#039;Ivoire\" \/>\n<meta property=\"article:published_time\" content=\"2025-12-01T15:40:52+00:00\" \/>\n<meta property=\"article:modified_time\" content=\"2025-12-01T16:08:39+00:00\" \/>\n<meta property=\"og:image\" content=\"https:\/\/static.africa-press.net\/cote\/sites\/43\/2025\/12\/sm_1764592664.595686.jpg\" \/>\n\t<meta property=\"og:image:width\" content=\"720\" \/>\n\t<meta property=\"og:image:height\" content=\"344\" \/>\n\t<meta property=\"og:image:type\" content=\"image\/jpeg\" \/>\n<meta name=\"author\" content=\"cfeditorfr\" \/>\n<meta name=\"twitter:card\" content=\"summary_large_image\" \/>\n<meta name=\"twitter:label1\" content=\"\u00c9crit par\" \/>\n\t<meta name=\"twitter:data1\" content=\"cfeditorfr\" \/>\n\t<meta name=\"twitter:label2\" content=\"Dur\u00e9e de lecture estim\u00e9e\" \/>\n\t<meta name=\"twitter:data2\" content=\"2 minutes\" \/>\n<script type=\"application\/ld+json\" class=\"yoast-schema-graph\">{\"@context\":\"https:\/\/schema.org\",\"@graph\":[{\"@type\":\"Article\",\"@id\":\"https:\/\/www.africa-press.net\/cotedivoire\/politique\/soutien-au-ministre-tene-birahima-ouattara-a-abobo#article\",\"isPartOf\":{\"@id\":\"https:\/\/www.africa-press.net\/cotedivoire\/politique\/soutien-au-ministre-tene-birahima-ouattara-a-abobo\"},\"author\":{\"name\":\"cfeditorfr\",\"@id\":\"https:\/\/www.africa-press.net\/cotedivoire\/#\/schema\/person\/2b1cf3cd81a31e3cd26889ca66d677f1\"},\"headline\":\"Soutien au ministre T\u00e9n\u00e9 Birahima Ouattara \u00e0 Abobo\",\"datePublished\":\"2025-12-01T15:40:52+00:00\",\"dateModified\":\"2025-12-01T16:08:39+00:00\",\"mainEntityOfPage\":{\"@id\":\"https:\/\/www.africa-press.net\/cotedivoire\/politique\/soutien-au-ministre-tene-birahima-ouattara-a-abobo\"},\"wordCount\":505,\"commentCount\":0,\"image\":{\"@id\":\"https:\/\/www.africa-press.net\/cotedivoire\/politique\/soutien-au-ministre-tene-birahima-ouattara-a-abobo#primaryimage\"},\"thumbnailUrl\":\"https:\/\/static.africa-press.net\/cote\/sites\/43\/2025\/12\/sm_1764592664.595686.jpg\",\"keywords\":[\"Abobo\",\"Alassane Ouattara\",\"C\u00d4TE D'IVOIRE\",\"\u00e9lectionsCI\",\"Hambol\",\"l\u00e9gislatives2025\",\"mobilisation\",\"politiqueCI\",\"RHDP\",\"T\u00e9n\u00e9 Birahima Ouattara\"],\"articleSection\":[\"Politique\",\"Toutes les actualit\u00e9s\"],\"inLanguage\":\"fr-FR\",\"potentialAction\":[{\"@type\":\"CommentAction\",\"name\":\"Comment\",\"target\":[\"https:\/\/www.africa-press.net\/cotedivoire\/politique\/soutien-au-ministre-tene-birahima-ouattara-a-abobo#respond\"]}]},{\"@type\":\"WebPage\",\"@id\":\"https:\/\/www.africa-press.net\/cotedivoire\/politique\/soutien-au-ministre-tene-birahima-ouattara-a-abobo\",\"url\":\"https:\/\/www.africa-press.net\/cotedivoire\/politique\/soutien-au-ministre-tene-birahima-ouattara-a-abobo\",\"name\":\"Soutien au ministre T\u00e9n\u00e9 Birahima Ouattara \u00e0 Abobo - C\u00f4te d&#039;Ivoire\",\"isPartOf\":{\"@id\":\"https:\/\/www.africa-press.net\/cotedivoire\/#website\"},\"primaryImageOfPage\":{\"@id\":\"https:\/\/www.africa-press.net\/cotedivoire\/politique\/soutien-au-ministre-tene-birahima-ouattara-a-abobo#primaryimage\"},\"image\":{\"@id\":\"https:\/\/www.africa-press.net\/cotedivoire\/politique\/soutien-au-ministre-tene-birahima-ouattara-a-abobo#primaryimage\"},\"thumbnailUrl\":\"https:\/\/static.africa-press.net\/cote\/sites\/43\/2025\/12\/sm_1764592664.595686.jpg\",\"datePublished\":\"2025-12-01T15:40:52+00:00\",\"dateModified\":\"2025-12-01T16:08:39+00:00\",\"author\":{\"@id\":\"https:\/\/www.africa-press.net\/cotedivoire\/#\/schema\/person\/2b1cf3cd81a31e3cd26889ca66d677f1\"},\"description\":\"Une importante ce\u0301re\u0301monie de soutien au ministre d\u2019E\u0301tat, ministre de la De\u0301fense, Te\u0301ne\u0301 Birahima Ouattara, candidat d ...\",\"breadcrumb\":{\"@id\":\"https:\/\/www.africa-press.net\/cotedivoire\/politique\/soutien-au-ministre-tene-birahima-ouattara-a-abobo#breadcrumb\"},\"inLanguage\":\"fr-FR\",\"potentialAction\":[{\"@type\":\"ReadAction\",\"target\":[\"https:\/\/www.africa-press.net\/cotedivoire\/politique\/soutien-au-ministre-tene-birahima-ouattara-a-abobo\"]}]},{\"@type\":\"ImageObject\",\"inLanguage\":\"fr-FR\",\"@id\":\"https:\/\/www.africa-press.net\/cotedivoire\/politique\/soutien-au-ministre-tene-birahima-ouattara-a-abobo#primaryimage\",\"url\":\"https:\/\/static.africa-press.net\/cote\/sites\/43\/2025\/12\/sm_1764592664.595686.jpg\",\"contentUrl\":\"https:\/\/static.africa-press.net\/cote\/sites\/43\/2025\/12\/sm_1764592664.595686.jpg\",\"width\":720,\"height\":344,\"caption\":\"Soutien au ministre T\u00e9n\u00e9 Birahima Ouattara \u00e0 Abobo\"},{\"@type\":\"BreadcrumbList\",\"@id\":\"https:\/\/www.africa-press.net\/cotedivoire\/politique\/soutien-au-ministre-tene-birahima-ouattara-a-abobo#breadcrumb\",\"itemListElement\":[{\"@type\":\"ListItem\",\"position\":1,\"name\":\"Accueil\",\"item\":\"https:\/\/www.africa-press.net\/cotedivoire\/\"},{\"@type\":\"ListItem\",\"position\":2,\"name\":\"Soutien au ministre T\u00e9n\u00e9 Birahima Ouattara \u00e0 Abobo\"}]},{\"@type\":\"WebSite\",\"@id\":\"https:\/\/www.africa-press.net\/cotedivoire\/#website\",\"url\":\"https:\/\/www.africa-press.net\/cotedivoire\/\",\"name\":\"C\u00f4te d&#039;Ivoire\",\"description\":\"Just another Africa News Agency Sites site\",\"potentialAction\":[{\"@type\":\"SearchAction\",\"target\":{\"@type\":\"EntryPoint\",\"urlTemplate\":\"https:\/\/www.africa-press.net\/cotedivoire\/?s={search_term_string}\"},\"query-input\":{\"@type\":\"PropertyValueSpecification\",\"valueRequired\":true,\"valueName\":\"search_term_string\"}}],\"inLanguage\":\"fr-FR\"},{\"@type\":\"Person\",\"@id\":\"https:\/\/www.africa-press.net\/cotedivoire\/#\/schema\/person\/2b1cf3cd81a31e3cd26889ca66d677f1\",\"name\":\"cfeditorfr\"}]}<\/script>\n<!-- \/ Yoast SEO Premium plugin. -->","yoast_head_json":{"title":"Soutien au ministre T\u00e9n\u00e9 Birahima Ouattara \u00e0 Abobo - C\u00f4te d&#039;Ivoire","description":"Une importante ce\u0301re\u0301monie de soutien au ministre d\u2019E\u0301tat, ministre de la De\u0301fense, Te\u0301ne\u0301 Birahima Ouattara, candidat d ...","robots":{"index":"index","follow":"follow","max-snippet":"max-snippet:-1","max-image-preview":"max-image-preview:large","max-video-preview":"max-video-preview:-1"},"canonical":"https:\/\/www.africa-press.net\/cotedivoire\/politique\/soutien-au-ministre-tene-birahima-ouattara-a-abobo","og_locale":"fr_FR","og_type":"article","og_title":"Soutien au ministre T\u00e9n\u00e9 Birahima Ouattara \u00e0 Abobo","og_description":"Une importante ce\u0301re\u0301monie de soutien au ministre d\u2019E\u0301tat, ministre de la De\u0301fense, Te\u0301ne\u0301 Birahima Ouattara, candidat d ...","og_url":"https:\/\/www.africa-press.net\/cotedivoire\/politique\/soutien-au-ministre-tene-birahima-ouattara-a-abobo","og_site_name":"C\u00f4te d&#039;Ivoire","article_published_time":"2025-12-01T15:40:52+00:00","article_modified_time":"2025-12-01T16:08:39+00:00","og_image":[{"width":720,"height":344,"url":"https:\/\/static.africa-press.net\/cote\/sites\/43\/2025\/12\/sm_1764592664.595686.jpg","type":"image\/jpeg"}],"author":"cfeditorfr","twitter_card":"summary_large_image","twitter_misc":{"\u00c9crit par":"cfeditorfr","Dur\u00e9e de lecture estim\u00e9e":"2 minutes"},"schema":{"@context":"https:\/\/schema.org","@graph":[{"@type":"Article","@id":"https:\/\/www.africa-press.net\/cotedivoire\/politique\/soutien-au-ministre-tene-birahima-ouattara-a-abobo#article","isPartOf":{"@id":"https:\/\/www.africa-press.net\/cotedivoire\/politique\/soutien-au-ministre-tene-birahima-ouattara-a-abobo"},"author":{"name":"cfeditorfr","@id":"https:\/\/www.africa-press.net\/cotedivoire\/#\/schema\/person\/2b1cf3cd81a31e3cd26889ca66d677f1"},"headline":"Soutien au ministre T\u00e9n\u00e9 Birahima Ouattara \u00e0 Abobo","datePublished":"2025-12-01T15:40:52+00:00","dateModified":"2025-12-01T16:08:39+00:00","mainEntityOfPage":{"@id":"https:\/\/www.africa-press.net\/cotedivoire\/politique\/soutien-au-ministre-tene-birahima-ouattara-a-abobo"},"wordCount":505,"commentCount":0,"image":{"@id":"https:\/\/www.africa-press.net\/cotedivoire\/politique\/soutien-au-ministre-tene-birahima-ouattara-a-abobo#primaryimage"},"thumbnailUrl":"https:\/\/static.africa-press.net\/cote\/sites\/43\/2025\/12\/sm_1764592664.595686.jpg","keywords":["Abobo","Alassane Ouattara","C\u00d4TE D'IVOIRE","\u00e9lectionsCI","Hambol","l\u00e9gislatives2025","mobilisation","politiqueCI","RHDP","T\u00e9n\u00e9 Birahima Ouattara"],"articleSection":["Politique","Toutes les actualit\u00e9s"],"inLanguage":"fr-FR","potentialAction":[{"@type":"CommentAction","name":"Comment","target":["https:\/\/www.africa-press.net\/cotedivoire\/politique\/soutien-au-ministre-tene-birahima-ouattara-a-abobo#respond"]}]},{"@type":"WebPage","@id":"https:\/\/www.africa-press.net\/cotedivoire\/politique\/soutien-au-ministre-tene-birahima-ouattara-a-abobo","url":"https:\/\/www.africa-press.net\/cotedivoire\/politique\/soutien-au-ministre-tene-birahima-ouattara-a-abobo","name":"Soutien au ministre T\u00e9n\u00e9 Birahima Ouattara \u00e0 Abobo - C\u00f4te d&#039;Ivoire","isPartOf":{"@id":"https:\/\/www.africa-press.net\/cotedivoire\/#website"},"primaryImageOfPage":{"@id":"https:\/\/www.africa-press.net\/cotedivoire\/politique\/soutien-au-ministre-tene-birahima-ouattara-a-abobo#primaryimage"},"image":{"@id":"https:\/\/www.africa-press.net\/cotedivoire\/politique\/soutien-au-ministre-tene-birahima-ouattara-a-abobo#primaryimage"},"thumbnailUrl":"https:\/\/static.africa-press.net\/cote\/sites\/43\/2025\/12\/sm_1764592664.595686.jpg","datePublished":"2025-12-01T15:40:52+00:00","dateModified":"2025-12-01T16:08:39+00:00","author":{"@id":"https:\/\/www.africa-press.net\/cotedivoire\/#\/schema\/person\/2b1cf3cd81a31e3cd26889ca66d677f1"},"description":"Une importante ce\u0301re\u0301monie de soutien au ministre d\u2019E\u0301tat, ministre de la De\u0301fense, Te\u0301ne\u0301 Birahima Ouattara, candidat d ...","breadcrumb":{"@id":"https:\/\/www.africa-press.net\/cotedivoire\/politique\/soutien-au-ministre-tene-birahima-ouattara-a-abobo#breadcrumb"},"inLanguage":"fr-FR","potentialAction":[{"@type":"ReadAction","target":["https:\/\/www.africa-press.net\/cotedivoire\/politique\/soutien-au-ministre-tene-birahima-ouattara-a-abobo"]}]},{"@type":"ImageObject","inLanguage":"fr-FR","@id":"https:\/\/www.africa-press.net\/cotedivoire\/politique\/soutien-au-ministre-tene-birahima-ouattara-a-abobo#primaryimage","url":"https:\/\/static.africa-press.net\/cote\/sites\/43\/2025\/12\/sm_1764592664.595686.jpg","contentUrl":"https:\/\/static.africa-press.net\/cote\/sites\/43\/2025\/12\/sm_1764592664.595686.jpg","width":720,"height":344,"caption":"Soutien au ministre T\u00e9n\u00e9 Birahima Ouattara \u00e0 Abobo"},{"@type":"BreadcrumbList","@id":"https:\/\/www.africa-press.net\/cotedivoire\/politique\/soutien-au-ministre-tene-birahima-ouattara-a-abobo#breadcrumb","itemListElement":[{"@type":"ListItem","position":1,"name":"Accueil","item":"https:\/\/www.africa-press.net\/cotedivoire\/"},{"@type":"ListItem","position":2,"name":"Soutien au ministre T\u00e9n\u00e9 Birahima Ouattara \u00e0 Abobo"}]},{"@type":"WebSite","@id":"https:\/\/www.africa-press.net\/cotedivoire\/#website","url":"https:\/\/www.africa-press.net\/cotedivoire\/","name":"C\u00f4te d&#039;Ivoire","description":"Just another Africa News Agency Sites site","potentialAction":[{"@type":"SearchAction","target":{"@type":"EntryPoint","urlTemplate":"https:\/\/www.africa-press.net\/cotedivoire\/?s={search_term_string}"},"query-input":{"@type":"PropertyValueSpecification","valueRequired":true,"valueName":"search_term_string"}}],"inLanguage":"fr-FR"},{"@type":"Person","@id":"https:\/\/www.africa-press.net\/cotedivoire\/#\/schema\/person\/2b1cf3cd81a31e3cd26889ca66d677f1","name":"cfeditorfr"}]}},"_links":{"self":[{"href":"https:\/\/www.africa-press.net\/cotedivoire\/wp-json\/wp\/v2\/posts\/109619","targetHints":{"allow":["GET"]}}],"collection":[{"href":"https:\/\/www.africa-press.net\/cotedivoire\/wp-json\/wp\/v2\/posts"}],"about":[{"href":"https:\/\/www.africa-press.net\/cotedivoire\/wp-json\/wp\/v2\/types\/post"}],"author":[{"embeddable":true,"href":"https:\/\/www.africa-press.net\/cotedivoire\/wp-json\/wp\/v2\/users\/82"}],"replies":[{"embeddable":true,"href":"https:\/\/www.africa-press.net\/cotedivoire\/wp-json\/wp\/v2\/comments?post=109619"}],"version-history":[{"count":0,"href":"https:\/\/www.africa-press.net\/cotedivoire\/wp-json\/wp\/v2\/posts\/109619\/revisions"}],"wp:featuredmedia":[{"embeddable":true,"href":"https:\/\/www.africa-press.net\/cotedivoire\/wp-json\/wp\/v2\/media\/109617"}],"wp:attachment":[{"href":"https:\/\/www.africa-press.net\/cotedivoire\/wp-json\/wp\/v2\/media?parent=109619"}],"wp:term":[{"taxonomy":"category","embeddable":true,"href":"https:\/\/www.africa-press.net\/cotedivoire\/wp-json\/wp\/v2\/categories?post=109619"},{"taxonomy":"post_tag","embeddable":true,"href":"https:\/\/www.africa-press.net\/cotedivoire\/wp-json\/wp\/v2\/tags?post=109619"}],"curies":[{"name":"wp","href":"https:\/\/api.w.org\/{rel}","templated":true}]}}