{"id":109621,"date":"2025-12-01T15:41:11","date_gmt":"2025-12-01T15:41:11","guid":{"rendered":"https:\/\/www.africa-press.net\/cotedivoire\/politique\/adama-coulibaly-renforce-le-systeme-sanitaire-a-dimbokro"},"modified":"2025-12-01T16:09:05","modified_gmt":"2025-12-01T16:09:05","slug":"adama-coulibaly-renforce-le-systeme-sanitaire-a-dimbokro","status":"publish","type":"post","link":"https:\/\/www.africa-press.net\/cotedivoire\/toutes-les-actualites\/adama-coulibaly-renforce-le-systeme-sanitaire-a-dimbokro","title":{"rendered":"Adama Coulibaly Renforce le Syst\u00e8me Sanitaire \u00e0 Dimbokro"},"content":{"rendered":"<p><span style=\"color: #ff6600\"><strong>Africa-Press &#8211; C\u00f4te d&rsquo;Ivoire. <\/strong><\/span>Dans sa volonte\u0301 constante d\u2019ame\u0301liorer les conditions de vie des populations de Dimbokro, le ministre des Finances et du Budget, Adama Coulibaly, par ailleurs maire de la commune, a pose\u0301 un acte d\u2019une grande porte\u0301e sociale. Le 28 novembre, il a offert quatre ambulances me\u0301dicalise\u0301es aux centres de sante\u0301 de Tangoumanssou, d\u2019Ebimolossou, au Centre hospitalier re\u0301gional (CHR) et a\u0300 la PMI de Comikro.<\/p>\n<p>Ce don, selon le ministre-maire, vise a\u0300 renforcer les capacite\u0301s ope\u0301rationnelles de l\u2019E\u0301tablissement public hospitalier re\u0301gional (EPHR) et des centres de sante\u0301 du de\u0301partement. Il s\u2019agit, a-t-il explique\u0301, d\u2019ame\u0301liorer l\u2019acce\u0300s aux soins et d\u2019assurer une prise en charge plus rapide, plus se\u0301curise\u0301e et plus efficace des malades.<\/p>\n<p>\u00ab Notre v\u0153u le plus ardent est que ce mate\u0301riel roulant contribue a\u0300 apporter des solutions heureuses aux situations d\u2019urgence auxquelles seront confronte\u0301s les centres be\u0301ne\u0301ficiaires \u00bb, a de\u0301clare\u0301 Adama Coulibaly, avant d\u2019exhorter les responsables sanitaires a\u0300 en faire un usage rigoureux et responsable.<\/p>\n<p>En offrant ces ambulances, le maire re\u0301affirme son attachement aux questions de sante\u0301 publique. Cet acte s\u2019inscrit e\u0301galement dans la dynamique nationale impulse\u0301e par le pre\u0301sident Alassane Ouattara, qui \u0153uvre pour l\u2019ame\u0301lioration continue des conditions de vie des Ivoiriens.<\/p>\n<p>Le Directeur de\u0301partemental de la sante\u0301 par inte\u0301rim de Dimbokro, Beda Bertin, ainsi que Nanan Kotio, porte-parole des populations, ont tour a\u0300 tour exprime\u0301 leur gratitude. Pour eux, ce geste traduit l\u2019engagement du ministre Coulibaly en faveur du bien-e\u0302tre communautaire et correspond parfaitement a\u0300 la vision pre\u0301sidentielle d\u2019un syste\u0300me sanitaire accessible et performant.<\/p>\n<p>La ce\u0301re\u0301monie de remise s\u2019est tenue sur l\u2019esplanade de la pre\u0301fecture de Dimbokro, en pre\u0301sence du corps pre\u0301fectoral. Elle a enregistre\u0301 la participation du vice-pre\u0301sident du Conseil re\u0301gional du N\u2019Zi, Kouassi Bengassoh, repre\u0301sentant le pre\u0301sident Koffi N\u2019guessan Lataille, du se\u0301nateur Se\u0301raphin Yao, des adjoints au maire, de conseillers municipaux et de nombreuses autorite\u0301s traditionnelles.<\/p>\n<p>Tous ont salue\u0301 un geste qualifie\u0301 de symbolique et essentiel pour la prise en charge des urgences me\u0301dicales dans le de\u0301partement.<\/p>\n<p><strong>Pour plus d&rsquo;informations et d&rsquo;analyses sur la <span style=\"color: #ff6600\">C\u00f4te d&rsquo;Ivoire<\/span>, suivez <span style=\"color: #ff6600\">Africa-Press<\/span><\/strong><\/p>\n","protected":false},"excerpt":{"rendered":"<p>Africa-Press &#8211; C\u00f4te d&rsquo;Ivoire. Dans sa volonte\u0301 constante d\u2019ame\u0301liorer les conditions de vie des populations de Dimbokro, le ministre des Finances et du Budget, Adama Coulibaly, par ailleurs maire de la commune, a pose\u0301 un acte d\u2019une grande porte\u0301e sociale. Le 28 novembre, il a offert quatre ambulances me\u0301dicalise\u0301es aux centres de sante\u0301 de Tangoumanssou, [&hellip;]<\/p>\n","protected":false},"author":82,"featured_media":109620,"comment_status":"open","ping_status":"closed","sticky":false,"template":"","format":"standard","meta":{"footnotes":""},"categories":[21,10],"tags":[1182,12665,3086,29,1583,460,1549,7817,459,4950,142,280],"class_list":["post-109621","post","type-post","status-publish","format-standard","has-post-thumbnail","hentry","category-communaute","category-toutes-les-actualites","tag-adama-coulibaly","tag-ambulances","tag-chr","tag-cote-divoire","tag-developpement","tag-dimbokro","tag-gouvernance","tag-local","tag-nzi","tag-sanitaire","tag-sante","tag-systeme"],"yoast_head":"<!-- This site is optimized with the Yoast SEO Premium plugin v26.1 (Yoast SEO v27.0) - https:\/\/yoast.com\/product\/yoast-seo-premium-wordpress\/ -->\n<title>Adama Coulibaly Renforce le Syst\u00e8me Sanitaire \u00e0 Dimbokro - C\u00f4te d&#039;Ivoire<\/title>\n<meta name=\"description\" content=\"Dans sa volonte\u0301 constante d\u2019ame\u0301liorer les conditions de vie des populations de Dimbokro, le ministre des Finances et d ...\" \/>\n<meta name=\"robots\" content=\"index, follow, max-snippet:-1, max-image-preview:large, max-video-preview:-1\" \/>\n<link rel=\"canonical\" href=\"https:\/\/www.africa-press.net\/cotedivoire\/toutes-les-actualites\/adama-coulibaly-renforce-le-systeme-sanitaire-a-dimbokro\" \/>\n<meta property=\"og:locale\" content=\"fr_FR\" \/>\n<meta property=\"og:type\" content=\"article\" \/>\n<meta property=\"og:title\" content=\"Adama Coulibaly Renforce le Syst\u00e8me Sanitaire \u00e0 Dimbokro\" \/>\n<meta property=\"og:description\" content=\"Dans sa volonte\u0301 constante d\u2019ame\u0301liorer les conditions de vie des populations de Dimbokro, le ministre des Finances et d ...\" \/>\n<meta property=\"og:url\" content=\"https:\/\/www.africa-press.net\/cotedivoire\/toutes-les-actualites\/adama-coulibaly-renforce-le-systeme-sanitaire-a-dimbokro\" \/>\n<meta property=\"og:site_name\" content=\"C\u00f4te d&#039;Ivoire\" \/>\n<meta property=\"article:published_time\" content=\"2025-12-01T15:41:11+00:00\" \/>\n<meta property=\"article:modified_time\" content=\"2025-12-01T16:09:05+00:00\" \/>\n<meta property=\"og:image\" content=\"https:\/\/static.africa-press.net\/cote\/sites\/43\/2025\/12\/sm_1764592697.128723.jpg\" \/>\n\t<meta property=\"og:image:width\" content=\"720\" \/>\n\t<meta property=\"og:image:height\" content=\"380\" \/>\n\t<meta property=\"og:image:type\" content=\"image\/jpeg\" \/>\n<meta name=\"author\" content=\"cfeditorfr\" \/>\n<meta name=\"twitter:card\" content=\"summary_large_image\" \/>\n<meta name=\"twitter:label1\" content=\"\u00c9crit par\" \/>\n\t<meta name=\"twitter:data1\" content=\"cfeditorfr\" \/>\n\t<meta name=\"twitter:label2\" content=\"Dur\u00e9e de lecture estim\u00e9e\" \/>\n\t<meta name=\"twitter:data2\" content=\"2 minutes\" \/>\n<script type=\"application\/ld+json\" class=\"yoast-schema-graph\">{\"@context\":\"https:\/\/schema.org\",\"@graph\":[{\"@type\":\"Article\",\"@id\":\"https:\/\/www.africa-press.net\/cotedivoire\/toutes-les-actualites\/adama-coulibaly-renforce-le-systeme-sanitaire-a-dimbokro#article\",\"isPartOf\":{\"@id\":\"https:\/\/www.africa-press.net\/cotedivoire\/toutes-les-actualites\/adama-coulibaly-renforce-le-systeme-sanitaire-a-dimbokro\"},\"author\":{\"name\":\"cfeditorfr\",\"@id\":\"https:\/\/www.africa-press.net\/cotedivoire\/#\/schema\/person\/2b1cf3cd81a31e3cd26889ca66d677f1\"},\"headline\":\"Adama Coulibaly Renforce le Syst\u00e8me Sanitaire \u00e0 Dimbokro\",\"datePublished\":\"2025-12-01T15:41:11+00:00\",\"dateModified\":\"2025-12-01T16:09:05+00:00\",\"mainEntityOfPage\":{\"@id\":\"https:\/\/www.africa-press.net\/cotedivoire\/toutes-les-actualites\/adama-coulibaly-renforce-le-systeme-sanitaire-a-dimbokro\"},\"wordCount\":409,\"commentCount\":0,\"image\":{\"@id\":\"https:\/\/www.africa-press.net\/cotedivoire\/toutes-les-actualites\/adama-coulibaly-renforce-le-systeme-sanitaire-a-dimbokro#primaryimage\"},\"thumbnailUrl\":\"https:\/\/static.africa-press.net\/cote\/sites\/43\/2025\/12\/sm_1764592697.128723.jpg\",\"keywords\":[\"Adama Coulibaly\",\"Ambulances\",\"CHR\",\"C\u00d4TE D'IVOIRE\",\"d\u00e9veloppement\",\"Dimbokro\",\"Gouvernance\",\"local\",\"N'Zi\",\"sanitaire\",\"sant\u00e9\",\"syst\u00e8me\"],\"articleSection\":[\"Communaut\u00e9\",\"Toutes les actualit\u00e9s\"],\"inLanguage\":\"fr-FR\",\"potentialAction\":[{\"@type\":\"CommentAction\",\"name\":\"Comment\",\"target\":[\"https:\/\/www.africa-press.net\/cotedivoire\/toutes-les-actualites\/adama-coulibaly-renforce-le-systeme-sanitaire-a-dimbokro#respond\"]}]},{\"@type\":\"WebPage\",\"@id\":\"https:\/\/www.africa-press.net\/cotedivoire\/toutes-les-actualites\/adama-coulibaly-renforce-le-systeme-sanitaire-a-dimbokro\",\"url\":\"https:\/\/www.africa-press.net\/cotedivoire\/toutes-les-actualites\/adama-coulibaly-renforce-le-systeme-sanitaire-a-dimbokro\",\"name\":\"Adama Coulibaly Renforce le Syst\u00e8me Sanitaire \u00e0 Dimbokro - C\u00f4te d&#039;Ivoire\",\"isPartOf\":{\"@id\":\"https:\/\/www.africa-press.net\/cotedivoire\/#website\"},\"primaryImageOfPage\":{\"@id\":\"https:\/\/www.africa-press.net\/cotedivoire\/toutes-les-actualites\/adama-coulibaly-renforce-le-systeme-sanitaire-a-dimbokro#primaryimage\"},\"image\":{\"@id\":\"https:\/\/www.africa-press.net\/cotedivoire\/toutes-les-actualites\/adama-coulibaly-renforce-le-systeme-sanitaire-a-dimbokro#primaryimage\"},\"thumbnailUrl\":\"https:\/\/static.africa-press.net\/cote\/sites\/43\/2025\/12\/sm_1764592697.128723.jpg\",\"datePublished\":\"2025-12-01T15:41:11+00:00\",\"dateModified\":\"2025-12-01T16:09:05+00:00\",\"author\":{\"@id\":\"https:\/\/www.africa-press.net\/cotedivoire\/#\/schema\/person\/2b1cf3cd81a31e3cd26889ca66d677f1\"},\"description\":\"Dans sa volonte\u0301 constante d\u2019ame\u0301liorer les conditions de vie des populations de Dimbokro, le ministre des Finances et d ...\",\"breadcrumb\":{\"@id\":\"https:\/\/www.africa-press.net\/cotedivoire\/toutes-les-actualites\/adama-coulibaly-renforce-le-systeme-sanitaire-a-dimbokro#breadcrumb\"},\"inLanguage\":\"fr-FR\",\"potentialAction\":[{\"@type\":\"ReadAction\",\"target\":[\"https:\/\/www.africa-press.net\/cotedivoire\/toutes-les-actualites\/adama-coulibaly-renforce-le-systeme-sanitaire-a-dimbokro\"]}]},{\"@type\":\"ImageObject\",\"inLanguage\":\"fr-FR\",\"@id\":\"https:\/\/www.africa-press.net\/cotedivoire\/toutes-les-actualites\/adama-coulibaly-renforce-le-systeme-sanitaire-a-dimbokro#primaryimage\",\"url\":\"https:\/\/static.africa-press.net\/cote\/sites\/43\/2025\/12\/sm_1764592697.128723.jpg\",\"contentUrl\":\"https:\/\/static.africa-press.net\/cote\/sites\/43\/2025\/12\/sm_1764592697.128723.jpg\",\"width\":720,\"height\":380,\"caption\":\"Adama Coulibaly Renforce le Syst\u00e8me Sanitaire \u00e0 Dimbokro\"},{\"@type\":\"BreadcrumbList\",\"@id\":\"https:\/\/www.africa-press.net\/cotedivoire\/toutes-les-actualites\/adama-coulibaly-renforce-le-systeme-sanitaire-a-dimbokro#breadcrumb\",\"itemListElement\":[{\"@type\":\"ListItem\",\"position\":1,\"name\":\"Accueil\",\"item\":\"https:\/\/www.africa-press.net\/cotedivoire\/\"},{\"@type\":\"ListItem\",\"position\":2,\"name\":\"Adama Coulibaly Renforce le Syst\u00e8me Sanitaire \u00e0 Dimbokro\"}]},{\"@type\":\"WebSite\",\"@id\":\"https:\/\/www.africa-press.net\/cotedivoire\/#website\",\"url\":\"https:\/\/www.africa-press.net\/cotedivoire\/\",\"name\":\"C\u00f4te d&#039;Ivoire\",\"description\":\"Just another Africa News Agency Sites site\",\"potentialAction\":[{\"@type\":\"SearchAction\",\"target\":{\"@type\":\"EntryPoint\",\"urlTemplate\":\"https:\/\/www.africa-press.net\/cotedivoire\/?s={search_term_string}\"},\"query-input\":{\"@type\":\"PropertyValueSpecification\",\"valueRequired\":true,\"valueName\":\"search_term_string\"}}],\"inLanguage\":\"fr-FR\"},{\"@type\":\"Person\",\"@id\":\"https:\/\/www.africa-press.net\/cotedivoire\/#\/schema\/person\/2b1cf3cd81a31e3cd26889ca66d677f1\",\"name\":\"cfeditorfr\"}]}<\/script>\n<!-- \/ Yoast SEO Premium plugin. -->","yoast_head_json":{"title":"Adama Coulibaly Renforce le Syst\u00e8me Sanitaire \u00e0 Dimbokro - C\u00f4te d&#039;Ivoire","description":"Dans sa volonte\u0301 constante d\u2019ame\u0301liorer les conditions de vie des populations de Dimbokro, le ministre des Finances et d ...","robots":{"index":"index","follow":"follow","max-snippet":"max-snippet:-1","max-image-preview":"max-image-preview:large","max-video-preview":"max-video-preview:-1"},"canonical":"https:\/\/www.africa-press.net\/cotedivoire\/toutes-les-actualites\/adama-coulibaly-renforce-le-systeme-sanitaire-a-dimbokro","og_locale":"fr_FR","og_type":"article","og_title":"Adama Coulibaly Renforce le Syst\u00e8me Sanitaire \u00e0 Dimbokro","og_description":"Dans sa volonte\u0301 constante d\u2019ame\u0301liorer les conditions de vie des populations de Dimbokro, le ministre des Finances et d ...","og_url":"https:\/\/www.africa-press.net\/cotedivoire\/toutes-les-actualites\/adama-coulibaly-renforce-le-systeme-sanitaire-a-dimbokro","og_site_name":"C\u00f4te d&#039;Ivoire","article_published_time":"2025-12-01T15:41:11+00:00","article_modified_time":"2025-12-01T16:09:05+00:00","og_image":[{"width":720,"height":380,"url":"https:\/\/static.africa-press.net\/cote\/sites\/43\/2025\/12\/sm_1764592697.128723.jpg","type":"image\/jpeg"}],"author":"cfeditorfr","twitter_card":"summary_large_image","twitter_misc":{"\u00c9crit par":"cfeditorfr","Dur\u00e9e de lecture estim\u00e9e":"2 minutes"},"schema":{"@context":"https:\/\/schema.org","@graph":[{"@type":"Article","@id":"https:\/\/www.africa-press.net\/cotedivoire\/toutes-les-actualites\/adama-coulibaly-renforce-le-systeme-sanitaire-a-dimbokro#article","isPartOf":{"@id":"https:\/\/www.africa-press.net\/cotedivoire\/toutes-les-actualites\/adama-coulibaly-renforce-le-systeme-sanitaire-a-dimbokro"},"author":{"name":"cfeditorfr","@id":"https:\/\/www.africa-press.net\/cotedivoire\/#\/schema\/person\/2b1cf3cd81a31e3cd26889ca66d677f1"},"headline":"Adama Coulibaly Renforce le Syst\u00e8me Sanitaire \u00e0 Dimbokro","datePublished":"2025-12-01T15:41:11+00:00","dateModified":"2025-12-01T16:09:05+00:00","mainEntityOfPage":{"@id":"https:\/\/www.africa-press.net\/cotedivoire\/toutes-les-actualites\/adama-coulibaly-renforce-le-systeme-sanitaire-a-dimbokro"},"wordCount":409,"commentCount":0,"image":{"@id":"https:\/\/www.africa-press.net\/cotedivoire\/toutes-les-actualites\/adama-coulibaly-renforce-le-systeme-sanitaire-a-dimbokro#primaryimage"},"thumbnailUrl":"https:\/\/static.africa-press.net\/cote\/sites\/43\/2025\/12\/sm_1764592697.128723.jpg","keywords":["Adama Coulibaly","Ambulances","CHR","C\u00d4TE D'IVOIRE","d\u00e9veloppement","Dimbokro","Gouvernance","local","N'Zi","sanitaire","sant\u00e9","syst\u00e8me"],"articleSection":["Communaut\u00e9","Toutes les actualit\u00e9s"],"inLanguage":"fr-FR","potentialAction":[{"@type":"CommentAction","name":"Comment","target":["https:\/\/www.africa-press.net\/cotedivoire\/toutes-les-actualites\/adama-coulibaly-renforce-le-systeme-sanitaire-a-dimbokro#respond"]}]},{"@type":"WebPage","@id":"https:\/\/www.africa-press.net\/cotedivoire\/toutes-les-actualites\/adama-coulibaly-renforce-le-systeme-sanitaire-a-dimbokro","url":"https:\/\/www.africa-press.net\/cotedivoire\/toutes-les-actualites\/adama-coulibaly-renforce-le-systeme-sanitaire-a-dimbokro","name":"Adama Coulibaly Renforce le Syst\u00e8me Sanitaire \u00e0 Dimbokro - C\u00f4te d&#039;Ivoire","isPartOf":{"@id":"https:\/\/www.africa-press.net\/cotedivoire\/#website"},"primaryImageOfPage":{"@id":"https:\/\/www.africa-press.net\/cotedivoire\/toutes-les-actualites\/adama-coulibaly-renforce-le-systeme-sanitaire-a-dimbokro#primaryimage"},"image":{"@id":"https:\/\/www.africa-press.net\/cotedivoire\/toutes-les-actualites\/adama-coulibaly-renforce-le-systeme-sanitaire-a-dimbokro#primaryimage"},"thumbnailUrl":"https:\/\/static.africa-press.net\/cote\/sites\/43\/2025\/12\/sm_1764592697.128723.jpg","datePublished":"2025-12-01T15:41:11+00:00","dateModified":"2025-12-01T16:09:05+00:00","author":{"@id":"https:\/\/www.africa-press.net\/cotedivoire\/#\/schema\/person\/2b1cf3cd81a31e3cd26889ca66d677f1"},"description":"Dans sa volonte\u0301 constante d\u2019ame\u0301liorer les conditions de vie des populations de Dimbokro, le ministre des Finances et d ...","breadcrumb":{"@id":"https:\/\/www.africa-press.net\/cotedivoire\/toutes-les-actualites\/adama-coulibaly-renforce-le-systeme-sanitaire-a-dimbokro#breadcrumb"},"inLanguage":"fr-FR","potentialAction":[{"@type":"ReadAction","target":["https:\/\/www.africa-press.net\/cotedivoire\/toutes-les-actualites\/adama-coulibaly-renforce-le-systeme-sanitaire-a-dimbokro"]}]},{"@type":"ImageObject","inLanguage":"fr-FR","@id":"https:\/\/www.africa-press.net\/cotedivoire\/toutes-les-actualites\/adama-coulibaly-renforce-le-systeme-sanitaire-a-dimbokro#primaryimage","url":"https:\/\/static.africa-press.net\/cote\/sites\/43\/2025\/12\/sm_1764592697.128723.jpg","contentUrl":"https:\/\/static.africa-press.net\/cote\/sites\/43\/2025\/12\/sm_1764592697.128723.jpg","width":720,"height":380,"caption":"Adama Coulibaly Renforce le Syst\u00e8me Sanitaire \u00e0 Dimbokro"},{"@type":"BreadcrumbList","@id":"https:\/\/www.africa-press.net\/cotedivoire\/toutes-les-actualites\/adama-coulibaly-renforce-le-systeme-sanitaire-a-dimbokro#breadcrumb","itemListElement":[{"@type":"ListItem","position":1,"name":"Accueil","item":"https:\/\/www.africa-press.net\/cotedivoire\/"},{"@type":"ListItem","position":2,"name":"Adama Coulibaly Renforce le Syst\u00e8me Sanitaire \u00e0 Dimbokro"}]},{"@type":"WebSite","@id":"https:\/\/www.africa-press.net\/cotedivoire\/#website","url":"https:\/\/www.africa-press.net\/cotedivoire\/","name":"C\u00f4te d&#039;Ivoire","description":"Just another Africa News Agency Sites site","potentialAction":[{"@type":"SearchAction","target":{"@type":"EntryPoint","urlTemplate":"https:\/\/www.africa-press.net\/cotedivoire\/?s={search_term_string}"},"query-input":{"@type":"PropertyValueSpecification","valueRequired":true,"valueName":"search_term_string"}}],"inLanguage":"fr-FR"},{"@type":"Person","@id":"https:\/\/www.africa-press.net\/cotedivoire\/#\/schema\/person\/2b1cf3cd81a31e3cd26889ca66d677f1","name":"cfeditorfr"}]}},"_links":{"self":[{"href":"https:\/\/www.africa-press.net\/cotedivoire\/wp-json\/wp\/v2\/posts\/109621","targetHints":{"allow":["GET"]}}],"collection":[{"href":"https:\/\/www.africa-press.net\/cotedivoire\/wp-json\/wp\/v2\/posts"}],"about":[{"href":"https:\/\/www.africa-press.net\/cotedivoire\/wp-json\/wp\/v2\/types\/post"}],"author":[{"embeddable":true,"href":"https:\/\/www.africa-press.net\/cotedivoire\/wp-json\/wp\/v2\/users\/82"}],"replies":[{"embeddable":true,"href":"https:\/\/www.africa-press.net\/cotedivoire\/wp-json\/wp\/v2\/comments?post=109621"}],"version-history":[{"count":0,"href":"https:\/\/www.africa-press.net\/cotedivoire\/wp-json\/wp\/v2\/posts\/109621\/revisions"}],"wp:featuredmedia":[{"embeddable":true,"href":"https:\/\/www.africa-press.net\/cotedivoire\/wp-json\/wp\/v2\/media\/109620"}],"wp:attachment":[{"href":"https:\/\/www.africa-press.net\/cotedivoire\/wp-json\/wp\/v2\/media?parent=109621"}],"wp:term":[{"taxonomy":"category","embeddable":true,"href":"https:\/\/www.africa-press.net\/cotedivoire\/wp-json\/wp\/v2\/categories?post=109621"},{"taxonomy":"post_tag","embeddable":true,"href":"https:\/\/www.africa-press.net\/cotedivoire\/wp-json\/wp\/v2\/tags?post=109621"}],"curies":[{"name":"wp","href":"https:\/\/api.w.org\/{rel}","templated":true}]}}