{"id":109642,"date":"2025-12-01T15:43:13","date_gmt":"2025-12-01T15:43:13","guid":{"rendered":"https:\/\/www.africa-press.net\/cotedivoire\/politique\/engagement-de-letat-ivoirien-pour-lurbanisme"},"modified":"2025-12-01T16:13:32","modified_gmt":"2025-12-01T16:13:32","slug":"engagement-de-letat-ivoirien-pour-lurbanisme","status":"publish","type":"post","link":"https:\/\/www.africa-press.net\/cotedivoire\/politique\/engagement-de-letat-ivoirien-pour-lurbanisme","title":{"rendered":"Engagement de l&rsquo;\u00c9tat Ivoirien pour l&rsquo;Urbanisme"},"content":{"rendered":"<p><span style=\"color: #ff6600\"><strong>Africa-Press &#8211; C\u00f4te d&rsquo;Ivoire. <\/strong><\/span>A\u0300 l\u2019occasion de la 76e Journe\u0301e mondiale de l&rsquo;Urbanisme, le ministre de la Construction, du Logement et de l\u2019Urbanisme, Bruno Nabagne\u0301 Kone\u0301, a pris la parole pour souligner les enjeux majeurs de la planification urbaine et son ro\u0302le essentiel dans le de\u0301veloppement du pays. En choisissant de s\u2019exprimer a\u0300 la fin du mois de l\u2019Urbanisme, le ministre a voulu clo\u0302turer un cycle de re\u0301flexions et de concertations sur l\u2019avenir de nos villes, afin de souligner l\u2019importance de la planification dans la cre\u0301ation de villes re\u0301silientes et inclusives.<\/p>\n<p>Le ministre a rappele\u0301 que l\u2019urbanisme n&rsquo;est pas un simple outil technique, mais un vecteur de transformation sociale et e\u0301conomique, capable de re\u0301pondre aux de\u0301fis actuels tout en ame\u0301liorant la qualite\u0301 de vie des citoyens. En effet, dans un contexte mondial ou\u0300 les villes concentrent non seulement les plus grandes opportunite\u0301s mais aussi des de\u0301fis importants, l\u2019urbanisme doit devenir un levier pour cre\u0301er des espaces plus justes et e\u0301galitaires. La Co\u0302te d&rsquo;Ivoire, avec son taux de croissance urbaine e\u0301leve\u0301, est en pleine transformation, mais cette e\u0301volution doit e\u0302tre encadre\u0301e par une planification re\u0301fle\u0301chie, adapte\u0301e aux besoins actuels et aux exigences futures.<\/p>\n<p>La population urbaine ivoirienne est passe\u0301e de 32 % en 1975 a\u0300 53 % en 2021, et cette tendance devrait se poursuivre avec une pre\u0301vision de 68 % d&rsquo;urbains d&rsquo;ici 2050. Cette croissance rapide des villes, qui a vu le nombre de localite\u0301s passer de 127 en 1998 a\u0300 393 en 2021, pose des de\u0301fis conside\u0301rables en matie\u0300re de logement, d&rsquo;infrastructures et de gestion des espaces. Le ministre a souligne\u0301 que sans une planification adapte\u0301e, cette expansion pourrait engendrer une prolife\u0301ration des lotissements informels, des risques environnementaux et une pression sur les services publics.<\/p>\n<p>Le gouvernement, sous la direction du pre\u0301sident Alassane Ouattara, a donc fait de la planification urbaine une priorite\u0301 nationale, en mettant en place un cadre juridique modernise\u0301. Le Code de l\u2019Urbanisme et du Domaine Foncier Urbain a permis de structurer le de\u0301veloppement territorial de manie\u0300re plus cohe\u0301rente et durable. Dans ce cadre, plusieurs outils de planification ont e\u0301te\u0301 mis en place, tels que les Sche\u0301mas Directeurs d\u2019Urbanisme (SDU), les Plans d\u2019Urbanisme Directeurs (PUD) et les Plans d\u2019Urbanisme de de\u0301tail (PUd), afin de guider le de\u0301veloppement de chaque re\u0301gion, commune et quartier de manie\u0300re structure\u0301e.<\/p>\n<p>Aujourd\u2019hui, 52 localite\u0301s disposent de\u0301ja\u0300 de documents de planification urbaine, dont trois grandes villes (Abidjan, Yamoussoukro et Bouake\u0301) posse\u0300dent un Sche\u0301ma Directeur d&rsquo;Urbanisme (SDU). Cette cartographie de la planification urbaine constitue un pas important vers un de\u0301veloppement harmonieux et durable, en permettant a\u0300 chaque ville d&rsquo;adopter une approche coordonne\u0301e et pre\u0301visionnelle. Ce processus se poursuivra avec l\u2019e\u0301laboration de plans pour 66 autres chefs-lieux de sous-pre\u0301fecture e\u0301rige\u0301s en communes.<\/p>\n<p>Le ministre a e\u0301galement e\u0301voque\u0301 les initiatives re\u0301centes pour renforcer la re\u0301silience des villes face aux de\u0301fis climatiques et sociaux. Parmi ces initiatives, l\u2019ope\u0301rationnalisation du Syste\u0300me Inte\u0301gre\u0301 de Gestion du Foncier Urbain (SIGFU), la mise en \u0153uvre du Projet de Transport Urbain d\u2019Abidjan (PTUA), et le lancement du Projet d\u2019Ame\u0301nagement des Quartiers Restructure\u0301s d\u2019Abidjan (PAQRA) te\u0301moignent de l&rsquo;engagement du gouvernement a\u0300 moderniser et se\u0301curiser les infrastructures urbaines. Ces projets, soutenus par des re\u0301formes le\u0301gislatives, visent a\u0300 re\u0301duire les ine\u0301galite\u0301s sociales et spatiales, tout en facilitant l&rsquo;acce\u0300s au logement pour tous.<\/p>\n<p>Bruno Kone\u0301 a conclu son discours en insistant sur la ne\u0301cessite\u0301 d&rsquo;une implication active de chaque citoyen dans la planification et la mise en \u0153uvre des projets urbains. La re\u0301ussite de cette vision de\u0301pend de la collaboration entre l\u2019E\u0301tat, les autorite\u0301s locales et la population. Pour cela, il a appele\u0301 a\u0300 un engagement commun afin de respecter les normes urbanistiques, pre\u0301venir les occupations anarchiques, et garantir un de\u0301veloppement e\u0301quilibre\u0301 et inclusif des villes.<\/p>\n<p>En re\u0301affirmant l\u2019engagement du Ministe\u0300re de la Construction, du Logement et de l\u2019Urbanisme, le ministre a souligne\u0301 que la planification urbaine est essentielle pour anticiper les besoins de demain, garantir la se\u0301curite\u0301 des citoyens et cre\u0301er un avenir durable. L\u2019urbanisme, a-t-il ajoute\u0301, est un levier puissant pour la re\u0301duction des ine\u0301galite\u0301s, la construction de villes re\u0301silientes et la cre\u0301ation d&rsquo;un cadre de vie plus juste et plus prospe\u0300re pour tous.<\/p>\n<p><strong>Pour plus d&rsquo;informations et d&rsquo;analyses sur la <span style=\"color: #ff6600\">C\u00f4te d&rsquo;Ivoire<\/span>, suivez <span style=\"color: #ff6600\">Africa-Press<\/span><\/strong><\/p>\n","protected":false},"excerpt":{"rendered":"<p>Africa-Press &#8211; C\u00f4te d&rsquo;Ivoire. A\u0300 l\u2019occasion de la 76e Journe\u0301e mondiale de l&rsquo;Urbanisme, le ministre de la Construction, du Logement et de l\u2019Urbanisme, Bruno Nabagne\u0301 Kone\u0301, a pris la parole pour souligner les enjeux majeurs de la planification urbaine et son ro\u0302le essentiel dans le de\u0301veloppement du pays. En choisissant de s\u2019exprimer a\u0300 la fin [&hellip;]<\/p>\n","protected":false},"author":82,"featured_media":109641,"comment_status":"open","ping_status":"closed","sticky":false,"template":"","format":"standard","meta":{"footnotes":""},"categories":[2,10],"tags":[403,29,2410,401,2709,2409],"class_list":["post-109642","post","type-post","status-publish","format-standard","has-post-thumbnail","hentry","category-politique","category-toutes-les-actualites","tag-bruno","tag-cote-divoire","tag-journee","tag-kone","tag-population","tag-urbanisme"],"yoast_head":"<!-- This site is optimized with the Yoast SEO Premium plugin v26.1 (Yoast SEO v27.0) - https:\/\/yoast.com\/product\/yoast-seo-premium-wordpress\/ -->\n<title>Engagement de l&#039;\u00c9tat Ivoirien pour l&#039;Urbanisme - C\u00f4te d&#039;Ivoire<\/title>\n<meta name=\"description\" content=\"A\u0300 l\u2019occasion de la 76e Journe\u0301e mondiale de l&#039;Urbanisme, le ministre de la Construction, du Logement et de l\u2019Urbanisme, ...\" \/>\n<meta name=\"robots\" content=\"index, follow, max-snippet:-1, max-image-preview:large, max-video-preview:-1\" \/>\n<link rel=\"canonical\" href=\"https:\/\/www.africa-press.net\/cotedivoire\/politique\/engagement-de-letat-ivoirien-pour-lurbanisme\" \/>\n<meta property=\"og:locale\" content=\"fr_FR\" \/>\n<meta property=\"og:type\" content=\"article\" \/>\n<meta property=\"og:title\" content=\"Engagement de l&#039;\u00c9tat Ivoirien pour l&#039;Urbanisme\" \/>\n<meta property=\"og:description\" content=\"A\u0300 l\u2019occasion de la 76e Journe\u0301e mondiale de l&#039;Urbanisme, le ministre de la Construction, du Logement et de l\u2019Urbanisme, ...\" \/>\n<meta property=\"og:url\" content=\"https:\/\/www.africa-press.net\/cotedivoire\/politique\/engagement-de-letat-ivoirien-pour-lurbanisme\" \/>\n<meta property=\"og:site_name\" content=\"C\u00f4te d&#039;Ivoire\" \/>\n<meta property=\"article:published_time\" content=\"2025-12-01T15:43:13+00:00\" \/>\n<meta property=\"article:modified_time\" content=\"2025-12-01T16:13:32+00:00\" \/>\n<meta property=\"og:image\" content=\"https:\/\/static.africa-press.net\/cote\/sites\/43\/2025\/12\/sm_1764592925.939588.jpg\" \/>\n\t<meta property=\"og:image:width\" content=\"720\" \/>\n\t<meta property=\"og:image:height\" content=\"480\" \/>\n\t<meta property=\"og:image:type\" content=\"image\/jpeg\" \/>\n<meta name=\"author\" content=\"cfeditorfr\" \/>\n<meta name=\"twitter:card\" content=\"summary_large_image\" \/>\n<meta name=\"twitter:label1\" content=\"\u00c9crit par\" \/>\n\t<meta name=\"twitter:data1\" content=\"cfeditorfr\" \/>\n\t<meta name=\"twitter:label2\" content=\"Dur\u00e9e de lecture estim\u00e9e\" \/>\n\t<meta name=\"twitter:data2\" content=\"4 minutes\" \/>\n<script type=\"application\/ld+json\" class=\"yoast-schema-graph\">{\"@context\":\"https:\/\/schema.org\",\"@graph\":[{\"@type\":\"Article\",\"@id\":\"https:\/\/www.africa-press.net\/cotedivoire\/politique\/engagement-de-letat-ivoirien-pour-lurbanisme#article\",\"isPartOf\":{\"@id\":\"https:\/\/www.africa-press.net\/cotedivoire\/politique\/engagement-de-letat-ivoirien-pour-lurbanisme\"},\"author\":{\"name\":\"cfeditorfr\",\"@id\":\"https:\/\/www.africa-press.net\/cotedivoire\/#\/schema\/person\/2b1cf3cd81a31e3cd26889ca66d677f1\"},\"headline\":\"Engagement de l&rsquo;\u00c9tat Ivoirien pour l&rsquo;Urbanisme\",\"datePublished\":\"2025-12-01T15:43:13+00:00\",\"dateModified\":\"2025-12-01T16:13:32+00:00\",\"mainEntityOfPage\":{\"@id\":\"https:\/\/www.africa-press.net\/cotedivoire\/politique\/engagement-de-letat-ivoirien-pour-lurbanisme\"},\"wordCount\":814,\"commentCount\":0,\"image\":{\"@id\":\"https:\/\/www.africa-press.net\/cotedivoire\/politique\/engagement-de-letat-ivoirien-pour-lurbanisme#primaryimage\"},\"thumbnailUrl\":\"https:\/\/static.africa-press.net\/cote\/sites\/43\/2025\/12\/sm_1764592925.939588.jpg\",\"keywords\":[\"Bruno\",\"C\u00d4TE D'IVOIRE\",\"journ\u00e9e\",\"Kon\u00e9\",\"population\",\"urbanisme\"],\"articleSection\":[\"Politique\",\"Toutes les actualit\u00e9s\"],\"inLanguage\":\"fr-FR\",\"potentialAction\":[{\"@type\":\"CommentAction\",\"name\":\"Comment\",\"target\":[\"https:\/\/www.africa-press.net\/cotedivoire\/politique\/engagement-de-letat-ivoirien-pour-lurbanisme#respond\"]}]},{\"@type\":\"WebPage\",\"@id\":\"https:\/\/www.africa-press.net\/cotedivoire\/politique\/engagement-de-letat-ivoirien-pour-lurbanisme\",\"url\":\"https:\/\/www.africa-press.net\/cotedivoire\/politique\/engagement-de-letat-ivoirien-pour-lurbanisme\",\"name\":\"Engagement de l'\u00c9tat Ivoirien pour l'Urbanisme - C\u00f4te d&#039;Ivoire\",\"isPartOf\":{\"@id\":\"https:\/\/www.africa-press.net\/cotedivoire\/#website\"},\"primaryImageOfPage\":{\"@id\":\"https:\/\/www.africa-press.net\/cotedivoire\/politique\/engagement-de-letat-ivoirien-pour-lurbanisme#primaryimage\"},\"image\":{\"@id\":\"https:\/\/www.africa-press.net\/cotedivoire\/politique\/engagement-de-letat-ivoirien-pour-lurbanisme#primaryimage\"},\"thumbnailUrl\":\"https:\/\/static.africa-press.net\/cote\/sites\/43\/2025\/12\/sm_1764592925.939588.jpg\",\"datePublished\":\"2025-12-01T15:43:13+00:00\",\"dateModified\":\"2025-12-01T16:13:32+00:00\",\"author\":{\"@id\":\"https:\/\/www.africa-press.net\/cotedivoire\/#\/schema\/person\/2b1cf3cd81a31e3cd26889ca66d677f1\"},\"description\":\"A\u0300 l\u2019occasion de la 76e Journe\u0301e mondiale de l'Urbanisme, le ministre de la Construction, du Logement et de l\u2019Urbanisme, ...\",\"breadcrumb\":{\"@id\":\"https:\/\/www.africa-press.net\/cotedivoire\/politique\/engagement-de-letat-ivoirien-pour-lurbanisme#breadcrumb\"},\"inLanguage\":\"fr-FR\",\"potentialAction\":[{\"@type\":\"ReadAction\",\"target\":[\"https:\/\/www.africa-press.net\/cotedivoire\/politique\/engagement-de-letat-ivoirien-pour-lurbanisme\"]}]},{\"@type\":\"ImageObject\",\"inLanguage\":\"fr-FR\",\"@id\":\"https:\/\/www.africa-press.net\/cotedivoire\/politique\/engagement-de-letat-ivoirien-pour-lurbanisme#primaryimage\",\"url\":\"https:\/\/static.africa-press.net\/cote\/sites\/43\/2025\/12\/sm_1764592925.939588.jpg\",\"contentUrl\":\"https:\/\/static.africa-press.net\/cote\/sites\/43\/2025\/12\/sm_1764592925.939588.jpg\",\"width\":720,\"height\":480,\"caption\":\"Engagement de l'\u00c9tat Ivoirien pour l'Urbanisme\"},{\"@type\":\"BreadcrumbList\",\"@id\":\"https:\/\/www.africa-press.net\/cotedivoire\/politique\/engagement-de-letat-ivoirien-pour-lurbanisme#breadcrumb\",\"itemListElement\":[{\"@type\":\"ListItem\",\"position\":1,\"name\":\"Accueil\",\"item\":\"https:\/\/www.africa-press.net\/cotedivoire\/\"},{\"@type\":\"ListItem\",\"position\":2,\"name\":\"Engagement de l&#8217;\u00c9tat Ivoirien pour l&#8217;Urbanisme\"}]},{\"@type\":\"WebSite\",\"@id\":\"https:\/\/www.africa-press.net\/cotedivoire\/#website\",\"url\":\"https:\/\/www.africa-press.net\/cotedivoire\/\",\"name\":\"C\u00f4te d&#039;Ivoire\",\"description\":\"Just another Africa News Agency Sites site\",\"potentialAction\":[{\"@type\":\"SearchAction\",\"target\":{\"@type\":\"EntryPoint\",\"urlTemplate\":\"https:\/\/www.africa-press.net\/cotedivoire\/?s={search_term_string}\"},\"query-input\":{\"@type\":\"PropertyValueSpecification\",\"valueRequired\":true,\"valueName\":\"search_term_string\"}}],\"inLanguage\":\"fr-FR\"},{\"@type\":\"Person\",\"@id\":\"https:\/\/www.africa-press.net\/cotedivoire\/#\/schema\/person\/2b1cf3cd81a31e3cd26889ca66d677f1\",\"name\":\"cfeditorfr\"}]}<\/script>\n<!-- \/ Yoast SEO Premium plugin. -->","yoast_head_json":{"title":"Engagement de l'\u00c9tat Ivoirien pour l'Urbanisme - C\u00f4te d&#039;Ivoire","description":"A\u0300 l\u2019occasion de la 76e Journe\u0301e mondiale de l'Urbanisme, le ministre de la Construction, du Logement et de l\u2019Urbanisme, ...","robots":{"index":"index","follow":"follow","max-snippet":"max-snippet:-1","max-image-preview":"max-image-preview:large","max-video-preview":"max-video-preview:-1"},"canonical":"https:\/\/www.africa-press.net\/cotedivoire\/politique\/engagement-de-letat-ivoirien-pour-lurbanisme","og_locale":"fr_FR","og_type":"article","og_title":"Engagement de l'\u00c9tat Ivoirien pour l'Urbanisme","og_description":"A\u0300 l\u2019occasion de la 76e Journe\u0301e mondiale de l'Urbanisme, le ministre de la Construction, du Logement et de l\u2019Urbanisme, ...","og_url":"https:\/\/www.africa-press.net\/cotedivoire\/politique\/engagement-de-letat-ivoirien-pour-lurbanisme","og_site_name":"C\u00f4te d&#039;Ivoire","article_published_time":"2025-12-01T15:43:13+00:00","article_modified_time":"2025-12-01T16:13:32+00:00","og_image":[{"width":720,"height":480,"url":"https:\/\/static.africa-press.net\/cote\/sites\/43\/2025\/12\/sm_1764592925.939588.jpg","type":"image\/jpeg"}],"author":"cfeditorfr","twitter_card":"summary_large_image","twitter_misc":{"\u00c9crit par":"cfeditorfr","Dur\u00e9e de lecture estim\u00e9e":"4 minutes"},"schema":{"@context":"https:\/\/schema.org","@graph":[{"@type":"Article","@id":"https:\/\/www.africa-press.net\/cotedivoire\/politique\/engagement-de-letat-ivoirien-pour-lurbanisme#article","isPartOf":{"@id":"https:\/\/www.africa-press.net\/cotedivoire\/politique\/engagement-de-letat-ivoirien-pour-lurbanisme"},"author":{"name":"cfeditorfr","@id":"https:\/\/www.africa-press.net\/cotedivoire\/#\/schema\/person\/2b1cf3cd81a31e3cd26889ca66d677f1"},"headline":"Engagement de l&rsquo;\u00c9tat Ivoirien pour l&rsquo;Urbanisme","datePublished":"2025-12-01T15:43:13+00:00","dateModified":"2025-12-01T16:13:32+00:00","mainEntityOfPage":{"@id":"https:\/\/www.africa-press.net\/cotedivoire\/politique\/engagement-de-letat-ivoirien-pour-lurbanisme"},"wordCount":814,"commentCount":0,"image":{"@id":"https:\/\/www.africa-press.net\/cotedivoire\/politique\/engagement-de-letat-ivoirien-pour-lurbanisme#primaryimage"},"thumbnailUrl":"https:\/\/static.africa-press.net\/cote\/sites\/43\/2025\/12\/sm_1764592925.939588.jpg","keywords":["Bruno","C\u00d4TE D'IVOIRE","journ\u00e9e","Kon\u00e9","population","urbanisme"],"articleSection":["Politique","Toutes les actualit\u00e9s"],"inLanguage":"fr-FR","potentialAction":[{"@type":"CommentAction","name":"Comment","target":["https:\/\/www.africa-press.net\/cotedivoire\/politique\/engagement-de-letat-ivoirien-pour-lurbanisme#respond"]}]},{"@type":"WebPage","@id":"https:\/\/www.africa-press.net\/cotedivoire\/politique\/engagement-de-letat-ivoirien-pour-lurbanisme","url":"https:\/\/www.africa-press.net\/cotedivoire\/politique\/engagement-de-letat-ivoirien-pour-lurbanisme","name":"Engagement de l'\u00c9tat Ivoirien pour l'Urbanisme - C\u00f4te d&#039;Ivoire","isPartOf":{"@id":"https:\/\/www.africa-press.net\/cotedivoire\/#website"},"primaryImageOfPage":{"@id":"https:\/\/www.africa-press.net\/cotedivoire\/politique\/engagement-de-letat-ivoirien-pour-lurbanisme#primaryimage"},"image":{"@id":"https:\/\/www.africa-press.net\/cotedivoire\/politique\/engagement-de-letat-ivoirien-pour-lurbanisme#primaryimage"},"thumbnailUrl":"https:\/\/static.africa-press.net\/cote\/sites\/43\/2025\/12\/sm_1764592925.939588.jpg","datePublished":"2025-12-01T15:43:13+00:00","dateModified":"2025-12-01T16:13:32+00:00","author":{"@id":"https:\/\/www.africa-press.net\/cotedivoire\/#\/schema\/person\/2b1cf3cd81a31e3cd26889ca66d677f1"},"description":"A\u0300 l\u2019occasion de la 76e Journe\u0301e mondiale de l'Urbanisme, le ministre de la Construction, du Logement et de l\u2019Urbanisme, ...","breadcrumb":{"@id":"https:\/\/www.africa-press.net\/cotedivoire\/politique\/engagement-de-letat-ivoirien-pour-lurbanisme#breadcrumb"},"inLanguage":"fr-FR","potentialAction":[{"@type":"ReadAction","target":["https:\/\/www.africa-press.net\/cotedivoire\/politique\/engagement-de-letat-ivoirien-pour-lurbanisme"]}]},{"@type":"ImageObject","inLanguage":"fr-FR","@id":"https:\/\/www.africa-press.net\/cotedivoire\/politique\/engagement-de-letat-ivoirien-pour-lurbanisme#primaryimage","url":"https:\/\/static.africa-press.net\/cote\/sites\/43\/2025\/12\/sm_1764592925.939588.jpg","contentUrl":"https:\/\/static.africa-press.net\/cote\/sites\/43\/2025\/12\/sm_1764592925.939588.jpg","width":720,"height":480,"caption":"Engagement de l'\u00c9tat Ivoirien pour l'Urbanisme"},{"@type":"BreadcrumbList","@id":"https:\/\/www.africa-press.net\/cotedivoire\/politique\/engagement-de-letat-ivoirien-pour-lurbanisme#breadcrumb","itemListElement":[{"@type":"ListItem","position":1,"name":"Accueil","item":"https:\/\/www.africa-press.net\/cotedivoire\/"},{"@type":"ListItem","position":2,"name":"Engagement de l&#8217;\u00c9tat Ivoirien pour l&#8217;Urbanisme"}]},{"@type":"WebSite","@id":"https:\/\/www.africa-press.net\/cotedivoire\/#website","url":"https:\/\/www.africa-press.net\/cotedivoire\/","name":"C\u00f4te d&#039;Ivoire","description":"Just another Africa News Agency Sites site","potentialAction":[{"@type":"SearchAction","target":{"@type":"EntryPoint","urlTemplate":"https:\/\/www.africa-press.net\/cotedivoire\/?s={search_term_string}"},"query-input":{"@type":"PropertyValueSpecification","valueRequired":true,"valueName":"search_term_string"}}],"inLanguage":"fr-FR"},{"@type":"Person","@id":"https:\/\/www.africa-press.net\/cotedivoire\/#\/schema\/person\/2b1cf3cd81a31e3cd26889ca66d677f1","name":"cfeditorfr"}]}},"_links":{"self":[{"href":"https:\/\/www.africa-press.net\/cotedivoire\/wp-json\/wp\/v2\/posts\/109642","targetHints":{"allow":["GET"]}}],"collection":[{"href":"https:\/\/www.africa-press.net\/cotedivoire\/wp-json\/wp\/v2\/posts"}],"about":[{"href":"https:\/\/www.africa-press.net\/cotedivoire\/wp-json\/wp\/v2\/types\/post"}],"author":[{"embeddable":true,"href":"https:\/\/www.africa-press.net\/cotedivoire\/wp-json\/wp\/v2\/users\/82"}],"replies":[{"embeddable":true,"href":"https:\/\/www.africa-press.net\/cotedivoire\/wp-json\/wp\/v2\/comments?post=109642"}],"version-history":[{"count":0,"href":"https:\/\/www.africa-press.net\/cotedivoire\/wp-json\/wp\/v2\/posts\/109642\/revisions"}],"wp:featuredmedia":[{"embeddable":true,"href":"https:\/\/www.africa-press.net\/cotedivoire\/wp-json\/wp\/v2\/media\/109641"}],"wp:attachment":[{"href":"https:\/\/www.africa-press.net\/cotedivoire\/wp-json\/wp\/v2\/media?parent=109642"}],"wp:term":[{"taxonomy":"category","embeddable":true,"href":"https:\/\/www.africa-press.net\/cotedivoire\/wp-json\/wp\/v2\/categories?post=109642"},{"taxonomy":"post_tag","embeddable":true,"href":"https:\/\/www.africa-press.net\/cotedivoire\/wp-json\/wp\/v2\/tags?post=109642"}],"curies":[{"name":"wp","href":"https:\/\/api.w.org\/{rel}","templated":true}]}}