{"id":109645,"date":"2025-12-01T15:43:35","date_gmt":"2025-12-01T15:43:35","guid":{"rendered":"https:\/\/www.africa-press.net\/cotedivoire\/politique\/anyama-lutte-contre-linsecurite-dans-quartiers-sensibles"},"modified":"2025-12-01T16:14:08","modified_gmt":"2025-12-01T16:14:08","slug":"anyama-lutte-contre-linsecurite-dans-quartiers-sensibles","status":"publish","type":"post","link":"https:\/\/www.africa-press.net\/cotedivoire\/toutes-les-actualites\/anyama-lutte-contre-linsecurite-dans-quartiers-sensibles","title":{"rendered":"Anyama Lutte Contre l&rsquo;Ins\u00e9curit\u00e9 dans Quartiers Sensibles"},"content":{"rendered":"<p><span style=\"color: #ff6600\"><strong>Africa-Press &#8211; C\u00f4te d&rsquo;Ivoire. <\/strong><\/span>Dans la nuit du vendredi 28 au samedi 29 novembre 2025, le Commissariat de Police d&rsquo;Anyama a lance\u0301 une vaste ope\u0301ration de se\u0301curite\u0301, mene\u0301e avec de\u0301termination par le Chef de service, dans plusieurs quartiers sensibles de la commune. Cette action faisait suite a\u0300 de multiples plaintes provenant des quartiers Zossonkoi Nafana, Cisse\u0301, Palmeraie et Belleville, ou\u0300 les habitants faisaient e\u0301tat de nuisances re\u0301currentes, de vols, de rassemblements suspects et de la circulation d\u2019armes blanches.<\/p>\n<p>Face a\u0300 cette situation, le Commissaire d\u2019Anyama a de\u0301cide\u0301 de reprendre le contro\u0302le du terrain, convaincu qu\u2019il e\u0301tait impe\u0301ratif de re\u0301tablir l\u2019ordre et la tranquillite\u0301. Il a ainsi ordonne\u0301 une intervention cible\u0301e dans les quartiers les plus concerne\u0301s, en de\u0301ployant les forces de l\u2019ordre sur plusieurs points ne\u0301vralgiques de la commune.<\/p>\n<p>Malgre\u0301 les conditions me\u0301te\u0301orologiques de\u0301favorables, les e\u0301quipes ont mene\u0301 leurs patrouilles dans les zones identifie\u0301es. C\u2019est ainsi que, dans le quartier de Palmeraie, une bande de jeunes arme\u0301s a e\u0301te\u0301 surprise par la pre\u0301sence policie\u0300re. En voyant la patrouille arriver, les individus ont imme\u0301diatement pris la fuite, abandonnant six machettes, qui ont e\u0301te\u0301 saisies par les policiers. Cette saisie a envoye\u0301 un message fort: aucune tole\u0301rance ne sera accorde\u0301e a\u0300 la circulation d\u2019armes blanches dans les rues d\u2019Anyama.<\/p>\n<p>Au cours de cette ope\u0301ration, 22 personnes, suspecte\u0301es d\u2019e\u0302tre implique\u0301es dans des activite\u0301s ille\u0301gales et n&rsquo;ayant pu justifier leur pre\u0301sence, ont e\u0301te\u0301 interpelle\u0301es. Elles ont e\u0301te\u0301 conduites a\u0300 la Pre\u0301fecture de Police pour des ve\u0301rifications de leur identite\u0301 et de leur situation.<\/p>\n<p>Pour le Commissaire, l\u2019objectif est simple et clair: assurer la se\u0301curite\u0301 de la commune, pre\u0301venir la de\u0301linquance et offrir aux habitants un environnement paisible. Cette ope\u0301ration n&rsquo;est que le de\u0301but d&rsquo;une se\u0301rie d\u2019actions mene\u0301es pour se\u0301curiser chaque quartier, chaque ruelle d&rsquo;Anyama. Les habitants peuvent d\u2019ores et de\u0301ja\u0300 s&rsquo;attendre a\u0300 une commune nettoye\u0301e de toute forme de criminalite\u0301, ou\u0300 la se\u0301curite\u0301 sera une priorite\u0301 absolue.<\/p>\n<p><strong>Pour plus d&rsquo;informations et d&rsquo;analyses sur la <span style=\"color: #ff6600\">C\u00f4te d&rsquo;Ivoire<\/span>, suivez <span style=\"color: #ff6600\">Africa-Press<\/span><\/strong><\/p>\n","protected":false},"excerpt":{"rendered":"<p>Africa-Press &#8211; C\u00f4te d&rsquo;Ivoire. Dans la nuit du vendredi 28 au samedi 29 novembre 2025, le Commissariat de Police d&rsquo;Anyama a lance\u0301 une vaste ope\u0301ration de se\u0301curite\u0301, mene\u0301e avec de\u0301termination par le Chef de service, dans plusieurs quartiers sensibles de la commune. Cette action faisait suite a\u0300 de multiples plaintes provenant des quartiers Zossonkoi Nafana, [&hellip;]<\/p>\n","protected":false},"author":82,"featured_media":109644,"comment_status":"open","ping_status":"closed","sticky":false,"template":"","format":"standard","meta":{"footnotes":""},"categories":[21,10],"tags":[504,2600,29,570,2176],"class_list":["post-109645","post","type-post","status-publish","format-standard","has-post-thumbnail","hentry","category-communaute","category-toutes-les-actualites","tag-anyama","tag-commissaire","tag-cote-divoire","tag-operation","tag-quartier"],"yoast_head":"<!-- This site is optimized with the Yoast SEO Premium plugin v26.1 (Yoast SEO v27.0) - https:\/\/yoast.com\/product\/yoast-seo-premium-wordpress\/ -->\n<title>Anyama Lutte Contre l&#039;Ins\u00e9curit\u00e9 dans Quartiers Sensibles - C\u00f4te d&#039;Ivoire<\/title>\n<meta name=\"description\" content=\"Dans la nuit du vendredi 28 au samedi 29 novembre 2025, le Commissariat de Police d&#039;Anyama a lance\u0301 une vaste ope\u0301ration ...\" \/>\n<meta name=\"robots\" content=\"index, follow, max-snippet:-1, max-image-preview:large, max-video-preview:-1\" \/>\n<link rel=\"canonical\" href=\"https:\/\/www.africa-press.net\/cotedivoire\/toutes-les-actualites\/anyama-lutte-contre-linsecurite-dans-quartiers-sensibles\" \/>\n<meta property=\"og:locale\" content=\"fr_FR\" \/>\n<meta property=\"og:type\" content=\"article\" \/>\n<meta property=\"og:title\" content=\"Anyama Lutte Contre l&#039;Ins\u00e9curit\u00e9 dans Quartiers Sensibles\" \/>\n<meta property=\"og:description\" content=\"Dans la nuit du vendredi 28 au samedi 29 novembre 2025, le Commissariat de Police d&#039;Anyama a lance\u0301 une vaste ope\u0301ration ...\" \/>\n<meta property=\"og:url\" content=\"https:\/\/www.africa-press.net\/cotedivoire\/toutes-les-actualites\/anyama-lutte-contre-linsecurite-dans-quartiers-sensibles\" \/>\n<meta property=\"og:site_name\" content=\"C\u00f4te d&#039;Ivoire\" \/>\n<meta property=\"article:published_time\" content=\"2025-12-01T15:43:35+00:00\" \/>\n<meta property=\"article:modified_time\" content=\"2025-12-01T16:14:08+00:00\" \/>\n<meta property=\"og:image\" content=\"https:\/\/static.africa-press.net\/cote\/sites\/43\/2025\/12\/sm_1764592971.823021.jpg\" \/>\n\t<meta property=\"og:image:width\" content=\"720\" \/>\n\t<meta property=\"og:image:height\" content=\"504\" \/>\n\t<meta property=\"og:image:type\" content=\"image\/jpeg\" \/>\n<meta name=\"author\" content=\"cfeditorfr\" \/>\n<meta name=\"twitter:card\" content=\"summary_large_image\" \/>\n<meta name=\"twitter:label1\" content=\"\u00c9crit par\" \/>\n\t<meta name=\"twitter:data1\" content=\"cfeditorfr\" \/>\n\t<meta name=\"twitter:label2\" content=\"Dur\u00e9e de lecture estim\u00e9e\" \/>\n\t<meta name=\"twitter:data2\" content=\"2 minutes\" \/>\n<script type=\"application\/ld+json\" class=\"yoast-schema-graph\">{\"@context\":\"https:\/\/schema.org\",\"@graph\":[{\"@type\":\"Article\",\"@id\":\"https:\/\/www.africa-press.net\/cotedivoire\/toutes-les-actualites\/anyama-lutte-contre-linsecurite-dans-quartiers-sensibles#article\",\"isPartOf\":{\"@id\":\"https:\/\/www.africa-press.net\/cotedivoire\/toutes-les-actualites\/anyama-lutte-contre-linsecurite-dans-quartiers-sensibles\"},\"author\":{\"name\":\"cfeditorfr\",\"@id\":\"https:\/\/www.africa-press.net\/cotedivoire\/#\/schema\/person\/2b1cf3cd81a31e3cd26889ca66d677f1\"},\"headline\":\"Anyama Lutte Contre l&rsquo;Ins\u00e9curit\u00e9 dans Quartiers Sensibles\",\"datePublished\":\"2025-12-01T15:43:35+00:00\",\"dateModified\":\"2025-12-01T16:14:08+00:00\",\"mainEntityOfPage\":{\"@id\":\"https:\/\/www.africa-press.net\/cotedivoire\/toutes-les-actualites\/anyama-lutte-contre-linsecurite-dans-quartiers-sensibles\"},\"wordCount\":404,\"commentCount\":0,\"image\":{\"@id\":\"https:\/\/www.africa-press.net\/cotedivoire\/toutes-les-actualites\/anyama-lutte-contre-linsecurite-dans-quartiers-sensibles#primaryimage\"},\"thumbnailUrl\":\"https:\/\/static.africa-press.net\/cote\/sites\/43\/2025\/12\/sm_1764592971.823021.jpg\",\"keywords\":[\"Anyama\",\"commissaire\",\"C\u00d4TE D'IVOIRE\",\"op\u00e9ration\",\"quartier\"],\"articleSection\":[\"Communaut\u00e9\",\"Toutes les actualit\u00e9s\"],\"inLanguage\":\"fr-FR\",\"potentialAction\":[{\"@type\":\"CommentAction\",\"name\":\"Comment\",\"target\":[\"https:\/\/www.africa-press.net\/cotedivoire\/toutes-les-actualites\/anyama-lutte-contre-linsecurite-dans-quartiers-sensibles#respond\"]}]},{\"@type\":\"WebPage\",\"@id\":\"https:\/\/www.africa-press.net\/cotedivoire\/toutes-les-actualites\/anyama-lutte-contre-linsecurite-dans-quartiers-sensibles\",\"url\":\"https:\/\/www.africa-press.net\/cotedivoire\/toutes-les-actualites\/anyama-lutte-contre-linsecurite-dans-quartiers-sensibles\",\"name\":\"Anyama Lutte Contre l'Ins\u00e9curit\u00e9 dans Quartiers Sensibles - C\u00f4te d&#039;Ivoire\",\"isPartOf\":{\"@id\":\"https:\/\/www.africa-press.net\/cotedivoire\/#website\"},\"primaryImageOfPage\":{\"@id\":\"https:\/\/www.africa-press.net\/cotedivoire\/toutes-les-actualites\/anyama-lutte-contre-linsecurite-dans-quartiers-sensibles#primaryimage\"},\"image\":{\"@id\":\"https:\/\/www.africa-press.net\/cotedivoire\/toutes-les-actualites\/anyama-lutte-contre-linsecurite-dans-quartiers-sensibles#primaryimage\"},\"thumbnailUrl\":\"https:\/\/static.africa-press.net\/cote\/sites\/43\/2025\/12\/sm_1764592971.823021.jpg\",\"datePublished\":\"2025-12-01T15:43:35+00:00\",\"dateModified\":\"2025-12-01T16:14:08+00:00\",\"author\":{\"@id\":\"https:\/\/www.africa-press.net\/cotedivoire\/#\/schema\/person\/2b1cf3cd81a31e3cd26889ca66d677f1\"},\"description\":\"Dans la nuit du vendredi 28 au samedi 29 novembre 2025, le Commissariat de Police d'Anyama a lance\u0301 une vaste ope\u0301ration ...\",\"breadcrumb\":{\"@id\":\"https:\/\/www.africa-press.net\/cotedivoire\/toutes-les-actualites\/anyama-lutte-contre-linsecurite-dans-quartiers-sensibles#breadcrumb\"},\"inLanguage\":\"fr-FR\",\"potentialAction\":[{\"@type\":\"ReadAction\",\"target\":[\"https:\/\/www.africa-press.net\/cotedivoire\/toutes-les-actualites\/anyama-lutte-contre-linsecurite-dans-quartiers-sensibles\"]}]},{\"@type\":\"ImageObject\",\"inLanguage\":\"fr-FR\",\"@id\":\"https:\/\/www.africa-press.net\/cotedivoire\/toutes-les-actualites\/anyama-lutte-contre-linsecurite-dans-quartiers-sensibles#primaryimage\",\"url\":\"https:\/\/static.africa-press.net\/cote\/sites\/43\/2025\/12\/sm_1764592971.823021.jpg\",\"contentUrl\":\"https:\/\/static.africa-press.net\/cote\/sites\/43\/2025\/12\/sm_1764592971.823021.jpg\",\"width\":720,\"height\":504,\"caption\":\"Anyama Lutte Contre l'Ins\u00e9curit\u00e9 dans Quartiers Sensibles\"},{\"@type\":\"BreadcrumbList\",\"@id\":\"https:\/\/www.africa-press.net\/cotedivoire\/toutes-les-actualites\/anyama-lutte-contre-linsecurite-dans-quartiers-sensibles#breadcrumb\",\"itemListElement\":[{\"@type\":\"ListItem\",\"position\":1,\"name\":\"Accueil\",\"item\":\"https:\/\/www.africa-press.net\/cotedivoire\/\"},{\"@type\":\"ListItem\",\"position\":2,\"name\":\"Anyama Lutte Contre l&#8217;Ins\u00e9curit\u00e9 dans Quartiers Sensibles\"}]},{\"@type\":\"WebSite\",\"@id\":\"https:\/\/www.africa-press.net\/cotedivoire\/#website\",\"url\":\"https:\/\/www.africa-press.net\/cotedivoire\/\",\"name\":\"C\u00f4te d&#039;Ivoire\",\"description\":\"Just another Africa News Agency Sites site\",\"potentialAction\":[{\"@type\":\"SearchAction\",\"target\":{\"@type\":\"EntryPoint\",\"urlTemplate\":\"https:\/\/www.africa-press.net\/cotedivoire\/?s={search_term_string}\"},\"query-input\":{\"@type\":\"PropertyValueSpecification\",\"valueRequired\":true,\"valueName\":\"search_term_string\"}}],\"inLanguage\":\"fr-FR\"},{\"@type\":\"Person\",\"@id\":\"https:\/\/www.africa-press.net\/cotedivoire\/#\/schema\/person\/2b1cf3cd81a31e3cd26889ca66d677f1\",\"name\":\"cfeditorfr\"}]}<\/script>\n<!-- \/ Yoast SEO Premium plugin. -->","yoast_head_json":{"title":"Anyama Lutte Contre l'Ins\u00e9curit\u00e9 dans Quartiers Sensibles - C\u00f4te d&#039;Ivoire","description":"Dans la nuit du vendredi 28 au samedi 29 novembre 2025, le Commissariat de Police d'Anyama a lance\u0301 une vaste ope\u0301ration ...","robots":{"index":"index","follow":"follow","max-snippet":"max-snippet:-1","max-image-preview":"max-image-preview:large","max-video-preview":"max-video-preview:-1"},"canonical":"https:\/\/www.africa-press.net\/cotedivoire\/toutes-les-actualites\/anyama-lutte-contre-linsecurite-dans-quartiers-sensibles","og_locale":"fr_FR","og_type":"article","og_title":"Anyama Lutte Contre l'Ins\u00e9curit\u00e9 dans Quartiers Sensibles","og_description":"Dans la nuit du vendredi 28 au samedi 29 novembre 2025, le Commissariat de Police d'Anyama a lance\u0301 une vaste ope\u0301ration ...","og_url":"https:\/\/www.africa-press.net\/cotedivoire\/toutes-les-actualites\/anyama-lutte-contre-linsecurite-dans-quartiers-sensibles","og_site_name":"C\u00f4te d&#039;Ivoire","article_published_time":"2025-12-01T15:43:35+00:00","article_modified_time":"2025-12-01T16:14:08+00:00","og_image":[{"width":720,"height":504,"url":"https:\/\/static.africa-press.net\/cote\/sites\/43\/2025\/12\/sm_1764592971.823021.jpg","type":"image\/jpeg"}],"author":"cfeditorfr","twitter_card":"summary_large_image","twitter_misc":{"\u00c9crit par":"cfeditorfr","Dur\u00e9e de lecture estim\u00e9e":"2 minutes"},"schema":{"@context":"https:\/\/schema.org","@graph":[{"@type":"Article","@id":"https:\/\/www.africa-press.net\/cotedivoire\/toutes-les-actualites\/anyama-lutte-contre-linsecurite-dans-quartiers-sensibles#article","isPartOf":{"@id":"https:\/\/www.africa-press.net\/cotedivoire\/toutes-les-actualites\/anyama-lutte-contre-linsecurite-dans-quartiers-sensibles"},"author":{"name":"cfeditorfr","@id":"https:\/\/www.africa-press.net\/cotedivoire\/#\/schema\/person\/2b1cf3cd81a31e3cd26889ca66d677f1"},"headline":"Anyama Lutte Contre l&rsquo;Ins\u00e9curit\u00e9 dans Quartiers Sensibles","datePublished":"2025-12-01T15:43:35+00:00","dateModified":"2025-12-01T16:14:08+00:00","mainEntityOfPage":{"@id":"https:\/\/www.africa-press.net\/cotedivoire\/toutes-les-actualites\/anyama-lutte-contre-linsecurite-dans-quartiers-sensibles"},"wordCount":404,"commentCount":0,"image":{"@id":"https:\/\/www.africa-press.net\/cotedivoire\/toutes-les-actualites\/anyama-lutte-contre-linsecurite-dans-quartiers-sensibles#primaryimage"},"thumbnailUrl":"https:\/\/static.africa-press.net\/cote\/sites\/43\/2025\/12\/sm_1764592971.823021.jpg","keywords":["Anyama","commissaire","C\u00d4TE D'IVOIRE","op\u00e9ration","quartier"],"articleSection":["Communaut\u00e9","Toutes les actualit\u00e9s"],"inLanguage":"fr-FR","potentialAction":[{"@type":"CommentAction","name":"Comment","target":["https:\/\/www.africa-press.net\/cotedivoire\/toutes-les-actualites\/anyama-lutte-contre-linsecurite-dans-quartiers-sensibles#respond"]}]},{"@type":"WebPage","@id":"https:\/\/www.africa-press.net\/cotedivoire\/toutes-les-actualites\/anyama-lutte-contre-linsecurite-dans-quartiers-sensibles","url":"https:\/\/www.africa-press.net\/cotedivoire\/toutes-les-actualites\/anyama-lutte-contre-linsecurite-dans-quartiers-sensibles","name":"Anyama Lutte Contre l'Ins\u00e9curit\u00e9 dans Quartiers Sensibles - C\u00f4te d&#039;Ivoire","isPartOf":{"@id":"https:\/\/www.africa-press.net\/cotedivoire\/#website"},"primaryImageOfPage":{"@id":"https:\/\/www.africa-press.net\/cotedivoire\/toutes-les-actualites\/anyama-lutte-contre-linsecurite-dans-quartiers-sensibles#primaryimage"},"image":{"@id":"https:\/\/www.africa-press.net\/cotedivoire\/toutes-les-actualites\/anyama-lutte-contre-linsecurite-dans-quartiers-sensibles#primaryimage"},"thumbnailUrl":"https:\/\/static.africa-press.net\/cote\/sites\/43\/2025\/12\/sm_1764592971.823021.jpg","datePublished":"2025-12-01T15:43:35+00:00","dateModified":"2025-12-01T16:14:08+00:00","author":{"@id":"https:\/\/www.africa-press.net\/cotedivoire\/#\/schema\/person\/2b1cf3cd81a31e3cd26889ca66d677f1"},"description":"Dans la nuit du vendredi 28 au samedi 29 novembre 2025, le Commissariat de Police d'Anyama a lance\u0301 une vaste ope\u0301ration ...","breadcrumb":{"@id":"https:\/\/www.africa-press.net\/cotedivoire\/toutes-les-actualites\/anyama-lutte-contre-linsecurite-dans-quartiers-sensibles#breadcrumb"},"inLanguage":"fr-FR","potentialAction":[{"@type":"ReadAction","target":["https:\/\/www.africa-press.net\/cotedivoire\/toutes-les-actualites\/anyama-lutte-contre-linsecurite-dans-quartiers-sensibles"]}]},{"@type":"ImageObject","inLanguage":"fr-FR","@id":"https:\/\/www.africa-press.net\/cotedivoire\/toutes-les-actualites\/anyama-lutte-contre-linsecurite-dans-quartiers-sensibles#primaryimage","url":"https:\/\/static.africa-press.net\/cote\/sites\/43\/2025\/12\/sm_1764592971.823021.jpg","contentUrl":"https:\/\/static.africa-press.net\/cote\/sites\/43\/2025\/12\/sm_1764592971.823021.jpg","width":720,"height":504,"caption":"Anyama Lutte Contre l'Ins\u00e9curit\u00e9 dans Quartiers Sensibles"},{"@type":"BreadcrumbList","@id":"https:\/\/www.africa-press.net\/cotedivoire\/toutes-les-actualites\/anyama-lutte-contre-linsecurite-dans-quartiers-sensibles#breadcrumb","itemListElement":[{"@type":"ListItem","position":1,"name":"Accueil","item":"https:\/\/www.africa-press.net\/cotedivoire\/"},{"@type":"ListItem","position":2,"name":"Anyama Lutte Contre l&#8217;Ins\u00e9curit\u00e9 dans Quartiers Sensibles"}]},{"@type":"WebSite","@id":"https:\/\/www.africa-press.net\/cotedivoire\/#website","url":"https:\/\/www.africa-press.net\/cotedivoire\/","name":"C\u00f4te d&#039;Ivoire","description":"Just another Africa News Agency Sites site","potentialAction":[{"@type":"SearchAction","target":{"@type":"EntryPoint","urlTemplate":"https:\/\/www.africa-press.net\/cotedivoire\/?s={search_term_string}"},"query-input":{"@type":"PropertyValueSpecification","valueRequired":true,"valueName":"search_term_string"}}],"inLanguage":"fr-FR"},{"@type":"Person","@id":"https:\/\/www.africa-press.net\/cotedivoire\/#\/schema\/person\/2b1cf3cd81a31e3cd26889ca66d677f1","name":"cfeditorfr"}]}},"_links":{"self":[{"href":"https:\/\/www.africa-press.net\/cotedivoire\/wp-json\/wp\/v2\/posts\/109645","targetHints":{"allow":["GET"]}}],"collection":[{"href":"https:\/\/www.africa-press.net\/cotedivoire\/wp-json\/wp\/v2\/posts"}],"about":[{"href":"https:\/\/www.africa-press.net\/cotedivoire\/wp-json\/wp\/v2\/types\/post"}],"author":[{"embeddable":true,"href":"https:\/\/www.africa-press.net\/cotedivoire\/wp-json\/wp\/v2\/users\/82"}],"replies":[{"embeddable":true,"href":"https:\/\/www.africa-press.net\/cotedivoire\/wp-json\/wp\/v2\/comments?post=109645"}],"version-history":[{"count":0,"href":"https:\/\/www.africa-press.net\/cotedivoire\/wp-json\/wp\/v2\/posts\/109645\/revisions"}],"wp:featuredmedia":[{"embeddable":true,"href":"https:\/\/www.africa-press.net\/cotedivoire\/wp-json\/wp\/v2\/media\/109644"}],"wp:attachment":[{"href":"https:\/\/www.africa-press.net\/cotedivoire\/wp-json\/wp\/v2\/media?parent=109645"}],"wp:term":[{"taxonomy":"category","embeddable":true,"href":"https:\/\/www.africa-press.net\/cotedivoire\/wp-json\/wp\/v2\/categories?post=109645"},{"taxonomy":"post_tag","embeddable":true,"href":"https:\/\/www.africa-press.net\/cotedivoire\/wp-json\/wp\/v2\/tags?post=109645"}],"curies":[{"name":"wp","href":"https:\/\/api.w.org\/{rel}","templated":true}]}}