{"id":109665,"date":"2025-12-02T13:43:59","date_gmt":"2025-12-02T13:43:59","guid":{"rendered":"https:\/\/www.africa-press.net\/cotedivoire\/politique\/tiene-siaka-chico-nouveau-defi-a-la-caf"},"modified":"2025-12-02T14:49:49","modified_gmt":"2025-12-02T14:49:49","slug":"tiene-siaka-chico-nouveau-defi-a-la-caf","status":"publish","type":"post","link":"https:\/\/www.africa-press.net\/cotedivoire\/sports\/tiene-siaka-chico-nouveau-defi-a-la-caf","title":{"rendered":"Ti\u00e9n\u00e9 Siaka Chico Nouveau D\u00e9fi \u00e0 la CAF"},"content":{"rendered":"<p><span style=\"color: #ff6600\"><strong>Africa-Press &#8211; C\u00f4te d&rsquo;Ivoire. <\/strong><\/span>Apre\u0300s avoir raccroche\u0301 les crampons, Tie\u0301ne\u0301 Siaka dit Chico, champion d\u2019Afrique avec la Cote d\u2019Ivoire en 2015, contrairement aux autres footballeurs, a opte\u0301 pour un poste de direction, en tant que manager.<\/p>\n<p>Si beaucoup auraient choisi de rester proches du terrain comme entrai\u0302neur ou consultant, lui a pre\u0301fe\u0301re\u0301 un ro\u0302le ou\u0300 l\u2019expe\u0301rience acquise sur le gazon servirait a\u0300 orchestrer l\u2019envers du de\u0301cor.<\/p>\n<p>Aujourd\u2019hui, l\u2019ex-acade\u0301micien Diplo\u0302me\u0301 d\u2019un Bachelor en Business Administration a\u0300 l\u2019E\u0301cole de Commerce de Lyon, occupe le poste de Coordinateur Ge\u0301ne\u0301ral des compe\u0301titions a\u0300 la CAF.<\/p>\n<p>En tant que Coordinateur Ge\u0301ne\u0301ral des compe\u0301titions a\u0300 la Confe\u0301de\u0301ration Africaine de Football, il est responsable de l\u2019organisation comple\u0300te d\u2019un stade lors d\u2019une compe\u0301tition.<\/p>\n<p>De la coordination avec le Comite\u0301 d\u2019Organisation locale (LOC) a\u0300 la ve\u0301rification des installations, en passant par la gestion des ge\u0301ne\u0301rateurs et des vestiaires, rien n\u2019e\u0301chappe a\u0300 son contro\u0302le.<\/p>\n<p>Apre\u0300s donc une carrie\u0300re de footballeur re\u0301ussie aure\u0301ole\u0301e de plusieurs titres, Tie\u0301ne\u0301 Siaka a entame\u0301 ainsi , en 2025, une nouvelle aventure en tant que manager administratif et logistique dans le monde du football africain.<\/p>\n<p><strong>Pour plus d&rsquo;informations et d&rsquo;analyses sur la <span style=\"color: #ff6600\">C\u00f4te d&rsquo;Ivoire<\/span>, suivez <span style=\"color: #ff6600\">Africa-Press<\/span><\/strong><\/p>\n","protected":false},"excerpt":{"rendered":"<p>Africa-Press &#8211; C\u00f4te d&rsquo;Ivoire. Apre\u0300s avoir raccroche\u0301 les crampons, Tie\u0301ne\u0301 Siaka dit Chico, champion d\u2019Afrique avec la Cote d\u2019Ivoire en 2015, contrairement aux autres footballeurs, a opte\u0301 pour un poste de direction, en tant que manager. Si beaucoup auraient choisi de rester proches du terrain comme entrai\u0302neur ou consultant, lui a pre\u0301fe\u0301re\u0301 un ro\u0302le ou\u0300 [&hellip;]<\/p>\n","protected":false},"author":82,"featured_media":109664,"comment_status":"open","ping_status":"closed","sticky":false,"template":"","format":"standard","meta":{"footnotes":""},"categories":[6,10],"tags":[941,18113,29,16473],"class_list":["post-109665","post","type-post","status-publish","format-standard","has-post-thumbnail","hentry","category-sports","category-toutes-les-actualites","tag-caf","tag-coordinateur","tag-cote-divoire","tag-tiene-siaka"],"yoast_head":"<!-- This site is optimized with the Yoast SEO Premium plugin v26.1 (Yoast SEO v27.0) - https:\/\/yoast.com\/product\/yoast-seo-premium-wordpress\/ -->\n<title>Ti\u00e9n\u00e9 Siaka Chico Nouveau D\u00e9fi \u00e0 la CAF - C\u00f4te d&#039;Ivoire<\/title>\n<meta name=\"description\" content=\"Apre\u0300s avoir raccroche\u0301 les crampons, Tie\u0301ne\u0301 Siaka dit Chico, champion d\u2019Afrique avec la Cote d\u2019Ivoire en 2015, contrai ...\" \/>\n<meta name=\"robots\" content=\"index, follow, max-snippet:-1, max-image-preview:large, max-video-preview:-1\" \/>\n<link rel=\"canonical\" href=\"https:\/\/www.africa-press.net\/cotedivoire\/sports\/tiene-siaka-chico-nouveau-defi-a-la-caf\" \/>\n<meta property=\"og:locale\" content=\"fr_FR\" \/>\n<meta property=\"og:type\" content=\"article\" \/>\n<meta property=\"og:title\" content=\"Ti\u00e9n\u00e9 Siaka Chico Nouveau D\u00e9fi \u00e0 la CAF\" \/>\n<meta property=\"og:description\" content=\"Apre\u0300s avoir raccroche\u0301 les crampons, Tie\u0301ne\u0301 Siaka dit Chico, champion d\u2019Afrique avec la Cote d\u2019Ivoire en 2015, contrai ...\" \/>\n<meta property=\"og:url\" content=\"https:\/\/www.africa-press.net\/cotedivoire\/sports\/tiene-siaka-chico-nouveau-defi-a-la-caf\" \/>\n<meta property=\"og:site_name\" content=\"C\u00f4te d&#039;Ivoire\" \/>\n<meta property=\"article:published_time\" content=\"2025-12-02T13:43:59+00:00\" \/>\n<meta property=\"article:modified_time\" content=\"2025-12-02T14:49:49+00:00\" \/>\n<meta property=\"og:image\" content=\"https:\/\/static.africa-press.net\/cote\/sites\/43\/2025\/12\/sm_1764674352.498964.jpg\" \/>\n\t<meta property=\"og:image:width\" content=\"720\" \/>\n\t<meta property=\"og:image:height\" content=\"525\" \/>\n\t<meta property=\"og:image:type\" content=\"image\/jpeg\" \/>\n<meta name=\"author\" content=\"cfeditorfr\" \/>\n<meta name=\"twitter:card\" content=\"summary_large_image\" \/>\n<meta name=\"twitter:label1\" content=\"\u00c9crit par\" \/>\n\t<meta name=\"twitter:data1\" content=\"cfeditorfr\" \/>\n\t<meta name=\"twitter:label2\" content=\"Dur\u00e9e de lecture estim\u00e9e\" \/>\n\t<meta name=\"twitter:data2\" content=\"1 minute\" \/>\n<script type=\"application\/ld+json\" class=\"yoast-schema-graph\">{\"@context\":\"https:\/\/schema.org\",\"@graph\":[{\"@type\":\"Article\",\"@id\":\"https:\/\/www.africa-press.net\/cotedivoire\/sports\/tiene-siaka-chico-nouveau-defi-a-la-caf#article\",\"isPartOf\":{\"@id\":\"https:\/\/www.africa-press.net\/cotedivoire\/sports\/tiene-siaka-chico-nouveau-defi-a-la-caf\"},\"author\":{\"name\":\"cfeditorfr\",\"@id\":\"https:\/\/www.africa-press.net\/cotedivoire\/#\/schema\/person\/2b1cf3cd81a31e3cd26889ca66d677f1\"},\"headline\":\"Ti\u00e9n\u00e9 Siaka Chico Nouveau D\u00e9fi \u00e0 la CAF\",\"datePublished\":\"2025-12-02T13:43:59+00:00\",\"dateModified\":\"2025-12-02T14:49:49+00:00\",\"mainEntityOfPage\":{\"@id\":\"https:\/\/www.africa-press.net\/cotedivoire\/sports\/tiene-siaka-chico-nouveau-defi-a-la-caf\"},\"wordCount\":247,\"commentCount\":0,\"image\":{\"@id\":\"https:\/\/www.africa-press.net\/cotedivoire\/sports\/tiene-siaka-chico-nouveau-defi-a-la-caf#primaryimage\"},\"thumbnailUrl\":\"https:\/\/static.africa-press.net\/cote\/sites\/43\/2025\/12\/sm_1764674352.498964.jpg\",\"keywords\":[\"CAF\",\"coordinateur\",\"C\u00d4TE D'IVOIRE\",\"Ti\u00e9n\u00e9 Siaka\"],\"articleSection\":[\"Sports\",\"Toutes les actualit\u00e9s\"],\"inLanguage\":\"fr-FR\",\"potentialAction\":[{\"@type\":\"CommentAction\",\"name\":\"Comment\",\"target\":[\"https:\/\/www.africa-press.net\/cotedivoire\/sports\/tiene-siaka-chico-nouveau-defi-a-la-caf#respond\"]}]},{\"@type\":\"WebPage\",\"@id\":\"https:\/\/www.africa-press.net\/cotedivoire\/sports\/tiene-siaka-chico-nouveau-defi-a-la-caf\",\"url\":\"https:\/\/www.africa-press.net\/cotedivoire\/sports\/tiene-siaka-chico-nouveau-defi-a-la-caf\",\"name\":\"Ti\u00e9n\u00e9 Siaka Chico Nouveau D\u00e9fi \u00e0 la CAF - C\u00f4te d&#039;Ivoire\",\"isPartOf\":{\"@id\":\"https:\/\/www.africa-press.net\/cotedivoire\/#website\"},\"primaryImageOfPage\":{\"@id\":\"https:\/\/www.africa-press.net\/cotedivoire\/sports\/tiene-siaka-chico-nouveau-defi-a-la-caf#primaryimage\"},\"image\":{\"@id\":\"https:\/\/www.africa-press.net\/cotedivoire\/sports\/tiene-siaka-chico-nouveau-defi-a-la-caf#primaryimage\"},\"thumbnailUrl\":\"https:\/\/static.africa-press.net\/cote\/sites\/43\/2025\/12\/sm_1764674352.498964.jpg\",\"datePublished\":\"2025-12-02T13:43:59+00:00\",\"dateModified\":\"2025-12-02T14:49:49+00:00\",\"author\":{\"@id\":\"https:\/\/www.africa-press.net\/cotedivoire\/#\/schema\/person\/2b1cf3cd81a31e3cd26889ca66d677f1\"},\"description\":\"Apre\u0300s avoir raccroche\u0301 les crampons, Tie\u0301ne\u0301 Siaka dit Chico, champion d\u2019Afrique avec la Cote d\u2019Ivoire en 2015, contrai ...\",\"breadcrumb\":{\"@id\":\"https:\/\/www.africa-press.net\/cotedivoire\/sports\/tiene-siaka-chico-nouveau-defi-a-la-caf#breadcrumb\"},\"inLanguage\":\"fr-FR\",\"potentialAction\":[{\"@type\":\"ReadAction\",\"target\":[\"https:\/\/www.africa-press.net\/cotedivoire\/sports\/tiene-siaka-chico-nouveau-defi-a-la-caf\"]}]},{\"@type\":\"ImageObject\",\"inLanguage\":\"fr-FR\",\"@id\":\"https:\/\/www.africa-press.net\/cotedivoire\/sports\/tiene-siaka-chico-nouveau-defi-a-la-caf#primaryimage\",\"url\":\"https:\/\/static.africa-press.net\/cote\/sites\/43\/2025\/12\/sm_1764674352.498964.jpg\",\"contentUrl\":\"https:\/\/static.africa-press.net\/cote\/sites\/43\/2025\/12\/sm_1764674352.498964.jpg\",\"width\":720,\"height\":525,\"caption\":\"Ti\u00e9n\u00e9 Siaka Chico Nouveau D\u00e9fi \u00e0 la CAF\"},{\"@type\":\"BreadcrumbList\",\"@id\":\"https:\/\/www.africa-press.net\/cotedivoire\/sports\/tiene-siaka-chico-nouveau-defi-a-la-caf#breadcrumb\",\"itemListElement\":[{\"@type\":\"ListItem\",\"position\":1,\"name\":\"Accueil\",\"item\":\"https:\/\/www.africa-press.net\/cotedivoire\/\"},{\"@type\":\"ListItem\",\"position\":2,\"name\":\"Ti\u00e9n\u00e9 Siaka Chico Nouveau D\u00e9fi \u00e0 la CAF\"}]},{\"@type\":\"WebSite\",\"@id\":\"https:\/\/www.africa-press.net\/cotedivoire\/#website\",\"url\":\"https:\/\/www.africa-press.net\/cotedivoire\/\",\"name\":\"C\u00f4te d&#039;Ivoire\",\"description\":\"Just another Africa News Agency Sites site\",\"potentialAction\":[{\"@type\":\"SearchAction\",\"target\":{\"@type\":\"EntryPoint\",\"urlTemplate\":\"https:\/\/www.africa-press.net\/cotedivoire\/?s={search_term_string}\"},\"query-input\":{\"@type\":\"PropertyValueSpecification\",\"valueRequired\":true,\"valueName\":\"search_term_string\"}}],\"inLanguage\":\"fr-FR\"},{\"@type\":\"Person\",\"@id\":\"https:\/\/www.africa-press.net\/cotedivoire\/#\/schema\/person\/2b1cf3cd81a31e3cd26889ca66d677f1\",\"name\":\"cfeditorfr\"}]}<\/script>\n<!-- \/ Yoast SEO Premium plugin. -->","yoast_head_json":{"title":"Ti\u00e9n\u00e9 Siaka Chico Nouveau D\u00e9fi \u00e0 la CAF - C\u00f4te d&#039;Ivoire","description":"Apre\u0300s avoir raccroche\u0301 les crampons, Tie\u0301ne\u0301 Siaka dit Chico, champion d\u2019Afrique avec la Cote d\u2019Ivoire en 2015, contrai ...","robots":{"index":"index","follow":"follow","max-snippet":"max-snippet:-1","max-image-preview":"max-image-preview:large","max-video-preview":"max-video-preview:-1"},"canonical":"https:\/\/www.africa-press.net\/cotedivoire\/sports\/tiene-siaka-chico-nouveau-defi-a-la-caf","og_locale":"fr_FR","og_type":"article","og_title":"Ti\u00e9n\u00e9 Siaka Chico Nouveau D\u00e9fi \u00e0 la CAF","og_description":"Apre\u0300s avoir raccroche\u0301 les crampons, Tie\u0301ne\u0301 Siaka dit Chico, champion d\u2019Afrique avec la Cote d\u2019Ivoire en 2015, contrai ...","og_url":"https:\/\/www.africa-press.net\/cotedivoire\/sports\/tiene-siaka-chico-nouveau-defi-a-la-caf","og_site_name":"C\u00f4te d&#039;Ivoire","article_published_time":"2025-12-02T13:43:59+00:00","article_modified_time":"2025-12-02T14:49:49+00:00","og_image":[{"width":720,"height":525,"url":"https:\/\/static.africa-press.net\/cote\/sites\/43\/2025\/12\/sm_1764674352.498964.jpg","type":"image\/jpeg"}],"author":"cfeditorfr","twitter_card":"summary_large_image","twitter_misc":{"\u00c9crit par":"cfeditorfr","Dur\u00e9e de lecture estim\u00e9e":"1 minute"},"schema":{"@context":"https:\/\/schema.org","@graph":[{"@type":"Article","@id":"https:\/\/www.africa-press.net\/cotedivoire\/sports\/tiene-siaka-chico-nouveau-defi-a-la-caf#article","isPartOf":{"@id":"https:\/\/www.africa-press.net\/cotedivoire\/sports\/tiene-siaka-chico-nouveau-defi-a-la-caf"},"author":{"name":"cfeditorfr","@id":"https:\/\/www.africa-press.net\/cotedivoire\/#\/schema\/person\/2b1cf3cd81a31e3cd26889ca66d677f1"},"headline":"Ti\u00e9n\u00e9 Siaka Chico Nouveau D\u00e9fi \u00e0 la CAF","datePublished":"2025-12-02T13:43:59+00:00","dateModified":"2025-12-02T14:49:49+00:00","mainEntityOfPage":{"@id":"https:\/\/www.africa-press.net\/cotedivoire\/sports\/tiene-siaka-chico-nouveau-defi-a-la-caf"},"wordCount":247,"commentCount":0,"image":{"@id":"https:\/\/www.africa-press.net\/cotedivoire\/sports\/tiene-siaka-chico-nouveau-defi-a-la-caf#primaryimage"},"thumbnailUrl":"https:\/\/static.africa-press.net\/cote\/sites\/43\/2025\/12\/sm_1764674352.498964.jpg","keywords":["CAF","coordinateur","C\u00d4TE D'IVOIRE","Ti\u00e9n\u00e9 Siaka"],"articleSection":["Sports","Toutes les actualit\u00e9s"],"inLanguage":"fr-FR","potentialAction":[{"@type":"CommentAction","name":"Comment","target":["https:\/\/www.africa-press.net\/cotedivoire\/sports\/tiene-siaka-chico-nouveau-defi-a-la-caf#respond"]}]},{"@type":"WebPage","@id":"https:\/\/www.africa-press.net\/cotedivoire\/sports\/tiene-siaka-chico-nouveau-defi-a-la-caf","url":"https:\/\/www.africa-press.net\/cotedivoire\/sports\/tiene-siaka-chico-nouveau-defi-a-la-caf","name":"Ti\u00e9n\u00e9 Siaka Chico Nouveau D\u00e9fi \u00e0 la CAF - C\u00f4te d&#039;Ivoire","isPartOf":{"@id":"https:\/\/www.africa-press.net\/cotedivoire\/#website"},"primaryImageOfPage":{"@id":"https:\/\/www.africa-press.net\/cotedivoire\/sports\/tiene-siaka-chico-nouveau-defi-a-la-caf#primaryimage"},"image":{"@id":"https:\/\/www.africa-press.net\/cotedivoire\/sports\/tiene-siaka-chico-nouveau-defi-a-la-caf#primaryimage"},"thumbnailUrl":"https:\/\/static.africa-press.net\/cote\/sites\/43\/2025\/12\/sm_1764674352.498964.jpg","datePublished":"2025-12-02T13:43:59+00:00","dateModified":"2025-12-02T14:49:49+00:00","author":{"@id":"https:\/\/www.africa-press.net\/cotedivoire\/#\/schema\/person\/2b1cf3cd81a31e3cd26889ca66d677f1"},"description":"Apre\u0300s avoir raccroche\u0301 les crampons, Tie\u0301ne\u0301 Siaka dit Chico, champion d\u2019Afrique avec la Cote d\u2019Ivoire en 2015, contrai ...","breadcrumb":{"@id":"https:\/\/www.africa-press.net\/cotedivoire\/sports\/tiene-siaka-chico-nouveau-defi-a-la-caf#breadcrumb"},"inLanguage":"fr-FR","potentialAction":[{"@type":"ReadAction","target":["https:\/\/www.africa-press.net\/cotedivoire\/sports\/tiene-siaka-chico-nouveau-defi-a-la-caf"]}]},{"@type":"ImageObject","inLanguage":"fr-FR","@id":"https:\/\/www.africa-press.net\/cotedivoire\/sports\/tiene-siaka-chico-nouveau-defi-a-la-caf#primaryimage","url":"https:\/\/static.africa-press.net\/cote\/sites\/43\/2025\/12\/sm_1764674352.498964.jpg","contentUrl":"https:\/\/static.africa-press.net\/cote\/sites\/43\/2025\/12\/sm_1764674352.498964.jpg","width":720,"height":525,"caption":"Ti\u00e9n\u00e9 Siaka Chico Nouveau D\u00e9fi \u00e0 la CAF"},{"@type":"BreadcrumbList","@id":"https:\/\/www.africa-press.net\/cotedivoire\/sports\/tiene-siaka-chico-nouveau-defi-a-la-caf#breadcrumb","itemListElement":[{"@type":"ListItem","position":1,"name":"Accueil","item":"https:\/\/www.africa-press.net\/cotedivoire\/"},{"@type":"ListItem","position":2,"name":"Ti\u00e9n\u00e9 Siaka Chico Nouveau D\u00e9fi \u00e0 la CAF"}]},{"@type":"WebSite","@id":"https:\/\/www.africa-press.net\/cotedivoire\/#website","url":"https:\/\/www.africa-press.net\/cotedivoire\/","name":"C\u00f4te d&#039;Ivoire","description":"Just another Africa News Agency Sites site","potentialAction":[{"@type":"SearchAction","target":{"@type":"EntryPoint","urlTemplate":"https:\/\/www.africa-press.net\/cotedivoire\/?s={search_term_string}"},"query-input":{"@type":"PropertyValueSpecification","valueRequired":true,"valueName":"search_term_string"}}],"inLanguage":"fr-FR"},{"@type":"Person","@id":"https:\/\/www.africa-press.net\/cotedivoire\/#\/schema\/person\/2b1cf3cd81a31e3cd26889ca66d677f1","name":"cfeditorfr"}]}},"_links":{"self":[{"href":"https:\/\/www.africa-press.net\/cotedivoire\/wp-json\/wp\/v2\/posts\/109665","targetHints":{"allow":["GET"]}}],"collection":[{"href":"https:\/\/www.africa-press.net\/cotedivoire\/wp-json\/wp\/v2\/posts"}],"about":[{"href":"https:\/\/www.africa-press.net\/cotedivoire\/wp-json\/wp\/v2\/types\/post"}],"author":[{"embeddable":true,"href":"https:\/\/www.africa-press.net\/cotedivoire\/wp-json\/wp\/v2\/users\/82"}],"replies":[{"embeddable":true,"href":"https:\/\/www.africa-press.net\/cotedivoire\/wp-json\/wp\/v2\/comments?post=109665"}],"version-history":[{"count":0,"href":"https:\/\/www.africa-press.net\/cotedivoire\/wp-json\/wp\/v2\/posts\/109665\/revisions"}],"wp:featuredmedia":[{"embeddable":true,"href":"https:\/\/www.africa-press.net\/cotedivoire\/wp-json\/wp\/v2\/media\/109664"}],"wp:attachment":[{"href":"https:\/\/www.africa-press.net\/cotedivoire\/wp-json\/wp\/v2\/media?parent=109665"}],"wp:term":[{"taxonomy":"category","embeddable":true,"href":"https:\/\/www.africa-press.net\/cotedivoire\/wp-json\/wp\/v2\/categories?post=109665"},{"taxonomy":"post_tag","embeddable":true,"href":"https:\/\/www.africa-press.net\/cotedivoire\/wp-json\/wp\/v2\/tags?post=109665"}],"curies":[{"name":"wp","href":"https:\/\/api.w.org\/{rel}","templated":true}]}}