{"id":109689,"date":"2025-12-02T13:49:28","date_gmt":"2025-12-02T13:49:28","guid":{"rendered":"https:\/\/www.africa-press.net\/cotedivoire\/politique\/synergie-armee-nation-pour-stabilite-et-developpement"},"modified":"2025-12-02T14:52:05","modified_gmt":"2025-12-02T14:52:05","slug":"synergie-armee-nation-pour-stabilite-et-developpement","status":"publish","type":"post","link":"https:\/\/www.africa-press.net\/cotedivoire\/politique\/synergie-armee-nation-pour-stabilite-et-developpement","title":{"rendered":"Synergie Arm\u00e9e-Nation pour Stabilit\u00e9 et D\u00e9veloppement"},"content":{"rendered":"<p><span style=\"color: #ff6600\"><strong>Africa-Press &#8211; C\u00f4te d&rsquo;Ivoire. <\/strong><\/span>Hier lundi 1er de\u0301cembre 2025, l&rsquo;esplanade des Tours Administratives au Plateau a e\u0301te\u0301 le cadre d&rsquo;une ce\u0301re\u0301monie d&rsquo;hommage a\u0300 l\u2019emble\u0300me national, marquant une nouvelle e\u0301tape dans la mise en lumie\u0300re de l&rsquo;indissociable lien entre l&rsquo;Arme\u0301e et la Nation. Cet e\u0301ve\u0301nement, au-dela\u0300 de sa dimension symbolique, a permis de souligner l&rsquo;importance cruciale de cette alliance pour la se\u0301curite\u0301, la stabilite\u0301 et le de\u0301veloppement de la Co\u0302te d&rsquo;Ivoire.<\/p>\n<p>Le Colonel Se\u0301raphin Ble\u0301, commandant EMPT de Bingerville, a pris la parole pour repre\u0301senter le Ministe\u0300re d\u2019E\u0301tat, ministe\u0300re de la De\u0301fense, et a pose\u0301 les bases d&rsquo;une re\u0301flexion profonde sur le ro\u0302le fondamental de cette coope\u0301ration. Selon lui, la synergie Arme\u0301e-Nation ne se limite pas a\u0300 un simple concept the\u0301orique, mais se traduit par des actions concre\u0300tes qui influencent directement la cohe\u0301sion sociale et la protection du territoire. Cette relation repose sur trois principes essentiels: la confiance mutuelle, l&rsquo;inte\u0301re\u0302t partage\u0301 et des espaces d&rsquo;articulation civilo-militaire bien de\u0301finis. Sans ces piliers, le risque de fragilisation de l&rsquo;E\u0301tat devient ine\u0301vitable, car \u00ab une arme\u0301e coupe\u0301e de sa nation devient vulne\u0301rable, et une nation coupe\u0301e de son arme\u0301e devient fragile \u00bb, a-t-il de\u0301clare\u0301 fermement.<\/p>\n<p>Le Colonel Ble\u0301 a e\u0301galement mis en lumie\u0300re l&rsquo;impact strate\u0301gique de ce lien sur la situation nationale et internationale, soulignant que cette collaboration e\u0301troite entre les forces de de\u0301fense et la socie\u0301te\u0301 civile constitue un levier indispensable face aux de\u0301fis mondiaux actuels. Dans un contexte marque\u0301 par une instabilite\u0301 croissante et la multiplication des crises, il a insiste\u0301 sur le fait qu\u2019une nation qui soutient son arme\u0301e se prote\u0300ge elle-me\u0302me, tandis qu&rsquo;une arme\u0301e qui comprend sa population est plus efficace dans sa mission de de\u0301fense. Ce soutien re\u0301ciproque est, selon lui, le facteur cle\u0301 pour renforcer la stabilite\u0301 de l\u2019E\u0301tat, en garantissant a\u0300 la fois la le\u0301gitimite\u0301 de l\u2019arme\u0301e et la protection de la socie\u0301te\u0301.<\/p>\n<p>Le discours a mis en exergue l&rsquo;importance de renforcer cette relation pour ame\u0301liorer la re\u0301silience du pays face aux crises, en soulignant que la capacite\u0301 de mobilisation et d\u2019entraide se trouve de\u0301cuple\u0301e lorsque l&rsquo;arme\u0301e et la population agissent de concert. Le lien Arme\u0301e-Nation devient alors un ve\u0301ritable moteur de progre\u0300s pour le pays, transformant ce partenariat de\u0301fensif en un atout strate\u0301gique pour le de\u0301veloppement et le rayonnement de la Co\u0302te d&rsquo;Ivoire.<\/p>\n<p>La ce\u0301re\u0301monie s&rsquo;est clo\u0302ture\u0301e par un devoir civique similaire a\u0300 Postel 2001, ou\u0300 les agents et fonctionnaires de l&rsquo;E\u0301tat ont e\u0301te\u0301 sensibilise\u0301s aux enjeux de cette synergie essentielle pour le pays. Ainsi, l&rsquo;Arme\u0301e et la Nation, en travaillant ensemble, assurent non seulement la se\u0301curite\u0301 mais participent e\u0301galement a\u0300 l&rsquo;e\u0301dification d\u2019un avenir stable et prospe\u0300re pour la Co\u0302te d&rsquo;Ivoire.<\/p>\n<p><strong>Pour plus d&rsquo;informations et d&rsquo;analyses sur la <span style=\"color: #ff6600\">C\u00f4te d&rsquo;Ivoire<\/span>, suivez <span style=\"color: #ff6600\">Africa-Press<\/span><\/strong><\/p>\n","protected":false},"excerpt":{"rendered":"<p>Africa-Press &#8211; C\u00f4te d&rsquo;Ivoire. Hier lundi 1er de\u0301cembre 2025, l&rsquo;esplanade des Tours Administratives au Plateau a e\u0301te\u0301 le cadre d&rsquo;une ce\u0301re\u0301monie d&rsquo;hommage a\u0300 l\u2019emble\u0300me national, marquant une nouvelle e\u0301tape dans la mise en lumie\u0300re de l&rsquo;indissociable lien entre l&rsquo;Arme\u0301e et la Nation. Cet e\u0301ve\u0301nement, au-dela\u0300 de sa dimension symbolique, a permis de souligner l&rsquo;importance cruciale [&hellip;]<\/p>\n","protected":false},"author":82,"featured_media":109688,"comment_status":"open","ping_status":"closed","sticky":false,"template":"","format":"standard","meta":{"footnotes":""},"categories":[2,10],"tags":[164,1298,3042,29,585],"class_list":["post-109689","post","type-post","status-publish","format-standard","has-post-thumbnail","hentry","category-politique","category-toutes-les-actualites","tag-armee","tag-ble","tag-cooperation","tag-cote-divoire","tag-etat"],"yoast_head":"<!-- This site is optimized with the Yoast SEO Premium plugin v26.1 (Yoast SEO v27.0) - https:\/\/yoast.com\/product\/yoast-seo-premium-wordpress\/ -->\n<title>Synergie Arm\u00e9e-Nation pour Stabilit\u00e9 et D\u00e9veloppement - C\u00f4te d&#039;Ivoire<\/title>\n<meta name=\"description\" content=\"Hier lundi 1er de\u0301cembre 2025, l&#039;esplanade des Tours Administratives au Plateau a e\u0301te\u0301 le cadre d&#039;une ce\u0301re\u0301monie d&#039;hom ...\" \/>\n<meta name=\"robots\" content=\"index, follow, max-snippet:-1, max-image-preview:large, max-video-preview:-1\" \/>\n<link rel=\"canonical\" href=\"https:\/\/www.africa-press.net\/cotedivoire\/politique\/synergie-armee-nation-pour-stabilite-et-developpement\" \/>\n<meta property=\"og:locale\" content=\"fr_FR\" \/>\n<meta property=\"og:type\" content=\"article\" \/>\n<meta property=\"og:title\" content=\"Synergie Arm\u00e9e-Nation pour Stabilit\u00e9 et D\u00e9veloppement\" \/>\n<meta property=\"og:description\" content=\"Hier lundi 1er de\u0301cembre 2025, l&#039;esplanade des Tours Administratives au Plateau a e\u0301te\u0301 le cadre d&#039;une ce\u0301re\u0301monie d&#039;hom ...\" \/>\n<meta property=\"og:url\" content=\"https:\/\/www.africa-press.net\/cotedivoire\/politique\/synergie-armee-nation-pour-stabilite-et-developpement\" \/>\n<meta property=\"og:site_name\" content=\"C\u00f4te d&#039;Ivoire\" \/>\n<meta property=\"article:published_time\" content=\"2025-12-02T13:49:28+00:00\" \/>\n<meta property=\"article:modified_time\" content=\"2025-12-02T14:52:05+00:00\" \/>\n<meta property=\"og:image\" content=\"https:\/\/static.africa-press.net\/cote\/sites\/43\/2025\/12\/sm_1764674481.711264.jpg\" \/>\n\t<meta property=\"og:image:width\" content=\"720\" \/>\n\t<meta property=\"og:image:height\" content=\"405\" \/>\n\t<meta property=\"og:image:type\" content=\"image\/jpeg\" \/>\n<meta name=\"author\" content=\"cfeditorfr\" \/>\n<meta name=\"twitter:card\" content=\"summary_large_image\" \/>\n<meta name=\"twitter:label1\" content=\"\u00c9crit par\" \/>\n\t<meta name=\"twitter:data1\" content=\"cfeditorfr\" \/>\n\t<meta name=\"twitter:label2\" content=\"Dur\u00e9e de lecture estim\u00e9e\" \/>\n\t<meta name=\"twitter:data2\" content=\"3 minutes\" \/>\n<script type=\"application\/ld+json\" class=\"yoast-schema-graph\">{\"@context\":\"https:\/\/schema.org\",\"@graph\":[{\"@type\":\"Article\",\"@id\":\"https:\/\/www.africa-press.net\/cotedivoire\/politique\/synergie-armee-nation-pour-stabilite-et-developpement#article\",\"isPartOf\":{\"@id\":\"https:\/\/www.africa-press.net\/cotedivoire\/politique\/synergie-armee-nation-pour-stabilite-et-developpement\"},\"author\":{\"name\":\"cfeditorfr\",\"@id\":\"https:\/\/www.africa-press.net\/cotedivoire\/#\/schema\/person\/2b1cf3cd81a31e3cd26889ca66d677f1\"},\"headline\":\"Synergie Arm\u00e9e-Nation pour Stabilit\u00e9 et D\u00e9veloppement\",\"datePublished\":\"2025-12-02T13:49:28+00:00\",\"dateModified\":\"2025-12-02T14:52:05+00:00\",\"mainEntityOfPage\":{\"@id\":\"https:\/\/www.africa-press.net\/cotedivoire\/politique\/synergie-armee-nation-pour-stabilite-et-developpement\"},\"wordCount\":563,\"commentCount\":0,\"image\":{\"@id\":\"https:\/\/www.africa-press.net\/cotedivoire\/politique\/synergie-armee-nation-pour-stabilite-et-developpement#primaryimage\"},\"thumbnailUrl\":\"https:\/\/static.africa-press.net\/cote\/sites\/43\/2025\/12\/sm_1764674481.711264.jpg\",\"keywords\":[\"Arm\u00e9e\",\"Bl\u00e9\",\"Coop\u00e9ration\",\"C\u00d4TE D'IVOIRE\",\"Etat\"],\"articleSection\":[\"Politique\",\"Toutes les actualit\u00e9s\"],\"inLanguage\":\"fr-FR\",\"potentialAction\":[{\"@type\":\"CommentAction\",\"name\":\"Comment\",\"target\":[\"https:\/\/www.africa-press.net\/cotedivoire\/politique\/synergie-armee-nation-pour-stabilite-et-developpement#respond\"]}]},{\"@type\":\"WebPage\",\"@id\":\"https:\/\/www.africa-press.net\/cotedivoire\/politique\/synergie-armee-nation-pour-stabilite-et-developpement\",\"url\":\"https:\/\/www.africa-press.net\/cotedivoire\/politique\/synergie-armee-nation-pour-stabilite-et-developpement\",\"name\":\"Synergie Arm\u00e9e-Nation pour Stabilit\u00e9 et D\u00e9veloppement - C\u00f4te d&#039;Ivoire\",\"isPartOf\":{\"@id\":\"https:\/\/www.africa-press.net\/cotedivoire\/#website\"},\"primaryImageOfPage\":{\"@id\":\"https:\/\/www.africa-press.net\/cotedivoire\/politique\/synergie-armee-nation-pour-stabilite-et-developpement#primaryimage\"},\"image\":{\"@id\":\"https:\/\/www.africa-press.net\/cotedivoire\/politique\/synergie-armee-nation-pour-stabilite-et-developpement#primaryimage\"},\"thumbnailUrl\":\"https:\/\/static.africa-press.net\/cote\/sites\/43\/2025\/12\/sm_1764674481.711264.jpg\",\"datePublished\":\"2025-12-02T13:49:28+00:00\",\"dateModified\":\"2025-12-02T14:52:05+00:00\",\"author\":{\"@id\":\"https:\/\/www.africa-press.net\/cotedivoire\/#\/schema\/person\/2b1cf3cd81a31e3cd26889ca66d677f1\"},\"description\":\"Hier lundi 1er de\u0301cembre 2025, l'esplanade des Tours Administratives au Plateau a e\u0301te\u0301 le cadre d'une ce\u0301re\u0301monie d'hom ...\",\"breadcrumb\":{\"@id\":\"https:\/\/www.africa-press.net\/cotedivoire\/politique\/synergie-armee-nation-pour-stabilite-et-developpement#breadcrumb\"},\"inLanguage\":\"fr-FR\",\"potentialAction\":[{\"@type\":\"ReadAction\",\"target\":[\"https:\/\/www.africa-press.net\/cotedivoire\/politique\/synergie-armee-nation-pour-stabilite-et-developpement\"]}]},{\"@type\":\"ImageObject\",\"inLanguage\":\"fr-FR\",\"@id\":\"https:\/\/www.africa-press.net\/cotedivoire\/politique\/synergie-armee-nation-pour-stabilite-et-developpement#primaryimage\",\"url\":\"https:\/\/static.africa-press.net\/cote\/sites\/43\/2025\/12\/sm_1764674481.711264.jpg\",\"contentUrl\":\"https:\/\/static.africa-press.net\/cote\/sites\/43\/2025\/12\/sm_1764674481.711264.jpg\",\"width\":720,\"height\":405,\"caption\":\"Synergie Arm\u00e9e-Nation pour Stabilit\u00e9 et D\u00e9veloppement\"},{\"@type\":\"BreadcrumbList\",\"@id\":\"https:\/\/www.africa-press.net\/cotedivoire\/politique\/synergie-armee-nation-pour-stabilite-et-developpement#breadcrumb\",\"itemListElement\":[{\"@type\":\"ListItem\",\"position\":1,\"name\":\"Accueil\",\"item\":\"https:\/\/www.africa-press.net\/cotedivoire\/\"},{\"@type\":\"ListItem\",\"position\":2,\"name\":\"Synergie Arm\u00e9e-Nation pour Stabilit\u00e9 et D\u00e9veloppement\"}]},{\"@type\":\"WebSite\",\"@id\":\"https:\/\/www.africa-press.net\/cotedivoire\/#website\",\"url\":\"https:\/\/www.africa-press.net\/cotedivoire\/\",\"name\":\"C\u00f4te d&#039;Ivoire\",\"description\":\"Just another Africa News Agency Sites site\",\"potentialAction\":[{\"@type\":\"SearchAction\",\"target\":{\"@type\":\"EntryPoint\",\"urlTemplate\":\"https:\/\/www.africa-press.net\/cotedivoire\/?s={search_term_string}\"},\"query-input\":{\"@type\":\"PropertyValueSpecification\",\"valueRequired\":true,\"valueName\":\"search_term_string\"}}],\"inLanguage\":\"fr-FR\"},{\"@type\":\"Person\",\"@id\":\"https:\/\/www.africa-press.net\/cotedivoire\/#\/schema\/person\/2b1cf3cd81a31e3cd26889ca66d677f1\",\"name\":\"cfeditorfr\"}]}<\/script>\n<!-- \/ Yoast SEO Premium plugin. -->","yoast_head_json":{"title":"Synergie Arm\u00e9e-Nation pour Stabilit\u00e9 et D\u00e9veloppement - C\u00f4te d&#039;Ivoire","description":"Hier lundi 1er de\u0301cembre 2025, l'esplanade des Tours Administratives au Plateau a e\u0301te\u0301 le cadre d'une ce\u0301re\u0301monie d'hom ...","robots":{"index":"index","follow":"follow","max-snippet":"max-snippet:-1","max-image-preview":"max-image-preview:large","max-video-preview":"max-video-preview:-1"},"canonical":"https:\/\/www.africa-press.net\/cotedivoire\/politique\/synergie-armee-nation-pour-stabilite-et-developpement","og_locale":"fr_FR","og_type":"article","og_title":"Synergie Arm\u00e9e-Nation pour Stabilit\u00e9 et D\u00e9veloppement","og_description":"Hier lundi 1er de\u0301cembre 2025, l'esplanade des Tours Administratives au Plateau a e\u0301te\u0301 le cadre d'une ce\u0301re\u0301monie d'hom ...","og_url":"https:\/\/www.africa-press.net\/cotedivoire\/politique\/synergie-armee-nation-pour-stabilite-et-developpement","og_site_name":"C\u00f4te d&#039;Ivoire","article_published_time":"2025-12-02T13:49:28+00:00","article_modified_time":"2025-12-02T14:52:05+00:00","og_image":[{"width":720,"height":405,"url":"https:\/\/static.africa-press.net\/cote\/sites\/43\/2025\/12\/sm_1764674481.711264.jpg","type":"image\/jpeg"}],"author":"cfeditorfr","twitter_card":"summary_large_image","twitter_misc":{"\u00c9crit par":"cfeditorfr","Dur\u00e9e de lecture estim\u00e9e":"3 minutes"},"schema":{"@context":"https:\/\/schema.org","@graph":[{"@type":"Article","@id":"https:\/\/www.africa-press.net\/cotedivoire\/politique\/synergie-armee-nation-pour-stabilite-et-developpement#article","isPartOf":{"@id":"https:\/\/www.africa-press.net\/cotedivoire\/politique\/synergie-armee-nation-pour-stabilite-et-developpement"},"author":{"name":"cfeditorfr","@id":"https:\/\/www.africa-press.net\/cotedivoire\/#\/schema\/person\/2b1cf3cd81a31e3cd26889ca66d677f1"},"headline":"Synergie Arm\u00e9e-Nation pour Stabilit\u00e9 et D\u00e9veloppement","datePublished":"2025-12-02T13:49:28+00:00","dateModified":"2025-12-02T14:52:05+00:00","mainEntityOfPage":{"@id":"https:\/\/www.africa-press.net\/cotedivoire\/politique\/synergie-armee-nation-pour-stabilite-et-developpement"},"wordCount":563,"commentCount":0,"image":{"@id":"https:\/\/www.africa-press.net\/cotedivoire\/politique\/synergie-armee-nation-pour-stabilite-et-developpement#primaryimage"},"thumbnailUrl":"https:\/\/static.africa-press.net\/cote\/sites\/43\/2025\/12\/sm_1764674481.711264.jpg","keywords":["Arm\u00e9e","Bl\u00e9","Coop\u00e9ration","C\u00d4TE D'IVOIRE","Etat"],"articleSection":["Politique","Toutes les actualit\u00e9s"],"inLanguage":"fr-FR","potentialAction":[{"@type":"CommentAction","name":"Comment","target":["https:\/\/www.africa-press.net\/cotedivoire\/politique\/synergie-armee-nation-pour-stabilite-et-developpement#respond"]}]},{"@type":"WebPage","@id":"https:\/\/www.africa-press.net\/cotedivoire\/politique\/synergie-armee-nation-pour-stabilite-et-developpement","url":"https:\/\/www.africa-press.net\/cotedivoire\/politique\/synergie-armee-nation-pour-stabilite-et-developpement","name":"Synergie Arm\u00e9e-Nation pour Stabilit\u00e9 et D\u00e9veloppement - C\u00f4te d&#039;Ivoire","isPartOf":{"@id":"https:\/\/www.africa-press.net\/cotedivoire\/#website"},"primaryImageOfPage":{"@id":"https:\/\/www.africa-press.net\/cotedivoire\/politique\/synergie-armee-nation-pour-stabilite-et-developpement#primaryimage"},"image":{"@id":"https:\/\/www.africa-press.net\/cotedivoire\/politique\/synergie-armee-nation-pour-stabilite-et-developpement#primaryimage"},"thumbnailUrl":"https:\/\/static.africa-press.net\/cote\/sites\/43\/2025\/12\/sm_1764674481.711264.jpg","datePublished":"2025-12-02T13:49:28+00:00","dateModified":"2025-12-02T14:52:05+00:00","author":{"@id":"https:\/\/www.africa-press.net\/cotedivoire\/#\/schema\/person\/2b1cf3cd81a31e3cd26889ca66d677f1"},"description":"Hier lundi 1er de\u0301cembre 2025, l'esplanade des Tours Administratives au Plateau a e\u0301te\u0301 le cadre d'une ce\u0301re\u0301monie d'hom ...","breadcrumb":{"@id":"https:\/\/www.africa-press.net\/cotedivoire\/politique\/synergie-armee-nation-pour-stabilite-et-developpement#breadcrumb"},"inLanguage":"fr-FR","potentialAction":[{"@type":"ReadAction","target":["https:\/\/www.africa-press.net\/cotedivoire\/politique\/synergie-armee-nation-pour-stabilite-et-developpement"]}]},{"@type":"ImageObject","inLanguage":"fr-FR","@id":"https:\/\/www.africa-press.net\/cotedivoire\/politique\/synergie-armee-nation-pour-stabilite-et-developpement#primaryimage","url":"https:\/\/static.africa-press.net\/cote\/sites\/43\/2025\/12\/sm_1764674481.711264.jpg","contentUrl":"https:\/\/static.africa-press.net\/cote\/sites\/43\/2025\/12\/sm_1764674481.711264.jpg","width":720,"height":405,"caption":"Synergie Arm\u00e9e-Nation pour Stabilit\u00e9 et D\u00e9veloppement"},{"@type":"BreadcrumbList","@id":"https:\/\/www.africa-press.net\/cotedivoire\/politique\/synergie-armee-nation-pour-stabilite-et-developpement#breadcrumb","itemListElement":[{"@type":"ListItem","position":1,"name":"Accueil","item":"https:\/\/www.africa-press.net\/cotedivoire\/"},{"@type":"ListItem","position":2,"name":"Synergie Arm\u00e9e-Nation pour Stabilit\u00e9 et D\u00e9veloppement"}]},{"@type":"WebSite","@id":"https:\/\/www.africa-press.net\/cotedivoire\/#website","url":"https:\/\/www.africa-press.net\/cotedivoire\/","name":"C\u00f4te d&#039;Ivoire","description":"Just another Africa News Agency Sites site","potentialAction":[{"@type":"SearchAction","target":{"@type":"EntryPoint","urlTemplate":"https:\/\/www.africa-press.net\/cotedivoire\/?s={search_term_string}"},"query-input":{"@type":"PropertyValueSpecification","valueRequired":true,"valueName":"search_term_string"}}],"inLanguage":"fr-FR"},{"@type":"Person","@id":"https:\/\/www.africa-press.net\/cotedivoire\/#\/schema\/person\/2b1cf3cd81a31e3cd26889ca66d677f1","name":"cfeditorfr"}]}},"_links":{"self":[{"href":"https:\/\/www.africa-press.net\/cotedivoire\/wp-json\/wp\/v2\/posts\/109689","targetHints":{"allow":["GET"]}}],"collection":[{"href":"https:\/\/www.africa-press.net\/cotedivoire\/wp-json\/wp\/v2\/posts"}],"about":[{"href":"https:\/\/www.africa-press.net\/cotedivoire\/wp-json\/wp\/v2\/types\/post"}],"author":[{"embeddable":true,"href":"https:\/\/www.africa-press.net\/cotedivoire\/wp-json\/wp\/v2\/users\/82"}],"replies":[{"embeddable":true,"href":"https:\/\/www.africa-press.net\/cotedivoire\/wp-json\/wp\/v2\/comments?post=109689"}],"version-history":[{"count":0,"href":"https:\/\/www.africa-press.net\/cotedivoire\/wp-json\/wp\/v2\/posts\/109689\/revisions"}],"wp:featuredmedia":[{"embeddable":true,"href":"https:\/\/www.africa-press.net\/cotedivoire\/wp-json\/wp\/v2\/media\/109688"}],"wp:attachment":[{"href":"https:\/\/www.africa-press.net\/cotedivoire\/wp-json\/wp\/v2\/media?parent=109689"}],"wp:term":[{"taxonomy":"category","embeddable":true,"href":"https:\/\/www.africa-press.net\/cotedivoire\/wp-json\/wp\/v2\/categories?post=109689"},{"taxonomy":"post_tag","embeddable":true,"href":"https:\/\/www.africa-press.net\/cotedivoire\/wp-json\/wp\/v2\/tags?post=109689"}],"curies":[{"name":"wp","href":"https:\/\/api.w.org\/{rel}","templated":true}]}}