{"id":10969,"date":"2021-08-07T10:38:25","date_gmt":"2021-08-07T10:38:25","guid":{"rendered":"https:\/\/www.africa-press.net\/cotedivoire\/?p=10969"},"modified":"2021-08-08T18:30:16","modified_gmt":"2021-08-08T18:30:16","slug":"cote-divoire-le-president-annonce-la-liberation-de-78-detenus-arretes-lors-de-la-crise-electorale-de-2020","status":"publish","type":"post","link":"https:\/\/www.africa-press.net\/cotedivoire\/politique\/cote-divoire-le-president-annonce-la-liberation-de-78-detenus-arretes-lors-de-la-crise-electorale-de-2020","title":{"rendered":"le pr\u00e9sident annonce la lib\u00e9ration de 78\u00a0d\u00e9tenus arr\u00eat\u00e9s lors de la crise \u00e9lectorale de 2020"},"content":{"rendered":"<p><span style=\"color: #ff6600\"><strong><a href=\"https:\/\/www.africa-press.net\/\">Africa-Press<\/a> &#8211; <a href=\"https:\/\/www.africa-press.net\/cotedivoire\">C\u00f4te d&rsquo;Ivoire<\/a>. <\/strong><\/span>A la veille de la f\u00eate de l\u2019Ind\u00e9pendance de la C\u00f4te d\u2019Ivoire, le pr\u00e9sident Alassane Ouattara a fait preuve de cl\u00e9mence envers 78 personnes arr\u00eat\u00e9es \u00e0 l\u2019occasion de l\u2019\u00e9lection pr\u00e9sidentielle d\u2019octobre 2020.<\/p>\n<p><b>\u00ab Je note la mise sous contr\u00f4le judiciaire ou en libert\u00e9 provisoire<\/b><\/p>\n<p>(\u2026) de 69 inculp\u00e9s d\u00e9tenus \u00bb, a d\u00e9clar\u00e9 le chef de l\u2019Etat, vendredi 6 ao\u00fbt. Il a ajout\u00e9 avoir accord\u00e9 \u00ab la gr\u00e2ce \u00e0 neuf personnes condamn\u00e9es pour des infractions commises \u00e0 l\u2019occasion de ces m\u00eames \u00e9v\u00e8nements \u00bb. \u00ab L\u2019examen de la situation d\u2019autres personnes encore d\u00e9tenues se poursuit. \u00bb<\/p>\n<p>Alassane Ouattara a \u00e9t\u00e9 r\u00e9\u00e9lu en octobre 2020 pour un troisi\u00e8me mandat controvers\u00e9 lors d\u2019une pr\u00e9sidentielle boycott\u00e9e par l\u2019opposition qui jugeait ce mandat inconstitutionnel. Cela avait provoqu\u00e9 une crise qui a fait une centaine de morts et un demi-millier de bless\u00e9s entre ao\u00fbt et novembre 2020.<\/p>\n<p>La tension est n\u00e9anmoins retomb\u00e9e, les \u00e9lections l\u00e9gislatives de mars s\u2019\u00e9tant d\u00e9roul\u00e9es dans le calme et avec la participation de l\u2019opposition. \u00ab Je me r\u00e9jouis que l\u2019opposition ait pris part aux \u00e9lections l\u00e9gislatives, a d\u2019ailleurs not\u00e9 le chef de l\u2019Etat. Nous avons aujourd\u2019hui une Assembl\u00e9e nationale plurielle, pour la premi\u00e8re fois depuis deux d\u00e9cennies, comprenant tous les partis politiques significatifs de notre pays. \u00bb<\/p>\n<p><b>Gbagbo r\u00e9clamait la lib\u00e9ration de 110 d\u00e9tenus \u00ab politiques \u00bb<\/b><\/p>\n<p>La lib\u00e9ration des prisonniers avait \u00e9t\u00e9 demand\u00e9e par les leaders de l\u2019opposition, Laurent Gbagbo et Henri Konan B\u00e9di\u00e9, tous deux anciens pr\u00e9sidents. M. Gbagbo, rentr\u00e9 en C\u00f4te d\u2019Ivoire le 17 juin apr\u00e8s avoir \u00e9t\u00e9 d\u00e9finitivement acquitt\u00e9 de crimes contre l\u2019humanit\u00e9 par la Cour p\u00e9nale internationale (CPI) fin mars, avait abord\u00e9 cette question lors de son entrevue le 27 juillet avec Alassane Ouattara. Lors de cette premi\u00e8re rencontre depuis la crise post-\u00e9lectorale de 2010-2011 qui avait fait 3 000 morts, il avait transmis au chef de l\u2019Etat une liste de 110 d\u00e9tenus qualifi\u00e9s de \u00ab politiques \u00bb.<\/p>\n<p>Dans cette liste, figuraient des personnes arr\u00eat\u00e9es apr\u00e8s la crise de 2010-2011, mais aussi des personnes interpell\u00e9es en 2020 lors de la derni\u00e8re campagne pr\u00e9sidentielle et en juin en marge du retour en C\u00f4te d\u2019Ivoire de M. Gbagbo. La crise de 2010-2011 \u00e9tait n\u00e9e du refus de M. Gbagbo de reconna\u00eetre sa d\u00e9faite \u00e0 la pr\u00e9sidentielle face \u00e0 M. Ouattara.<\/p>\n<p><b>Attach\u00e9 au \u00ab dialogue constructif \u00bb avec l\u2019opposition<\/b><\/p>\n<p>Le chef de l\u2019Etat a r\u00e9affirm\u00e9 son \u00ab attachement au dialogue constructif, qui permet d\u2019apaiser davantage notre pays et d\u2019aller de l\u2019avant, pour son d\u00e9veloppement \u00bb. \u00ab Ce dialogue, je l\u2019ai poursuivi moi-m\u00eame avec mon a\u00een\u00e9, le pr\u00e9sident Henri Konan B\u00e9di\u00e9, le 11 novembre 2020, et plus r\u00e9cemment, avec mon jeune fr\u00e8re, le pr\u00e9sident Laurent Gbagbo \u00bb, a-t-il dit.<\/p>\n<p><b>\u00ab Rien ne doit entraver la marche de la C\u00f4te d\u2019Ivoire vers son d\u00e9veloppement et le bien-\u00eatre de chacun \u00bb<\/b><\/p>\n<p>, a-t-il ajout\u00e9, et \u00ab c\u2019est pourquoi je me r\u00e9jouis de toutes les initiatives visant \u00e0 l\u2019apaisement. Je ne m\u00e9nagerai aucun effort pour cela, dans le respect de la loi et des Institutions \u00bb.<\/p>\n","protected":false},"excerpt":{"rendered":"<p>Africa-Press &#8211; C\u00f4te d&rsquo;Ivoire. A la veille de la f\u00eate de l\u2019Ind\u00e9pendance de la C\u00f4te d\u2019Ivoire, le pr\u00e9sident Alassane Ouattara a fait preuve de cl\u00e9mence envers 78 personnes arr\u00eat\u00e9es \u00e0 l\u2019occasion de l\u2019\u00e9lection pr\u00e9sidentielle d\u2019octobre 2020. \u00ab Je note la mise sous contr\u00f4le judiciaire ou en libert\u00e9 provisoire (\u2026) de 69 inculp\u00e9s d\u00e9tenus \u00bb, a [&hellip;]<\/p>\n","protected":false},"author":82,"featured_media":10968,"comment_status":"open","ping_status":"closed","sticky":false,"template":"","format":"standard","meta":{"footnotes":""},"categories":[11,2,20,10],"tags":[56,63,29],"class_list":["post-10969","post","type-post","status-publish","format-standard","has-post-thumbnail","hentry","category-homepage-french","category-politique","category-top-nouvelles","category-toutes-les-actualites","tag-africa-press","tag-africa-press-cote-divoire","tag-cote-divoire"],"yoast_head":"<!-- This site is optimized with the Yoast SEO Premium plugin v26.1 (Yoast SEO v27.0) - https:\/\/yoast.com\/product\/yoast-seo-premium-wordpress\/ -->\n<title>le pr\u00e9sident annonce la lib\u00e9ration de 78\u00a0d\u00e9tenus arr\u00eat\u00e9s lors de la crise \u00e9lectorale de 2020 - C\u00f4te d&#039;Ivoire<\/title>\n<meta name=\"description\" content=\"A la veille de la f\u00eate de l\u2019Ind\u00e9pendance de la C\u00f4te d\u2019Ivoire, le pr\u00e9sident Alassane Ouattara a fait preuve de cl\u00e9mence e ...\" \/>\n<meta name=\"robots\" content=\"index, follow, max-snippet:-1, max-image-preview:large, max-video-preview:-1\" \/>\n<link rel=\"canonical\" href=\"https:\/\/www.africa-press.net\/cotedivoire\/politique\/cote-divoire-le-president-annonce-la-liberation-de-78-detenus-arretes-lors-de-la-crise-electorale-de-2020\" \/>\n<meta property=\"og:locale\" content=\"fr_FR\" \/>\n<meta property=\"og:type\" content=\"article\" \/>\n<meta property=\"og:title\" content=\"le pr\u00e9sident annonce la lib\u00e9ration de 78\u00a0d\u00e9tenus arr\u00eat\u00e9s lors de la crise \u00e9lectorale de 2020\" \/>\n<meta property=\"og:description\" content=\"A la veille de la f\u00eate de l\u2019Ind\u00e9pendance de la C\u00f4te d\u2019Ivoire, le pr\u00e9sident Alassane Ouattara a fait preuve de cl\u00e9mence e ...\" \/>\n<meta property=\"og:url\" content=\"https:\/\/www.africa-press.net\/cotedivoire\/politique\/cote-divoire-le-president-annonce-la-liberation-de-78-detenus-arretes-lors-de-la-crise-electorale-de-2020\" \/>\n<meta property=\"og:site_name\" content=\"C\u00f4te d&#039;Ivoire\" \/>\n<meta property=\"article:published_time\" content=\"2021-08-07T10:38:25+00:00\" \/>\n<meta property=\"article:modified_time\" content=\"2021-08-08T18:30:16+00:00\" \/>\n<meta property=\"og:image\" content=\"https:\/\/static.africa-press.net\/cote\/sites\/43\/2021\/08\/img-610e50ff7a4f6.jpg\" \/>\n\t<meta property=\"og:image:width\" content=\"1440\" \/>\n\t<meta property=\"og:image:height\" content=\"720\" \/>\n\t<meta property=\"og:image:type\" content=\"image\/jpeg\" \/>\n<meta name=\"author\" content=\"cfeditorfr\" \/>\n<meta name=\"twitter:card\" content=\"summary_large_image\" \/>\n<meta name=\"twitter:label1\" content=\"\u00c9crit par\" \/>\n\t<meta name=\"twitter:data1\" content=\"cfeditorfr\" \/>\n\t<meta name=\"twitter:label2\" content=\"Dur\u00e9e de lecture estim\u00e9e\" \/>\n\t<meta name=\"twitter:data2\" content=\"3 minutes\" \/>\n<script type=\"application\/ld+json\" class=\"yoast-schema-graph\">{\"@context\":\"https:\/\/schema.org\",\"@graph\":[{\"@type\":\"Article\",\"@id\":\"https:\/\/www.africa-press.net\/cotedivoire\/politique\/cote-divoire-le-president-annonce-la-liberation-de-78-detenus-arretes-lors-de-la-crise-electorale-de-2020#article\",\"isPartOf\":{\"@id\":\"https:\/\/www.africa-press.net\/cotedivoire\/politique\/cote-divoire-le-president-annonce-la-liberation-de-78-detenus-arretes-lors-de-la-crise-electorale-de-2020\"},\"author\":{\"name\":\"cfeditorfr\",\"@id\":\"https:\/\/www.africa-press.net\/cotedivoire\/#\/schema\/person\/2b1cf3cd81a31e3cd26889ca66d677f1\"},\"headline\":\"le pr\u00e9sident annonce la lib\u00e9ration de 78\u00a0d\u00e9tenus arr\u00eat\u00e9s lors de la crise \u00e9lectorale de 2020\",\"datePublished\":\"2021-08-07T10:38:25+00:00\",\"dateModified\":\"2021-08-08T18:30:16+00:00\",\"mainEntityOfPage\":{\"@id\":\"https:\/\/www.africa-press.net\/cotedivoire\/politique\/cote-divoire-le-president-annonce-la-liberation-de-78-detenus-arretes-lors-de-la-crise-electorale-de-2020\"},\"wordCount\":576,\"commentCount\":0,\"image\":{\"@id\":\"https:\/\/www.africa-press.net\/cotedivoire\/politique\/cote-divoire-le-president-annonce-la-liberation-de-78-detenus-arretes-lors-de-la-crise-electorale-de-2020#primaryimage\"},\"thumbnailUrl\":\"https:\/\/static.africa-press.net\/cote\/sites\/43\/2021\/08\/img-610e50ff7a4f6.jpg\",\"keywords\":[\"Africa Press\",\"Africa Press-C\u00f4te d'Ivoire\",\"C\u00d4TE D'IVOIRE\"],\"articleSection\":[\"homepage-french\",\"Politique\",\"Top Nouvelles\",\"Toutes les actualit\u00e9s\"],\"inLanguage\":\"fr-FR\",\"potentialAction\":[{\"@type\":\"CommentAction\",\"name\":\"Comment\",\"target\":[\"https:\/\/www.africa-press.net\/cotedivoire\/politique\/cote-divoire-le-president-annonce-la-liberation-de-78-detenus-arretes-lors-de-la-crise-electorale-de-2020#respond\"]}]},{\"@type\":\"WebPage\",\"@id\":\"https:\/\/www.africa-press.net\/cotedivoire\/politique\/cote-divoire-le-president-annonce-la-liberation-de-78-detenus-arretes-lors-de-la-crise-electorale-de-2020\",\"url\":\"https:\/\/www.africa-press.net\/cotedivoire\/politique\/cote-divoire-le-president-annonce-la-liberation-de-78-detenus-arretes-lors-de-la-crise-electorale-de-2020\",\"name\":\"le pr\u00e9sident annonce la lib\u00e9ration de 78\u00a0d\u00e9tenus arr\u00eat\u00e9s lors de la crise \u00e9lectorale de 2020 - C\u00f4te d&#039;Ivoire\",\"isPartOf\":{\"@id\":\"https:\/\/www.africa-press.net\/cotedivoire\/#website\"},\"primaryImageOfPage\":{\"@id\":\"https:\/\/www.africa-press.net\/cotedivoire\/politique\/cote-divoire-le-president-annonce-la-liberation-de-78-detenus-arretes-lors-de-la-crise-electorale-de-2020#primaryimage\"},\"image\":{\"@id\":\"https:\/\/www.africa-press.net\/cotedivoire\/politique\/cote-divoire-le-president-annonce-la-liberation-de-78-detenus-arretes-lors-de-la-crise-electorale-de-2020#primaryimage\"},\"thumbnailUrl\":\"https:\/\/static.africa-press.net\/cote\/sites\/43\/2021\/08\/img-610e50ff7a4f6.jpg\",\"datePublished\":\"2021-08-07T10:38:25+00:00\",\"dateModified\":\"2021-08-08T18:30:16+00:00\",\"author\":{\"@id\":\"https:\/\/www.africa-press.net\/cotedivoire\/#\/schema\/person\/2b1cf3cd81a31e3cd26889ca66d677f1\"},\"description\":\"A la veille de la f\u00eate de l\u2019Ind\u00e9pendance de la C\u00f4te d\u2019Ivoire, le pr\u00e9sident Alassane Ouattara a fait preuve de cl\u00e9mence e ...\",\"breadcrumb\":{\"@id\":\"https:\/\/www.africa-press.net\/cotedivoire\/politique\/cote-divoire-le-president-annonce-la-liberation-de-78-detenus-arretes-lors-de-la-crise-electorale-de-2020#breadcrumb\"},\"inLanguage\":\"fr-FR\",\"potentialAction\":[{\"@type\":\"ReadAction\",\"target\":[\"https:\/\/www.africa-press.net\/cotedivoire\/politique\/cote-divoire-le-president-annonce-la-liberation-de-78-detenus-arretes-lors-de-la-crise-electorale-de-2020\"]}]},{\"@type\":\"ImageObject\",\"inLanguage\":\"fr-FR\",\"@id\":\"https:\/\/www.africa-press.net\/cotedivoire\/politique\/cote-divoire-le-president-annonce-la-liberation-de-78-detenus-arretes-lors-de-la-crise-electorale-de-2020#primaryimage\",\"url\":\"https:\/\/static.africa-press.net\/cote\/sites\/43\/2021\/08\/img-610e50ff7a4f6.jpg\",\"contentUrl\":\"https:\/\/static.africa-press.net\/cote\/sites\/43\/2021\/08\/img-610e50ff7a4f6.jpg\",\"width\":1440,\"height\":720,\"caption\":\"C\u00f4te d\u2019Ivoire\u00a0: le pr\u00e9sident annonce la lib\u00e9ration de 78\u00a0d\u00e9tenus arr\u00eat\u00e9s lors de la crise \u00e9lectorale de 2020\"},{\"@type\":\"BreadcrumbList\",\"@id\":\"https:\/\/www.africa-press.net\/cotedivoire\/politique\/cote-divoire-le-president-annonce-la-liberation-de-78-detenus-arretes-lors-de-la-crise-electorale-de-2020#breadcrumb\",\"itemListElement\":[{\"@type\":\"ListItem\",\"position\":1,\"name\":\"Accueil\",\"item\":\"https:\/\/www.africa-press.net\/cotedivoire\/\"},{\"@type\":\"ListItem\",\"position\":2,\"name\":\"le pr\u00e9sident annonce la lib\u00e9ration de 78\u00a0d\u00e9tenus arr\u00eat\u00e9s lors de la crise \u00e9lectorale de 2020\"}]},{\"@type\":\"WebSite\",\"@id\":\"https:\/\/www.africa-press.net\/cotedivoire\/#website\",\"url\":\"https:\/\/www.africa-press.net\/cotedivoire\/\",\"name\":\"C\u00f4te d&#039;Ivoire\",\"description\":\"Just another Africa News Agency Sites site\",\"potentialAction\":[{\"@type\":\"SearchAction\",\"target\":{\"@type\":\"EntryPoint\",\"urlTemplate\":\"https:\/\/www.africa-press.net\/cotedivoire\/?s={search_term_string}\"},\"query-input\":{\"@type\":\"PropertyValueSpecification\",\"valueRequired\":true,\"valueName\":\"search_term_string\"}}],\"inLanguage\":\"fr-FR\"},{\"@type\":\"Person\",\"@id\":\"https:\/\/www.africa-press.net\/cotedivoire\/#\/schema\/person\/2b1cf3cd81a31e3cd26889ca66d677f1\",\"name\":\"cfeditorfr\"}]}<\/script>\n<!-- \/ Yoast SEO Premium plugin. -->","yoast_head_json":{"title":"le pr\u00e9sident annonce la lib\u00e9ration de 78\u00a0d\u00e9tenus arr\u00eat\u00e9s lors de la crise \u00e9lectorale de 2020 - C\u00f4te d&#039;Ivoire","description":"A la veille de la f\u00eate de l\u2019Ind\u00e9pendance de la C\u00f4te d\u2019Ivoire, le pr\u00e9sident Alassane Ouattara a fait preuve de cl\u00e9mence e ...","robots":{"index":"index","follow":"follow","max-snippet":"max-snippet:-1","max-image-preview":"max-image-preview:large","max-video-preview":"max-video-preview:-1"},"canonical":"https:\/\/www.africa-press.net\/cotedivoire\/politique\/cote-divoire-le-president-annonce-la-liberation-de-78-detenus-arretes-lors-de-la-crise-electorale-de-2020","og_locale":"fr_FR","og_type":"article","og_title":"le pr\u00e9sident annonce la lib\u00e9ration de 78\u00a0d\u00e9tenus arr\u00eat\u00e9s lors de la crise \u00e9lectorale de 2020","og_description":"A la veille de la f\u00eate de l\u2019Ind\u00e9pendance de la C\u00f4te d\u2019Ivoire, le pr\u00e9sident Alassane Ouattara a fait preuve de cl\u00e9mence e ...","og_url":"https:\/\/www.africa-press.net\/cotedivoire\/politique\/cote-divoire-le-president-annonce-la-liberation-de-78-detenus-arretes-lors-de-la-crise-electorale-de-2020","og_site_name":"C\u00f4te d&#039;Ivoire","article_published_time":"2021-08-07T10:38:25+00:00","article_modified_time":"2021-08-08T18:30:16+00:00","og_image":[{"width":1440,"height":720,"url":"https:\/\/static.africa-press.net\/cote\/sites\/43\/2021\/08\/img-610e50ff7a4f6.jpg","type":"image\/jpeg"}],"author":"cfeditorfr","twitter_card":"summary_large_image","twitter_misc":{"\u00c9crit par":"cfeditorfr","Dur\u00e9e de lecture estim\u00e9e":"3 minutes"},"schema":{"@context":"https:\/\/schema.org","@graph":[{"@type":"Article","@id":"https:\/\/www.africa-press.net\/cotedivoire\/politique\/cote-divoire-le-president-annonce-la-liberation-de-78-detenus-arretes-lors-de-la-crise-electorale-de-2020#article","isPartOf":{"@id":"https:\/\/www.africa-press.net\/cotedivoire\/politique\/cote-divoire-le-president-annonce-la-liberation-de-78-detenus-arretes-lors-de-la-crise-electorale-de-2020"},"author":{"name":"cfeditorfr","@id":"https:\/\/www.africa-press.net\/cotedivoire\/#\/schema\/person\/2b1cf3cd81a31e3cd26889ca66d677f1"},"headline":"le pr\u00e9sident annonce la lib\u00e9ration de 78\u00a0d\u00e9tenus arr\u00eat\u00e9s lors de la crise \u00e9lectorale de 2020","datePublished":"2021-08-07T10:38:25+00:00","dateModified":"2021-08-08T18:30:16+00:00","mainEntityOfPage":{"@id":"https:\/\/www.africa-press.net\/cotedivoire\/politique\/cote-divoire-le-president-annonce-la-liberation-de-78-detenus-arretes-lors-de-la-crise-electorale-de-2020"},"wordCount":576,"commentCount":0,"image":{"@id":"https:\/\/www.africa-press.net\/cotedivoire\/politique\/cote-divoire-le-president-annonce-la-liberation-de-78-detenus-arretes-lors-de-la-crise-electorale-de-2020#primaryimage"},"thumbnailUrl":"https:\/\/static.africa-press.net\/cote\/sites\/43\/2021\/08\/img-610e50ff7a4f6.jpg","keywords":["Africa Press","Africa Press-C\u00f4te d'Ivoire","C\u00d4TE D'IVOIRE"],"articleSection":["homepage-french","Politique","Top Nouvelles","Toutes les actualit\u00e9s"],"inLanguage":"fr-FR","potentialAction":[{"@type":"CommentAction","name":"Comment","target":["https:\/\/www.africa-press.net\/cotedivoire\/politique\/cote-divoire-le-president-annonce-la-liberation-de-78-detenus-arretes-lors-de-la-crise-electorale-de-2020#respond"]}]},{"@type":"WebPage","@id":"https:\/\/www.africa-press.net\/cotedivoire\/politique\/cote-divoire-le-president-annonce-la-liberation-de-78-detenus-arretes-lors-de-la-crise-electorale-de-2020","url":"https:\/\/www.africa-press.net\/cotedivoire\/politique\/cote-divoire-le-president-annonce-la-liberation-de-78-detenus-arretes-lors-de-la-crise-electorale-de-2020","name":"le pr\u00e9sident annonce la lib\u00e9ration de 78\u00a0d\u00e9tenus arr\u00eat\u00e9s lors de la crise \u00e9lectorale de 2020 - C\u00f4te d&#039;Ivoire","isPartOf":{"@id":"https:\/\/www.africa-press.net\/cotedivoire\/#website"},"primaryImageOfPage":{"@id":"https:\/\/www.africa-press.net\/cotedivoire\/politique\/cote-divoire-le-president-annonce-la-liberation-de-78-detenus-arretes-lors-de-la-crise-electorale-de-2020#primaryimage"},"image":{"@id":"https:\/\/www.africa-press.net\/cotedivoire\/politique\/cote-divoire-le-president-annonce-la-liberation-de-78-detenus-arretes-lors-de-la-crise-electorale-de-2020#primaryimage"},"thumbnailUrl":"https:\/\/static.africa-press.net\/cote\/sites\/43\/2021\/08\/img-610e50ff7a4f6.jpg","datePublished":"2021-08-07T10:38:25+00:00","dateModified":"2021-08-08T18:30:16+00:00","author":{"@id":"https:\/\/www.africa-press.net\/cotedivoire\/#\/schema\/person\/2b1cf3cd81a31e3cd26889ca66d677f1"},"description":"A la veille de la f\u00eate de l\u2019Ind\u00e9pendance de la C\u00f4te d\u2019Ivoire, le pr\u00e9sident Alassane Ouattara a fait preuve de cl\u00e9mence e ...","breadcrumb":{"@id":"https:\/\/www.africa-press.net\/cotedivoire\/politique\/cote-divoire-le-president-annonce-la-liberation-de-78-detenus-arretes-lors-de-la-crise-electorale-de-2020#breadcrumb"},"inLanguage":"fr-FR","potentialAction":[{"@type":"ReadAction","target":["https:\/\/www.africa-press.net\/cotedivoire\/politique\/cote-divoire-le-president-annonce-la-liberation-de-78-detenus-arretes-lors-de-la-crise-electorale-de-2020"]}]},{"@type":"ImageObject","inLanguage":"fr-FR","@id":"https:\/\/www.africa-press.net\/cotedivoire\/politique\/cote-divoire-le-president-annonce-la-liberation-de-78-detenus-arretes-lors-de-la-crise-electorale-de-2020#primaryimage","url":"https:\/\/static.africa-press.net\/cote\/sites\/43\/2021\/08\/img-610e50ff7a4f6.jpg","contentUrl":"https:\/\/static.africa-press.net\/cote\/sites\/43\/2021\/08\/img-610e50ff7a4f6.jpg","width":1440,"height":720,"caption":"C\u00f4te d\u2019Ivoire\u00a0: le pr\u00e9sident annonce la lib\u00e9ration de 78\u00a0d\u00e9tenus arr\u00eat\u00e9s lors de la crise \u00e9lectorale de 2020"},{"@type":"BreadcrumbList","@id":"https:\/\/www.africa-press.net\/cotedivoire\/politique\/cote-divoire-le-president-annonce-la-liberation-de-78-detenus-arretes-lors-de-la-crise-electorale-de-2020#breadcrumb","itemListElement":[{"@type":"ListItem","position":1,"name":"Accueil","item":"https:\/\/www.africa-press.net\/cotedivoire\/"},{"@type":"ListItem","position":2,"name":"le pr\u00e9sident annonce la lib\u00e9ration de 78\u00a0d\u00e9tenus arr\u00eat\u00e9s lors de la crise \u00e9lectorale de 2020"}]},{"@type":"WebSite","@id":"https:\/\/www.africa-press.net\/cotedivoire\/#website","url":"https:\/\/www.africa-press.net\/cotedivoire\/","name":"C\u00f4te d&#039;Ivoire","description":"Just another Africa News Agency Sites site","potentialAction":[{"@type":"SearchAction","target":{"@type":"EntryPoint","urlTemplate":"https:\/\/www.africa-press.net\/cotedivoire\/?s={search_term_string}"},"query-input":{"@type":"PropertyValueSpecification","valueRequired":true,"valueName":"search_term_string"}}],"inLanguage":"fr-FR"},{"@type":"Person","@id":"https:\/\/www.africa-press.net\/cotedivoire\/#\/schema\/person\/2b1cf3cd81a31e3cd26889ca66d677f1","name":"cfeditorfr"}]}},"_links":{"self":[{"href":"https:\/\/www.africa-press.net\/cotedivoire\/wp-json\/wp\/v2\/posts\/10969","targetHints":{"allow":["GET"]}}],"collection":[{"href":"https:\/\/www.africa-press.net\/cotedivoire\/wp-json\/wp\/v2\/posts"}],"about":[{"href":"https:\/\/www.africa-press.net\/cotedivoire\/wp-json\/wp\/v2\/types\/post"}],"author":[{"embeddable":true,"href":"https:\/\/www.africa-press.net\/cotedivoire\/wp-json\/wp\/v2\/users\/82"}],"replies":[{"embeddable":true,"href":"https:\/\/www.africa-press.net\/cotedivoire\/wp-json\/wp\/v2\/comments?post=10969"}],"version-history":[{"count":0,"href":"https:\/\/www.africa-press.net\/cotedivoire\/wp-json\/wp\/v2\/posts\/10969\/revisions"}],"wp:featuredmedia":[{"embeddable":true,"href":"https:\/\/www.africa-press.net\/cotedivoire\/wp-json\/wp\/v2\/media\/10968"}],"wp:attachment":[{"href":"https:\/\/www.africa-press.net\/cotedivoire\/wp-json\/wp\/v2\/media?parent=10969"}],"wp:term":[{"taxonomy":"category","embeddable":true,"href":"https:\/\/www.africa-press.net\/cotedivoire\/wp-json\/wp\/v2\/categories?post=10969"},{"taxonomy":"post_tag","embeddable":true,"href":"https:\/\/www.africa-press.net\/cotedivoire\/wp-json\/wp\/v2\/tags?post=10969"}],"curies":[{"name":"wp","href":"https:\/\/api.w.org\/{rel}","templated":true}]}}