{"id":109698,"date":"2025-12-02T13:51:11","date_gmt":"2025-12-02T13:51:11","guid":{"rendered":"https:\/\/www.africa-press.net\/cotedivoire\/politique\/jeremie-boga-victime-dagression-raciste-fif-condamne"},"modified":"2025-12-02T14:52:53","modified_gmt":"2025-12-02T14:52:53","slug":"jeremie-boga-victime-dagression-raciste-fif-condamne","status":"publish","type":"post","link":"https:\/\/www.africa-press.net\/cotedivoire\/sports\/jeremie-boga-victime-dagression-raciste-fif-condamne","title":{"rendered":"J\u00e9r\u00e9mie Boga Victime d&rsquo;Agression Raciste FIF Condamne"},"content":{"rendered":"<p><span style=\"color: #ff6600\"><strong>Africa-Press &#8211; C\u00f4te d&rsquo;Ivoire. <\/strong><\/span>La Fe\u0301de\u0301ration Ivoirienne de Football (FIF) a exprime\u0301 sa profonde indignation suite a\u0300 l&rsquo;agression dont a e\u0301te\u0301 victime l&rsquo;international ivoirien, Je\u0301re\u0301mie BOGA, dimanche 30 novembre 2025, apre\u0300s la de\u0301faite de son club, l&rsquo;OGC Nice, contre Lorient lors de la 14e journe\u0301e de Ligue 1.<\/p>\n<p>L&rsquo;attaquant, Champion d\u2019Afrique en 2023, a e\u0301te\u0301 violemment pris a\u0300 partie sur le terrain, subissant des insultes racistes accompagne\u0301es d\u2019une agression physique. Un acte qui a eu des re\u0301percussions se\u0301rieuses sur l&rsquo;e\u0301tat de sante\u0301 du joueur, l\u2019amenant a\u0300 se voir de\u0301livrer une incapacite\u0301 totale de travail. Cet incident est d\u2019autant plus choquant qu\u2019il intervient dans un contexte de plus en plus tendu dans certains stades europe\u0301ens ou\u0300 les violences et les comportements racistes ne cessent de se multiplier.<\/p>\n<p>La Fe\u0301de\u0301ration Ivoirienne de Football, par le biais de son Pre\u0301sident Yacine Idriss Diallo a imme\u0301diatement re\u0301agi en exprimant son soutien sans faille a\u0300 Je\u0301re\u0301mie Boga. Dans un communique\u0301 officiel, la FIF a fermement condamne\u0301 l\u2019agression physique et verbale, soulignant que de tels agissements n&rsquo;ont aucune place dans le football et vont a\u0300 l&rsquo;encontre des valeurs fondamentales de ce sport.<\/p>\n<p>\u00ab Ce qui est arrive\u0301 a\u0300 Je\u0301re\u0301mie Boga est inacceptable. Le football doit e\u0302tre un terrain de respect, de solidarite\u0301 et de fair-play. Aucun joueur ne doit subir de telles violences, et encore moins de racisme, sur ou en dehors du terrain \u00bb, a de\u0301clare\u0301 Yacine Idriss Diallo. La FIF a e\u0301galement salue\u0301 la de\u0301marche le\u0301gitime de plainte entreprise par Je\u0301re\u0301mie BOGA et lui a re\u0301affirme\u0301 son soutien total dans cette e\u0301preuve difficile.<\/p>\n<p>La FIF a ainsi appele\u0301 a\u0300 une prise de conscience collective pour garantir la se\u0301curite\u0301 et l\u2019inte\u0301grite\u0301 physique de tous les acteurs du football, tout en combattant fermement toutes les formes de racisme.<\/p>\n<p>La Fe\u0301de\u0301ration Ivoirienne de Football a e\u0301galement re\u0301affirme\u0301 son engagement pour un football respectueux et se\u0301curise\u0301, fide\u0300le a\u0300 l\u2019esprit de fair-play, et a exprime\u0301 son souhait que cet e\u0301ve\u0301nement tragique serve de catalyseur pour des actions concre\u0300tes visant a\u0300 e\u0301radiquer le racisme dans les stades.<\/p>\n<p>Enfin, la FIF a lance\u0301 un appel a\u0300 l&rsquo;unite\u0301 et a\u0300 la solidarite\u0301, soulignant que seule une action collective pourra garantir un environnement sain et e\u0301quitable pour tous les joueurs. Pour Yacine Idriss Diallo et l\u2019ensemble du Comite\u0301 Exe\u0301cutif de la FIF, cet incident est un triste rappel que le combat contre la haine et l\u2019intole\u0301rance doit se poursuivre sans rela\u0302che, a\u0300 tous les niveaux du football mondial.<\/p>\n<p><strong>Pour plus d&rsquo;informations et d&rsquo;analyses sur la <span style=\"color: #ff6600\">C\u00f4te d&rsquo;Ivoire<\/span>, suivez <span style=\"color: #ff6600\">Africa-Press<\/span><\/strong><\/p>\n","protected":false},"excerpt":{"rendered":"<p>Africa-Press &#8211; C\u00f4te d&rsquo;Ivoire. La Fe\u0301de\u0301ration Ivoirienne de Football (FIF) a exprime\u0301 sa profonde indignation suite a\u0300 l&rsquo;agression dont a e\u0301te\u0301 victime l&rsquo;international ivoirien, Je\u0301re\u0301mie BOGA, dimanche 30 novembre 2025, apre\u0300s la de\u0301faite de son club, l&rsquo;OGC Nice, contre Lorient lors de la 14e journe\u0301e de Ligue 1. L&rsquo;attaquant, Champion d\u2019Afrique en 2023, a e\u0301te\u0301 [&hellip;]<\/p>\n","protected":false},"author":82,"featured_media":109697,"comment_status":"open","ping_status":"closed","sticky":false,"template":"","format":"standard","meta":{"footnotes":""},"categories":[6,10],"tags":[29,859,65,12575,10830,19690,64],"class_list":["post-109698","post","type-post","status-publish","format-standard","has-post-thumbnail","hentry","category-sports","category-toutes-les-actualites","tag-cote-divoire","tag-fif","tag-football","tag-idriss","tag-jeremie-boga","tag-raciste","tag-sport"],"yoast_head":"<!-- This site is optimized with the Yoast SEO Premium plugin v26.1 (Yoast SEO v27.0) - https:\/\/yoast.com\/product\/yoast-seo-premium-wordpress\/ -->\n<title>J\u00e9r\u00e9mie Boga Victime d&#039;Agression Raciste FIF Condamne - C\u00f4te d&#039;Ivoire<\/title>\n<meta name=\"description\" content=\"La Fe\u0301de\u0301ration Ivoirienne de Football (FIF) a exprime\u0301 sa profonde indignation suite a\u0300 l&#039;agression dont a e\u0301te\u0301 victim ...\" \/>\n<meta name=\"robots\" content=\"index, follow, max-snippet:-1, max-image-preview:large, max-video-preview:-1\" \/>\n<link rel=\"canonical\" href=\"https:\/\/www.africa-press.net\/cotedivoire\/sports\/jeremie-boga-victime-dagression-raciste-fif-condamne\" \/>\n<meta property=\"og:locale\" content=\"fr_FR\" \/>\n<meta property=\"og:type\" content=\"article\" \/>\n<meta property=\"og:title\" content=\"J\u00e9r\u00e9mie Boga Victime d&#039;Agression Raciste FIF Condamne\" \/>\n<meta property=\"og:description\" content=\"La Fe\u0301de\u0301ration Ivoirienne de Football (FIF) a exprime\u0301 sa profonde indignation suite a\u0300 l&#039;agression dont a e\u0301te\u0301 victim ...\" \/>\n<meta property=\"og:url\" content=\"https:\/\/www.africa-press.net\/cotedivoire\/sports\/jeremie-boga-victime-dagression-raciste-fif-condamne\" \/>\n<meta property=\"og:site_name\" content=\"C\u00f4te d&#039;Ivoire\" \/>\n<meta property=\"article:published_time\" content=\"2025-12-02T13:51:11+00:00\" \/>\n<meta property=\"article:modified_time\" content=\"2025-12-02T14:52:53+00:00\" \/>\n<meta property=\"og:image\" content=\"https:\/\/static.africa-press.net\/cote\/sites\/43\/2025\/12\/sm_1764674536.39697.jpg\" \/>\n\t<meta property=\"og:image:width\" content=\"720\" \/>\n\t<meta property=\"og:image:height\" content=\"444\" \/>\n\t<meta property=\"og:image:type\" content=\"image\/jpeg\" \/>\n<meta name=\"author\" content=\"cfeditorfr\" \/>\n<meta name=\"twitter:card\" content=\"summary_large_image\" \/>\n<meta name=\"twitter:label1\" content=\"\u00c9crit par\" \/>\n\t<meta name=\"twitter:data1\" content=\"cfeditorfr\" \/>\n\t<meta name=\"twitter:label2\" content=\"Dur\u00e9e de lecture estim\u00e9e\" \/>\n\t<meta name=\"twitter:data2\" content=\"2 minutes\" \/>\n<script type=\"application\/ld+json\" class=\"yoast-schema-graph\">{\"@context\":\"https:\/\/schema.org\",\"@graph\":[{\"@type\":\"Article\",\"@id\":\"https:\/\/www.africa-press.net\/cotedivoire\/sports\/jeremie-boga-victime-dagression-raciste-fif-condamne#article\",\"isPartOf\":{\"@id\":\"https:\/\/www.africa-press.net\/cotedivoire\/sports\/jeremie-boga-victime-dagression-raciste-fif-condamne\"},\"author\":{\"name\":\"cfeditorfr\",\"@id\":\"https:\/\/www.africa-press.net\/cotedivoire\/#\/schema\/person\/2b1cf3cd81a31e3cd26889ca66d677f1\"},\"headline\":\"J\u00e9r\u00e9mie Boga Victime d&rsquo;Agression Raciste FIF Condamne\",\"datePublished\":\"2025-12-02T13:51:11+00:00\",\"dateModified\":\"2025-12-02T14:52:53+00:00\",\"mainEntityOfPage\":{\"@id\":\"https:\/\/www.africa-press.net\/cotedivoire\/sports\/jeremie-boga-victime-dagression-raciste-fif-condamne\"},\"wordCount\":493,\"commentCount\":0,\"image\":{\"@id\":\"https:\/\/www.africa-press.net\/cotedivoire\/sports\/jeremie-boga-victime-dagression-raciste-fif-condamne#primaryimage\"},\"thumbnailUrl\":\"https:\/\/static.africa-press.net\/cote\/sites\/43\/2025\/12\/sm_1764674536.39697.jpg\",\"keywords\":[\"C\u00d4TE D'IVOIRE\",\"FIF\",\"Football\",\"Idriss\",\"J\u00e9r\u00e9mie Boga\",\"raciste\",\"sport\"],\"articleSection\":[\"Sports\",\"Toutes les actualit\u00e9s\"],\"inLanguage\":\"fr-FR\",\"potentialAction\":[{\"@type\":\"CommentAction\",\"name\":\"Comment\",\"target\":[\"https:\/\/www.africa-press.net\/cotedivoire\/sports\/jeremie-boga-victime-dagression-raciste-fif-condamne#respond\"]}]},{\"@type\":\"WebPage\",\"@id\":\"https:\/\/www.africa-press.net\/cotedivoire\/sports\/jeremie-boga-victime-dagression-raciste-fif-condamne\",\"url\":\"https:\/\/www.africa-press.net\/cotedivoire\/sports\/jeremie-boga-victime-dagression-raciste-fif-condamne\",\"name\":\"J\u00e9r\u00e9mie Boga Victime d'Agression Raciste FIF Condamne - C\u00f4te d&#039;Ivoire\",\"isPartOf\":{\"@id\":\"https:\/\/www.africa-press.net\/cotedivoire\/#website\"},\"primaryImageOfPage\":{\"@id\":\"https:\/\/www.africa-press.net\/cotedivoire\/sports\/jeremie-boga-victime-dagression-raciste-fif-condamne#primaryimage\"},\"image\":{\"@id\":\"https:\/\/www.africa-press.net\/cotedivoire\/sports\/jeremie-boga-victime-dagression-raciste-fif-condamne#primaryimage\"},\"thumbnailUrl\":\"https:\/\/static.africa-press.net\/cote\/sites\/43\/2025\/12\/sm_1764674536.39697.jpg\",\"datePublished\":\"2025-12-02T13:51:11+00:00\",\"dateModified\":\"2025-12-02T14:52:53+00:00\",\"author\":{\"@id\":\"https:\/\/www.africa-press.net\/cotedivoire\/#\/schema\/person\/2b1cf3cd81a31e3cd26889ca66d677f1\"},\"description\":\"La Fe\u0301de\u0301ration Ivoirienne de Football (FIF) a exprime\u0301 sa profonde indignation suite a\u0300 l'agression dont a e\u0301te\u0301 victim ...\",\"breadcrumb\":{\"@id\":\"https:\/\/www.africa-press.net\/cotedivoire\/sports\/jeremie-boga-victime-dagression-raciste-fif-condamne#breadcrumb\"},\"inLanguage\":\"fr-FR\",\"potentialAction\":[{\"@type\":\"ReadAction\",\"target\":[\"https:\/\/www.africa-press.net\/cotedivoire\/sports\/jeremie-boga-victime-dagression-raciste-fif-condamne\"]}]},{\"@type\":\"ImageObject\",\"inLanguage\":\"fr-FR\",\"@id\":\"https:\/\/www.africa-press.net\/cotedivoire\/sports\/jeremie-boga-victime-dagression-raciste-fif-condamne#primaryimage\",\"url\":\"https:\/\/static.africa-press.net\/cote\/sites\/43\/2025\/12\/sm_1764674536.39697.jpg\",\"contentUrl\":\"https:\/\/static.africa-press.net\/cote\/sites\/43\/2025\/12\/sm_1764674536.39697.jpg\",\"width\":720,\"height\":444,\"caption\":\"J\u00e9r\u00e9mie Boga Victime d'Agression Raciste FIF Condamne\"},{\"@type\":\"BreadcrumbList\",\"@id\":\"https:\/\/www.africa-press.net\/cotedivoire\/sports\/jeremie-boga-victime-dagression-raciste-fif-condamne#breadcrumb\",\"itemListElement\":[{\"@type\":\"ListItem\",\"position\":1,\"name\":\"Accueil\",\"item\":\"https:\/\/www.africa-press.net\/cotedivoire\/\"},{\"@type\":\"ListItem\",\"position\":2,\"name\":\"J\u00e9r\u00e9mie Boga Victime d&#8217;Agression Raciste FIF Condamne\"}]},{\"@type\":\"WebSite\",\"@id\":\"https:\/\/www.africa-press.net\/cotedivoire\/#website\",\"url\":\"https:\/\/www.africa-press.net\/cotedivoire\/\",\"name\":\"C\u00f4te d&#039;Ivoire\",\"description\":\"Just another Africa News Agency Sites site\",\"potentialAction\":[{\"@type\":\"SearchAction\",\"target\":{\"@type\":\"EntryPoint\",\"urlTemplate\":\"https:\/\/www.africa-press.net\/cotedivoire\/?s={search_term_string}\"},\"query-input\":{\"@type\":\"PropertyValueSpecification\",\"valueRequired\":true,\"valueName\":\"search_term_string\"}}],\"inLanguage\":\"fr-FR\"},{\"@type\":\"Person\",\"@id\":\"https:\/\/www.africa-press.net\/cotedivoire\/#\/schema\/person\/2b1cf3cd81a31e3cd26889ca66d677f1\",\"name\":\"cfeditorfr\"}]}<\/script>\n<!-- \/ Yoast SEO Premium plugin. -->","yoast_head_json":{"title":"J\u00e9r\u00e9mie Boga Victime d'Agression Raciste FIF Condamne - C\u00f4te d&#039;Ivoire","description":"La Fe\u0301de\u0301ration Ivoirienne de Football (FIF) a exprime\u0301 sa profonde indignation suite a\u0300 l'agression dont a e\u0301te\u0301 victim ...","robots":{"index":"index","follow":"follow","max-snippet":"max-snippet:-1","max-image-preview":"max-image-preview:large","max-video-preview":"max-video-preview:-1"},"canonical":"https:\/\/www.africa-press.net\/cotedivoire\/sports\/jeremie-boga-victime-dagression-raciste-fif-condamne","og_locale":"fr_FR","og_type":"article","og_title":"J\u00e9r\u00e9mie Boga Victime d'Agression Raciste FIF Condamne","og_description":"La Fe\u0301de\u0301ration Ivoirienne de Football (FIF) a exprime\u0301 sa profonde indignation suite a\u0300 l'agression dont a e\u0301te\u0301 victim ...","og_url":"https:\/\/www.africa-press.net\/cotedivoire\/sports\/jeremie-boga-victime-dagression-raciste-fif-condamne","og_site_name":"C\u00f4te d&#039;Ivoire","article_published_time":"2025-12-02T13:51:11+00:00","article_modified_time":"2025-12-02T14:52:53+00:00","og_image":[{"width":720,"height":444,"url":"https:\/\/static.africa-press.net\/cote\/sites\/43\/2025\/12\/sm_1764674536.39697.jpg","type":"image\/jpeg"}],"author":"cfeditorfr","twitter_card":"summary_large_image","twitter_misc":{"\u00c9crit par":"cfeditorfr","Dur\u00e9e de lecture estim\u00e9e":"2 minutes"},"schema":{"@context":"https:\/\/schema.org","@graph":[{"@type":"Article","@id":"https:\/\/www.africa-press.net\/cotedivoire\/sports\/jeremie-boga-victime-dagression-raciste-fif-condamne#article","isPartOf":{"@id":"https:\/\/www.africa-press.net\/cotedivoire\/sports\/jeremie-boga-victime-dagression-raciste-fif-condamne"},"author":{"name":"cfeditorfr","@id":"https:\/\/www.africa-press.net\/cotedivoire\/#\/schema\/person\/2b1cf3cd81a31e3cd26889ca66d677f1"},"headline":"J\u00e9r\u00e9mie Boga Victime d&rsquo;Agression Raciste FIF Condamne","datePublished":"2025-12-02T13:51:11+00:00","dateModified":"2025-12-02T14:52:53+00:00","mainEntityOfPage":{"@id":"https:\/\/www.africa-press.net\/cotedivoire\/sports\/jeremie-boga-victime-dagression-raciste-fif-condamne"},"wordCount":493,"commentCount":0,"image":{"@id":"https:\/\/www.africa-press.net\/cotedivoire\/sports\/jeremie-boga-victime-dagression-raciste-fif-condamne#primaryimage"},"thumbnailUrl":"https:\/\/static.africa-press.net\/cote\/sites\/43\/2025\/12\/sm_1764674536.39697.jpg","keywords":["C\u00d4TE D'IVOIRE","FIF","Football","Idriss","J\u00e9r\u00e9mie Boga","raciste","sport"],"articleSection":["Sports","Toutes les actualit\u00e9s"],"inLanguage":"fr-FR","potentialAction":[{"@type":"CommentAction","name":"Comment","target":["https:\/\/www.africa-press.net\/cotedivoire\/sports\/jeremie-boga-victime-dagression-raciste-fif-condamne#respond"]}]},{"@type":"WebPage","@id":"https:\/\/www.africa-press.net\/cotedivoire\/sports\/jeremie-boga-victime-dagression-raciste-fif-condamne","url":"https:\/\/www.africa-press.net\/cotedivoire\/sports\/jeremie-boga-victime-dagression-raciste-fif-condamne","name":"J\u00e9r\u00e9mie Boga Victime d'Agression Raciste FIF Condamne - C\u00f4te d&#039;Ivoire","isPartOf":{"@id":"https:\/\/www.africa-press.net\/cotedivoire\/#website"},"primaryImageOfPage":{"@id":"https:\/\/www.africa-press.net\/cotedivoire\/sports\/jeremie-boga-victime-dagression-raciste-fif-condamne#primaryimage"},"image":{"@id":"https:\/\/www.africa-press.net\/cotedivoire\/sports\/jeremie-boga-victime-dagression-raciste-fif-condamne#primaryimage"},"thumbnailUrl":"https:\/\/static.africa-press.net\/cote\/sites\/43\/2025\/12\/sm_1764674536.39697.jpg","datePublished":"2025-12-02T13:51:11+00:00","dateModified":"2025-12-02T14:52:53+00:00","author":{"@id":"https:\/\/www.africa-press.net\/cotedivoire\/#\/schema\/person\/2b1cf3cd81a31e3cd26889ca66d677f1"},"description":"La Fe\u0301de\u0301ration Ivoirienne de Football (FIF) a exprime\u0301 sa profonde indignation suite a\u0300 l'agression dont a e\u0301te\u0301 victim ...","breadcrumb":{"@id":"https:\/\/www.africa-press.net\/cotedivoire\/sports\/jeremie-boga-victime-dagression-raciste-fif-condamne#breadcrumb"},"inLanguage":"fr-FR","potentialAction":[{"@type":"ReadAction","target":["https:\/\/www.africa-press.net\/cotedivoire\/sports\/jeremie-boga-victime-dagression-raciste-fif-condamne"]}]},{"@type":"ImageObject","inLanguage":"fr-FR","@id":"https:\/\/www.africa-press.net\/cotedivoire\/sports\/jeremie-boga-victime-dagression-raciste-fif-condamne#primaryimage","url":"https:\/\/static.africa-press.net\/cote\/sites\/43\/2025\/12\/sm_1764674536.39697.jpg","contentUrl":"https:\/\/static.africa-press.net\/cote\/sites\/43\/2025\/12\/sm_1764674536.39697.jpg","width":720,"height":444,"caption":"J\u00e9r\u00e9mie Boga Victime d'Agression Raciste FIF Condamne"},{"@type":"BreadcrumbList","@id":"https:\/\/www.africa-press.net\/cotedivoire\/sports\/jeremie-boga-victime-dagression-raciste-fif-condamne#breadcrumb","itemListElement":[{"@type":"ListItem","position":1,"name":"Accueil","item":"https:\/\/www.africa-press.net\/cotedivoire\/"},{"@type":"ListItem","position":2,"name":"J\u00e9r\u00e9mie Boga Victime d&#8217;Agression Raciste FIF Condamne"}]},{"@type":"WebSite","@id":"https:\/\/www.africa-press.net\/cotedivoire\/#website","url":"https:\/\/www.africa-press.net\/cotedivoire\/","name":"C\u00f4te d&#039;Ivoire","description":"Just another Africa News Agency Sites site","potentialAction":[{"@type":"SearchAction","target":{"@type":"EntryPoint","urlTemplate":"https:\/\/www.africa-press.net\/cotedivoire\/?s={search_term_string}"},"query-input":{"@type":"PropertyValueSpecification","valueRequired":true,"valueName":"search_term_string"}}],"inLanguage":"fr-FR"},{"@type":"Person","@id":"https:\/\/www.africa-press.net\/cotedivoire\/#\/schema\/person\/2b1cf3cd81a31e3cd26889ca66d677f1","name":"cfeditorfr"}]}},"_links":{"self":[{"href":"https:\/\/www.africa-press.net\/cotedivoire\/wp-json\/wp\/v2\/posts\/109698","targetHints":{"allow":["GET"]}}],"collection":[{"href":"https:\/\/www.africa-press.net\/cotedivoire\/wp-json\/wp\/v2\/posts"}],"about":[{"href":"https:\/\/www.africa-press.net\/cotedivoire\/wp-json\/wp\/v2\/types\/post"}],"author":[{"embeddable":true,"href":"https:\/\/www.africa-press.net\/cotedivoire\/wp-json\/wp\/v2\/users\/82"}],"replies":[{"embeddable":true,"href":"https:\/\/www.africa-press.net\/cotedivoire\/wp-json\/wp\/v2\/comments?post=109698"}],"version-history":[{"count":0,"href":"https:\/\/www.africa-press.net\/cotedivoire\/wp-json\/wp\/v2\/posts\/109698\/revisions"}],"wp:featuredmedia":[{"embeddable":true,"href":"https:\/\/www.africa-press.net\/cotedivoire\/wp-json\/wp\/v2\/media\/109697"}],"wp:attachment":[{"href":"https:\/\/www.africa-press.net\/cotedivoire\/wp-json\/wp\/v2\/media?parent=109698"}],"wp:term":[{"taxonomy":"category","embeddable":true,"href":"https:\/\/www.africa-press.net\/cotedivoire\/wp-json\/wp\/v2\/categories?post=109698"},{"taxonomy":"post_tag","embeddable":true,"href":"https:\/\/www.africa-press.net\/cotedivoire\/wp-json\/wp\/v2\/tags?post=109698"}],"curies":[{"name":"wp","href":"https:\/\/api.w.org\/{rel}","templated":true}]}}