{"id":109740,"date":"2025-12-03T16:21:55","date_gmt":"2025-12-03T16:21:55","guid":{"rendered":"https:\/\/www.africa-press.net\/cotedivoire\/politique\/securite-sociale-inclusive-pour-5-millions-de-travailleurs"},"modified":"2025-12-03T16:40:49","modified_gmt":"2025-12-03T16:40:49","slug":"securite-sociale-inclusive-pour-5-millions-de-travailleurs","status":"publish","type":"post","link":"https:\/\/www.africa-press.net\/cotedivoire\/economie\/securite-sociale-inclusive-pour-5-millions-de-travailleurs","title":{"rendered":"S\u00e9curit\u00e9 Sociale Inclusive Pour 5 Millions de Travailleurs"},"content":{"rendered":"<p><span style=\"color: #ff6600\"><strong>Africa-Press &#8211; C\u00f4te d&rsquo;Ivoire. <\/strong><\/span>Mardi 2 de\u0301cembre 2025, a\u0300 la Primature, le Gouvernement ivoirien a proce\u0301de\u0301 au lancement officiel du Programme d\u2019Investissement en Protection Sociale dans les Secteurs Agricole et Informel (PIPS), un dispositif d\u2019envergure nationale destine\u0301 a\u0300 transformer durablement les conditions de vie de plus de 5 millions de travailleurs agricoles et informels.<\/p>\n<p>Conc\u0327u avec l\u2019appui me\u0301thodologique et financier de la FAO, le PIPS ambitionne d\u2019e\u0301tendre la protection sociale aux populations jusqu\u2019ici les plus vulne\u0301rables, souvent exclues des me\u0301canismes formels tels que la Couverture Maladie Universelle (CMU) ou le Re\u0301gime Social des Travailleurs Inde\u0301pendants (RSTI).<\/p>\n<p>L\u2019e\u0301ve\u0301nement, pre\u0301side\u0301 par le Premier ministre Robert Beugre\u0301 Mambe\u0301, s\u2019est de\u0301roule\u0301 en pre\u0301sence de membres du Gouvernement, d\u2019ambassadeurs, de repre\u0301sentants des agences de l\u2019ONU, d\u2019organisations professionnelles, de partenaires techniques et financiers ainsi que de plusieurs coope\u0301ratives agricoles pilotes.<\/p>\n<p>Dans son allocution, le Ministre de l\u2019Emploi et de la Protection Sociale, Mai\u0302tre Adama Kamara, a dresse\u0301 un constat sans e\u0301quivoque: plus de 80 % des acteurs agricoles et informels restent en marge de la protection sociale, malgre\u0301 leur ro\u0302le essentiel dans l\u2019e\u0301conomie nationale.<\/p>\n<p>Il a rappele\u0301 que ces travailleurs, souvent confronte\u0301s a\u0300 l\u2019irre\u0301gularite\u0301 des revenus, a\u0300 la pre\u0301carite\u0301, a\u0300 l\u2019analphabe\u0301tisme et a\u0300 un acce\u0300s limite\u0301 aux services sociaux de base, constituent pourtant \u201cle socle structurant de l\u2019e\u0301conomie ivoirienne\u201d.<\/p>\n<p>Le Ministre a e\u0301galement salue\u0301 la vision \u201clucide et de\u0301terminante\u201d du Premier ministre, qu\u2019il a qualifie\u0301 de \u201cmode\u0300le d\u2019humilite\u0301, de rigueur et de clairvoyance\u201d, insistant sur le leadership gouvernemental qui permet aujourd\u2019hui de franchir un nouveau cap en matie\u0300re d\u2019inclusion sociale.<\/p>\n<p>Selon Mai\u0302tre Adama Kamara, le PIPS re\u0301pond a\u0300 un impe\u0301ratif moral et strate\u0301gique: \u201cFaire en sorte que la protection sociale devienne un droit effectif pour les acteurs des secteurs agricole et informel.\u201d<\/p>\n<p>Le programme vise notamment, le renforcement des coope\u0301ratives (plus de 7 000 organisations agricoles et artisanales cible\u0301es), l\u2019augmentation des revenus via des investissements massifs dans les chai\u0302nes de valeur, l\u2019extension progressive de la CMU et du RSTI a\u0300 des millions de travailleurs, l\u2019ame\u0301lioration des infrastructures et des services sociaux dans les zones rurales et l\u2019autonomisation de 105 000 femmes gra\u0302ce a\u0300 des dispositifs e\u0301conomiques de\u0301die\u0301s.<\/p>\n<p>Avec un budget total de 187,4 milliards FCFA, dont 92 % directement consacre\u0301s aux investissements, le PIPS est pre\u0301sente\u0301 comme \u201cbancable, structure\u0301 et pre\u0302t a\u0300 e\u0302tre mis en \u0153uvre\u201d.<\/p>\n<p>Le Ministre a rappele\u0301 que les tests mene\u0301s depuis 2021 dans trois coope\u0301ratives ont de\u0301montre\u0301:+25 % d\u2019enro\u0302lement social en un an, 1 639 be\u0301ne\u0301ficiaires accompagne\u0301s et 6,8 millions FCFA de re\u0301serves financie\u0300res cre\u0301e\u0301es pour financer la CMU.<\/p>\n<p>Ces re\u0301sultats, selon lui, confirment que \u201clorsqu\u2019un accompagnement structure\u0301 est assure\u0301, l\u2019adhe\u0301sion des communaute\u0301s rurales est forte et imme\u0301diate\u201d.<\/p>\n<p>En conclusion, le ministre Adama Kamara a lance\u0301 un message fort: Le PIPS n\u2019est pas un simple projet. C\u2019est un engagement national. C\u2019est un investissement dans la stabilite\u0301, dans l\u2019avenir et dans la justice sociale.\u201d<\/p>\n<p>Prenant la parole, le Premier ministre Robert Beugre\u0301 Mambe\u0301 a salue\u0301 ce qu\u2019il conside\u0300re comme une avance\u0301e majeure dans l\u2019agenda social du Pre\u0301sident de la Re\u0301publique, Alassane Ouattara.<\/p>\n<p>Il a rappele\u0301 que l\u2019agriculture et le secteur informel constituent les deux piliers essentiels qui soutiennent e\u0301conomiquement \u201cpre\u0300s des deux tiers de nos concitoyens\u201d.<\/p>\n<p>Pour le Premier ministre: \u201cLa protection sociale n\u2019est plus une option philanthropique. Elle est devenue une ne\u0301cessite\u0301 strate\u0301gique.\u201d<\/p>\n<p>Il a insiste\u0301 sur le ro\u0302le central des neuf agropoles du PNIA 2, dont la couverture territoriale permettra au programme d\u2019atteindre rapidement les populations les plus e\u0301loigne\u0301es des services administratifs.<\/p>\n<p>Robert Beugre\u0301 Mambe\u0301 a lance\u0301 un appel clair aux partenaires techniques et financiers: \u201cMarchez a\u0300 nos co\u0302te\u0301s. Le Pre\u0301sident de la Re\u0301publique vous soutient, et nous avons besoin de vous pour ba\u0302tir une Co\u0302te d\u2019Ivoire re\u0301siliente, prospe\u0300re et solidaire.\u201d<\/p>\n<p>Le chef du Gouvernement a salue\u0301 l\u2019engagement des ministe\u0300res techniques, notamment celui de l\u2019Agriculture et celui des Affaires sociales, et a re\u0301affirme\u0301 la volonte\u0301 de l\u2019E\u0301tat d\u2019inscrire la protection sociale au c\u0153ur de son projet de socie\u0301te\u0301.<\/p>\n<p>La repre\u0301sentante de la FAO a rappele\u0301 que la protection sociale constitue un outil essentiel contre la pauvrete\u0301, l\u2019inse\u0301curite\u0301 alimentaire et les chocs climatiques ou sanitaires.<\/p>\n<p>Bintia a confirme\u0301 que le PIPS est un programme conc\u0327u localement, structure\u0301 me\u0301thodologiquement, techniquement complet et pre\u0302t a\u0300 la mobilisation imme\u0301diate de ressources.<\/p>\n<p>La FAO a e\u0301galement souligne\u0301 que ce projet s\u2019inscrit dans une dynamique mondiale visant a\u0300 renforcer les syste\u0300mes de protection sociale sensibles au climat et axe\u0301s sur le de\u0301veloppement rural.<\/p>\n<p>Le PIPS se positionne comme l\u2019un des programmes sociaux les plus ambitieux jamais lance\u0301s en Co\u0302te d\u2019Ivoire.<\/p>\n<p>S\u2019il est pleinement finance\u0301 et mis en \u0153uvre, il permettra, l\u2019inte\u0301gration de millions de travailleurs a\u0300 la CMU et au RSTI, la re\u0301duction massive des vulne\u0301rabilite\u0301s en zones rurales, la cre\u0301ation de centaines de milliers d\u2019emplois, un renforcement de la re\u0301silience face aux chocs e\u0301conomiques et climatiques et une transformation durable des syste\u0300mes agricoles et artisanaux.<\/p>\n<p><strong>Pour plus d&rsquo;informations et d&rsquo;analyses sur la <span style=\"color: #ff6600\">C\u00f4te d&rsquo;Ivoire<\/span>, suivez <span style=\"color: #ff6600\">Africa-Press<\/span><\/strong><\/p>\n","protected":false},"excerpt":{"rendered":"<p>Africa-Press &#8211; C\u00f4te d&rsquo;Ivoire. Mardi 2 de\u0301cembre 2025, a\u0300 la Primature, le Gouvernement ivoirien a proce\u0301de\u0301 au lancement officiel du Programme d\u2019Investissement en Protection Sociale dans les Secteurs Agricole et Informel (PIPS), un dispositif d\u2019envergure nationale destine\u0301 a\u0300 transformer durablement les conditions de vie de plus de 5 millions de travailleurs agricoles et informels. Conc\u0327u [&hellip;]<\/p>\n","protected":false},"author":82,"featured_media":109738,"comment_status":"open","ping_status":"closed","sticky":false,"template":"","format":"standard","meta":{"footnotes":""},"categories":[3,10],"tags":[1535,204,2399,29,1007,762,8683,19694,986,258,2846],"class_list":["post-109740","post","type-post","status-publish","format-standard","has-post-thumbnail","hentry","category-economie","category-toutes-les-actualites","tag-adama-kamara","tag-agriculture","tag-beugre-mambe","tag-cote-divoire","tag-fao","tag-gouvernement","tag-informel","tag-pips","tag-protection","tag-secteur","tag-sociale"],"yoast_head":"<!-- This site is optimized with the Yoast SEO Premium plugin v26.1 (Yoast SEO v27.0) - https:\/\/yoast.com\/product\/yoast-seo-premium-wordpress\/ -->\n<title>S\u00e9curit\u00e9 Sociale Inclusive Pour 5 Millions de Travailleurs - C\u00f4te d&#039;Ivoire<\/title>\n<meta name=\"description\" content=\"Mardi 2 de\u0301cembre 2025, a\u0300 la Primature, le Gouvernement ivoirien a proce\u0301de\u0301 au lancement officiel du Programme d\u2019Inves ...\" \/>\n<meta name=\"robots\" content=\"index, follow, max-snippet:-1, max-image-preview:large, max-video-preview:-1\" \/>\n<link rel=\"canonical\" href=\"https:\/\/www.africa-press.net\/cotedivoire\/economie\/securite-sociale-inclusive-pour-5-millions-de-travailleurs\" \/>\n<meta property=\"og:locale\" content=\"fr_FR\" \/>\n<meta property=\"og:type\" content=\"article\" \/>\n<meta property=\"og:title\" content=\"S\u00e9curit\u00e9 Sociale Inclusive Pour 5 Millions de Travailleurs\" \/>\n<meta property=\"og:description\" content=\"Mardi 2 de\u0301cembre 2025, a\u0300 la Primature, le Gouvernement ivoirien a proce\u0301de\u0301 au lancement officiel du Programme d\u2019Inves ...\" \/>\n<meta property=\"og:url\" content=\"https:\/\/www.africa-press.net\/cotedivoire\/economie\/securite-sociale-inclusive-pour-5-millions-de-travailleurs\" \/>\n<meta property=\"og:site_name\" content=\"C\u00f4te d&#039;Ivoire\" \/>\n<meta property=\"article:published_time\" content=\"2025-12-03T16:21:55+00:00\" \/>\n<meta property=\"article:modified_time\" content=\"2025-12-03T16:40:49+00:00\" \/>\n<meta property=\"og:image\" content=\"https:\/\/static.africa-press.net\/cote\/sites\/43\/2025\/12\/sm_1764767419.457825.jpg\" \/>\n\t<meta property=\"og:image:width\" content=\"720\" \/>\n\t<meta property=\"og:image:height\" content=\"480\" \/>\n\t<meta property=\"og:image:type\" content=\"image\/jpeg\" \/>\n<meta name=\"author\" content=\"cfeditorfr\" \/>\n<meta name=\"twitter:card\" content=\"summary_large_image\" \/>\n<meta name=\"twitter:label1\" content=\"\u00c9crit par\" \/>\n\t<meta name=\"twitter:data1\" content=\"cfeditorfr\" \/>\n\t<meta name=\"twitter:label2\" content=\"Dur\u00e9e de lecture estim\u00e9e\" \/>\n\t<meta name=\"twitter:data2\" content=\"5 minutes\" \/>\n<script type=\"application\/ld+json\" class=\"yoast-schema-graph\">{\"@context\":\"https:\/\/schema.org\",\"@graph\":[{\"@type\":\"Article\",\"@id\":\"https:\/\/www.africa-press.net\/cotedivoire\/economie\/securite-sociale-inclusive-pour-5-millions-de-travailleurs#article\",\"isPartOf\":{\"@id\":\"https:\/\/www.africa-press.net\/cotedivoire\/economie\/securite-sociale-inclusive-pour-5-millions-de-travailleurs\"},\"author\":{\"name\":\"cfeditorfr\",\"@id\":\"https:\/\/www.africa-press.net\/cotedivoire\/#\/schema\/person\/2b1cf3cd81a31e3cd26889ca66d677f1\"},\"headline\":\"S\u00e9curit\u00e9 Sociale Inclusive Pour 5 Millions de Travailleurs\",\"datePublished\":\"2025-12-03T16:21:55+00:00\",\"dateModified\":\"2025-12-03T16:40:49+00:00\",\"mainEntityOfPage\":{\"@id\":\"https:\/\/www.africa-press.net\/cotedivoire\/economie\/securite-sociale-inclusive-pour-5-millions-de-travailleurs\"},\"wordCount\":958,\"commentCount\":0,\"image\":{\"@id\":\"https:\/\/www.africa-press.net\/cotedivoire\/economie\/securite-sociale-inclusive-pour-5-millions-de-travailleurs#primaryimage\"},\"thumbnailUrl\":\"https:\/\/static.africa-press.net\/cote\/sites\/43\/2025\/12\/sm_1764767419.457825.jpg\",\"keywords\":[\"Adama Kamara\",\"agriculture\",\"Beugr\u00e9 Mamb\u00e9\",\"C\u00d4TE D'IVOIRE\",\"FAO\",\"Gouvernement\",\"informel\",\"PIPS\",\"Protection\",\"secteur\",\"sociale\"],\"articleSection\":[\"\u00c9conomie\",\"Toutes les actualit\u00e9s\"],\"inLanguage\":\"fr-FR\",\"potentialAction\":[{\"@type\":\"CommentAction\",\"name\":\"Comment\",\"target\":[\"https:\/\/www.africa-press.net\/cotedivoire\/economie\/securite-sociale-inclusive-pour-5-millions-de-travailleurs#respond\"]}]},{\"@type\":\"WebPage\",\"@id\":\"https:\/\/www.africa-press.net\/cotedivoire\/economie\/securite-sociale-inclusive-pour-5-millions-de-travailleurs\",\"url\":\"https:\/\/www.africa-press.net\/cotedivoire\/economie\/securite-sociale-inclusive-pour-5-millions-de-travailleurs\",\"name\":\"S\u00e9curit\u00e9 Sociale Inclusive Pour 5 Millions de Travailleurs - C\u00f4te d&#039;Ivoire\",\"isPartOf\":{\"@id\":\"https:\/\/www.africa-press.net\/cotedivoire\/#website\"},\"primaryImageOfPage\":{\"@id\":\"https:\/\/www.africa-press.net\/cotedivoire\/economie\/securite-sociale-inclusive-pour-5-millions-de-travailleurs#primaryimage\"},\"image\":{\"@id\":\"https:\/\/www.africa-press.net\/cotedivoire\/economie\/securite-sociale-inclusive-pour-5-millions-de-travailleurs#primaryimage\"},\"thumbnailUrl\":\"https:\/\/static.africa-press.net\/cote\/sites\/43\/2025\/12\/sm_1764767419.457825.jpg\",\"datePublished\":\"2025-12-03T16:21:55+00:00\",\"dateModified\":\"2025-12-03T16:40:49+00:00\",\"author\":{\"@id\":\"https:\/\/www.africa-press.net\/cotedivoire\/#\/schema\/person\/2b1cf3cd81a31e3cd26889ca66d677f1\"},\"description\":\"Mardi 2 de\u0301cembre 2025, a\u0300 la Primature, le Gouvernement ivoirien a proce\u0301de\u0301 au lancement officiel du Programme d\u2019Inves ...\",\"breadcrumb\":{\"@id\":\"https:\/\/www.africa-press.net\/cotedivoire\/economie\/securite-sociale-inclusive-pour-5-millions-de-travailleurs#breadcrumb\"},\"inLanguage\":\"fr-FR\",\"potentialAction\":[{\"@type\":\"ReadAction\",\"target\":[\"https:\/\/www.africa-press.net\/cotedivoire\/economie\/securite-sociale-inclusive-pour-5-millions-de-travailleurs\"]}]},{\"@type\":\"ImageObject\",\"inLanguage\":\"fr-FR\",\"@id\":\"https:\/\/www.africa-press.net\/cotedivoire\/economie\/securite-sociale-inclusive-pour-5-millions-de-travailleurs#primaryimage\",\"url\":\"https:\/\/static.africa-press.net\/cote\/sites\/43\/2025\/12\/sm_1764767419.457825.jpg\",\"contentUrl\":\"https:\/\/static.africa-press.net\/cote\/sites\/43\/2025\/12\/sm_1764767419.457825.jpg\",\"width\":720,\"height\":480,\"caption\":\"S\u00e9curit\u00e9 Sociale Inclusive Pour 5 Millions de Travailleurs\"},{\"@type\":\"BreadcrumbList\",\"@id\":\"https:\/\/www.africa-press.net\/cotedivoire\/economie\/securite-sociale-inclusive-pour-5-millions-de-travailleurs#breadcrumb\",\"itemListElement\":[{\"@type\":\"ListItem\",\"position\":1,\"name\":\"Accueil\",\"item\":\"https:\/\/www.africa-press.net\/cotedivoire\/\"},{\"@type\":\"ListItem\",\"position\":2,\"name\":\"S\u00e9curit\u00e9 Sociale Inclusive Pour 5 Millions de Travailleurs\"}]},{\"@type\":\"WebSite\",\"@id\":\"https:\/\/www.africa-press.net\/cotedivoire\/#website\",\"url\":\"https:\/\/www.africa-press.net\/cotedivoire\/\",\"name\":\"C\u00f4te d&#039;Ivoire\",\"description\":\"Just another Africa News Agency Sites site\",\"potentialAction\":[{\"@type\":\"SearchAction\",\"target\":{\"@type\":\"EntryPoint\",\"urlTemplate\":\"https:\/\/www.africa-press.net\/cotedivoire\/?s={search_term_string}\"},\"query-input\":{\"@type\":\"PropertyValueSpecification\",\"valueRequired\":true,\"valueName\":\"search_term_string\"}}],\"inLanguage\":\"fr-FR\"},{\"@type\":\"Person\",\"@id\":\"https:\/\/www.africa-press.net\/cotedivoire\/#\/schema\/person\/2b1cf3cd81a31e3cd26889ca66d677f1\",\"name\":\"cfeditorfr\"}]}<\/script>\n<!-- \/ Yoast SEO Premium plugin. -->","yoast_head_json":{"title":"S\u00e9curit\u00e9 Sociale Inclusive Pour 5 Millions de Travailleurs - C\u00f4te d&#039;Ivoire","description":"Mardi 2 de\u0301cembre 2025, a\u0300 la Primature, le Gouvernement ivoirien a proce\u0301de\u0301 au lancement officiel du Programme d\u2019Inves ...","robots":{"index":"index","follow":"follow","max-snippet":"max-snippet:-1","max-image-preview":"max-image-preview:large","max-video-preview":"max-video-preview:-1"},"canonical":"https:\/\/www.africa-press.net\/cotedivoire\/economie\/securite-sociale-inclusive-pour-5-millions-de-travailleurs","og_locale":"fr_FR","og_type":"article","og_title":"S\u00e9curit\u00e9 Sociale Inclusive Pour 5 Millions de Travailleurs","og_description":"Mardi 2 de\u0301cembre 2025, a\u0300 la Primature, le Gouvernement ivoirien a proce\u0301de\u0301 au lancement officiel du Programme d\u2019Inves ...","og_url":"https:\/\/www.africa-press.net\/cotedivoire\/economie\/securite-sociale-inclusive-pour-5-millions-de-travailleurs","og_site_name":"C\u00f4te d&#039;Ivoire","article_published_time":"2025-12-03T16:21:55+00:00","article_modified_time":"2025-12-03T16:40:49+00:00","og_image":[{"width":720,"height":480,"url":"https:\/\/static.africa-press.net\/cote\/sites\/43\/2025\/12\/sm_1764767419.457825.jpg","type":"image\/jpeg"}],"author":"cfeditorfr","twitter_card":"summary_large_image","twitter_misc":{"\u00c9crit par":"cfeditorfr","Dur\u00e9e de lecture estim\u00e9e":"5 minutes"},"schema":{"@context":"https:\/\/schema.org","@graph":[{"@type":"Article","@id":"https:\/\/www.africa-press.net\/cotedivoire\/economie\/securite-sociale-inclusive-pour-5-millions-de-travailleurs#article","isPartOf":{"@id":"https:\/\/www.africa-press.net\/cotedivoire\/economie\/securite-sociale-inclusive-pour-5-millions-de-travailleurs"},"author":{"name":"cfeditorfr","@id":"https:\/\/www.africa-press.net\/cotedivoire\/#\/schema\/person\/2b1cf3cd81a31e3cd26889ca66d677f1"},"headline":"S\u00e9curit\u00e9 Sociale Inclusive Pour 5 Millions de Travailleurs","datePublished":"2025-12-03T16:21:55+00:00","dateModified":"2025-12-03T16:40:49+00:00","mainEntityOfPage":{"@id":"https:\/\/www.africa-press.net\/cotedivoire\/economie\/securite-sociale-inclusive-pour-5-millions-de-travailleurs"},"wordCount":958,"commentCount":0,"image":{"@id":"https:\/\/www.africa-press.net\/cotedivoire\/economie\/securite-sociale-inclusive-pour-5-millions-de-travailleurs#primaryimage"},"thumbnailUrl":"https:\/\/static.africa-press.net\/cote\/sites\/43\/2025\/12\/sm_1764767419.457825.jpg","keywords":["Adama Kamara","agriculture","Beugr\u00e9 Mamb\u00e9","C\u00d4TE D'IVOIRE","FAO","Gouvernement","informel","PIPS","Protection","secteur","sociale"],"articleSection":["\u00c9conomie","Toutes les actualit\u00e9s"],"inLanguage":"fr-FR","potentialAction":[{"@type":"CommentAction","name":"Comment","target":["https:\/\/www.africa-press.net\/cotedivoire\/economie\/securite-sociale-inclusive-pour-5-millions-de-travailleurs#respond"]}]},{"@type":"WebPage","@id":"https:\/\/www.africa-press.net\/cotedivoire\/economie\/securite-sociale-inclusive-pour-5-millions-de-travailleurs","url":"https:\/\/www.africa-press.net\/cotedivoire\/economie\/securite-sociale-inclusive-pour-5-millions-de-travailleurs","name":"S\u00e9curit\u00e9 Sociale Inclusive Pour 5 Millions de Travailleurs - C\u00f4te d&#039;Ivoire","isPartOf":{"@id":"https:\/\/www.africa-press.net\/cotedivoire\/#website"},"primaryImageOfPage":{"@id":"https:\/\/www.africa-press.net\/cotedivoire\/economie\/securite-sociale-inclusive-pour-5-millions-de-travailleurs#primaryimage"},"image":{"@id":"https:\/\/www.africa-press.net\/cotedivoire\/economie\/securite-sociale-inclusive-pour-5-millions-de-travailleurs#primaryimage"},"thumbnailUrl":"https:\/\/static.africa-press.net\/cote\/sites\/43\/2025\/12\/sm_1764767419.457825.jpg","datePublished":"2025-12-03T16:21:55+00:00","dateModified":"2025-12-03T16:40:49+00:00","author":{"@id":"https:\/\/www.africa-press.net\/cotedivoire\/#\/schema\/person\/2b1cf3cd81a31e3cd26889ca66d677f1"},"description":"Mardi 2 de\u0301cembre 2025, a\u0300 la Primature, le Gouvernement ivoirien a proce\u0301de\u0301 au lancement officiel du Programme d\u2019Inves ...","breadcrumb":{"@id":"https:\/\/www.africa-press.net\/cotedivoire\/economie\/securite-sociale-inclusive-pour-5-millions-de-travailleurs#breadcrumb"},"inLanguage":"fr-FR","potentialAction":[{"@type":"ReadAction","target":["https:\/\/www.africa-press.net\/cotedivoire\/economie\/securite-sociale-inclusive-pour-5-millions-de-travailleurs"]}]},{"@type":"ImageObject","inLanguage":"fr-FR","@id":"https:\/\/www.africa-press.net\/cotedivoire\/economie\/securite-sociale-inclusive-pour-5-millions-de-travailleurs#primaryimage","url":"https:\/\/static.africa-press.net\/cote\/sites\/43\/2025\/12\/sm_1764767419.457825.jpg","contentUrl":"https:\/\/static.africa-press.net\/cote\/sites\/43\/2025\/12\/sm_1764767419.457825.jpg","width":720,"height":480,"caption":"S\u00e9curit\u00e9 Sociale Inclusive Pour 5 Millions de Travailleurs"},{"@type":"BreadcrumbList","@id":"https:\/\/www.africa-press.net\/cotedivoire\/economie\/securite-sociale-inclusive-pour-5-millions-de-travailleurs#breadcrumb","itemListElement":[{"@type":"ListItem","position":1,"name":"Accueil","item":"https:\/\/www.africa-press.net\/cotedivoire\/"},{"@type":"ListItem","position":2,"name":"S\u00e9curit\u00e9 Sociale Inclusive Pour 5 Millions de Travailleurs"}]},{"@type":"WebSite","@id":"https:\/\/www.africa-press.net\/cotedivoire\/#website","url":"https:\/\/www.africa-press.net\/cotedivoire\/","name":"C\u00f4te d&#039;Ivoire","description":"Just another Africa News Agency Sites site","potentialAction":[{"@type":"SearchAction","target":{"@type":"EntryPoint","urlTemplate":"https:\/\/www.africa-press.net\/cotedivoire\/?s={search_term_string}"},"query-input":{"@type":"PropertyValueSpecification","valueRequired":true,"valueName":"search_term_string"}}],"inLanguage":"fr-FR"},{"@type":"Person","@id":"https:\/\/www.africa-press.net\/cotedivoire\/#\/schema\/person\/2b1cf3cd81a31e3cd26889ca66d677f1","name":"cfeditorfr"}]}},"_links":{"self":[{"href":"https:\/\/www.africa-press.net\/cotedivoire\/wp-json\/wp\/v2\/posts\/109740","targetHints":{"allow":["GET"]}}],"collection":[{"href":"https:\/\/www.africa-press.net\/cotedivoire\/wp-json\/wp\/v2\/posts"}],"about":[{"href":"https:\/\/www.africa-press.net\/cotedivoire\/wp-json\/wp\/v2\/types\/post"}],"author":[{"embeddable":true,"href":"https:\/\/www.africa-press.net\/cotedivoire\/wp-json\/wp\/v2\/users\/82"}],"replies":[{"embeddable":true,"href":"https:\/\/www.africa-press.net\/cotedivoire\/wp-json\/wp\/v2\/comments?post=109740"}],"version-history":[{"count":0,"href":"https:\/\/www.africa-press.net\/cotedivoire\/wp-json\/wp\/v2\/posts\/109740\/revisions"}],"wp:featuredmedia":[{"embeddable":true,"href":"https:\/\/www.africa-press.net\/cotedivoire\/wp-json\/wp\/v2\/media\/109738"}],"wp:attachment":[{"href":"https:\/\/www.africa-press.net\/cotedivoire\/wp-json\/wp\/v2\/media?parent=109740"}],"wp:term":[{"taxonomy":"category","embeddable":true,"href":"https:\/\/www.africa-press.net\/cotedivoire\/wp-json\/wp\/v2\/categories?post=109740"},{"taxonomy":"post_tag","embeddable":true,"href":"https:\/\/www.africa-press.net\/cotedivoire\/wp-json\/wp\/v2\/tags?post=109740"}],"curies":[{"name":"wp","href":"https:\/\/api.w.org\/{rel}","templated":true}]}}