{"id":109771,"date":"2025-12-04T19:43:13","date_gmt":"2025-12-04T19:43:13","guid":{"rendered":"https:\/\/www.africa-press.net\/cotedivoire\/politique\/can-2025-televisions-africaines-contre-la-caf"},"modified":"2025-12-04T20:14:12","modified_gmt":"2025-12-04T20:14:12","slug":"can-2025-televisions-africaines-contre-la-caf","status":"publish","type":"post","link":"https:\/\/www.africa-press.net\/cotedivoire\/sports\/can-2025-televisions-africaines-contre-la-caf","title":{"rendered":"CAN 2025: Te\u0301le\u0301visions Africaines Contre la CAF"},"content":{"rendered":"<p><span style=\"color: #ff6600\"><strong>Africa-Press &#8211; C\u00f4te d&rsquo;Ivoire. <\/strong><\/span>A\u0300 quelques mois du de\u0301but de la Coupe d\u2019Afrique des Nations 2025, pre\u0301vue au Maroc, une vive pole\u0301mique secoue de\u0301ja\u0300 le continent. Les te\u0301le\u0301visions publiques et prive\u0301es gratuites africaines de\u0301noncent une de\u0301cision juge\u0301e \u00ab injuste \u00bb et \u00ab dangereuse \u00bb de la Confe\u0301de\u0301ration africaine de football (CAF), qui bouleverse en profondeur le mode\u0300le historique de diffusion du tournoi.<\/p>\n<p>Pour la premie\u0300re fois depuis la cre\u0301ation de la CAN, les chai\u0302nes nationales africaines ne se seraient vu proposer la diffusion que de 32 matchs sur les 52 pre\u0301vus. A\u0300 ce stade, seule la chai\u0302ne publique sud-africaine SABC aurait obtenu l\u2019autorisation de diffuser l\u2019inte\u0301gralite\u0301 de la compe\u0301tition.<\/p>\n<p>Cette restriction est ve\u0301cue comme une rupture majeure avec la tradition d\u2019acce\u0300s universel au tournoi, jusque-la\u0300 inte\u0301gralement retransmis par les te\u0301le\u0301visions publiques africaines.<\/p>\n<p>Le collectif des te\u0301le\u0301visions publiques et prive\u0301es gratuites d\u2019Afrique de\u0301nonce un nouveau mode\u0300le e\u0301conomique que la CAF tenterait d\u2019imposer. Selon ce collectif, la confe\u0301de\u0301ration aurait accorde\u0301 l\u2019exclusivite\u0301 des 52 matchs a\u0300 Canal+, chai\u0302ne payante franc\u0327aise, au de\u0301triment des diffuseurs africains assurant un service public gratuit.<\/p>\n<p>Dans un communique\u0301 publie\u0301 le 22 novembre 2025 a\u0300 Lome\u0301, les repre\u0301sentants des te\u0301le\u0301visions nationales affirment: \u00ab Il est e\u0301conomiquement ine\u0301quitable d\u2019imposer un mode\u0300le calque\u0301 sur la FIFA ou l\u2019UEFA, alors que la CAN est largement finance\u0301e par les E\u0301tats africains. Privatiser ainsi l\u2019acce\u0300s a\u0300 un e\u0301ve\u0301nement finance\u0301 par le contribuable est inacceptable. \u00bb<\/p>\n<p>Ils rappellent que les infrastructures, les e\u0301quipements, la pre\u0301paration des se\u0301lections, l\u2019encadrement technique ou encore les primes des joueurs sont largement finance\u0301s par les budgets publics.<\/p>\n<p>Re\u0301unis a\u0300 Lome\u0301 pour une session extraordinaire, les directeurs ge\u0301ne\u0301raux des chai\u0302nes publiques et prive\u0301es francophones et anglophones ont de\u0301signe\u0301 Papa Ale\u0301 Niang, directeur ge\u0301ne\u0301ral de la RTS (Se\u0301ne\u0301gal), comme porte-parole du mouvement. Celui-ci a imme\u0301diatement lance\u0301 une vaste offensive me\u0301diatique visant a\u0300 \u00ab de\u0301fendre l\u2019e\u0301quite\u0301 et la dignite\u0301 des me\u0301dias africains \u00bb.<\/p>\n<p>Selon les participants, la de\u0301cision de la CAF risque surtout de priver les populations africaines de matchs cle\u0301s, dont la moitie\u0301 des huitie\u0300mes, des quarts et des demi-finales.<\/p>\n<p>Les te\u0301le\u0301visions africaines exigent le retour au mode\u0300le traditionnel de diffusion: \u00ab Nous demandons le re\u0301tablissement du principe d\u2019acce\u0300s universel a\u0300 l\u2019inte\u0301gralite\u0301 de la CAN pour les te\u0301le\u0301visions nationales publiques ou prive\u0301es gratuites \u00bb, peut-on lire dans le communique\u0301.<\/p>\n<p>Les dirigeants de\u0301noncent une \u00ab marginalisation des couches populaires \u00bb, une \u00ab atteinte a\u0300 l\u2019e\u0301galite\u0301 d\u2019acce\u0300s a\u0300 un bien commun \u00bb et une \u00ab ne\u0301gation du ro\u0302le du service public \u00bb.<\/p>\n<p>La de\u0301cision de la CAF pourrait profonde\u0301ment transformer l\u2019expe\u0301rience des millions de supporters africains, souvent incapables financie\u0300rement de s\u2019abonner a\u0300 une chai\u0302ne payante. Beaucoup y voient un e\u0301loignement entre le football continental et ses fans, pourtant au c\u0153ur de la magie de la CAN.<\/p>\n<p>Pour les de\u0301tracteurs, cette privatisation progressive de la compe\u0301tition re\u0301duit la CAN a\u0300 un simple produit marchand: \u00ab La CAN, ce n\u2019est pas seulement du business. C\u2019est une fe\u0302te populaire, un moment de communion ou\u0300 tout un continent vit au rythme du football \u00bb, rappelle un analyste sportif africain.<\/p>\n<p>Face a\u0300 la grogne grandissante, les dirigeants de la CAF sont appele\u0301s a\u0300 reconside\u0301rer leur position afin de pre\u0301server l\u2019esprit de la compe\u0301tition: une ce\u0301le\u0301bration du sport, de l\u2019unite\u0301 et de la fierte\u0301 africaine.<\/p>\n<p><strong>Pour plus d&rsquo;informations et d&rsquo;analyses sur la <span style=\"color: #ff6600\">C\u00f4te d&rsquo;Ivoire<\/span>, suivez <span style=\"color: #ff6600\">Africa-Press<\/span><\/strong><\/p>\n","protected":false},"excerpt":{"rendered":"<p>Africa-Press &#8211; C\u00f4te d&rsquo;Ivoire. A\u0300 quelques mois du de\u0301but de la Coupe d\u2019Afrique des Nations 2025, pre\u0301vue au Maroc, une vive pole\u0301mique secoue de\u0301ja\u0300 le continent. Les te\u0301le\u0301visions publiques et prive\u0301es gratuites africaines de\u0301noncent une de\u0301cision juge\u0301e \u00ab injuste \u00bb et \u00ab dangereuse \u00bb de la Confe\u0301de\u0301ration africaine de football (CAF), qui bouleverse en profondeur [&hellip;]<\/p>\n","protected":false},"author":82,"featured_media":109770,"comment_status":"open","ping_status":"closed","sticky":false,"template":"","format":"standard","meta":{"footnotes":""},"categories":[6,10],"tags":[941,13587,5619,29,9595,7414,19704,19703,5521,13546,19706,19705],"class_list":["post-109771","post","type-post","status-publish","format-standard","has-post-thumbnail","hentry","category-sports","category-toutes-les-actualites","tag-caf","tag-can-2025","tag-canal-2","tag-cote-divoire","tag-diffusion","tag-droits-tv","tag-maroc-2025","tag-papa-ale-niang","tag-polemique","tag-service-public","tag-sport-africain","tag-televisions-africaines"],"yoast_head":"<!-- This site is optimized with the Yoast SEO Premium plugin v26.1 (Yoast SEO v27.0) - https:\/\/yoast.com\/product\/yoast-seo-premium-wordpress\/ -->\n<title>CAN 2025: Te\u0301le\u0301visions Africaines Contre la CAF - C\u00f4te d&#039;Ivoire<\/title>\n<meta name=\"description\" content=\"A\u0300 quelques mois du de\u0301but de la Coupe d\u2019Afrique des Nations 2025, pre\u0301vue au Maroc, une vive pole\u0301mique secoue de\u0301ja\u0300 l ...\" \/>\n<meta name=\"robots\" content=\"index, follow, max-snippet:-1, max-image-preview:large, max-video-preview:-1\" \/>\n<link rel=\"canonical\" href=\"https:\/\/www.africa-press.net\/cotedivoire\/sports\/can-2025-televisions-africaines-contre-la-caf\" \/>\n<meta property=\"og:locale\" content=\"fr_FR\" \/>\n<meta property=\"og:type\" content=\"article\" \/>\n<meta property=\"og:title\" content=\"CAN 2025: Te\u0301le\u0301visions Africaines Contre la CAF\" \/>\n<meta property=\"og:description\" content=\"A\u0300 quelques mois du de\u0301but de la Coupe d\u2019Afrique des Nations 2025, pre\u0301vue au Maroc, une vive pole\u0301mique secoue de\u0301ja\u0300 l ...\" \/>\n<meta property=\"og:url\" content=\"https:\/\/www.africa-press.net\/cotedivoire\/sports\/can-2025-televisions-africaines-contre-la-caf\" \/>\n<meta property=\"og:site_name\" content=\"C\u00f4te d&#039;Ivoire\" \/>\n<meta property=\"article:published_time\" content=\"2025-12-04T19:43:13+00:00\" \/>\n<meta property=\"article:modified_time\" content=\"2025-12-04T20:14:12+00:00\" \/>\n<meta property=\"og:image\" content=\"https:\/\/static.africa-press.net\/cote\/sites\/43\/2025\/12\/sm_1764866224.910797.jpg\" \/>\n\t<meta property=\"og:image:width\" content=\"720\" \/>\n\t<meta property=\"og:image:height\" content=\"429\" \/>\n\t<meta property=\"og:image:type\" content=\"image\/jpeg\" \/>\n<meta name=\"author\" content=\"cfeditorfr\" \/>\n<meta name=\"twitter:card\" content=\"summary_large_image\" \/>\n<meta name=\"twitter:label1\" content=\"\u00c9crit par\" \/>\n\t<meta name=\"twitter:data1\" content=\"cfeditorfr\" \/>\n\t<meta name=\"twitter:label2\" content=\"Dur\u00e9e de lecture estim\u00e9e\" \/>\n\t<meta name=\"twitter:data2\" content=\"3 minutes\" \/>\n<script type=\"application\/ld+json\" class=\"yoast-schema-graph\">{\"@context\":\"https:\/\/schema.org\",\"@graph\":[{\"@type\":\"Article\",\"@id\":\"https:\/\/www.africa-press.net\/cotedivoire\/sports\/can-2025-televisions-africaines-contre-la-caf#article\",\"isPartOf\":{\"@id\":\"https:\/\/www.africa-press.net\/cotedivoire\/sports\/can-2025-televisions-africaines-contre-la-caf\"},\"author\":{\"name\":\"cfeditorfr\",\"@id\":\"https:\/\/www.africa-press.net\/cotedivoire\/#\/schema\/person\/2b1cf3cd81a31e3cd26889ca66d677f1\"},\"headline\":\"CAN 2025: Te\u0301le\u0301visions Africaines Contre la CAF\",\"datePublished\":\"2025-12-04T19:43:13+00:00\",\"dateModified\":\"2025-12-04T20:14:12+00:00\",\"mainEntityOfPage\":{\"@id\":\"https:\/\/www.africa-press.net\/cotedivoire\/sports\/can-2025-televisions-africaines-contre-la-caf\"},\"wordCount\":658,\"commentCount\":0,\"image\":{\"@id\":\"https:\/\/www.africa-press.net\/cotedivoire\/sports\/can-2025-televisions-africaines-contre-la-caf#primaryimage\"},\"thumbnailUrl\":\"https:\/\/static.africa-press.net\/cote\/sites\/43\/2025\/12\/sm_1764866224.910797.jpg\",\"keywords\":[\"CAF\",\"CAN 2025\",\"Canal+\",\"C\u00d4TE D'IVOIRE\",\"diffusion\",\"droits TV\",\"Maroc 2025\",\"Papa Al\u00e9 Niang\",\"Pol\u00e9mique\",\"service public\",\"sport africain\",\"t\u00e9l\u00e9visions africaines\"],\"articleSection\":[\"Sports\",\"Toutes les actualit\u00e9s\"],\"inLanguage\":\"fr-FR\",\"potentialAction\":[{\"@type\":\"CommentAction\",\"name\":\"Comment\",\"target\":[\"https:\/\/www.africa-press.net\/cotedivoire\/sports\/can-2025-televisions-africaines-contre-la-caf#respond\"]}]},{\"@type\":\"WebPage\",\"@id\":\"https:\/\/www.africa-press.net\/cotedivoire\/sports\/can-2025-televisions-africaines-contre-la-caf\",\"url\":\"https:\/\/www.africa-press.net\/cotedivoire\/sports\/can-2025-televisions-africaines-contre-la-caf\",\"name\":\"CAN 2025: Te\u0301le\u0301visions Africaines Contre la CAF - C\u00f4te d&#039;Ivoire\",\"isPartOf\":{\"@id\":\"https:\/\/www.africa-press.net\/cotedivoire\/#website\"},\"primaryImageOfPage\":{\"@id\":\"https:\/\/www.africa-press.net\/cotedivoire\/sports\/can-2025-televisions-africaines-contre-la-caf#primaryimage\"},\"image\":{\"@id\":\"https:\/\/www.africa-press.net\/cotedivoire\/sports\/can-2025-televisions-africaines-contre-la-caf#primaryimage\"},\"thumbnailUrl\":\"https:\/\/static.africa-press.net\/cote\/sites\/43\/2025\/12\/sm_1764866224.910797.jpg\",\"datePublished\":\"2025-12-04T19:43:13+00:00\",\"dateModified\":\"2025-12-04T20:14:12+00:00\",\"author\":{\"@id\":\"https:\/\/www.africa-press.net\/cotedivoire\/#\/schema\/person\/2b1cf3cd81a31e3cd26889ca66d677f1\"},\"description\":\"A\u0300 quelques mois du de\u0301but de la Coupe d\u2019Afrique des Nations 2025, pre\u0301vue au Maroc, une vive pole\u0301mique secoue de\u0301ja\u0300 l ...\",\"breadcrumb\":{\"@id\":\"https:\/\/www.africa-press.net\/cotedivoire\/sports\/can-2025-televisions-africaines-contre-la-caf#breadcrumb\"},\"inLanguage\":\"fr-FR\",\"potentialAction\":[{\"@type\":\"ReadAction\",\"target\":[\"https:\/\/www.africa-press.net\/cotedivoire\/sports\/can-2025-televisions-africaines-contre-la-caf\"]}]},{\"@type\":\"ImageObject\",\"inLanguage\":\"fr-FR\",\"@id\":\"https:\/\/www.africa-press.net\/cotedivoire\/sports\/can-2025-televisions-africaines-contre-la-caf#primaryimage\",\"url\":\"https:\/\/static.africa-press.net\/cote\/sites\/43\/2025\/12\/sm_1764866224.910797.jpg\",\"contentUrl\":\"https:\/\/static.africa-press.net\/cote\/sites\/43\/2025\/12\/sm_1764866224.910797.jpg\",\"width\":720,\"height\":429,\"caption\":\"CAN 2025: Te\u0301le\u0301visions Africaines Contre la CAF\"},{\"@type\":\"BreadcrumbList\",\"@id\":\"https:\/\/www.africa-press.net\/cotedivoire\/sports\/can-2025-televisions-africaines-contre-la-caf#breadcrumb\",\"itemListElement\":[{\"@type\":\"ListItem\",\"position\":1,\"name\":\"Accueil\",\"item\":\"https:\/\/www.africa-press.net\/cotedivoire\/\"},{\"@type\":\"ListItem\",\"position\":2,\"name\":\"CAN 2025: Te\u0301le\u0301visions Africaines Contre la CAF\"}]},{\"@type\":\"WebSite\",\"@id\":\"https:\/\/www.africa-press.net\/cotedivoire\/#website\",\"url\":\"https:\/\/www.africa-press.net\/cotedivoire\/\",\"name\":\"C\u00f4te d&#039;Ivoire\",\"description\":\"Just another Africa News Agency Sites site\",\"potentialAction\":[{\"@type\":\"SearchAction\",\"target\":{\"@type\":\"EntryPoint\",\"urlTemplate\":\"https:\/\/www.africa-press.net\/cotedivoire\/?s={search_term_string}\"},\"query-input\":{\"@type\":\"PropertyValueSpecification\",\"valueRequired\":true,\"valueName\":\"search_term_string\"}}],\"inLanguage\":\"fr-FR\"},{\"@type\":\"Person\",\"@id\":\"https:\/\/www.africa-press.net\/cotedivoire\/#\/schema\/person\/2b1cf3cd81a31e3cd26889ca66d677f1\",\"name\":\"cfeditorfr\"}]}<\/script>\n<!-- \/ Yoast SEO Premium plugin. -->","yoast_head_json":{"title":"CAN 2025: Te\u0301le\u0301visions Africaines Contre la CAF - C\u00f4te d&#039;Ivoire","description":"A\u0300 quelques mois du de\u0301but de la Coupe d\u2019Afrique des Nations 2025, pre\u0301vue au Maroc, une vive pole\u0301mique secoue de\u0301ja\u0300 l ...","robots":{"index":"index","follow":"follow","max-snippet":"max-snippet:-1","max-image-preview":"max-image-preview:large","max-video-preview":"max-video-preview:-1"},"canonical":"https:\/\/www.africa-press.net\/cotedivoire\/sports\/can-2025-televisions-africaines-contre-la-caf","og_locale":"fr_FR","og_type":"article","og_title":"CAN 2025: Te\u0301le\u0301visions Africaines Contre la CAF","og_description":"A\u0300 quelques mois du de\u0301but de la Coupe d\u2019Afrique des Nations 2025, pre\u0301vue au Maroc, une vive pole\u0301mique secoue de\u0301ja\u0300 l ...","og_url":"https:\/\/www.africa-press.net\/cotedivoire\/sports\/can-2025-televisions-africaines-contre-la-caf","og_site_name":"C\u00f4te d&#039;Ivoire","article_published_time":"2025-12-04T19:43:13+00:00","article_modified_time":"2025-12-04T20:14:12+00:00","og_image":[{"width":720,"height":429,"url":"https:\/\/static.africa-press.net\/cote\/sites\/43\/2025\/12\/sm_1764866224.910797.jpg","type":"image\/jpeg"}],"author":"cfeditorfr","twitter_card":"summary_large_image","twitter_misc":{"\u00c9crit par":"cfeditorfr","Dur\u00e9e de lecture estim\u00e9e":"3 minutes"},"schema":{"@context":"https:\/\/schema.org","@graph":[{"@type":"Article","@id":"https:\/\/www.africa-press.net\/cotedivoire\/sports\/can-2025-televisions-africaines-contre-la-caf#article","isPartOf":{"@id":"https:\/\/www.africa-press.net\/cotedivoire\/sports\/can-2025-televisions-africaines-contre-la-caf"},"author":{"name":"cfeditorfr","@id":"https:\/\/www.africa-press.net\/cotedivoire\/#\/schema\/person\/2b1cf3cd81a31e3cd26889ca66d677f1"},"headline":"CAN 2025: Te\u0301le\u0301visions Africaines Contre la CAF","datePublished":"2025-12-04T19:43:13+00:00","dateModified":"2025-12-04T20:14:12+00:00","mainEntityOfPage":{"@id":"https:\/\/www.africa-press.net\/cotedivoire\/sports\/can-2025-televisions-africaines-contre-la-caf"},"wordCount":658,"commentCount":0,"image":{"@id":"https:\/\/www.africa-press.net\/cotedivoire\/sports\/can-2025-televisions-africaines-contre-la-caf#primaryimage"},"thumbnailUrl":"https:\/\/static.africa-press.net\/cote\/sites\/43\/2025\/12\/sm_1764866224.910797.jpg","keywords":["CAF","CAN 2025","Canal+","C\u00d4TE D'IVOIRE","diffusion","droits TV","Maroc 2025","Papa Al\u00e9 Niang","Pol\u00e9mique","service public","sport africain","t\u00e9l\u00e9visions africaines"],"articleSection":["Sports","Toutes les actualit\u00e9s"],"inLanguage":"fr-FR","potentialAction":[{"@type":"CommentAction","name":"Comment","target":["https:\/\/www.africa-press.net\/cotedivoire\/sports\/can-2025-televisions-africaines-contre-la-caf#respond"]}]},{"@type":"WebPage","@id":"https:\/\/www.africa-press.net\/cotedivoire\/sports\/can-2025-televisions-africaines-contre-la-caf","url":"https:\/\/www.africa-press.net\/cotedivoire\/sports\/can-2025-televisions-africaines-contre-la-caf","name":"CAN 2025: Te\u0301le\u0301visions Africaines Contre la CAF - C\u00f4te d&#039;Ivoire","isPartOf":{"@id":"https:\/\/www.africa-press.net\/cotedivoire\/#website"},"primaryImageOfPage":{"@id":"https:\/\/www.africa-press.net\/cotedivoire\/sports\/can-2025-televisions-africaines-contre-la-caf#primaryimage"},"image":{"@id":"https:\/\/www.africa-press.net\/cotedivoire\/sports\/can-2025-televisions-africaines-contre-la-caf#primaryimage"},"thumbnailUrl":"https:\/\/static.africa-press.net\/cote\/sites\/43\/2025\/12\/sm_1764866224.910797.jpg","datePublished":"2025-12-04T19:43:13+00:00","dateModified":"2025-12-04T20:14:12+00:00","author":{"@id":"https:\/\/www.africa-press.net\/cotedivoire\/#\/schema\/person\/2b1cf3cd81a31e3cd26889ca66d677f1"},"description":"A\u0300 quelques mois du de\u0301but de la Coupe d\u2019Afrique des Nations 2025, pre\u0301vue au Maroc, une vive pole\u0301mique secoue de\u0301ja\u0300 l ...","breadcrumb":{"@id":"https:\/\/www.africa-press.net\/cotedivoire\/sports\/can-2025-televisions-africaines-contre-la-caf#breadcrumb"},"inLanguage":"fr-FR","potentialAction":[{"@type":"ReadAction","target":["https:\/\/www.africa-press.net\/cotedivoire\/sports\/can-2025-televisions-africaines-contre-la-caf"]}]},{"@type":"ImageObject","inLanguage":"fr-FR","@id":"https:\/\/www.africa-press.net\/cotedivoire\/sports\/can-2025-televisions-africaines-contre-la-caf#primaryimage","url":"https:\/\/static.africa-press.net\/cote\/sites\/43\/2025\/12\/sm_1764866224.910797.jpg","contentUrl":"https:\/\/static.africa-press.net\/cote\/sites\/43\/2025\/12\/sm_1764866224.910797.jpg","width":720,"height":429,"caption":"CAN 2025: Te\u0301le\u0301visions Africaines Contre la CAF"},{"@type":"BreadcrumbList","@id":"https:\/\/www.africa-press.net\/cotedivoire\/sports\/can-2025-televisions-africaines-contre-la-caf#breadcrumb","itemListElement":[{"@type":"ListItem","position":1,"name":"Accueil","item":"https:\/\/www.africa-press.net\/cotedivoire\/"},{"@type":"ListItem","position":2,"name":"CAN 2025: Te\u0301le\u0301visions Africaines Contre la CAF"}]},{"@type":"WebSite","@id":"https:\/\/www.africa-press.net\/cotedivoire\/#website","url":"https:\/\/www.africa-press.net\/cotedivoire\/","name":"C\u00f4te d&#039;Ivoire","description":"Just another Africa News Agency Sites site","potentialAction":[{"@type":"SearchAction","target":{"@type":"EntryPoint","urlTemplate":"https:\/\/www.africa-press.net\/cotedivoire\/?s={search_term_string}"},"query-input":{"@type":"PropertyValueSpecification","valueRequired":true,"valueName":"search_term_string"}}],"inLanguage":"fr-FR"},{"@type":"Person","@id":"https:\/\/www.africa-press.net\/cotedivoire\/#\/schema\/person\/2b1cf3cd81a31e3cd26889ca66d677f1","name":"cfeditorfr"}]}},"_links":{"self":[{"href":"https:\/\/www.africa-press.net\/cotedivoire\/wp-json\/wp\/v2\/posts\/109771","targetHints":{"allow":["GET"]}}],"collection":[{"href":"https:\/\/www.africa-press.net\/cotedivoire\/wp-json\/wp\/v2\/posts"}],"about":[{"href":"https:\/\/www.africa-press.net\/cotedivoire\/wp-json\/wp\/v2\/types\/post"}],"author":[{"embeddable":true,"href":"https:\/\/www.africa-press.net\/cotedivoire\/wp-json\/wp\/v2\/users\/82"}],"replies":[{"embeddable":true,"href":"https:\/\/www.africa-press.net\/cotedivoire\/wp-json\/wp\/v2\/comments?post=109771"}],"version-history":[{"count":0,"href":"https:\/\/www.africa-press.net\/cotedivoire\/wp-json\/wp\/v2\/posts\/109771\/revisions"}],"wp:featuredmedia":[{"embeddable":true,"href":"https:\/\/www.africa-press.net\/cotedivoire\/wp-json\/wp\/v2\/media\/109770"}],"wp:attachment":[{"href":"https:\/\/www.africa-press.net\/cotedivoire\/wp-json\/wp\/v2\/media?parent=109771"}],"wp:term":[{"taxonomy":"category","embeddable":true,"href":"https:\/\/www.africa-press.net\/cotedivoire\/wp-json\/wp\/v2\/categories?post=109771"},{"taxonomy":"post_tag","embeddable":true,"href":"https:\/\/www.africa-press.net\/cotedivoire\/wp-json\/wp\/v2\/tags?post=109771"}],"curies":[{"name":"wp","href":"https:\/\/api.w.org\/{rel}","templated":true}]}}