{"id":109789,"date":"2025-12-05T14:51:41","date_gmt":"2025-12-05T14:51:41","guid":{"rendered":"https:\/\/www.africa-press.net\/cotedivoire\/politique\/affaire-ambulances-parquees-a-la-fif-apres-can-2023"},"modified":"2025-12-05T15:32:50","modified_gmt":"2025-12-05T15:32:50","slug":"affaire-ambulances-parquees-a-la-fif-apres-can-2023","status":"publish","type":"post","link":"https:\/\/www.africa-press.net\/cotedivoire\/toutes-les-actualites\/affaire-ambulances-parquees-a-la-fif-apres-can-2023","title":{"rendered":"Affaire Ambulances Parqu\u00e9es \u00e0 la FIF Apr\u00e8s CAN 2023"},"content":{"rendered":"<p><span style=\"color: #ff6600\"><strong>Africa-Press &#8211; C\u00f4te d&rsquo;Ivoire. <\/strong><\/span>Pre\u0300s de deux ans apre\u0300s la Coupe d\u2019Afrique des Nations organise\u0301e avec succe\u0300s en Co\u0302te d\u2019Ivoire, une pre\u0301occupation refait surface: un stock d\u2019ambulances acquis pour la compe\u0301tition serait toujours immobilise\u0301 dans les locaux de la Fe\u0301de\u0301ration Ivoirienne de Football (FIF).<\/p>\n<p>Alors que de nombreux ho\u0302pitaux, notamment en zones rurales, tirent la sonnette d\u2019alarme face a\u0300 un manque criant de ve\u0301hicules me\u0301dicaux, la question de la gestion de ces engins suscite de vives interrogations.<\/p>\n<p>Interroge\u0301 a\u0300 l\u2019issue du Conseil des ministres de ce mercredi, le porte-parole du gouvernement et ministre de la Communication, Amadou Coulibaly, a re\u0301agi, appelant d\u2019abord a\u0300 clarifier le cadre juridique entourant ces ambulances.<\/p>\n<p>Face a\u0300 la question de savoir pourquoi ces ve\u0301hicules restent a\u0300 l\u2019arre\u0302t alors que les besoins sont urgents, Amadou Coulibaly a estime\u0301 qu\u2019il e\u0301tait indispensable de de\u0301terminer a\u0300 qui appartiennent ces ambulances.<\/p>\n<p>\u00ab Il faut de\u0301ja\u0300 savoir quel est le statut de ces ambulances. Comme c\u2019est maintenant que vous en parlez, e\u0301videmment, le ministre des Sports va certainement s\u2019en saisir, de me\u0302me que le ministre de la Sante\u0301, pour savoir quel est le statut de ces ambulances. \u00bb<\/p>\n<p>Le ministre a explique\u0301 que l\u2019usage ou la redistribution de ces engins de\u0301pendra strictement de leur proprie\u0301taire le\u0301gal.<\/p>\n<p>Amadou Coulibaly a de\u0301taille\u0301 les deux possibilite\u0301s. Selon lui, si les ambulances appartiennent a\u0300 la FIF, dans ce cas, la Fe\u0301de\u0301ration Ivoirienne de Football est seule responsable de leur gestion et de leur e\u0301ventuel transfert.<\/p>\n<p>\u00ab Sont-elles la proprie\u0301te\u0301 de la FIF? Dans ces conditions, c\u2019est elle qui devra se charger de leur remise aux e\u0301ventuels proprie\u0301taires qu\u2019elle aura identifie\u0301s. \u00bb<\/p>\n<p>Si les ambulances appartiennent a\u0300 l\u2019E\u0301tat, le ministre estime alors qu\u2019il serait surprenant qu\u2019elles aient e\u0301te\u0301 stationne\u0301es a\u0300 la FIF.<\/p>\n<p>\u00ab Sont-elles la proprie\u0301te\u0301 de l\u2019E\u0301tat? Dans ces conditions, je ne pense pas que c\u2019est a\u0300 la FIF qu\u2019elles auraient e\u0301te\u0301 gare\u0301es. \u00bb<\/p>\n<p>Tout en reconnaissant ne pas disposer des informations ne\u0301cessaires pour re\u0301pondre pre\u0301cise\u0301ment, Amadou Coulibaly a juge\u0301 l\u2019interpellation pertinente: \u00ab Je n\u2019ai pas le statut de ces ambulances. Je ne peux donc pas vous re\u0301pondre. Mais c\u2019est bien d\u2019appeler l\u2019attention de l\u2019opinion dessus. \u00bb<\/p>\n<p>Le ministre a assure\u0301 que les de\u0301partements concerne\u0301s s\u2019attelleront rapidement a\u0300 clarifier la situation.<\/p>\n<p>\u00ab Je suis persuade\u0301 que mes colle\u0300gues de la Sante\u0301 et des Sports se saisiront de cette question. \u00bb<\/p>\n<p>La proble\u0301matique de ces ambulances non utilise\u0301es intervient dans un contexte ou\u0300 plusieurs centres de sante\u0301, surtout en zones e\u0301loigne\u0301es, manquent de ve\u0301hicules pour assurer les e\u0301vacuations me\u0301dicales, entrai\u0302nant parfois des retards critiques dans la prise en charge des patients.<\/p>\n<p>La lumie\u0300re sur le statut de ces ambulances pourrait donc constituer une e\u0301tape de\u0301terminante pour renforcer les capacite\u0301s du syste\u0300me de sante\u0301 ivoirien.<\/p>\n<p><strong>Pour plus d&rsquo;informations et d&rsquo;analyses sur la <span style=\"color: #ff6600\">C\u00f4te d&rsquo;Ivoire<\/span>, suivez <span style=\"color: #ff6600\">Africa-Press<\/span><\/strong><\/p>\n","protected":false},"excerpt":{"rendered":"<p>Africa-Press &#8211; C\u00f4te d&rsquo;Ivoire. Pre\u0300s de deux ans apre\u0300s la Coupe d\u2019Afrique des Nations organise\u0301e avec succe\u0300s en Co\u0302te d\u2019Ivoire, une pre\u0301occupation refait surface: un stock d\u2019ambulances acquis pour la compe\u0301tition serait toujours immobilise\u0301 dans les locaux de la Fe\u0301de\u0301ration Ivoirienne de Football (FIF). Alors que de nombreux ho\u0302pitaux, notamment en zones rurales, tirent la [&hellip;]<\/p>\n","protected":false},"author":82,"featured_media":109788,"comment_status":"open","ping_status":"closed","sticky":false,"template":"","format":"standard","meta":{"footnotes":""},"categories":[21,10],"tags":[456,12665,2113,1744,29,859,762,19436,7257,1338,142,1516],"class_list":["post-109789","post","type-post","status-publish","format-standard","has-post-thumbnail","hentry","category-communaute","category-toutes-les-actualites","tag-amadou-coulibaly","tag-ambulances","tag-can-2023","tag-conseil","tag-cote-divoire","tag-fif","tag-gouvernement","tag-infrastructure","tag-ivoirienne","tag-ministres","tag-sante","tag-sports"],"yoast_head":"<!-- This site is optimized with the Yoast SEO Premium plugin v26.1 (Yoast SEO v27.0) - https:\/\/yoast.com\/product\/yoast-seo-premium-wordpress\/ -->\n<title>Affaire Ambulances Parqu\u00e9es \u00e0 la FIF Apr\u00e8s CAN 2023 - C\u00f4te d&#039;Ivoire<\/title>\n<meta name=\"description\" content=\"Pre\u0300s de deux ans apre\u0300s la Coupe d\u2019Afrique des Nations organise\u0301e avec succe\u0300s en Co\u0302te d\u2019Ivoire, une pre\u0301occupation re ...\" \/>\n<meta name=\"robots\" content=\"index, follow, max-snippet:-1, max-image-preview:large, max-video-preview:-1\" \/>\n<link rel=\"canonical\" href=\"https:\/\/www.africa-press.net\/cotedivoire\/toutes-les-actualites\/affaire-ambulances-parquees-a-la-fif-apres-can-2023\" \/>\n<meta property=\"og:locale\" content=\"fr_FR\" \/>\n<meta property=\"og:type\" content=\"article\" \/>\n<meta property=\"og:title\" content=\"Affaire Ambulances Parqu\u00e9es \u00e0 la FIF Apr\u00e8s CAN 2023\" \/>\n<meta property=\"og:description\" content=\"Pre\u0300s de deux ans apre\u0300s la Coupe d\u2019Afrique des Nations organise\u0301e avec succe\u0300s en Co\u0302te d\u2019Ivoire, une pre\u0301occupation re ...\" \/>\n<meta property=\"og:url\" content=\"https:\/\/www.africa-press.net\/cotedivoire\/toutes-les-actualites\/affaire-ambulances-parquees-a-la-fif-apres-can-2023\" \/>\n<meta property=\"og:site_name\" content=\"C\u00f4te d&#039;Ivoire\" \/>\n<meta property=\"article:published_time\" content=\"2025-12-05T14:51:41+00:00\" \/>\n<meta property=\"article:modified_time\" content=\"2025-12-05T15:32:50+00:00\" \/>\n<meta property=\"og:image\" content=\"https:\/\/static.africa-press.net\/cote\/sites\/43\/2025\/12\/sm_1764936083.827142.jpg\" \/>\n\t<meta property=\"og:image:width\" content=\"720\" \/>\n\t<meta property=\"og:image:height\" content=\"480\" \/>\n\t<meta property=\"og:image:type\" content=\"image\/jpeg\" \/>\n<meta name=\"author\" content=\"cfeditorfr\" \/>\n<meta name=\"twitter:card\" content=\"summary_large_image\" \/>\n<meta name=\"twitter:label1\" content=\"\u00c9crit par\" \/>\n\t<meta name=\"twitter:data1\" content=\"cfeditorfr\" \/>\n\t<meta name=\"twitter:label2\" content=\"Dur\u00e9e de lecture estim\u00e9e\" \/>\n\t<meta name=\"twitter:data2\" content=\"3 minutes\" \/>\n<script type=\"application\/ld+json\" class=\"yoast-schema-graph\">{\"@context\":\"https:\/\/schema.org\",\"@graph\":[{\"@type\":\"Article\",\"@id\":\"https:\/\/www.africa-press.net\/cotedivoire\/toutes-les-actualites\/affaire-ambulances-parquees-a-la-fif-apres-can-2023#article\",\"isPartOf\":{\"@id\":\"https:\/\/www.africa-press.net\/cotedivoire\/toutes-les-actualites\/affaire-ambulances-parquees-a-la-fif-apres-can-2023\"},\"author\":{\"name\":\"cfeditorfr\",\"@id\":\"https:\/\/www.africa-press.net\/cotedivoire\/#\/schema\/person\/2b1cf3cd81a31e3cd26889ca66d677f1\"},\"headline\":\"Affaire Ambulances Parqu\u00e9es \u00e0 la FIF Apr\u00e8s CAN 2023\",\"datePublished\":\"2025-12-05T14:51:41+00:00\",\"dateModified\":\"2025-12-05T15:32:50+00:00\",\"mainEntityOfPage\":{\"@id\":\"https:\/\/www.africa-press.net\/cotedivoire\/toutes-les-actualites\/affaire-ambulances-parquees-a-la-fif-apres-can-2023\"},\"wordCount\":551,\"commentCount\":0,\"image\":{\"@id\":\"https:\/\/www.africa-press.net\/cotedivoire\/toutes-les-actualites\/affaire-ambulances-parquees-a-la-fif-apres-can-2023#primaryimage\"},\"thumbnailUrl\":\"https:\/\/static.africa-press.net\/cote\/sites\/43\/2025\/12\/sm_1764936083.827142.jpg\",\"keywords\":[\"Amadou Coulibaly\",\"Ambulances\",\"CAN 2023\",\"Conseil\",\"C\u00d4TE D'IVOIRE\",\"FIF\",\"Gouvernement\",\"infrastructure\",\"ivoirienne\",\"ministres\",\"sant\u00e9\",\"Sports\"],\"articleSection\":[\"Communaut\u00e9\",\"Toutes les actualit\u00e9s\"],\"inLanguage\":\"fr-FR\",\"potentialAction\":[{\"@type\":\"CommentAction\",\"name\":\"Comment\",\"target\":[\"https:\/\/www.africa-press.net\/cotedivoire\/toutes-les-actualites\/affaire-ambulances-parquees-a-la-fif-apres-can-2023#respond\"]}]},{\"@type\":\"WebPage\",\"@id\":\"https:\/\/www.africa-press.net\/cotedivoire\/toutes-les-actualites\/affaire-ambulances-parquees-a-la-fif-apres-can-2023\",\"url\":\"https:\/\/www.africa-press.net\/cotedivoire\/toutes-les-actualites\/affaire-ambulances-parquees-a-la-fif-apres-can-2023\",\"name\":\"Affaire Ambulances Parqu\u00e9es \u00e0 la FIF Apr\u00e8s CAN 2023 - C\u00f4te d&#039;Ivoire\",\"isPartOf\":{\"@id\":\"https:\/\/www.africa-press.net\/cotedivoire\/#website\"},\"primaryImageOfPage\":{\"@id\":\"https:\/\/www.africa-press.net\/cotedivoire\/toutes-les-actualites\/affaire-ambulances-parquees-a-la-fif-apres-can-2023#primaryimage\"},\"image\":{\"@id\":\"https:\/\/www.africa-press.net\/cotedivoire\/toutes-les-actualites\/affaire-ambulances-parquees-a-la-fif-apres-can-2023#primaryimage\"},\"thumbnailUrl\":\"https:\/\/static.africa-press.net\/cote\/sites\/43\/2025\/12\/sm_1764936083.827142.jpg\",\"datePublished\":\"2025-12-05T14:51:41+00:00\",\"dateModified\":\"2025-12-05T15:32:50+00:00\",\"author\":{\"@id\":\"https:\/\/www.africa-press.net\/cotedivoire\/#\/schema\/person\/2b1cf3cd81a31e3cd26889ca66d677f1\"},\"description\":\"Pre\u0300s de deux ans apre\u0300s la Coupe d\u2019Afrique des Nations organise\u0301e avec succe\u0300s en Co\u0302te d\u2019Ivoire, une pre\u0301occupation re ...\",\"breadcrumb\":{\"@id\":\"https:\/\/www.africa-press.net\/cotedivoire\/toutes-les-actualites\/affaire-ambulances-parquees-a-la-fif-apres-can-2023#breadcrumb\"},\"inLanguage\":\"fr-FR\",\"potentialAction\":[{\"@type\":\"ReadAction\",\"target\":[\"https:\/\/www.africa-press.net\/cotedivoire\/toutes-les-actualites\/affaire-ambulances-parquees-a-la-fif-apres-can-2023\"]}]},{\"@type\":\"ImageObject\",\"inLanguage\":\"fr-FR\",\"@id\":\"https:\/\/www.africa-press.net\/cotedivoire\/toutes-les-actualites\/affaire-ambulances-parquees-a-la-fif-apres-can-2023#primaryimage\",\"url\":\"https:\/\/static.africa-press.net\/cote\/sites\/43\/2025\/12\/sm_1764936083.827142.jpg\",\"contentUrl\":\"https:\/\/static.africa-press.net\/cote\/sites\/43\/2025\/12\/sm_1764936083.827142.jpg\",\"width\":720,\"height\":480,\"caption\":\"Affaire Ambulances Parqu\u00e9es \u00e0 la FIF Apr\u00e8s CAN 2023\"},{\"@type\":\"BreadcrumbList\",\"@id\":\"https:\/\/www.africa-press.net\/cotedivoire\/toutes-les-actualites\/affaire-ambulances-parquees-a-la-fif-apres-can-2023#breadcrumb\",\"itemListElement\":[{\"@type\":\"ListItem\",\"position\":1,\"name\":\"Accueil\",\"item\":\"https:\/\/www.africa-press.net\/cotedivoire\/\"},{\"@type\":\"ListItem\",\"position\":2,\"name\":\"Affaire Ambulances Parqu\u00e9es \u00e0 la FIF Apr\u00e8s CAN 2023\"}]},{\"@type\":\"WebSite\",\"@id\":\"https:\/\/www.africa-press.net\/cotedivoire\/#website\",\"url\":\"https:\/\/www.africa-press.net\/cotedivoire\/\",\"name\":\"C\u00f4te d&#039;Ivoire\",\"description\":\"Just another Africa News Agency Sites site\",\"potentialAction\":[{\"@type\":\"SearchAction\",\"target\":{\"@type\":\"EntryPoint\",\"urlTemplate\":\"https:\/\/www.africa-press.net\/cotedivoire\/?s={search_term_string}\"},\"query-input\":{\"@type\":\"PropertyValueSpecification\",\"valueRequired\":true,\"valueName\":\"search_term_string\"}}],\"inLanguage\":\"fr-FR\"},{\"@type\":\"Person\",\"@id\":\"https:\/\/www.africa-press.net\/cotedivoire\/#\/schema\/person\/2b1cf3cd81a31e3cd26889ca66d677f1\",\"name\":\"cfeditorfr\"}]}<\/script>\n<!-- \/ Yoast SEO Premium plugin. -->","yoast_head_json":{"title":"Affaire Ambulances Parqu\u00e9es \u00e0 la FIF Apr\u00e8s CAN 2023 - C\u00f4te d&#039;Ivoire","description":"Pre\u0300s de deux ans apre\u0300s la Coupe d\u2019Afrique des Nations organise\u0301e avec succe\u0300s en Co\u0302te d\u2019Ivoire, une pre\u0301occupation re ...","robots":{"index":"index","follow":"follow","max-snippet":"max-snippet:-1","max-image-preview":"max-image-preview:large","max-video-preview":"max-video-preview:-1"},"canonical":"https:\/\/www.africa-press.net\/cotedivoire\/toutes-les-actualites\/affaire-ambulances-parquees-a-la-fif-apres-can-2023","og_locale":"fr_FR","og_type":"article","og_title":"Affaire Ambulances Parqu\u00e9es \u00e0 la FIF Apr\u00e8s CAN 2023","og_description":"Pre\u0300s de deux ans apre\u0300s la Coupe d\u2019Afrique des Nations organise\u0301e avec succe\u0300s en Co\u0302te d\u2019Ivoire, une pre\u0301occupation re ...","og_url":"https:\/\/www.africa-press.net\/cotedivoire\/toutes-les-actualites\/affaire-ambulances-parquees-a-la-fif-apres-can-2023","og_site_name":"C\u00f4te d&#039;Ivoire","article_published_time":"2025-12-05T14:51:41+00:00","article_modified_time":"2025-12-05T15:32:50+00:00","og_image":[{"width":720,"height":480,"url":"https:\/\/static.africa-press.net\/cote\/sites\/43\/2025\/12\/sm_1764936083.827142.jpg","type":"image\/jpeg"}],"author":"cfeditorfr","twitter_card":"summary_large_image","twitter_misc":{"\u00c9crit par":"cfeditorfr","Dur\u00e9e de lecture estim\u00e9e":"3 minutes"},"schema":{"@context":"https:\/\/schema.org","@graph":[{"@type":"Article","@id":"https:\/\/www.africa-press.net\/cotedivoire\/toutes-les-actualites\/affaire-ambulances-parquees-a-la-fif-apres-can-2023#article","isPartOf":{"@id":"https:\/\/www.africa-press.net\/cotedivoire\/toutes-les-actualites\/affaire-ambulances-parquees-a-la-fif-apres-can-2023"},"author":{"name":"cfeditorfr","@id":"https:\/\/www.africa-press.net\/cotedivoire\/#\/schema\/person\/2b1cf3cd81a31e3cd26889ca66d677f1"},"headline":"Affaire Ambulances Parqu\u00e9es \u00e0 la FIF Apr\u00e8s CAN 2023","datePublished":"2025-12-05T14:51:41+00:00","dateModified":"2025-12-05T15:32:50+00:00","mainEntityOfPage":{"@id":"https:\/\/www.africa-press.net\/cotedivoire\/toutes-les-actualites\/affaire-ambulances-parquees-a-la-fif-apres-can-2023"},"wordCount":551,"commentCount":0,"image":{"@id":"https:\/\/www.africa-press.net\/cotedivoire\/toutes-les-actualites\/affaire-ambulances-parquees-a-la-fif-apres-can-2023#primaryimage"},"thumbnailUrl":"https:\/\/static.africa-press.net\/cote\/sites\/43\/2025\/12\/sm_1764936083.827142.jpg","keywords":["Amadou Coulibaly","Ambulances","CAN 2023","Conseil","C\u00d4TE D'IVOIRE","FIF","Gouvernement","infrastructure","ivoirienne","ministres","sant\u00e9","Sports"],"articleSection":["Communaut\u00e9","Toutes les actualit\u00e9s"],"inLanguage":"fr-FR","potentialAction":[{"@type":"CommentAction","name":"Comment","target":["https:\/\/www.africa-press.net\/cotedivoire\/toutes-les-actualites\/affaire-ambulances-parquees-a-la-fif-apres-can-2023#respond"]}]},{"@type":"WebPage","@id":"https:\/\/www.africa-press.net\/cotedivoire\/toutes-les-actualites\/affaire-ambulances-parquees-a-la-fif-apres-can-2023","url":"https:\/\/www.africa-press.net\/cotedivoire\/toutes-les-actualites\/affaire-ambulances-parquees-a-la-fif-apres-can-2023","name":"Affaire Ambulances Parqu\u00e9es \u00e0 la FIF Apr\u00e8s CAN 2023 - C\u00f4te d&#039;Ivoire","isPartOf":{"@id":"https:\/\/www.africa-press.net\/cotedivoire\/#website"},"primaryImageOfPage":{"@id":"https:\/\/www.africa-press.net\/cotedivoire\/toutes-les-actualites\/affaire-ambulances-parquees-a-la-fif-apres-can-2023#primaryimage"},"image":{"@id":"https:\/\/www.africa-press.net\/cotedivoire\/toutes-les-actualites\/affaire-ambulances-parquees-a-la-fif-apres-can-2023#primaryimage"},"thumbnailUrl":"https:\/\/static.africa-press.net\/cote\/sites\/43\/2025\/12\/sm_1764936083.827142.jpg","datePublished":"2025-12-05T14:51:41+00:00","dateModified":"2025-12-05T15:32:50+00:00","author":{"@id":"https:\/\/www.africa-press.net\/cotedivoire\/#\/schema\/person\/2b1cf3cd81a31e3cd26889ca66d677f1"},"description":"Pre\u0300s de deux ans apre\u0300s la Coupe d\u2019Afrique des Nations organise\u0301e avec succe\u0300s en Co\u0302te d\u2019Ivoire, une pre\u0301occupation re ...","breadcrumb":{"@id":"https:\/\/www.africa-press.net\/cotedivoire\/toutes-les-actualites\/affaire-ambulances-parquees-a-la-fif-apres-can-2023#breadcrumb"},"inLanguage":"fr-FR","potentialAction":[{"@type":"ReadAction","target":["https:\/\/www.africa-press.net\/cotedivoire\/toutes-les-actualites\/affaire-ambulances-parquees-a-la-fif-apres-can-2023"]}]},{"@type":"ImageObject","inLanguage":"fr-FR","@id":"https:\/\/www.africa-press.net\/cotedivoire\/toutes-les-actualites\/affaire-ambulances-parquees-a-la-fif-apres-can-2023#primaryimage","url":"https:\/\/static.africa-press.net\/cote\/sites\/43\/2025\/12\/sm_1764936083.827142.jpg","contentUrl":"https:\/\/static.africa-press.net\/cote\/sites\/43\/2025\/12\/sm_1764936083.827142.jpg","width":720,"height":480,"caption":"Affaire Ambulances Parqu\u00e9es \u00e0 la FIF Apr\u00e8s CAN 2023"},{"@type":"BreadcrumbList","@id":"https:\/\/www.africa-press.net\/cotedivoire\/toutes-les-actualites\/affaire-ambulances-parquees-a-la-fif-apres-can-2023#breadcrumb","itemListElement":[{"@type":"ListItem","position":1,"name":"Accueil","item":"https:\/\/www.africa-press.net\/cotedivoire\/"},{"@type":"ListItem","position":2,"name":"Affaire Ambulances Parqu\u00e9es \u00e0 la FIF Apr\u00e8s CAN 2023"}]},{"@type":"WebSite","@id":"https:\/\/www.africa-press.net\/cotedivoire\/#website","url":"https:\/\/www.africa-press.net\/cotedivoire\/","name":"C\u00f4te d&#039;Ivoire","description":"Just another Africa News Agency Sites site","potentialAction":[{"@type":"SearchAction","target":{"@type":"EntryPoint","urlTemplate":"https:\/\/www.africa-press.net\/cotedivoire\/?s={search_term_string}"},"query-input":{"@type":"PropertyValueSpecification","valueRequired":true,"valueName":"search_term_string"}}],"inLanguage":"fr-FR"},{"@type":"Person","@id":"https:\/\/www.africa-press.net\/cotedivoire\/#\/schema\/person\/2b1cf3cd81a31e3cd26889ca66d677f1","name":"cfeditorfr"}]}},"_links":{"self":[{"href":"https:\/\/www.africa-press.net\/cotedivoire\/wp-json\/wp\/v2\/posts\/109789","targetHints":{"allow":["GET"]}}],"collection":[{"href":"https:\/\/www.africa-press.net\/cotedivoire\/wp-json\/wp\/v2\/posts"}],"about":[{"href":"https:\/\/www.africa-press.net\/cotedivoire\/wp-json\/wp\/v2\/types\/post"}],"author":[{"embeddable":true,"href":"https:\/\/www.africa-press.net\/cotedivoire\/wp-json\/wp\/v2\/users\/82"}],"replies":[{"embeddable":true,"href":"https:\/\/www.africa-press.net\/cotedivoire\/wp-json\/wp\/v2\/comments?post=109789"}],"version-history":[{"count":0,"href":"https:\/\/www.africa-press.net\/cotedivoire\/wp-json\/wp\/v2\/posts\/109789\/revisions"}],"wp:featuredmedia":[{"embeddable":true,"href":"https:\/\/www.africa-press.net\/cotedivoire\/wp-json\/wp\/v2\/media\/109788"}],"wp:attachment":[{"href":"https:\/\/www.africa-press.net\/cotedivoire\/wp-json\/wp\/v2\/media?parent=109789"}],"wp:term":[{"taxonomy":"category","embeddable":true,"href":"https:\/\/www.africa-press.net\/cotedivoire\/wp-json\/wp\/v2\/categories?post=109789"},{"taxonomy":"post_tag","embeddable":true,"href":"https:\/\/www.africa-press.net\/cotedivoire\/wp-json\/wp\/v2\/tags?post=109789"}],"curies":[{"name":"wp","href":"https:\/\/api.w.org\/{rel}","templated":true}]}}