{"id":109800,"date":"2025-12-05T14:53:23","date_gmt":"2025-12-05T14:53:23","guid":{"rendered":"https:\/\/www.africa-press.net\/cotedivoire\/politique\/transport-aerien-renforcement-des-alliances-avec-angola-oman"},"modified":"2025-12-05T15:34:00","modified_gmt":"2025-12-05T15:34:00","slug":"transport-aerien-renforcement-des-alliances-avec-angola-oman","status":"publish","type":"post","link":"https:\/\/www.africa-press.net\/cotedivoire\/economie\/transport-aerien-renforcement-des-alliances-avec-angola-oman","title":{"rendered":"Transport A\u00e9rien Renforcement des Alliances avec Angola Oman"},"content":{"rendered":"<p><span style=\"color: #ff6600\"><strong>Africa-Press &#8211; C\u00f4te d&rsquo;Ivoire. <\/strong><\/span>Re\u0301uni ce mercredi au Palais de la Pre\u0301sidence de la Re\u0301publique, le Conseil&rsquo;&gt;Conseil des ministres a adopte\u0301 deux projets de loi majeurs visant a\u0300 renforcer la coope\u0301ration ae\u0301rienne entre la Co\u0302te d\u2019Ivoire et deux partenaires strate\u0301giques: l\u2019Angola et le Sultanat d\u2019Oman.<\/p>\n<p>Ces projets de loi, pre\u0301sente\u0301s par le Ministe\u0300re des Affaires e\u0301trange\u0300res, de l\u2019Inte\u0301gration africaine et des Ivoiriens de l\u2019exte\u0301rieur, sollicitent l\u2019autorisation du Parlement pour la ratification de deux accords de services ae\u0301riens re\u0301cemment signe\u0301s.<\/p>\n<p>Le premier projet de loi porte sur la ratification de l\u2019Accord de services ae\u0301riens entre la Co\u0302te d\u2019Ivoire et l\u2019Angola, signe\u0301 le 24 juin 2025 a\u0300 Luanda.<\/p>\n<p>Le second concerne l\u2019Accord de services ae\u0301riens entre la Co\u0302te d\u2019Ivoire et le Sultanat d\u2019Oman, signe\u0301 le 22 septembre 2025 a\u0300 Montre\u0301al (Canada), en marge des rencontres internationales de l\u2019aviation civile.<\/p>\n<p>Ces accords s&rsquo;inscrivent dans la dynamique de modernisation et d\u2019ouverture du transport ae\u0301rien ivoirien.<\/p>\n<p>Selon la communication du Conseil&rsquo;&gt;Conseil, ces deux textes ont e\u0301te\u0301 initie\u0301s dans le cadre de la politique de libe\u0301ralisation du transport ae\u0301rien engage\u0301e par le Gouvernement.<\/p>\n<p>Ils visent a\u0300 favoriser l\u2019expansion des e\u0301changes ae\u0301riens, l\u2019ame\u0301lioration des connexions internationales et l\u2019accroissement des opportunite\u0301s e\u0301conomiques pour les compagnies nationales et e\u0301trange\u0300res.<\/p>\n<p>Les accords pre\u0301voient notamment pour chaque partie, le droit de survoler le territoire de l\u2019autre sans y atterrir, la possibilite\u0301 d\u2019effectuer des escales techniques ou non commerciales, le droit d\u2019atterrir pour embarquer et de\u0301barquer passagers, fret et courrier et la liberte\u0301 d\u2019exploiter les services ae\u0301riens agre\u0301e\u0301s sans limitation de fre\u0301quence ni de capacite\u0301.<\/p>\n<p>Ces dispositions permettent de faciliter la mobilite\u0301, stimuler les flux commerciaux et renforcer les relations bilate\u0301rales dans un secteur strate\u0301gique.<\/p>\n<p>En vertu des dispositions constitutionnelles ivoiriennes, tout accord international entrai\u0302nant une modification de la le\u0301gislation interne doit recevoir l\u2019approbation du Parlement avant sa ratification de\u0301finitive.<\/p>\n<p>Le Conseil&rsquo;&gt;Conseil des ministres a ainsi de\u0301cide\u0301 de soumettre les deux projets de loi aux de\u0301pute\u0301s et se\u0301nateurs, afin de permettre leur entre\u0301e en vigueur dans les meilleurs de\u0301lais.<\/p>\n<p>Avec ces nouveaux accords, la Co\u0302te d\u2019Ivoire poursuit son ambition de devenir un hub ae\u0301rien re\u0301gional et de renforcer la connectivite\u0301 du territoire.<\/p>\n<p>L\u2019ouverture de nouveaux couloirs ae\u0301riens avec l\u2019Angola et Oman est perc\u0327ue comme un atout majeur pour l\u2019e\u0301conomie ivoirienne, notamment pour les secteurs du tourisme, du commerce, du fret et de la diplomatie e\u0301conomique.<\/p>\n<p><strong>Pour plus d&rsquo;informations et d&rsquo;analyses sur la <span style=\"color: #ff6600\">C\u00f4te d&rsquo;Ivoire<\/span>, suivez <span style=\"color: #ff6600\">Africa-Press<\/span><\/strong><\/p>\n","protected":false},"excerpt":{"rendered":"<p>Africa-Press &#8211; C\u00f4te d&rsquo;Ivoire. Re\u0301uni ce mercredi au Palais de la Pre\u0301sidence de la Re\u0301publique, le Conseil&rsquo;&gt;Conseil des ministres a adopte\u0301 deux projets de loi majeurs visant a\u0300 renforcer la coope\u0301ration ae\u0301rienne entre la Co\u0302te d\u2019Ivoire et deux partenaires strate\u0301giques: l\u2019Angola et le Sultanat d\u2019Oman. Ces projets de loi, pre\u0301sente\u0301s par le Ministe\u0300re des Affaires [&hellip;]<\/p>\n","protected":false},"author":82,"featured_media":109798,"comment_status":"open","ping_status":"closed","sticky":false,"template":"","format":"standard","meta":{"footnotes":""},"categories":[3,10],"tags":[6694,5945,19130,1744,29,276,762,586,1338,19376,13945,18234],"class_list":["post-109800","post","type-post","status-publish","format-standard","has-post-thumbnail","hentry","category-economie","category-toutes-les-actualites","tag-affaires-etrangeres","tag-angola","tag-aviation-civile","tag-conseil","tag-cote-divoire","tag-diplomatie","tag-gouvernement","tag-ivoirien","tag-ministres","tag-oman","tag-ratification","tag-transport-aerien"],"yoast_head":"<!-- This site is optimized with the Yoast SEO Premium plugin v26.1 (Yoast SEO v27.0) - https:\/\/yoast.com\/product\/yoast-seo-premium-wordpress\/ -->\n<title>Transport A\u00e9rien Renforcement des Alliances avec Angola Oman - C\u00f4te d&#039;Ivoire<\/title>\n<meta name=\"description\" content=\"Re\u0301uni ce mercredi au Palais de la Pre\u0301sidence de la Re\u0301publique, le Conseil&#039;&gt;Conseil des ministres a adopte\u0301 deux pr ...\" \/>\n<meta name=\"robots\" content=\"index, follow, max-snippet:-1, max-image-preview:large, max-video-preview:-1\" \/>\n<link rel=\"canonical\" href=\"https:\/\/www.africa-press.net\/cotedivoire\/economie\/transport-aerien-renforcement-des-alliances-avec-angola-oman\" \/>\n<meta property=\"og:locale\" content=\"fr_FR\" \/>\n<meta property=\"og:type\" content=\"article\" \/>\n<meta property=\"og:title\" content=\"Transport A\u00e9rien Renforcement des Alliances avec Angola Oman\" \/>\n<meta property=\"og:description\" content=\"Re\u0301uni ce mercredi au Palais de la Pre\u0301sidence de la Re\u0301publique, le Conseil&#039;&gt;Conseil des ministres a adopte\u0301 deux pr ...\" \/>\n<meta property=\"og:url\" content=\"https:\/\/www.africa-press.net\/cotedivoire\/economie\/transport-aerien-renforcement-des-alliances-avec-angola-oman\" \/>\n<meta property=\"og:site_name\" content=\"C\u00f4te d&#039;Ivoire\" \/>\n<meta property=\"article:published_time\" content=\"2025-12-05T14:53:23+00:00\" \/>\n<meta property=\"article:modified_time\" content=\"2025-12-05T15:34:00+00:00\" \/>\n<meta property=\"og:image\" content=\"https:\/\/static.africa-press.net\/cote\/sites\/43\/2025\/12\/sm_1764936185.593182.jpg\" \/>\n\t<meta property=\"og:image:width\" content=\"720\" \/>\n\t<meta property=\"og:image:height\" content=\"405\" \/>\n\t<meta property=\"og:image:type\" content=\"image\/jpeg\" \/>\n<meta name=\"author\" content=\"cfeditorfr\" \/>\n<meta name=\"twitter:card\" content=\"summary_large_image\" \/>\n<meta name=\"twitter:label1\" content=\"\u00c9crit par\" \/>\n\t<meta name=\"twitter:data1\" content=\"cfeditorfr\" \/>\n\t<meta name=\"twitter:label2\" content=\"Dur\u00e9e de lecture estim\u00e9e\" \/>\n\t<meta name=\"twitter:data2\" content=\"3 minutes\" \/>\n<script type=\"application\/ld+json\" class=\"yoast-schema-graph\">{\"@context\":\"https:\/\/schema.org\",\"@graph\":[{\"@type\":\"Article\",\"@id\":\"https:\/\/www.africa-press.net\/cotedivoire\/economie\/transport-aerien-renforcement-des-alliances-avec-angola-oman#article\",\"isPartOf\":{\"@id\":\"https:\/\/www.africa-press.net\/cotedivoire\/economie\/transport-aerien-renforcement-des-alliances-avec-angola-oman\"},\"author\":{\"name\":\"cfeditorfr\",\"@id\":\"https:\/\/www.africa-press.net\/cotedivoire\/#\/schema\/person\/2b1cf3cd81a31e3cd26889ca66d677f1\"},\"headline\":\"Transport A\u00e9rien Renforcement des Alliances avec Angola Oman\",\"datePublished\":\"2025-12-05T14:53:23+00:00\",\"dateModified\":\"2025-12-05T15:34:00+00:00\",\"mainEntityOfPage\":{\"@id\":\"https:\/\/www.africa-press.net\/cotedivoire\/economie\/transport-aerien-renforcement-des-alliances-avec-angola-oman\"},\"wordCount\":497,\"commentCount\":0,\"image\":{\"@id\":\"https:\/\/www.africa-press.net\/cotedivoire\/economie\/transport-aerien-renforcement-des-alliances-avec-angola-oman#primaryimage\"},\"thumbnailUrl\":\"https:\/\/static.africa-press.net\/cote\/sites\/43\/2025\/12\/sm_1764936185.593182.jpg\",\"keywords\":[\"Affaires \u00e9trang\u00e8res\",\"Angola\",\"aviation civile\",\"Conseil\",\"C\u00d4TE D'IVOIRE\",\"DIPLOMATIE\",\"Gouvernement\",\"ivoirien\",\"ministres\",\"Oman\",\"Ratification\",\"Transport a\u00e9rien\"],\"articleSection\":[\"\u00c9conomie\",\"Toutes les actualit\u00e9s\"],\"inLanguage\":\"fr-FR\",\"potentialAction\":[{\"@type\":\"CommentAction\",\"name\":\"Comment\",\"target\":[\"https:\/\/www.africa-press.net\/cotedivoire\/economie\/transport-aerien-renforcement-des-alliances-avec-angola-oman#respond\"]}]},{\"@type\":\"WebPage\",\"@id\":\"https:\/\/www.africa-press.net\/cotedivoire\/economie\/transport-aerien-renforcement-des-alliances-avec-angola-oman\",\"url\":\"https:\/\/www.africa-press.net\/cotedivoire\/economie\/transport-aerien-renforcement-des-alliances-avec-angola-oman\",\"name\":\"Transport A\u00e9rien Renforcement des Alliances avec Angola Oman - C\u00f4te d&#039;Ivoire\",\"isPartOf\":{\"@id\":\"https:\/\/www.africa-press.net\/cotedivoire\/#website\"},\"primaryImageOfPage\":{\"@id\":\"https:\/\/www.africa-press.net\/cotedivoire\/economie\/transport-aerien-renforcement-des-alliances-avec-angola-oman#primaryimage\"},\"image\":{\"@id\":\"https:\/\/www.africa-press.net\/cotedivoire\/economie\/transport-aerien-renforcement-des-alliances-avec-angola-oman#primaryimage\"},\"thumbnailUrl\":\"https:\/\/static.africa-press.net\/cote\/sites\/43\/2025\/12\/sm_1764936185.593182.jpg\",\"datePublished\":\"2025-12-05T14:53:23+00:00\",\"dateModified\":\"2025-12-05T15:34:00+00:00\",\"author\":{\"@id\":\"https:\/\/www.africa-press.net\/cotedivoire\/#\/schema\/person\/2b1cf3cd81a31e3cd26889ca66d677f1\"},\"description\":\"Re\u0301uni ce mercredi au Palais de la Pre\u0301sidence de la Re\u0301publique, le Conseil'&gt;Conseil des ministres a adopte\u0301 deux pr ...\",\"breadcrumb\":{\"@id\":\"https:\/\/www.africa-press.net\/cotedivoire\/economie\/transport-aerien-renforcement-des-alliances-avec-angola-oman#breadcrumb\"},\"inLanguage\":\"fr-FR\",\"potentialAction\":[{\"@type\":\"ReadAction\",\"target\":[\"https:\/\/www.africa-press.net\/cotedivoire\/economie\/transport-aerien-renforcement-des-alliances-avec-angola-oman\"]}]},{\"@type\":\"ImageObject\",\"inLanguage\":\"fr-FR\",\"@id\":\"https:\/\/www.africa-press.net\/cotedivoire\/economie\/transport-aerien-renforcement-des-alliances-avec-angola-oman#primaryimage\",\"url\":\"https:\/\/static.africa-press.net\/cote\/sites\/43\/2025\/12\/sm_1764936185.593182.jpg\",\"contentUrl\":\"https:\/\/static.africa-press.net\/cote\/sites\/43\/2025\/12\/sm_1764936185.593182.jpg\",\"width\":720,\"height\":405,\"caption\":\"Transport A\u00e9rien Renforcement des Alliances avec Angola Oman\"},{\"@type\":\"BreadcrumbList\",\"@id\":\"https:\/\/www.africa-press.net\/cotedivoire\/economie\/transport-aerien-renforcement-des-alliances-avec-angola-oman#breadcrumb\",\"itemListElement\":[{\"@type\":\"ListItem\",\"position\":1,\"name\":\"Accueil\",\"item\":\"https:\/\/www.africa-press.net\/cotedivoire\/\"},{\"@type\":\"ListItem\",\"position\":2,\"name\":\"Transport A\u00e9rien Renforcement des Alliances avec Angola Oman\"}]},{\"@type\":\"WebSite\",\"@id\":\"https:\/\/www.africa-press.net\/cotedivoire\/#website\",\"url\":\"https:\/\/www.africa-press.net\/cotedivoire\/\",\"name\":\"C\u00f4te d&#039;Ivoire\",\"description\":\"Just another Africa News Agency Sites site\",\"potentialAction\":[{\"@type\":\"SearchAction\",\"target\":{\"@type\":\"EntryPoint\",\"urlTemplate\":\"https:\/\/www.africa-press.net\/cotedivoire\/?s={search_term_string}\"},\"query-input\":{\"@type\":\"PropertyValueSpecification\",\"valueRequired\":true,\"valueName\":\"search_term_string\"}}],\"inLanguage\":\"fr-FR\"},{\"@type\":\"Person\",\"@id\":\"https:\/\/www.africa-press.net\/cotedivoire\/#\/schema\/person\/2b1cf3cd81a31e3cd26889ca66d677f1\",\"name\":\"cfeditorfr\"}]}<\/script>\n<!-- \/ Yoast SEO Premium plugin. -->","yoast_head_json":{"title":"Transport A\u00e9rien Renforcement des Alliances avec Angola Oman - C\u00f4te d&#039;Ivoire","description":"Re\u0301uni ce mercredi au Palais de la Pre\u0301sidence de la Re\u0301publique, le Conseil'&gt;Conseil des ministres a adopte\u0301 deux pr ...","robots":{"index":"index","follow":"follow","max-snippet":"max-snippet:-1","max-image-preview":"max-image-preview:large","max-video-preview":"max-video-preview:-1"},"canonical":"https:\/\/www.africa-press.net\/cotedivoire\/economie\/transport-aerien-renforcement-des-alliances-avec-angola-oman","og_locale":"fr_FR","og_type":"article","og_title":"Transport A\u00e9rien Renforcement des Alliances avec Angola Oman","og_description":"Re\u0301uni ce mercredi au Palais de la Pre\u0301sidence de la Re\u0301publique, le Conseil'&gt;Conseil des ministres a adopte\u0301 deux pr ...","og_url":"https:\/\/www.africa-press.net\/cotedivoire\/economie\/transport-aerien-renforcement-des-alliances-avec-angola-oman","og_site_name":"C\u00f4te d&#039;Ivoire","article_published_time":"2025-12-05T14:53:23+00:00","article_modified_time":"2025-12-05T15:34:00+00:00","og_image":[{"width":720,"height":405,"url":"https:\/\/static.africa-press.net\/cote\/sites\/43\/2025\/12\/sm_1764936185.593182.jpg","type":"image\/jpeg"}],"author":"cfeditorfr","twitter_card":"summary_large_image","twitter_misc":{"\u00c9crit par":"cfeditorfr","Dur\u00e9e de lecture estim\u00e9e":"3 minutes"},"schema":{"@context":"https:\/\/schema.org","@graph":[{"@type":"Article","@id":"https:\/\/www.africa-press.net\/cotedivoire\/economie\/transport-aerien-renforcement-des-alliances-avec-angola-oman#article","isPartOf":{"@id":"https:\/\/www.africa-press.net\/cotedivoire\/economie\/transport-aerien-renforcement-des-alliances-avec-angola-oman"},"author":{"name":"cfeditorfr","@id":"https:\/\/www.africa-press.net\/cotedivoire\/#\/schema\/person\/2b1cf3cd81a31e3cd26889ca66d677f1"},"headline":"Transport A\u00e9rien Renforcement des Alliances avec Angola Oman","datePublished":"2025-12-05T14:53:23+00:00","dateModified":"2025-12-05T15:34:00+00:00","mainEntityOfPage":{"@id":"https:\/\/www.africa-press.net\/cotedivoire\/economie\/transport-aerien-renforcement-des-alliances-avec-angola-oman"},"wordCount":497,"commentCount":0,"image":{"@id":"https:\/\/www.africa-press.net\/cotedivoire\/economie\/transport-aerien-renforcement-des-alliances-avec-angola-oman#primaryimage"},"thumbnailUrl":"https:\/\/static.africa-press.net\/cote\/sites\/43\/2025\/12\/sm_1764936185.593182.jpg","keywords":["Affaires \u00e9trang\u00e8res","Angola","aviation civile","Conseil","C\u00d4TE D'IVOIRE","DIPLOMATIE","Gouvernement","ivoirien","ministres","Oman","Ratification","Transport a\u00e9rien"],"articleSection":["\u00c9conomie","Toutes les actualit\u00e9s"],"inLanguage":"fr-FR","potentialAction":[{"@type":"CommentAction","name":"Comment","target":["https:\/\/www.africa-press.net\/cotedivoire\/economie\/transport-aerien-renforcement-des-alliances-avec-angola-oman#respond"]}]},{"@type":"WebPage","@id":"https:\/\/www.africa-press.net\/cotedivoire\/economie\/transport-aerien-renforcement-des-alliances-avec-angola-oman","url":"https:\/\/www.africa-press.net\/cotedivoire\/economie\/transport-aerien-renforcement-des-alliances-avec-angola-oman","name":"Transport A\u00e9rien Renforcement des Alliances avec Angola Oman - C\u00f4te d&#039;Ivoire","isPartOf":{"@id":"https:\/\/www.africa-press.net\/cotedivoire\/#website"},"primaryImageOfPage":{"@id":"https:\/\/www.africa-press.net\/cotedivoire\/economie\/transport-aerien-renforcement-des-alliances-avec-angola-oman#primaryimage"},"image":{"@id":"https:\/\/www.africa-press.net\/cotedivoire\/economie\/transport-aerien-renforcement-des-alliances-avec-angola-oman#primaryimage"},"thumbnailUrl":"https:\/\/static.africa-press.net\/cote\/sites\/43\/2025\/12\/sm_1764936185.593182.jpg","datePublished":"2025-12-05T14:53:23+00:00","dateModified":"2025-12-05T15:34:00+00:00","author":{"@id":"https:\/\/www.africa-press.net\/cotedivoire\/#\/schema\/person\/2b1cf3cd81a31e3cd26889ca66d677f1"},"description":"Re\u0301uni ce mercredi au Palais de la Pre\u0301sidence de la Re\u0301publique, le Conseil'&gt;Conseil des ministres a adopte\u0301 deux pr ...","breadcrumb":{"@id":"https:\/\/www.africa-press.net\/cotedivoire\/economie\/transport-aerien-renforcement-des-alliances-avec-angola-oman#breadcrumb"},"inLanguage":"fr-FR","potentialAction":[{"@type":"ReadAction","target":["https:\/\/www.africa-press.net\/cotedivoire\/economie\/transport-aerien-renforcement-des-alliances-avec-angola-oman"]}]},{"@type":"ImageObject","inLanguage":"fr-FR","@id":"https:\/\/www.africa-press.net\/cotedivoire\/economie\/transport-aerien-renforcement-des-alliances-avec-angola-oman#primaryimage","url":"https:\/\/static.africa-press.net\/cote\/sites\/43\/2025\/12\/sm_1764936185.593182.jpg","contentUrl":"https:\/\/static.africa-press.net\/cote\/sites\/43\/2025\/12\/sm_1764936185.593182.jpg","width":720,"height":405,"caption":"Transport A\u00e9rien Renforcement des Alliances avec Angola Oman"},{"@type":"BreadcrumbList","@id":"https:\/\/www.africa-press.net\/cotedivoire\/economie\/transport-aerien-renforcement-des-alliances-avec-angola-oman#breadcrumb","itemListElement":[{"@type":"ListItem","position":1,"name":"Accueil","item":"https:\/\/www.africa-press.net\/cotedivoire\/"},{"@type":"ListItem","position":2,"name":"Transport A\u00e9rien Renforcement des Alliances avec Angola Oman"}]},{"@type":"WebSite","@id":"https:\/\/www.africa-press.net\/cotedivoire\/#website","url":"https:\/\/www.africa-press.net\/cotedivoire\/","name":"C\u00f4te d&#039;Ivoire","description":"Just another Africa News Agency Sites site","potentialAction":[{"@type":"SearchAction","target":{"@type":"EntryPoint","urlTemplate":"https:\/\/www.africa-press.net\/cotedivoire\/?s={search_term_string}"},"query-input":{"@type":"PropertyValueSpecification","valueRequired":true,"valueName":"search_term_string"}}],"inLanguage":"fr-FR"},{"@type":"Person","@id":"https:\/\/www.africa-press.net\/cotedivoire\/#\/schema\/person\/2b1cf3cd81a31e3cd26889ca66d677f1","name":"cfeditorfr"}]}},"_links":{"self":[{"href":"https:\/\/www.africa-press.net\/cotedivoire\/wp-json\/wp\/v2\/posts\/109800","targetHints":{"allow":["GET"]}}],"collection":[{"href":"https:\/\/www.africa-press.net\/cotedivoire\/wp-json\/wp\/v2\/posts"}],"about":[{"href":"https:\/\/www.africa-press.net\/cotedivoire\/wp-json\/wp\/v2\/types\/post"}],"author":[{"embeddable":true,"href":"https:\/\/www.africa-press.net\/cotedivoire\/wp-json\/wp\/v2\/users\/82"}],"replies":[{"embeddable":true,"href":"https:\/\/www.africa-press.net\/cotedivoire\/wp-json\/wp\/v2\/comments?post=109800"}],"version-history":[{"count":0,"href":"https:\/\/www.africa-press.net\/cotedivoire\/wp-json\/wp\/v2\/posts\/109800\/revisions"}],"wp:featuredmedia":[{"embeddable":true,"href":"https:\/\/www.africa-press.net\/cotedivoire\/wp-json\/wp\/v2\/media\/109798"}],"wp:attachment":[{"href":"https:\/\/www.africa-press.net\/cotedivoire\/wp-json\/wp\/v2\/media?parent=109800"}],"wp:term":[{"taxonomy":"category","embeddable":true,"href":"https:\/\/www.africa-press.net\/cotedivoire\/wp-json\/wp\/v2\/categories?post=109800"},{"taxonomy":"post_tag","embeddable":true,"href":"https:\/\/www.africa-press.net\/cotedivoire\/wp-json\/wp\/v2\/tags?post=109800"}],"curies":[{"name":"wp","href":"https:\/\/api.w.org\/{rel}","templated":true}]}}