{"id":109815,"date":"2025-12-05T15:07:41","date_gmt":"2025-12-05T15:07:41","guid":{"rendered":"https:\/\/www.africa-press.net\/cotedivoire\/politique\/gouvernement-lance-strategie-pour-leader-en-materiaux"},"modified":"2025-12-05T15:35:31","modified_gmt":"2025-12-05T15:35:31","slug":"gouvernement-lance-strategie-pour-leader-en-materiaux","status":"publish","type":"post","link":"https:\/\/www.africa-press.net\/cotedivoire\/politique\/gouvernement-lance-strategie-pour-leader-en-materiaux","title":{"rendered":"Gouvernement Lance Strat\u00e9gie pour Leader en Mat\u00e9riaux"},"content":{"rendered":"<p><span style=\"color: #ff6600\"><strong>Africa-Press &#8211; C\u00f4te d&rsquo;Ivoire. <\/strong><\/span>Re\u0301uni ce mercredi au Palais de la Pre\u0301sidence, le Conseil des ministres a adopte\u0301 une communication majeure pre\u0301sente\u0301e par le Ministe\u0300re du Commerce et de l\u2019Industrie, en collaboration avec plusieurs de\u0301partements techniques, portant sur la strate\u0301gie nationale de de\u0301veloppement de l\u2019industrie des mate\u0301riaux de construction, de l\u2019ameublement et des e\u0301quipements.<\/p>\n<p>Cette politique nationale, qui couvre la pe\u0301riode 2025-2035, ambitionne de faire de la Co\u0302te d\u2019Ivoire le leader sous-re\u0301gional dans ces secteurs strate\u0301giques, essentiels a\u0300 la modernisation des infrastructures, a\u0300 la croissance e\u0301conomique et a\u0300 la transformation industrielle du pays.<\/p>\n<p>La strate\u0301gie adopte\u0301e repose sur quatre axes majeurs, renforcer la gouvernance et la re\u0301glementation du secteur. Le gouvernement pre\u0301voit une mise a\u0300 jour du cadre le\u0301gal et institutionnel afin d\u2019assurer une meilleure organisation de la filie\u0300re et une plus grande transparence dans les activite\u0301s industrielles.<\/p>\n<p>Acce\u0301le\u0301rer la recherche-de\u0301veloppement et l\u2019innovation. Il s\u2019agit de stimuler la production locale de mate\u0301riaux performants et compe\u0301titifs, tout en encourageant les entreprises a\u0300 innover pour re\u0301pondre aux normes internationales.<\/p>\n<p>Ame\u0301liorer la compe\u0301titivite\u0301 des acteurs nationaux, des me\u0301canismes d\u2019accompagnement sont envisage\u0301s pour renforcer les capacite\u0301s techniques et financie\u0300res des entreprises locales, afin qu\u2019elles puissent rivaliser avec les produits importe\u0301s.<\/p>\n<p>De\u0301velopper et dynamiser le marche\u0301 inte\u0301rieur. La strate\u0301gie vise a\u0300 accroi\u0302tre l\u2019offre locale, a\u0300 re\u0301duire les importations et a\u0300 promouvoir l\u2019utilisation des mate\u0301riaux fabrique\u0301s en Co\u0302te d\u2019Ivoire dans les projets publics comme prive\u0301s.<\/p>\n<p>Sur le plan ope\u0301rationnel, le gouvernement pre\u0301voit, la cre\u0301ation de zones industrielles inte\u0301gre\u0301es, des po\u0302les de production spe\u0301cialise\u0301s, des technopoles et des zones industrielles de\u0301die\u0301es aux mate\u0301riaux de construction et a\u0300 l\u2019ameublement.<\/p>\n<p>Ces infrastructures permettront d\u2019attirer les investisseurs nationaux et internationaux, de renforcer la chai\u0302ne de valeur et de faire e\u0301merger des champions nationaux capables de s\u2019imposer sur le marche\u0301 re\u0301gional.<\/p>\n<p>La strate\u0301gie sera mise en \u0153uvre en deux temps, avec une phase pilote de cinq ans (2025-2030) consacre\u0301e a\u0300 la filie\u0300re bois, l\u2019une des plus dynamiques du pays.<\/p>\n<p>La ville portuaire de San-Pedro, re\u0301pute\u0301e pour la densite\u0301 de ses industries du bois, abritera le premier site pilote.<\/p>\n<p>Ce projet, estime\u0301 a\u0300 32,5 milliards de francs CFA, pre\u0301voit, la cre\u0301ation de 25 nouvelles unite\u0301s industrielles, plus de 15 000 emplois directs supple\u0301mentaires a\u0300 l\u2019horizon 2030, le renforcement de la transformation locale pour mieux valoriser les ressources forestie\u0300res.<\/p>\n<p>Cette phase pilote servira de mode\u0300le pour les futures zones industrielles de\u0301die\u0301es aux autres mate\u0301riaux de construction et e\u0301quipements.<\/p>\n<p>Avec cette strate\u0301gie ambitieuse, le gouvernement re\u0301affirme sa volonte\u0301 d\u2019acce\u0301le\u0301rer l\u2019industrialisation nationale, de re\u0301duire les importations de mate\u0301riaux de construction et de cre\u0301er des milliers d\u2019emplois pour les jeunes.<\/p>\n<p>Le projet s\u2019inscrit pleinement dans la vision d\u2019une e\u0301conomie ivoirienne compe\u0301titive, durable et fonde\u0301e sur une forte valeur ajoute\u0301e locale.<\/p>\n<p><strong>Pour plus d&rsquo;informations et d&rsquo;analyses sur la <span style=\"color: #ff6600\">C\u00f4te d&rsquo;Ivoire<\/span>, suivez <span style=\"color: #ff6600\">Africa-Press<\/span><\/strong><\/p>\n","protected":false},"excerpt":{"rendered":"<p>Africa-Press &#8211; C\u00f4te d&rsquo;Ivoire. Re\u0301uni ce mercredi au Palais de la Pre\u0301sidence, le Conseil des ministres a adopte\u0301 une communication majeure pre\u0301sente\u0301e par le Ministe\u0300re du Commerce et de l\u2019Industrie, en collaboration avec plusieurs de\u0301partements techniques, portant sur la strate\u0301gie nationale de de\u0301veloppement de l\u2019industrie des mate\u0301riaux de construction, de l\u2019ameublement et des e\u0301quipements. Cette [&hellip;]<\/p>\n","protected":false},"author":82,"featured_media":109813,"comment_status":"open","ping_status":"closed","sticky":false,"template":"","format":"standard","meta":{"footnotes":""},"categories":[2,10],"tags":[19725,1095,29,1583,7016,19726,762,8822,7551,6320,1863],"class_list":["post-109815","post","type-post","status-publish","format-standard","has-post-thumbnail","hentry","category-politique","category-toutes-les-actualites","tag-ameublement","tag-construction","tag-cote-divoire","tag-developpement","tag-equipements","tag-filiere-bois","tag-gouvernement","tag-industrie","tag-industriel","tag-materiaux","tag-san-pedro-2"],"yoast_head":"<!-- This site is optimized with the Yoast SEO Premium plugin v26.1 (Yoast SEO v27.0) - https:\/\/yoast.com\/product\/yoast-seo-premium-wordpress\/ -->\n<title>Gouvernement Lance Strat\u00e9gie pour Leader en Mat\u00e9riaux - C\u00f4te d&#039;Ivoire<\/title>\n<meta name=\"description\" content=\"Re\u0301uni ce mercredi au Palais de la Pre\u0301sidence, le Conseil des ministres a adopte\u0301 une communication majeure pre\u0301sente\u0301e ...\" \/>\n<meta name=\"robots\" content=\"index, follow, max-snippet:-1, max-image-preview:large, max-video-preview:-1\" \/>\n<link rel=\"canonical\" href=\"https:\/\/www.africa-press.net\/cotedivoire\/politique\/gouvernement-lance-strategie-pour-leader-en-materiaux\" \/>\n<meta property=\"og:locale\" content=\"fr_FR\" \/>\n<meta property=\"og:type\" content=\"article\" \/>\n<meta property=\"og:title\" content=\"Gouvernement Lance Strat\u00e9gie pour Leader en Mat\u00e9riaux\" \/>\n<meta property=\"og:description\" content=\"Re\u0301uni ce mercredi au Palais de la Pre\u0301sidence, le Conseil des ministres a adopte\u0301 une communication majeure pre\u0301sente\u0301e ...\" \/>\n<meta property=\"og:url\" content=\"https:\/\/www.africa-press.net\/cotedivoire\/politique\/gouvernement-lance-strategie-pour-leader-en-materiaux\" \/>\n<meta property=\"og:site_name\" content=\"C\u00f4te d&#039;Ivoire\" \/>\n<meta property=\"article:published_time\" content=\"2025-12-05T15:07:41+00:00\" \/>\n<meta property=\"article:modified_time\" content=\"2025-12-05T15:35:31+00:00\" \/>\n<meta property=\"og:image\" content=\"https:\/\/static.africa-press.net\/cote\/sites\/43\/2025\/12\/sm_1764936278.938234.jpg\" \/>\n\t<meta property=\"og:image:width\" content=\"720\" \/>\n\t<meta property=\"og:image:height\" content=\"481\" \/>\n\t<meta property=\"og:image:type\" content=\"image\/jpeg\" \/>\n<meta name=\"author\" content=\"cfeditorfr\" \/>\n<meta name=\"twitter:card\" content=\"summary_large_image\" \/>\n<meta name=\"twitter:label1\" content=\"\u00c9crit par\" \/>\n\t<meta name=\"twitter:data1\" content=\"cfeditorfr\" \/>\n\t<meta name=\"twitter:label2\" content=\"Dur\u00e9e de lecture estim\u00e9e\" \/>\n\t<meta name=\"twitter:data2\" content=\"3 minutes\" \/>\n<script type=\"application\/ld+json\" class=\"yoast-schema-graph\">{\"@context\":\"https:\/\/schema.org\",\"@graph\":[{\"@type\":\"Article\",\"@id\":\"https:\/\/www.africa-press.net\/cotedivoire\/politique\/gouvernement-lance-strategie-pour-leader-en-materiaux#article\",\"isPartOf\":{\"@id\":\"https:\/\/www.africa-press.net\/cotedivoire\/politique\/gouvernement-lance-strategie-pour-leader-en-materiaux\"},\"author\":{\"name\":\"cfeditorfr\",\"@id\":\"https:\/\/www.africa-press.net\/cotedivoire\/#\/schema\/person\/2b1cf3cd81a31e3cd26889ca66d677f1\"},\"headline\":\"Gouvernement Lance Strat\u00e9gie pour Leader en Mat\u00e9riaux\",\"datePublished\":\"2025-12-05T15:07:41+00:00\",\"dateModified\":\"2025-12-05T15:35:31+00:00\",\"mainEntityOfPage\":{\"@id\":\"https:\/\/www.africa-press.net\/cotedivoire\/politique\/gouvernement-lance-strategie-pour-leader-en-materiaux\"},\"wordCount\":571,\"commentCount\":0,\"image\":{\"@id\":\"https:\/\/www.africa-press.net\/cotedivoire\/politique\/gouvernement-lance-strategie-pour-leader-en-materiaux#primaryimage\"},\"thumbnailUrl\":\"https:\/\/static.africa-press.net\/cote\/sites\/43\/2025\/12\/sm_1764936278.938234.jpg\",\"keywords\":[\"ameublement\",\"construction\",\"C\u00d4TE D'IVOIRE\",\"d\u00e9veloppement\",\"\u00e9quipements\",\"fili\u00e8re bois\",\"Gouvernement\",\"Industrie\",\"Industriel\",\"mat\u00e9riaux\",\"San-Pedro\"],\"articleSection\":[\"Politique\",\"Toutes les actualit\u00e9s\"],\"inLanguage\":\"fr-FR\",\"potentialAction\":[{\"@type\":\"CommentAction\",\"name\":\"Comment\",\"target\":[\"https:\/\/www.africa-press.net\/cotedivoire\/politique\/gouvernement-lance-strategie-pour-leader-en-materiaux#respond\"]}]},{\"@type\":\"WebPage\",\"@id\":\"https:\/\/www.africa-press.net\/cotedivoire\/politique\/gouvernement-lance-strategie-pour-leader-en-materiaux\",\"url\":\"https:\/\/www.africa-press.net\/cotedivoire\/politique\/gouvernement-lance-strategie-pour-leader-en-materiaux\",\"name\":\"Gouvernement Lance Strat\u00e9gie pour Leader en Mat\u00e9riaux - C\u00f4te d&#039;Ivoire\",\"isPartOf\":{\"@id\":\"https:\/\/www.africa-press.net\/cotedivoire\/#website\"},\"primaryImageOfPage\":{\"@id\":\"https:\/\/www.africa-press.net\/cotedivoire\/politique\/gouvernement-lance-strategie-pour-leader-en-materiaux#primaryimage\"},\"image\":{\"@id\":\"https:\/\/www.africa-press.net\/cotedivoire\/politique\/gouvernement-lance-strategie-pour-leader-en-materiaux#primaryimage\"},\"thumbnailUrl\":\"https:\/\/static.africa-press.net\/cote\/sites\/43\/2025\/12\/sm_1764936278.938234.jpg\",\"datePublished\":\"2025-12-05T15:07:41+00:00\",\"dateModified\":\"2025-12-05T15:35:31+00:00\",\"author\":{\"@id\":\"https:\/\/www.africa-press.net\/cotedivoire\/#\/schema\/person\/2b1cf3cd81a31e3cd26889ca66d677f1\"},\"description\":\"Re\u0301uni ce mercredi au Palais de la Pre\u0301sidence, le Conseil des ministres a adopte\u0301 une communication majeure pre\u0301sente\u0301e ...\",\"breadcrumb\":{\"@id\":\"https:\/\/www.africa-press.net\/cotedivoire\/politique\/gouvernement-lance-strategie-pour-leader-en-materiaux#breadcrumb\"},\"inLanguage\":\"fr-FR\",\"potentialAction\":[{\"@type\":\"ReadAction\",\"target\":[\"https:\/\/www.africa-press.net\/cotedivoire\/politique\/gouvernement-lance-strategie-pour-leader-en-materiaux\"]}]},{\"@type\":\"ImageObject\",\"inLanguage\":\"fr-FR\",\"@id\":\"https:\/\/www.africa-press.net\/cotedivoire\/politique\/gouvernement-lance-strategie-pour-leader-en-materiaux#primaryimage\",\"url\":\"https:\/\/static.africa-press.net\/cote\/sites\/43\/2025\/12\/sm_1764936278.938234.jpg\",\"contentUrl\":\"https:\/\/static.africa-press.net\/cote\/sites\/43\/2025\/12\/sm_1764936278.938234.jpg\",\"width\":720,\"height\":481,\"caption\":\"Gouvernement Lance Strat\u00e9gie pour Leader en Mat\u00e9riaux\"},{\"@type\":\"BreadcrumbList\",\"@id\":\"https:\/\/www.africa-press.net\/cotedivoire\/politique\/gouvernement-lance-strategie-pour-leader-en-materiaux#breadcrumb\",\"itemListElement\":[{\"@type\":\"ListItem\",\"position\":1,\"name\":\"Accueil\",\"item\":\"https:\/\/www.africa-press.net\/cotedivoire\/\"},{\"@type\":\"ListItem\",\"position\":2,\"name\":\"Gouvernement Lance Strat\u00e9gie pour Leader en Mat\u00e9riaux\"}]},{\"@type\":\"WebSite\",\"@id\":\"https:\/\/www.africa-press.net\/cotedivoire\/#website\",\"url\":\"https:\/\/www.africa-press.net\/cotedivoire\/\",\"name\":\"C\u00f4te d&#039;Ivoire\",\"description\":\"Just another Africa News Agency Sites site\",\"potentialAction\":[{\"@type\":\"SearchAction\",\"target\":{\"@type\":\"EntryPoint\",\"urlTemplate\":\"https:\/\/www.africa-press.net\/cotedivoire\/?s={search_term_string}\"},\"query-input\":{\"@type\":\"PropertyValueSpecification\",\"valueRequired\":true,\"valueName\":\"search_term_string\"}}],\"inLanguage\":\"fr-FR\"},{\"@type\":\"Person\",\"@id\":\"https:\/\/www.africa-press.net\/cotedivoire\/#\/schema\/person\/2b1cf3cd81a31e3cd26889ca66d677f1\",\"name\":\"cfeditorfr\"}]}<\/script>\n<!-- \/ Yoast SEO Premium plugin. -->","yoast_head_json":{"title":"Gouvernement Lance Strat\u00e9gie pour Leader en Mat\u00e9riaux - C\u00f4te d&#039;Ivoire","description":"Re\u0301uni ce mercredi au Palais de la Pre\u0301sidence, le Conseil des ministres a adopte\u0301 une communication majeure pre\u0301sente\u0301e ...","robots":{"index":"index","follow":"follow","max-snippet":"max-snippet:-1","max-image-preview":"max-image-preview:large","max-video-preview":"max-video-preview:-1"},"canonical":"https:\/\/www.africa-press.net\/cotedivoire\/politique\/gouvernement-lance-strategie-pour-leader-en-materiaux","og_locale":"fr_FR","og_type":"article","og_title":"Gouvernement Lance Strat\u00e9gie pour Leader en Mat\u00e9riaux","og_description":"Re\u0301uni ce mercredi au Palais de la Pre\u0301sidence, le Conseil des ministres a adopte\u0301 une communication majeure pre\u0301sente\u0301e ...","og_url":"https:\/\/www.africa-press.net\/cotedivoire\/politique\/gouvernement-lance-strategie-pour-leader-en-materiaux","og_site_name":"C\u00f4te d&#039;Ivoire","article_published_time":"2025-12-05T15:07:41+00:00","article_modified_time":"2025-12-05T15:35:31+00:00","og_image":[{"width":720,"height":481,"url":"https:\/\/static.africa-press.net\/cote\/sites\/43\/2025\/12\/sm_1764936278.938234.jpg","type":"image\/jpeg"}],"author":"cfeditorfr","twitter_card":"summary_large_image","twitter_misc":{"\u00c9crit par":"cfeditorfr","Dur\u00e9e de lecture estim\u00e9e":"3 minutes"},"schema":{"@context":"https:\/\/schema.org","@graph":[{"@type":"Article","@id":"https:\/\/www.africa-press.net\/cotedivoire\/politique\/gouvernement-lance-strategie-pour-leader-en-materiaux#article","isPartOf":{"@id":"https:\/\/www.africa-press.net\/cotedivoire\/politique\/gouvernement-lance-strategie-pour-leader-en-materiaux"},"author":{"name":"cfeditorfr","@id":"https:\/\/www.africa-press.net\/cotedivoire\/#\/schema\/person\/2b1cf3cd81a31e3cd26889ca66d677f1"},"headline":"Gouvernement Lance Strat\u00e9gie pour Leader en Mat\u00e9riaux","datePublished":"2025-12-05T15:07:41+00:00","dateModified":"2025-12-05T15:35:31+00:00","mainEntityOfPage":{"@id":"https:\/\/www.africa-press.net\/cotedivoire\/politique\/gouvernement-lance-strategie-pour-leader-en-materiaux"},"wordCount":571,"commentCount":0,"image":{"@id":"https:\/\/www.africa-press.net\/cotedivoire\/politique\/gouvernement-lance-strategie-pour-leader-en-materiaux#primaryimage"},"thumbnailUrl":"https:\/\/static.africa-press.net\/cote\/sites\/43\/2025\/12\/sm_1764936278.938234.jpg","keywords":["ameublement","construction","C\u00d4TE D'IVOIRE","d\u00e9veloppement","\u00e9quipements","fili\u00e8re bois","Gouvernement","Industrie","Industriel","mat\u00e9riaux","San-Pedro"],"articleSection":["Politique","Toutes les actualit\u00e9s"],"inLanguage":"fr-FR","potentialAction":[{"@type":"CommentAction","name":"Comment","target":["https:\/\/www.africa-press.net\/cotedivoire\/politique\/gouvernement-lance-strategie-pour-leader-en-materiaux#respond"]}]},{"@type":"WebPage","@id":"https:\/\/www.africa-press.net\/cotedivoire\/politique\/gouvernement-lance-strategie-pour-leader-en-materiaux","url":"https:\/\/www.africa-press.net\/cotedivoire\/politique\/gouvernement-lance-strategie-pour-leader-en-materiaux","name":"Gouvernement Lance Strat\u00e9gie pour Leader en Mat\u00e9riaux - C\u00f4te d&#039;Ivoire","isPartOf":{"@id":"https:\/\/www.africa-press.net\/cotedivoire\/#website"},"primaryImageOfPage":{"@id":"https:\/\/www.africa-press.net\/cotedivoire\/politique\/gouvernement-lance-strategie-pour-leader-en-materiaux#primaryimage"},"image":{"@id":"https:\/\/www.africa-press.net\/cotedivoire\/politique\/gouvernement-lance-strategie-pour-leader-en-materiaux#primaryimage"},"thumbnailUrl":"https:\/\/static.africa-press.net\/cote\/sites\/43\/2025\/12\/sm_1764936278.938234.jpg","datePublished":"2025-12-05T15:07:41+00:00","dateModified":"2025-12-05T15:35:31+00:00","author":{"@id":"https:\/\/www.africa-press.net\/cotedivoire\/#\/schema\/person\/2b1cf3cd81a31e3cd26889ca66d677f1"},"description":"Re\u0301uni ce mercredi au Palais de la Pre\u0301sidence, le Conseil des ministres a adopte\u0301 une communication majeure pre\u0301sente\u0301e ...","breadcrumb":{"@id":"https:\/\/www.africa-press.net\/cotedivoire\/politique\/gouvernement-lance-strategie-pour-leader-en-materiaux#breadcrumb"},"inLanguage":"fr-FR","potentialAction":[{"@type":"ReadAction","target":["https:\/\/www.africa-press.net\/cotedivoire\/politique\/gouvernement-lance-strategie-pour-leader-en-materiaux"]}]},{"@type":"ImageObject","inLanguage":"fr-FR","@id":"https:\/\/www.africa-press.net\/cotedivoire\/politique\/gouvernement-lance-strategie-pour-leader-en-materiaux#primaryimage","url":"https:\/\/static.africa-press.net\/cote\/sites\/43\/2025\/12\/sm_1764936278.938234.jpg","contentUrl":"https:\/\/static.africa-press.net\/cote\/sites\/43\/2025\/12\/sm_1764936278.938234.jpg","width":720,"height":481,"caption":"Gouvernement Lance Strat\u00e9gie pour Leader en Mat\u00e9riaux"},{"@type":"BreadcrumbList","@id":"https:\/\/www.africa-press.net\/cotedivoire\/politique\/gouvernement-lance-strategie-pour-leader-en-materiaux#breadcrumb","itemListElement":[{"@type":"ListItem","position":1,"name":"Accueil","item":"https:\/\/www.africa-press.net\/cotedivoire\/"},{"@type":"ListItem","position":2,"name":"Gouvernement Lance Strat\u00e9gie pour Leader en Mat\u00e9riaux"}]},{"@type":"WebSite","@id":"https:\/\/www.africa-press.net\/cotedivoire\/#website","url":"https:\/\/www.africa-press.net\/cotedivoire\/","name":"C\u00f4te d&#039;Ivoire","description":"Just another Africa News Agency Sites site","potentialAction":[{"@type":"SearchAction","target":{"@type":"EntryPoint","urlTemplate":"https:\/\/www.africa-press.net\/cotedivoire\/?s={search_term_string}"},"query-input":{"@type":"PropertyValueSpecification","valueRequired":true,"valueName":"search_term_string"}}],"inLanguage":"fr-FR"},{"@type":"Person","@id":"https:\/\/www.africa-press.net\/cotedivoire\/#\/schema\/person\/2b1cf3cd81a31e3cd26889ca66d677f1","name":"cfeditorfr"}]}},"_links":{"self":[{"href":"https:\/\/www.africa-press.net\/cotedivoire\/wp-json\/wp\/v2\/posts\/109815","targetHints":{"allow":["GET"]}}],"collection":[{"href":"https:\/\/www.africa-press.net\/cotedivoire\/wp-json\/wp\/v2\/posts"}],"about":[{"href":"https:\/\/www.africa-press.net\/cotedivoire\/wp-json\/wp\/v2\/types\/post"}],"author":[{"embeddable":true,"href":"https:\/\/www.africa-press.net\/cotedivoire\/wp-json\/wp\/v2\/users\/82"}],"replies":[{"embeddable":true,"href":"https:\/\/www.africa-press.net\/cotedivoire\/wp-json\/wp\/v2\/comments?post=109815"}],"version-history":[{"count":0,"href":"https:\/\/www.africa-press.net\/cotedivoire\/wp-json\/wp\/v2\/posts\/109815\/revisions"}],"wp:featuredmedia":[{"embeddable":true,"href":"https:\/\/www.africa-press.net\/cotedivoire\/wp-json\/wp\/v2\/media\/109813"}],"wp:attachment":[{"href":"https:\/\/www.africa-press.net\/cotedivoire\/wp-json\/wp\/v2\/media?parent=109815"}],"wp:term":[{"taxonomy":"category","embeddable":true,"href":"https:\/\/www.africa-press.net\/cotedivoire\/wp-json\/wp\/v2\/categories?post=109815"},{"taxonomy":"post_tag","embeddable":true,"href":"https:\/\/www.africa-press.net\/cotedivoire\/wp-json\/wp\/v2\/tags?post=109815"}],"curies":[{"name":"wp","href":"https:\/\/api.w.org\/{rel}","templated":true}]}}