{"id":109835,"date":"2025-12-05T15:13:04","date_gmt":"2025-12-05T15:13:04","guid":{"rendered":"https:\/\/www.africa-press.net\/cotedivoire\/politique\/cote-divoire-observe-securite-metro-en-france"},"modified":"2025-12-05T15:37:46","modified_gmt":"2025-12-05T15:37:46","slug":"cote-divoire-observe-securite-metro-en-france","status":"publish","type":"post","link":"https:\/\/www.africa-press.net\/cotedivoire\/economie\/cote-divoire-observe-securite-metro-en-france","title":{"rendered":"C\u00f4te d&rsquo;Ivoire Observe S\u00e9curit\u00e9 M\u00e9tro en France"},"content":{"rendered":"<p><span style=\"color: #ff6600\"><strong>Africa-Press &#8211; C\u00f4te d&rsquo;Ivoire. <\/strong><\/span>Dans le cadre de la pre\u0301paration du lancement de la ligne 1 du me\u0301tro d\u2019Abidjan, une de\u0301le\u0301gation des membres de la commission se\u0301curite\u0301 se\u0301journe en France, du 1er de\u0301cembre 2025 au 6 de\u0301cembre 2025, pour une visite de travail, rapporte une note du Ministe\u0300re des Transports.<\/p>\n<p>La de\u0301marche s&rsquo;inscrit dans la logique du gouvernement ivoirien d&rsquo;assurer un syste\u0300me de transport urbain moderne, fiable et conforme aux normes.<\/p>\n<p>Conduite par le Directeur de Cabinet Adjoint du Ministre des Transports, Amadou Kone\u0301, la de\u0301le\u0301gation e\u0301changera successivement avec le Service Technique des Remonte\u0301es Me\u0301caniques et des transports guide\u0301s de Grenoble, SYSTRAL mobilite\u0301s de Lyon, une structure qui joue le ro\u0302le d&rsquo;autorite\u0301 des transports et la Socie\u0301te\u0301 des Grands Projets de Paris.<\/p>\n<p>Il s&rsquo;agit pour la de\u0301le\u0301gation d&rsquo;observer les dispositifs ope\u0301rationnels utilise\u0301s dans les me\u0301tros franc\u0327ais notamment en matie\u0300re de se\u0301curite\u0301 et de l&rsquo;imple\u0301menter en Co\u0302te d&rsquo;Ivoire.<\/p>\n<p>Une manie\u0300re de pre\u0301parer la mise en service de la ligne 1 du me\u0301tro d\u2019Abidjan, un projet qui tient a\u0300 c\u0153ur au Pre\u0301sident de la Re\u0301publique, Alassane Ouattara.<\/p>\n<p><strong>Pour plus d&rsquo;informations et d&rsquo;analyses sur la <span style=\"color: #ff6600\">C\u00f4te d&rsquo;Ivoire<\/span>, suivez <span style=\"color: #ff6600\">Africa-Press<\/span><\/strong><\/p>\n","protected":false},"excerpt":{"rendered":"<p>Africa-Press &#8211; C\u00f4te d&rsquo;Ivoire. Dans le cadre de la pre\u0301paration du lancement de la ligne 1 du me\u0301tro d\u2019Abidjan, une de\u0301le\u0301gation des membres de la commission se\u0301curite\u0301 se\u0301journe en France, du 1er de\u0301cembre 2025 au 6 de\u0301cembre 2025, pour une visite de travail, rapporte une note du Ministe\u0300re des Transports. La de\u0301marche s&rsquo;inscrit dans la [&hellip;]<\/p>\n","protected":false},"author":82,"featured_media":109834,"comment_status":"open","ping_status":"closed","sticky":false,"template":"","format":"standard","meta":{"footnotes":""},"categories":[3,10],"tags":[30,390,29,1712,503,3557,303],"class_list":["post-109835","post","type-post","status-publish","format-standard","has-post-thumbnail","hentry","category-economie","category-toutes-les-actualites","tag-abidjan","tag-amadou-kone","tag-cote-divoire","tag-delegation","tag-metro","tag-mission","tag-securite"],"yoast_head":"<!-- This site is optimized with the Yoast SEO Premium plugin v26.1 (Yoast SEO v27.0) - https:\/\/yoast.com\/product\/yoast-seo-premium-wordpress\/ -->\n<title>C\u00f4te d&#039;Ivoire Observe S\u00e9curit\u00e9 M\u00e9tro en France - C\u00f4te d&#039;Ivoire<\/title>\n<meta name=\"description\" content=\"Dans le cadre de la pre\u0301paration du lancement de la ligne 1 du me\u0301tro d\u2019Abidjan, une de\u0301le\u0301gation des membres de la comm ...\" \/>\n<meta name=\"robots\" content=\"index, follow, max-snippet:-1, max-image-preview:large, max-video-preview:-1\" \/>\n<link rel=\"canonical\" href=\"https:\/\/www.africa-press.net\/cotedivoire\/economie\/cote-divoire-observe-securite-metro-en-france\" \/>\n<meta property=\"og:locale\" content=\"fr_FR\" \/>\n<meta property=\"og:type\" content=\"article\" \/>\n<meta property=\"og:title\" content=\"C\u00f4te d&#039;Ivoire Observe S\u00e9curit\u00e9 M\u00e9tro en France\" \/>\n<meta property=\"og:description\" content=\"Dans le cadre de la pre\u0301paration du lancement de la ligne 1 du me\u0301tro d\u2019Abidjan, une de\u0301le\u0301gation des membres de la comm ...\" \/>\n<meta property=\"og:url\" content=\"https:\/\/www.africa-press.net\/cotedivoire\/economie\/cote-divoire-observe-securite-metro-en-france\" \/>\n<meta property=\"og:site_name\" content=\"C\u00f4te d&#039;Ivoire\" \/>\n<meta property=\"article:published_time\" content=\"2025-12-05T15:13:04+00:00\" \/>\n<meta property=\"article:modified_time\" content=\"2025-12-05T15:37:46+00:00\" \/>\n<meta property=\"og:image\" content=\"https:\/\/static.africa-press.net\/cote\/sites\/43\/2025\/12\/sm_1764936402.327236.jpg\" \/>\n\t<meta property=\"og:image:width\" content=\"720\" \/>\n\t<meta property=\"og:image:height\" content=\"373\" \/>\n\t<meta property=\"og:image:type\" content=\"image\/jpeg\" \/>\n<meta name=\"author\" content=\"cfeditorfr\" \/>\n<meta name=\"twitter:card\" content=\"summary_large_image\" \/>\n<meta name=\"twitter:label1\" content=\"\u00c9crit par\" \/>\n\t<meta name=\"twitter:data1\" content=\"cfeditorfr\" \/>\n\t<meta name=\"twitter:label2\" content=\"Dur\u00e9e de lecture estim\u00e9e\" \/>\n\t<meta name=\"twitter:data2\" content=\"2 minutes\" \/>\n<script type=\"application\/ld+json\" class=\"yoast-schema-graph\">{\"@context\":\"https:\/\/schema.org\",\"@graph\":[{\"@type\":\"Article\",\"@id\":\"https:\/\/www.africa-press.net\/cotedivoire\/economie\/cote-divoire-observe-securite-metro-en-france#article\",\"isPartOf\":{\"@id\":\"https:\/\/www.africa-press.net\/cotedivoire\/economie\/cote-divoire-observe-securite-metro-en-france\"},\"author\":{\"name\":\"cfeditorfr\",\"@id\":\"https:\/\/www.africa-press.net\/cotedivoire\/#\/schema\/person\/2b1cf3cd81a31e3cd26889ca66d677f1\"},\"headline\":\"C\u00f4te d&rsquo;Ivoire Observe S\u00e9curit\u00e9 M\u00e9tro en France\",\"datePublished\":\"2025-12-05T15:13:04+00:00\",\"dateModified\":\"2025-12-05T15:37:46+00:00\",\"mainEntityOfPage\":{\"@id\":\"https:\/\/www.africa-press.net\/cotedivoire\/economie\/cote-divoire-observe-securite-metro-en-france\"},\"wordCount\":243,\"commentCount\":0,\"image\":{\"@id\":\"https:\/\/www.africa-press.net\/cotedivoire\/economie\/cote-divoire-observe-securite-metro-en-france#primaryimage\"},\"thumbnailUrl\":\"https:\/\/static.africa-press.net\/cote\/sites\/43\/2025\/12\/sm_1764936402.327236.jpg\",\"keywords\":[\"Abidjan\",\"Amadou Kon\u00e9\",\"C\u00d4TE D'IVOIRE\",\"d\u00e9l\u00e9gation\",\"M\u00e9tro\",\"mission\",\"SECURITE\"],\"articleSection\":[\"\u00c9conomie\",\"Toutes les actualit\u00e9s\"],\"inLanguage\":\"fr-FR\",\"potentialAction\":[{\"@type\":\"CommentAction\",\"name\":\"Comment\",\"target\":[\"https:\/\/www.africa-press.net\/cotedivoire\/economie\/cote-divoire-observe-securite-metro-en-france#respond\"]}]},{\"@type\":\"WebPage\",\"@id\":\"https:\/\/www.africa-press.net\/cotedivoire\/economie\/cote-divoire-observe-securite-metro-en-france\",\"url\":\"https:\/\/www.africa-press.net\/cotedivoire\/economie\/cote-divoire-observe-securite-metro-en-france\",\"name\":\"C\u00f4te d'Ivoire Observe S\u00e9curit\u00e9 M\u00e9tro en France - C\u00f4te d&#039;Ivoire\",\"isPartOf\":{\"@id\":\"https:\/\/www.africa-press.net\/cotedivoire\/#website\"},\"primaryImageOfPage\":{\"@id\":\"https:\/\/www.africa-press.net\/cotedivoire\/economie\/cote-divoire-observe-securite-metro-en-france#primaryimage\"},\"image\":{\"@id\":\"https:\/\/www.africa-press.net\/cotedivoire\/economie\/cote-divoire-observe-securite-metro-en-france#primaryimage\"},\"thumbnailUrl\":\"https:\/\/static.africa-press.net\/cote\/sites\/43\/2025\/12\/sm_1764936402.327236.jpg\",\"datePublished\":\"2025-12-05T15:13:04+00:00\",\"dateModified\":\"2025-12-05T15:37:46+00:00\",\"author\":{\"@id\":\"https:\/\/www.africa-press.net\/cotedivoire\/#\/schema\/person\/2b1cf3cd81a31e3cd26889ca66d677f1\"},\"description\":\"Dans le cadre de la pre\u0301paration du lancement de la ligne 1 du me\u0301tro d\u2019Abidjan, une de\u0301le\u0301gation des membres de la comm ...\",\"breadcrumb\":{\"@id\":\"https:\/\/www.africa-press.net\/cotedivoire\/economie\/cote-divoire-observe-securite-metro-en-france#breadcrumb\"},\"inLanguage\":\"fr-FR\",\"potentialAction\":[{\"@type\":\"ReadAction\",\"target\":[\"https:\/\/www.africa-press.net\/cotedivoire\/economie\/cote-divoire-observe-securite-metro-en-france\"]}]},{\"@type\":\"ImageObject\",\"inLanguage\":\"fr-FR\",\"@id\":\"https:\/\/www.africa-press.net\/cotedivoire\/economie\/cote-divoire-observe-securite-metro-en-france#primaryimage\",\"url\":\"https:\/\/static.africa-press.net\/cote\/sites\/43\/2025\/12\/sm_1764936402.327236.jpg\",\"contentUrl\":\"https:\/\/static.africa-press.net\/cote\/sites\/43\/2025\/12\/sm_1764936402.327236.jpg\",\"width\":720,\"height\":373,\"caption\":\"C\u00f4te d'Ivoire Observe S\u00e9curit\u00e9 M\u00e9tro en France\"},{\"@type\":\"BreadcrumbList\",\"@id\":\"https:\/\/www.africa-press.net\/cotedivoire\/economie\/cote-divoire-observe-securite-metro-en-france#breadcrumb\",\"itemListElement\":[{\"@type\":\"ListItem\",\"position\":1,\"name\":\"Accueil\",\"item\":\"https:\/\/www.africa-press.net\/cotedivoire\/\"},{\"@type\":\"ListItem\",\"position\":2,\"name\":\"C\u00f4te d&#8217;Ivoire Observe S\u00e9curit\u00e9 M\u00e9tro en France\"}]},{\"@type\":\"WebSite\",\"@id\":\"https:\/\/www.africa-press.net\/cotedivoire\/#website\",\"url\":\"https:\/\/www.africa-press.net\/cotedivoire\/\",\"name\":\"C\u00f4te d&#039;Ivoire\",\"description\":\"Just another Africa News Agency Sites site\",\"potentialAction\":[{\"@type\":\"SearchAction\",\"target\":{\"@type\":\"EntryPoint\",\"urlTemplate\":\"https:\/\/www.africa-press.net\/cotedivoire\/?s={search_term_string}\"},\"query-input\":{\"@type\":\"PropertyValueSpecification\",\"valueRequired\":true,\"valueName\":\"search_term_string\"}}],\"inLanguage\":\"fr-FR\"},{\"@type\":\"Person\",\"@id\":\"https:\/\/www.africa-press.net\/cotedivoire\/#\/schema\/person\/2b1cf3cd81a31e3cd26889ca66d677f1\",\"name\":\"cfeditorfr\"}]}<\/script>\n<!-- \/ Yoast SEO Premium plugin. -->","yoast_head_json":{"title":"C\u00f4te d'Ivoire Observe S\u00e9curit\u00e9 M\u00e9tro en France - C\u00f4te d&#039;Ivoire","description":"Dans le cadre de la pre\u0301paration du lancement de la ligne 1 du me\u0301tro d\u2019Abidjan, une de\u0301le\u0301gation des membres de la comm ...","robots":{"index":"index","follow":"follow","max-snippet":"max-snippet:-1","max-image-preview":"max-image-preview:large","max-video-preview":"max-video-preview:-1"},"canonical":"https:\/\/www.africa-press.net\/cotedivoire\/economie\/cote-divoire-observe-securite-metro-en-france","og_locale":"fr_FR","og_type":"article","og_title":"C\u00f4te d'Ivoire Observe S\u00e9curit\u00e9 M\u00e9tro en France","og_description":"Dans le cadre de la pre\u0301paration du lancement de la ligne 1 du me\u0301tro d\u2019Abidjan, une de\u0301le\u0301gation des membres de la comm ...","og_url":"https:\/\/www.africa-press.net\/cotedivoire\/economie\/cote-divoire-observe-securite-metro-en-france","og_site_name":"C\u00f4te d&#039;Ivoire","article_published_time":"2025-12-05T15:13:04+00:00","article_modified_time":"2025-12-05T15:37:46+00:00","og_image":[{"width":720,"height":373,"url":"https:\/\/static.africa-press.net\/cote\/sites\/43\/2025\/12\/sm_1764936402.327236.jpg","type":"image\/jpeg"}],"author":"cfeditorfr","twitter_card":"summary_large_image","twitter_misc":{"\u00c9crit par":"cfeditorfr","Dur\u00e9e de lecture estim\u00e9e":"2 minutes"},"schema":{"@context":"https:\/\/schema.org","@graph":[{"@type":"Article","@id":"https:\/\/www.africa-press.net\/cotedivoire\/economie\/cote-divoire-observe-securite-metro-en-france#article","isPartOf":{"@id":"https:\/\/www.africa-press.net\/cotedivoire\/economie\/cote-divoire-observe-securite-metro-en-france"},"author":{"name":"cfeditorfr","@id":"https:\/\/www.africa-press.net\/cotedivoire\/#\/schema\/person\/2b1cf3cd81a31e3cd26889ca66d677f1"},"headline":"C\u00f4te d&rsquo;Ivoire Observe S\u00e9curit\u00e9 M\u00e9tro en France","datePublished":"2025-12-05T15:13:04+00:00","dateModified":"2025-12-05T15:37:46+00:00","mainEntityOfPage":{"@id":"https:\/\/www.africa-press.net\/cotedivoire\/economie\/cote-divoire-observe-securite-metro-en-france"},"wordCount":243,"commentCount":0,"image":{"@id":"https:\/\/www.africa-press.net\/cotedivoire\/economie\/cote-divoire-observe-securite-metro-en-france#primaryimage"},"thumbnailUrl":"https:\/\/static.africa-press.net\/cote\/sites\/43\/2025\/12\/sm_1764936402.327236.jpg","keywords":["Abidjan","Amadou Kon\u00e9","C\u00d4TE D'IVOIRE","d\u00e9l\u00e9gation","M\u00e9tro","mission","SECURITE"],"articleSection":["\u00c9conomie","Toutes les actualit\u00e9s"],"inLanguage":"fr-FR","potentialAction":[{"@type":"CommentAction","name":"Comment","target":["https:\/\/www.africa-press.net\/cotedivoire\/economie\/cote-divoire-observe-securite-metro-en-france#respond"]}]},{"@type":"WebPage","@id":"https:\/\/www.africa-press.net\/cotedivoire\/economie\/cote-divoire-observe-securite-metro-en-france","url":"https:\/\/www.africa-press.net\/cotedivoire\/economie\/cote-divoire-observe-securite-metro-en-france","name":"C\u00f4te d'Ivoire Observe S\u00e9curit\u00e9 M\u00e9tro en France - C\u00f4te d&#039;Ivoire","isPartOf":{"@id":"https:\/\/www.africa-press.net\/cotedivoire\/#website"},"primaryImageOfPage":{"@id":"https:\/\/www.africa-press.net\/cotedivoire\/economie\/cote-divoire-observe-securite-metro-en-france#primaryimage"},"image":{"@id":"https:\/\/www.africa-press.net\/cotedivoire\/economie\/cote-divoire-observe-securite-metro-en-france#primaryimage"},"thumbnailUrl":"https:\/\/static.africa-press.net\/cote\/sites\/43\/2025\/12\/sm_1764936402.327236.jpg","datePublished":"2025-12-05T15:13:04+00:00","dateModified":"2025-12-05T15:37:46+00:00","author":{"@id":"https:\/\/www.africa-press.net\/cotedivoire\/#\/schema\/person\/2b1cf3cd81a31e3cd26889ca66d677f1"},"description":"Dans le cadre de la pre\u0301paration du lancement de la ligne 1 du me\u0301tro d\u2019Abidjan, une de\u0301le\u0301gation des membres de la comm ...","breadcrumb":{"@id":"https:\/\/www.africa-press.net\/cotedivoire\/economie\/cote-divoire-observe-securite-metro-en-france#breadcrumb"},"inLanguage":"fr-FR","potentialAction":[{"@type":"ReadAction","target":["https:\/\/www.africa-press.net\/cotedivoire\/economie\/cote-divoire-observe-securite-metro-en-france"]}]},{"@type":"ImageObject","inLanguage":"fr-FR","@id":"https:\/\/www.africa-press.net\/cotedivoire\/economie\/cote-divoire-observe-securite-metro-en-france#primaryimage","url":"https:\/\/static.africa-press.net\/cote\/sites\/43\/2025\/12\/sm_1764936402.327236.jpg","contentUrl":"https:\/\/static.africa-press.net\/cote\/sites\/43\/2025\/12\/sm_1764936402.327236.jpg","width":720,"height":373,"caption":"C\u00f4te d'Ivoire Observe S\u00e9curit\u00e9 M\u00e9tro en France"},{"@type":"BreadcrumbList","@id":"https:\/\/www.africa-press.net\/cotedivoire\/economie\/cote-divoire-observe-securite-metro-en-france#breadcrumb","itemListElement":[{"@type":"ListItem","position":1,"name":"Accueil","item":"https:\/\/www.africa-press.net\/cotedivoire\/"},{"@type":"ListItem","position":2,"name":"C\u00f4te d&#8217;Ivoire Observe S\u00e9curit\u00e9 M\u00e9tro en France"}]},{"@type":"WebSite","@id":"https:\/\/www.africa-press.net\/cotedivoire\/#website","url":"https:\/\/www.africa-press.net\/cotedivoire\/","name":"C\u00f4te d&#039;Ivoire","description":"Just another Africa News Agency Sites site","potentialAction":[{"@type":"SearchAction","target":{"@type":"EntryPoint","urlTemplate":"https:\/\/www.africa-press.net\/cotedivoire\/?s={search_term_string}"},"query-input":{"@type":"PropertyValueSpecification","valueRequired":true,"valueName":"search_term_string"}}],"inLanguage":"fr-FR"},{"@type":"Person","@id":"https:\/\/www.africa-press.net\/cotedivoire\/#\/schema\/person\/2b1cf3cd81a31e3cd26889ca66d677f1","name":"cfeditorfr"}]}},"_links":{"self":[{"href":"https:\/\/www.africa-press.net\/cotedivoire\/wp-json\/wp\/v2\/posts\/109835","targetHints":{"allow":["GET"]}}],"collection":[{"href":"https:\/\/www.africa-press.net\/cotedivoire\/wp-json\/wp\/v2\/posts"}],"about":[{"href":"https:\/\/www.africa-press.net\/cotedivoire\/wp-json\/wp\/v2\/types\/post"}],"author":[{"embeddable":true,"href":"https:\/\/www.africa-press.net\/cotedivoire\/wp-json\/wp\/v2\/users\/82"}],"replies":[{"embeddable":true,"href":"https:\/\/www.africa-press.net\/cotedivoire\/wp-json\/wp\/v2\/comments?post=109835"}],"version-history":[{"count":0,"href":"https:\/\/www.africa-press.net\/cotedivoire\/wp-json\/wp\/v2\/posts\/109835\/revisions"}],"wp:featuredmedia":[{"embeddable":true,"href":"https:\/\/www.africa-press.net\/cotedivoire\/wp-json\/wp\/v2\/media\/109834"}],"wp:attachment":[{"href":"https:\/\/www.africa-press.net\/cotedivoire\/wp-json\/wp\/v2\/media?parent=109835"}],"wp:term":[{"taxonomy":"category","embeddable":true,"href":"https:\/\/www.africa-press.net\/cotedivoire\/wp-json\/wp\/v2\/categories?post=109835"},{"taxonomy":"post_tag","embeddable":true,"href":"https:\/\/www.africa-press.net\/cotedivoire\/wp-json\/wp\/v2\/tags?post=109835"}],"curies":[{"name":"wp","href":"https:\/\/api.w.org\/{rel}","templated":true}]}}