{"id":109838,"date":"2025-12-05T15:13:22","date_gmt":"2025-12-05T15:13:22","guid":{"rendered":"https:\/\/www.africa-press.net\/cotedivoire\/politique\/katinan-redefinit-la-ligne-de-bataille-du-ppa-ci"},"modified":"2025-12-05T15:38:04","modified_gmt":"2025-12-05T15:38:04","slug":"katinan-redefinit-la-ligne-de-bataille-du-ppa-ci","status":"publish","type":"post","link":"https:\/\/www.africa-press.net\/cotedivoire\/politique\/katinan-redefinit-la-ligne-de-bataille-du-ppa-ci","title":{"rendered":"Katinan Red\u00e9finit la Ligne de Bataille du PPA-CI"},"content":{"rendered":"<p><span style=\"color: #ff6600\"><strong>Africa-Press &#8211; C\u00f4te d&rsquo;Ivoire. <\/strong><\/span>Le Parti des Peuples Africains \u2013 Co\u0302te d\u2019Ivoire (PPA-CI) a consacre\u0301 le 40e nume\u0301ro de sa tribune, anime\u0301e ce jeudi 4 de\u0301cembre 2025 au sie\u0300ge du parti a\u0300 Cocody par le vice-pre\u0301sident Justin Kone\u0301 Katinan, a\u0300 une nouvelle initiative: l\u2019ILPO, l\u2019Initiative pour la Libe\u0301ration des Prisonniers d\u2019Opinion, porte\u0301e par le pre\u0301sident Laurent Gbagbo.<\/p>\n<p>Pre\u0301sente\u0301e comme un geste de solidarite\u0301 mais aussi comme un acte e\u0301minemment politique, cette initiative veut re\u0301pondre a\u0300 la situation des nombreux de\u0301tenus que le parti conside\u0300re comme des prisonniers d\u2019opinion, arre\u0302te\u0301s et incarce\u0301re\u0301s a\u0300 travers le pays a\u0300 la suite des e\u0301ve\u0301nements pre\u0301-e\u0301lectoraux et post-e\u0301lectoraux de 2025.<\/p>\n<p>Justin Kone\u0301 Katinan a rappele\u0301 que la commission ILPO, cre\u0301e\u0301e par de\u0301cision du pre\u0301sident du parti, repose sur quatre grands axes: la protection coordonne\u0301e et durable des prisonniers d\u2019opinion, la mise en place d\u2019un instrument d\u2019alerte et de plaidoyer, le ro\u0302le de passerelle entre familles, avocats, organisations de de\u0301fense des droits de l\u2019homme, me\u0301dias et institutions internationales, ainsi qu\u2019un accompagnement global allant de l\u2019arrestation jusqu\u2019a\u0300 la re\u0301insertion sociale apre\u0300s la libe\u0301ration. Pour le PPA-CI, il s\u2019agit d\u2019une solidarite\u0301 sans exclusive politique, centre\u0301e sur le bien-e\u0302tre physique et mental des de\u0301tenus et sur le soutien a\u0300 leurs familles, confronte\u0301es a\u0300 la lourde charge des loyers, de la scolarite\u0301 des enfants, des soins de sante\u0301, de la prise en charge carce\u0301rale et des frais de justice.<\/p>\n<p>Le responsable politique a salue\u0301, au nom de la direction du parti, le te\u0301moignage juge\u0301 particulie\u0300rement e\u0301mouvant de l\u2019e\u0301pouse du ministre Dosso Rodel, intervenue lors du lancement de l\u2019initiative pour porter la voix des familles. Il a e\u0301galement souligne\u0301 le ro\u0302le de\u0301sormais confie\u0301 aux \u00ab message\u0300res du Pre\u0301sident Laurent Gbagbo \u00bb, ces militantes mobilise\u0301es lors de l\u2019e\u0301lection pre\u0301sidentielle et aujourd\u2019hui re\u0301oriente\u0301es vers la cause des prisonniers d\u2019opinion. La coordination de l\u2019ILPO est place\u0301e sous la responsabilite\u0301 de l\u2019ambassadeur Emmanuel Ackah, directeur de cabinet du pre\u0301sident Gbagbo, signe, selon Justin Kone\u0301 Katinan, de l\u2019importance accorde\u0301e a\u0300 ce dossier au sommet du parti.<\/p>\n<p>Sur le terrain des chiffres, le PPA-CI dresse un bilan lourd de la crise pre\u0301-e\u0301lectorale. Selon le secre\u0301taire ge\u0301ne\u0301ral adjoint en charge des prisonniers politiques, Patrice Koute\u0301, 114 prisonniers politiques seraient de\u0301tenus entre 2011 et octobre 2025. Concernant la mobilisation contre le 4e mandat et la marche du 11 octobre 2025, le parti dit avoir recense\u0301 756 interpelle\u0301s parmi ses militants et sympathisants, tandis que les organisations de de\u0301fense des droits de l\u2019homme e\u0301voqueraient plus de 1 000 interpellations. Le Conseil national de se\u0301curite\u0301, dans un communique\u0301 du 13 novembre 2025, aurait lui-me\u0302me fait e\u0301tat de plus de 1 600 arrestations. Le PPA-CI parle d\u2019au moins 17 de\u0301ce\u0300s lie\u0301s aux e\u0301ve\u0301nements, un chiffre supe\u0301rieur au bilan officiel de 11 morts, et affirme e\u0302tre dispose\u0301 a\u0300 harmoniser les donne\u0301es avec le gouvernement pour e\u0301tablir la re\u0301alite\u0301 de\u0301finitive.<\/p>\n<p>Le parti de\u0301taille e\u0301galement de nombreux cas de blesse\u0301s, les personnes dont le lieu de de\u0301tention reste inconnu, ainsi que la re\u0301partition des de\u0301tenus dans diffe\u0301rentes prisons du pays, avec une majorite\u0301 incarce\u0301re\u0301e au po\u0302le pe\u0301nitentiaire d\u2019Abidjan (ex-MACA). La situation des femmes de\u0301tenues est de\u0301crite comme particulie\u0300rement pre\u0301occupante: parmi les 39 femmes e\u0301croue\u0301es, 18 auraient e\u0301te\u0301 condamne\u0301es a\u0300 36 mois de prison ferme, dont deux enceintes, l\u2019une ne\u0301cessitant, selon le parti, des examens me\u0301dicaux urgents.<\/p>\n<p>Les donne\u0301es communique\u0301es par le pool d\u2019avocats du PPA-CI, sur la base des audiences tenues dans plusieurs tribunaux de premie\u0300re instance (Abidjan, Gagnoa, Oume\u0301, Dabou), font apparai\u0302tre un nombre e\u0301leve\u0301 de condamnations fermes et tre\u0300s peu de sursis. Le parti souligne que la quasi-totalite\u0301 des pre\u0301venus auraient rec\u0327u le maximum de la peine pre\u0301vue pour troubles a\u0300 l\u2019ordre public (36 mois), sans circonstances atte\u0301nuantes. Justin Kone\u0301 Katinan s\u2019interroge, dans ce contexte, sur les conditions dans lesquelles des ope\u0301rations de simple maintien d\u2019ordre ont pu aboutir a\u0300 des pertes en vies humaines, et appelle a\u0300 des enque\u0302tes \u00ab justes et claires \u00bb pour faire la lumie\u0300re sur ces de\u0301ce\u0300s.<\/p>\n<p>Au-dela\u0300 de la seule solidarite\u0301, le PPA-CI inscrit l\u2019ILPO dans une perspective plus large de de\u0301fense des liberte\u0301s publiques, que le parti conside\u0300re aujourd\u2019hui comme gravement menace\u0301es. Pour Laurent Gbagbo et sa formation, le droit de manifestation pacifique fait partie des liberte\u0301s fondamentales qui doivent e\u0302tre prote\u0301ge\u0301es. L\u2019ampleur des interpellations et la se\u0301ve\u0301rite\u0301 des peines sont analyse\u0301es comme le signe d\u2019un durcissement du climat politique, dans un contexte international ou\u0300, selon Justin Kone\u0301 Katinan, les conside\u0301rations ge\u0301ostrate\u0301giques prennent de\u0301sormais le pas sur la de\u0301fense des droits de l\u2019homme. Le PPA-CI appelle donc a\u0300 une mobilisation endoge\u0300ne, venant d\u2019abord des citoyens vivant en Co\u0302te d\u2019Ivoire, pour pre\u0301server les liberte\u0301s.<\/p>\n<p>L\u2019initiative pour la libe\u0301ration des prisonniers d\u2019opinion est aussi pre\u0301sente\u0301e comme un instrument de promotion du respect des lois, notamment de la Constitution. Justin Kone\u0301 Katinan a insiste\u0301 sur la responsabilite\u0301 particulie\u0300re des forces de l\u2019ordre, des magistrats et du chef de l\u2019E\u0301tat vis-a\u0300-vis de la loi qui leur confe\u0300re des pouvoirs exceptionnels sur les autres citoyens. Revenant sur l\u2019histoire politique du pays, il a rappele\u0301 que la limitation des mandats pre\u0301sidentiels a\u0300 deux est, selon le PPA-CI, une \u00ab constante constitutionnelle \u00bb depuis l\u2019an 2000 et qu\u2019y de\u0301roger reviendrait a\u0300 fragiliser les fondements de la nation. La position de Laurent Gbagbo sur le respect de la Constitution est pre\u0301sente\u0301e non comme une affaire personnelle avec l\u2019actuel chef de l\u2019E\u0301tat, mais comme la continuite\u0301 de son combat entame\u0301 sous le parti unique pour le multipartisme et l\u2019E\u0301tat de droit.<\/p>\n<p>Enfin, l\u2019ILPO est directement relie\u0301e a\u0300 la contestation du 4e mandat du pre\u0301sident en exercice. Pour Justin Kone\u0301 Katinan, il n\u2019y a pas de contradiction a\u0300 poursuivre ce combat apre\u0300s l\u2019e\u0301lection, puisque le mandat se de\u0301roule pre\u0301cise\u0301ment apre\u0300s le scrutin. La seule arme revendique\u0301e par le PPA-CI reste la mobilisation populaire pacifique et constante. Les personnes aujourd\u2019hui de\u0301tenues l\u2019ayant e\u0301te\u0301, selon le parti, dans le cadre de cette mobilisation, se battre pour leur libe\u0301ration revient, aux yeux de la direction, a\u0300 maintenir vivant le refus du 4e mandat.<\/p>\n<p>En conclusion, Justin Kone\u0301 Katinan a pre\u0301sente\u0301 l\u2019ILPO comme une initiative qui de\u0301passe le seul cadre partisan pour devenir \u00ab l\u2019affaire de tous \u00bb, de\u0300s lors qu\u2019elle touche a\u0300 la sauvegarde de la Re\u0301publique, de l\u2019E\u0301tat de droit et a\u0300 la consolidation de la nation. Le PPA-CI interpelle particulie\u0300rement les organisations de de\u0301fense des droits de l\u2019homme, dont il juge le silence \u00ab incompre\u0301hensible \u00bb au regard de leurs prises de position dans les anne\u0301es 2000 sur la Co\u0302te d\u2019Ivoire. Le parti, a\u0300 travers la voix de Laurent Gbagbo et de Justin Kone\u0301 Katinan, invite l\u2019ensemble des acteurs politiques, de la socie\u0301te\u0301 civile et des citoyens a\u0300 se joindre a\u0300 cette mobilisation pour la libe\u0301ration des prisonniers d\u2019opinion et la de\u0301fense des liberte\u0301s publiques.<\/p>\n<p><strong>Pour plus d&rsquo;informations et d&rsquo;analyses sur la <span style=\"color: #ff6600\">C\u00f4te d&rsquo;Ivoire<\/span>, suivez <span style=\"color: #ff6600\">Africa-Press<\/span><\/strong><\/p>\n","protected":false},"excerpt":{"rendered":"<p>Africa-Press &#8211; C\u00f4te d&rsquo;Ivoire. Le Parti des Peuples Africains \u2013 Co\u0302te d\u2019Ivoire (PPA-CI) a consacre\u0301 le 40e nume\u0301ro de sa tribune, anime\u0301e ce jeudi 4 de\u0301cembre 2025 au sie\u0300ge du parti a\u0300 Cocody par le vice-pre\u0301sident Justin Kone\u0301 Katinan, a\u0300 une nouvelle initiative: l\u2019ILPO, l\u2019Initiative pour la Libe\u0301ration des Prisonniers d\u2019Opinion, porte\u0301e par le pre\u0301sident [&hellip;]<\/p>\n","protected":false},"author":82,"featured_media":109837,"comment_status":"open","ping_status":"closed","sticky":false,"template":"","format":"standard","meta":{"footnotes":""},"categories":[2,10],"tags":[30,358,29,320,1586,1952,551],"class_list":["post-109838","post","type-post","status-publish","format-standard","has-post-thumbnail","hentry","category-politique","category-toutes-les-actualites","tag-abidjan","tag-cocody","tag-cote-divoire","tag-gbagbo","tag-katinan","tag-ppa-ci","tag-prison"],"yoast_head":"<!-- This site is optimized with the Yoast SEO Premium plugin v26.1 (Yoast SEO v27.0) - https:\/\/yoast.com\/product\/yoast-seo-premium-wordpress\/ -->\n<title>Katinan Red\u00e9finit la Ligne de Bataille du PPA-CI - C\u00f4te d&#039;Ivoire<\/title>\n<meta name=\"description\" content=\"Le Parti des Peuples Africains \u2013 Co\u0302te d\u2019Ivoire (PPA-CI) a consacre\u0301 le 40e nume\u0301ro de sa tribune, anime\u0301e ce jeudi 4 de ...\" \/>\n<meta name=\"robots\" content=\"index, follow, max-snippet:-1, max-image-preview:large, max-video-preview:-1\" \/>\n<link rel=\"canonical\" href=\"https:\/\/www.africa-press.net\/cotedivoire\/politique\/katinan-redefinit-la-ligne-de-bataille-du-ppa-ci\" \/>\n<meta property=\"og:locale\" content=\"fr_FR\" \/>\n<meta property=\"og:type\" content=\"article\" \/>\n<meta property=\"og:title\" content=\"Katinan Red\u00e9finit la Ligne de Bataille du PPA-CI\" \/>\n<meta property=\"og:description\" content=\"Le Parti des Peuples Africains \u2013 Co\u0302te d\u2019Ivoire (PPA-CI) a consacre\u0301 le 40e nume\u0301ro de sa tribune, anime\u0301e ce jeudi 4 de ...\" \/>\n<meta property=\"og:url\" content=\"https:\/\/www.africa-press.net\/cotedivoire\/politique\/katinan-redefinit-la-ligne-de-bataille-du-ppa-ci\" \/>\n<meta property=\"og:site_name\" content=\"C\u00f4te d&#039;Ivoire\" \/>\n<meta property=\"article:published_time\" content=\"2025-12-05T15:13:22+00:00\" \/>\n<meta property=\"article:modified_time\" content=\"2025-12-05T15:38:04+00:00\" \/>\n<meta property=\"og:image\" content=\"https:\/\/static.africa-press.net\/cote\/sites\/43\/2025\/12\/sm_1764936422.27414.jpg\" \/>\n\t<meta property=\"og:image:width\" content=\"720\" \/>\n\t<meta property=\"og:image:height\" content=\"480\" \/>\n\t<meta property=\"og:image:type\" content=\"image\/jpeg\" \/>\n<meta name=\"author\" content=\"cfeditorfr\" \/>\n<meta name=\"twitter:card\" content=\"summary_large_image\" \/>\n<meta name=\"twitter:label1\" content=\"\u00c9crit par\" \/>\n\t<meta name=\"twitter:data1\" content=\"cfeditorfr\" \/>\n\t<meta name=\"twitter:label2\" content=\"Dur\u00e9e de lecture estim\u00e9e\" \/>\n\t<meta name=\"twitter:data2\" content=\"7 minutes\" \/>\n<script type=\"application\/ld+json\" class=\"yoast-schema-graph\">{\"@context\":\"https:\/\/schema.org\",\"@graph\":[{\"@type\":\"Article\",\"@id\":\"https:\/\/www.africa-press.net\/cotedivoire\/politique\/katinan-redefinit-la-ligne-de-bataille-du-ppa-ci#article\",\"isPartOf\":{\"@id\":\"https:\/\/www.africa-press.net\/cotedivoire\/politique\/katinan-redefinit-la-ligne-de-bataille-du-ppa-ci\"},\"author\":{\"name\":\"cfeditorfr\",\"@id\":\"https:\/\/www.africa-press.net\/cotedivoire\/#\/schema\/person\/2b1cf3cd81a31e3cd26889ca66d677f1\"},\"headline\":\"Katinan Red\u00e9finit la Ligne de Bataille du PPA-CI\",\"datePublished\":\"2025-12-05T15:13:22+00:00\",\"dateModified\":\"2025-12-05T15:38:04+00:00\",\"mainEntityOfPage\":{\"@id\":\"https:\/\/www.africa-press.net\/cotedivoire\/politique\/katinan-redefinit-la-ligne-de-bataille-du-ppa-ci\"},\"wordCount\":1335,\"commentCount\":0,\"image\":{\"@id\":\"https:\/\/www.africa-press.net\/cotedivoire\/politique\/katinan-redefinit-la-ligne-de-bataille-du-ppa-ci#primaryimage\"},\"thumbnailUrl\":\"https:\/\/static.africa-press.net\/cote\/sites\/43\/2025\/12\/sm_1764936422.27414.jpg\",\"keywords\":[\"Abidjan\",\"Cocody\",\"C\u00d4TE D'IVOIRE\",\"Gbagbo\",\"Katinan\",\"PPA-CI\",\"prison\"],\"articleSection\":[\"Politique\",\"Toutes les actualit\u00e9s\"],\"inLanguage\":\"fr-FR\",\"potentialAction\":[{\"@type\":\"CommentAction\",\"name\":\"Comment\",\"target\":[\"https:\/\/www.africa-press.net\/cotedivoire\/politique\/katinan-redefinit-la-ligne-de-bataille-du-ppa-ci#respond\"]}]},{\"@type\":\"WebPage\",\"@id\":\"https:\/\/www.africa-press.net\/cotedivoire\/politique\/katinan-redefinit-la-ligne-de-bataille-du-ppa-ci\",\"url\":\"https:\/\/www.africa-press.net\/cotedivoire\/politique\/katinan-redefinit-la-ligne-de-bataille-du-ppa-ci\",\"name\":\"Katinan Red\u00e9finit la Ligne de Bataille du PPA-CI - C\u00f4te d&#039;Ivoire\",\"isPartOf\":{\"@id\":\"https:\/\/www.africa-press.net\/cotedivoire\/#website\"},\"primaryImageOfPage\":{\"@id\":\"https:\/\/www.africa-press.net\/cotedivoire\/politique\/katinan-redefinit-la-ligne-de-bataille-du-ppa-ci#primaryimage\"},\"image\":{\"@id\":\"https:\/\/www.africa-press.net\/cotedivoire\/politique\/katinan-redefinit-la-ligne-de-bataille-du-ppa-ci#primaryimage\"},\"thumbnailUrl\":\"https:\/\/static.africa-press.net\/cote\/sites\/43\/2025\/12\/sm_1764936422.27414.jpg\",\"datePublished\":\"2025-12-05T15:13:22+00:00\",\"dateModified\":\"2025-12-05T15:38:04+00:00\",\"author\":{\"@id\":\"https:\/\/www.africa-press.net\/cotedivoire\/#\/schema\/person\/2b1cf3cd81a31e3cd26889ca66d677f1\"},\"description\":\"Le Parti des Peuples Africains \u2013 Co\u0302te d\u2019Ivoire (PPA-CI) a consacre\u0301 le 40e nume\u0301ro de sa tribune, anime\u0301e ce jeudi 4 de ...\",\"breadcrumb\":{\"@id\":\"https:\/\/www.africa-press.net\/cotedivoire\/politique\/katinan-redefinit-la-ligne-de-bataille-du-ppa-ci#breadcrumb\"},\"inLanguage\":\"fr-FR\",\"potentialAction\":[{\"@type\":\"ReadAction\",\"target\":[\"https:\/\/www.africa-press.net\/cotedivoire\/politique\/katinan-redefinit-la-ligne-de-bataille-du-ppa-ci\"]}]},{\"@type\":\"ImageObject\",\"inLanguage\":\"fr-FR\",\"@id\":\"https:\/\/www.africa-press.net\/cotedivoire\/politique\/katinan-redefinit-la-ligne-de-bataille-du-ppa-ci#primaryimage\",\"url\":\"https:\/\/static.africa-press.net\/cote\/sites\/43\/2025\/12\/sm_1764936422.27414.jpg\",\"contentUrl\":\"https:\/\/static.africa-press.net\/cote\/sites\/43\/2025\/12\/sm_1764936422.27414.jpg\",\"width\":720,\"height\":480,\"caption\":\"Katinan Red\u00e9finit la Ligne de Bataille du PPA-CI\"},{\"@type\":\"BreadcrumbList\",\"@id\":\"https:\/\/www.africa-press.net\/cotedivoire\/politique\/katinan-redefinit-la-ligne-de-bataille-du-ppa-ci#breadcrumb\",\"itemListElement\":[{\"@type\":\"ListItem\",\"position\":1,\"name\":\"Accueil\",\"item\":\"https:\/\/www.africa-press.net\/cotedivoire\/\"},{\"@type\":\"ListItem\",\"position\":2,\"name\":\"Katinan Red\u00e9finit la Ligne de Bataille du PPA-CI\"}]},{\"@type\":\"WebSite\",\"@id\":\"https:\/\/www.africa-press.net\/cotedivoire\/#website\",\"url\":\"https:\/\/www.africa-press.net\/cotedivoire\/\",\"name\":\"C\u00f4te d&#039;Ivoire\",\"description\":\"Just another Africa News Agency Sites site\",\"potentialAction\":[{\"@type\":\"SearchAction\",\"target\":{\"@type\":\"EntryPoint\",\"urlTemplate\":\"https:\/\/www.africa-press.net\/cotedivoire\/?s={search_term_string}\"},\"query-input\":{\"@type\":\"PropertyValueSpecification\",\"valueRequired\":true,\"valueName\":\"search_term_string\"}}],\"inLanguage\":\"fr-FR\"},{\"@type\":\"Person\",\"@id\":\"https:\/\/www.africa-press.net\/cotedivoire\/#\/schema\/person\/2b1cf3cd81a31e3cd26889ca66d677f1\",\"name\":\"cfeditorfr\"}]}<\/script>\n<!-- \/ Yoast SEO Premium plugin. -->","yoast_head_json":{"title":"Katinan Red\u00e9finit la Ligne de Bataille du PPA-CI - C\u00f4te d&#039;Ivoire","description":"Le Parti des Peuples Africains \u2013 Co\u0302te d\u2019Ivoire (PPA-CI) a consacre\u0301 le 40e nume\u0301ro de sa tribune, anime\u0301e ce jeudi 4 de ...","robots":{"index":"index","follow":"follow","max-snippet":"max-snippet:-1","max-image-preview":"max-image-preview:large","max-video-preview":"max-video-preview:-1"},"canonical":"https:\/\/www.africa-press.net\/cotedivoire\/politique\/katinan-redefinit-la-ligne-de-bataille-du-ppa-ci","og_locale":"fr_FR","og_type":"article","og_title":"Katinan Red\u00e9finit la Ligne de Bataille du PPA-CI","og_description":"Le Parti des Peuples Africains \u2013 Co\u0302te d\u2019Ivoire (PPA-CI) a consacre\u0301 le 40e nume\u0301ro de sa tribune, anime\u0301e ce jeudi 4 de ...","og_url":"https:\/\/www.africa-press.net\/cotedivoire\/politique\/katinan-redefinit-la-ligne-de-bataille-du-ppa-ci","og_site_name":"C\u00f4te d&#039;Ivoire","article_published_time":"2025-12-05T15:13:22+00:00","article_modified_time":"2025-12-05T15:38:04+00:00","og_image":[{"width":720,"height":480,"url":"https:\/\/static.africa-press.net\/cote\/sites\/43\/2025\/12\/sm_1764936422.27414.jpg","type":"image\/jpeg"}],"author":"cfeditorfr","twitter_card":"summary_large_image","twitter_misc":{"\u00c9crit par":"cfeditorfr","Dur\u00e9e de lecture estim\u00e9e":"7 minutes"},"schema":{"@context":"https:\/\/schema.org","@graph":[{"@type":"Article","@id":"https:\/\/www.africa-press.net\/cotedivoire\/politique\/katinan-redefinit-la-ligne-de-bataille-du-ppa-ci#article","isPartOf":{"@id":"https:\/\/www.africa-press.net\/cotedivoire\/politique\/katinan-redefinit-la-ligne-de-bataille-du-ppa-ci"},"author":{"name":"cfeditorfr","@id":"https:\/\/www.africa-press.net\/cotedivoire\/#\/schema\/person\/2b1cf3cd81a31e3cd26889ca66d677f1"},"headline":"Katinan Red\u00e9finit la Ligne de Bataille du PPA-CI","datePublished":"2025-12-05T15:13:22+00:00","dateModified":"2025-12-05T15:38:04+00:00","mainEntityOfPage":{"@id":"https:\/\/www.africa-press.net\/cotedivoire\/politique\/katinan-redefinit-la-ligne-de-bataille-du-ppa-ci"},"wordCount":1335,"commentCount":0,"image":{"@id":"https:\/\/www.africa-press.net\/cotedivoire\/politique\/katinan-redefinit-la-ligne-de-bataille-du-ppa-ci#primaryimage"},"thumbnailUrl":"https:\/\/static.africa-press.net\/cote\/sites\/43\/2025\/12\/sm_1764936422.27414.jpg","keywords":["Abidjan","Cocody","C\u00d4TE D'IVOIRE","Gbagbo","Katinan","PPA-CI","prison"],"articleSection":["Politique","Toutes les actualit\u00e9s"],"inLanguage":"fr-FR","potentialAction":[{"@type":"CommentAction","name":"Comment","target":["https:\/\/www.africa-press.net\/cotedivoire\/politique\/katinan-redefinit-la-ligne-de-bataille-du-ppa-ci#respond"]}]},{"@type":"WebPage","@id":"https:\/\/www.africa-press.net\/cotedivoire\/politique\/katinan-redefinit-la-ligne-de-bataille-du-ppa-ci","url":"https:\/\/www.africa-press.net\/cotedivoire\/politique\/katinan-redefinit-la-ligne-de-bataille-du-ppa-ci","name":"Katinan Red\u00e9finit la Ligne de Bataille du PPA-CI - C\u00f4te d&#039;Ivoire","isPartOf":{"@id":"https:\/\/www.africa-press.net\/cotedivoire\/#website"},"primaryImageOfPage":{"@id":"https:\/\/www.africa-press.net\/cotedivoire\/politique\/katinan-redefinit-la-ligne-de-bataille-du-ppa-ci#primaryimage"},"image":{"@id":"https:\/\/www.africa-press.net\/cotedivoire\/politique\/katinan-redefinit-la-ligne-de-bataille-du-ppa-ci#primaryimage"},"thumbnailUrl":"https:\/\/static.africa-press.net\/cote\/sites\/43\/2025\/12\/sm_1764936422.27414.jpg","datePublished":"2025-12-05T15:13:22+00:00","dateModified":"2025-12-05T15:38:04+00:00","author":{"@id":"https:\/\/www.africa-press.net\/cotedivoire\/#\/schema\/person\/2b1cf3cd81a31e3cd26889ca66d677f1"},"description":"Le Parti des Peuples Africains \u2013 Co\u0302te d\u2019Ivoire (PPA-CI) a consacre\u0301 le 40e nume\u0301ro de sa tribune, anime\u0301e ce jeudi 4 de ...","breadcrumb":{"@id":"https:\/\/www.africa-press.net\/cotedivoire\/politique\/katinan-redefinit-la-ligne-de-bataille-du-ppa-ci#breadcrumb"},"inLanguage":"fr-FR","potentialAction":[{"@type":"ReadAction","target":["https:\/\/www.africa-press.net\/cotedivoire\/politique\/katinan-redefinit-la-ligne-de-bataille-du-ppa-ci"]}]},{"@type":"ImageObject","inLanguage":"fr-FR","@id":"https:\/\/www.africa-press.net\/cotedivoire\/politique\/katinan-redefinit-la-ligne-de-bataille-du-ppa-ci#primaryimage","url":"https:\/\/static.africa-press.net\/cote\/sites\/43\/2025\/12\/sm_1764936422.27414.jpg","contentUrl":"https:\/\/static.africa-press.net\/cote\/sites\/43\/2025\/12\/sm_1764936422.27414.jpg","width":720,"height":480,"caption":"Katinan Red\u00e9finit la Ligne de Bataille du PPA-CI"},{"@type":"BreadcrumbList","@id":"https:\/\/www.africa-press.net\/cotedivoire\/politique\/katinan-redefinit-la-ligne-de-bataille-du-ppa-ci#breadcrumb","itemListElement":[{"@type":"ListItem","position":1,"name":"Accueil","item":"https:\/\/www.africa-press.net\/cotedivoire\/"},{"@type":"ListItem","position":2,"name":"Katinan Red\u00e9finit la Ligne de Bataille du PPA-CI"}]},{"@type":"WebSite","@id":"https:\/\/www.africa-press.net\/cotedivoire\/#website","url":"https:\/\/www.africa-press.net\/cotedivoire\/","name":"C\u00f4te d&#039;Ivoire","description":"Just another Africa News Agency Sites site","potentialAction":[{"@type":"SearchAction","target":{"@type":"EntryPoint","urlTemplate":"https:\/\/www.africa-press.net\/cotedivoire\/?s={search_term_string}"},"query-input":{"@type":"PropertyValueSpecification","valueRequired":true,"valueName":"search_term_string"}}],"inLanguage":"fr-FR"},{"@type":"Person","@id":"https:\/\/www.africa-press.net\/cotedivoire\/#\/schema\/person\/2b1cf3cd81a31e3cd26889ca66d677f1","name":"cfeditorfr"}]}},"_links":{"self":[{"href":"https:\/\/www.africa-press.net\/cotedivoire\/wp-json\/wp\/v2\/posts\/109838","targetHints":{"allow":["GET"]}}],"collection":[{"href":"https:\/\/www.africa-press.net\/cotedivoire\/wp-json\/wp\/v2\/posts"}],"about":[{"href":"https:\/\/www.africa-press.net\/cotedivoire\/wp-json\/wp\/v2\/types\/post"}],"author":[{"embeddable":true,"href":"https:\/\/www.africa-press.net\/cotedivoire\/wp-json\/wp\/v2\/users\/82"}],"replies":[{"embeddable":true,"href":"https:\/\/www.africa-press.net\/cotedivoire\/wp-json\/wp\/v2\/comments?post=109838"}],"version-history":[{"count":0,"href":"https:\/\/www.africa-press.net\/cotedivoire\/wp-json\/wp\/v2\/posts\/109838\/revisions"}],"wp:featuredmedia":[{"embeddable":true,"href":"https:\/\/www.africa-press.net\/cotedivoire\/wp-json\/wp\/v2\/media\/109837"}],"wp:attachment":[{"href":"https:\/\/www.africa-press.net\/cotedivoire\/wp-json\/wp\/v2\/media?parent=109838"}],"wp:term":[{"taxonomy":"category","embeddable":true,"href":"https:\/\/www.africa-press.net\/cotedivoire\/wp-json\/wp\/v2\/categories?post=109838"},{"taxonomy":"post_tag","embeddable":true,"href":"https:\/\/www.africa-press.net\/cotedivoire\/wp-json\/wp\/v2\/tags?post=109838"}],"curies":[{"name":"wp","href":"https:\/\/api.w.org\/{rel}","templated":true}]}}